{"id":118984,"date":"2025-05-21T07:35:54","date_gmt":"2025-05-21T10:35:54","guid":{"rendered":"https:\/\/www.noticiasradioreflejos.com.ar\/2021\/?p=118984"},"modified":"2025-05-21T07:36:11","modified_gmt":"2025-05-21T10:36:11","slug":"guillermo-francos-anticipo-que-javier-milei-vetara-aumentos-a-las-jubilaciones-si-las-aprueban-en-el-congreso","status":"publish","type":"post","link":"https:\/\/www.noticiasradioreflejos.com.ar\/2021\/guillermo-francos-anticipo-que-javier-milei-vetara-aumentos-a-las-jubilaciones-si-las-aprueban-en-el-congreso\/","title":{"rendered":"Guillermo Francos anticip\u00f3 que Javier Milei vetar\u00e1 aumentos a las jubilaciones si las aprueban en el Congreso"},"content":{"rendered":"<p>El jefe de Gabinete fue tajante al ser consultado sobre los proyectos que se tratar\u00e1n en Diputados ma\u00f1ana<!--more-->El jefe de Gabinete, <strong>Guillermo Francos<\/strong>, anticip\u00f3 hoy que el presidente\u00a0<strong>Javier Milei vetar\u00e1 cualquier proyecto de ley que atente contra el d\u00e9ficit del Gobierno<\/strong>.<\/p>\n<div class=\"column-main\">\n<div class=\"article-body\" data-tadevel-template=\"web\/article-body\">\n<div class=\"article-body-content\">\n<p>Lo dijo en su participaci\u00f3n en\u00a0<a href=\"https:\/\/noticiasargentinas.com\/politica\/-perdon--tengo-la-garganta-tomada--pero-el-fin-de-semana-pasaron-cosas---la-chanza-de-javier-milei_a682cf6ecd42817ffc96a53af\">AmCham<\/a>\u00a0al ser consultado por la eventual aprobaci\u00f3n de un aumento en los haberes jubilatorios que podr\u00eda avanzar ma\u00f1ana en la C\u00e1mara de Diputados.<\/p>\n<p>\u00abSabemos que son las reglas de juego que tiene el sistema democr\u00e1tico y tenemos que lidiar con eso, pero estamos convencidos que norma que se apruebe, que vaya contra alguno de los ejes b\u00e1sicos de nuestra pol\u00edtica, el Presidente la va a vetar\u00bb, advirti\u00f3 Francos.<\/p>\n<p>Sobre el panorama electoral, Francos reflexion\u00f3: \u00abEl objetivo fundamental es conseguir apoyo parlamentario, que es lo que nos ha faltado. Por supuesto, hemos tenido apoyos de sectores pol\u00edticos afines durante este periodo, pero claramente necesitamos contar con m\u00e1s fuerza para encarar las reformas de segunda generaci\u00f3n\u00bb.<\/p>\n<p>En esa l\u00ednea, record\u00f3: \u00abEl Presidente dec\u00eda en campa\u00f1a &#8216;tengo reformas de primera, de segunda y de tercera generaci\u00f3n y cada una tiene un momento determinado'\u00bb.<\/p>\n<p>\u00abHay algunas que las pudimos hacer en el momento que iniciamos el gobierno, como el famoso DNU 70\/23 y la Ley Bases; hay otras que demandan una mayor\u00eda m\u00e1s fuerte\u00bb, a\u00f1adi\u00f3 el l\u00edder del Gabinete nacional.<\/p>\n<p>Adem\u00e1s, consider\u00f3 que las \u00abreformas m\u00e1s profundas, laborales, del sistema tributario argentino, que hay que simplificarlo, requieren de mayor fuerza parlamentaria\u00bb.<\/p>\n<p>&nbsp;<\/p>\n<\/div>\n<p><strong>Fuente NA<\/strong><\/p>\n<\/div>\n<\/div>\n","protected":false},"excerpt":{"rendered":"<p>El jefe de Gabinete fue tajante al ser consultado sobre los proyectos que se tratar\u00e1n en Diputados ma\u00f1ana<\/p>\n","protected":false},"author":3,"featured_media":118985,"comment_status":"closed","ping_status":"closed","sticky":false,"template":"","format":"standard","meta":{"footnotes":""},"categories":[24],"tags":[],"class_list":["post-118984","post","type-post","status-publish","format-standard","has-post-thumbnail","hentry","category-politica"],"yoast_head":"<!-- This site is optimized with the Yoast SEO plugin v25.9 - https:\/\/yoast.com\/wordpress\/plugins\/seo\/ -->\n<title>Guillermo Francos anticip\u00f3 que Javier Milei vetar\u00e1 aumentos a las jubilaciones si las aprueban en el Congreso - Noticias Radio Reflejos<\/title>\n<meta name=\"robots\" content=\"index, follow, max-snippet:-1, max-image-preview:large, max-video-preview:-1\" \/>\n<link rel=\"canonical\" href=\"https:\/\/www.noticiasradioreflejos.com.ar\/2021\/guillermo-francos-anticipo-que-javier-milei-vetara-aumentos-a-las-jubilaciones-si-las-aprueban-en-el-congreso\/\" \/>\n<meta property=\"og:locale\" content=\"es_ES\" \/>\n<meta property=\"og:type\" content=\"article\" \/>\n<meta property=\"og:title\" content=\"Guillermo Francos anticip\u00f3 que Javier Milei vetar\u00e1 aumentos a las jubilaciones si las aprueban en el Congreso - Noticias Radio Reflejos\" \/>\n<meta property=\"og:description\" content=\"El jefe de Gabinete fue tajante al ser consultado sobre los proyectos que se tratar\u00e1n en Diputados ma\u00f1ana\" \/>\n<meta property=\"og:url\" content=\"https:\/\/www.noticiasradioreflejos.com.ar\/2021\/guillermo-francos-anticipo-que-javier-milei-vetara-aumentos-a-las-jubilaciones-si-las-aprueban-en-el-congreso\/\" \/>\n<meta property=\"og:site_name\" content=\"Noticias Radio Reflejos\" \/>\n<meta property=\"article:published_time\" content=\"2025-05-21T10:35:54+00:00\" \/>\n<meta property=\"article:modified_time\" content=\"2025-05-21T10:36:11+00:00\" \/>\n<meta property=\"og:image\" content=\"https:\/\/www.noticiasradioreflejos.com.ar\/2021\/wp-content\/uploads\/2025\/05\/francos.jpg\" \/>\n\t<meta property=\"og:image:width\" content=\"1080\" \/>\n\t<meta property=\"og:image:height\" content=\"720\" \/>\n\t<meta property=\"og:image:type\" content=\"image\/jpeg\" \/>\n<meta name=\"author\" content=\"Arnaldo Botto\" \/>\n<meta name=\"twitter:card\" content=\"summary_large_image\" \/>\n<script type=\"application\/ld+json\" class=\"yoast-schema-graph\">{\"@context\":\"https:\/\/schema.org\",\"@graph\":[{\"@type\":\"WebPage\",\"@id\":\"https:\/\/www.noticiasradioreflejos.com.ar\/2021\/guillermo-francos-anticipo-que-javier-milei-vetara-aumentos-a-las-jubilaciones-si-las-aprueban-en-el-congreso\/\",\"url\":\"https:\/\/www.noticiasradioreflejos.com.ar\/2021\/guillermo-francos-anticipo-que-javier-milei-vetara-aumentos-a-las-jubilaciones-si-las-aprueban-en-el-congreso\/\",\"name\":\"Guillermo Francos anticip\u00f3 que Javier Milei vetar\u00e1 aumentos a las jubilaciones si las aprueban en el Congreso - Noticias Radio Reflejos\",\"isPartOf\":{\"@id\":\"https:\/\/www.noticiasradioreflejos.com.ar\/2021\/#website\"},\"primaryImageOfPage\":{\"@id\":\"https:\/\/www.noticiasradioreflejos.com.ar\/2021\/guillermo-francos-anticipo-que-javier-milei-vetara-aumentos-a-las-jubilaciones-si-las-aprueban-en-el-congreso\/#primaryimage\"},\"image\":{\"@id\":\"https:\/\/www.noticiasradioreflejos.com.ar\/2021\/guillermo-francos-anticipo-que-javier-milei-vetara-aumentos-a-las-jubilaciones-si-las-aprueban-en-el-congreso\/#primaryimage\"},\"thumbnailUrl\":\"https:\/\/www.noticiasradioreflejos.com.ar\/2021\/wp-content\/uploads\/2025\/05\/francos.jpg\",\"datePublished\":\"2025-05-21T10:35:54+00:00\",\"dateModified\":\"2025-05-21T10:36:11+00:00\",\"author\":{\"@id\":\"https:\/\/www.noticiasradioreflejos.com.ar\/2021\/#\/schema\/person\/ad82545263dcc5ec0996818884fd5fb1\"},\"breadcrumb\":{\"@id\":\"https:\/\/www.noticiasradioreflejos.com.ar\/2021\/guillermo-francos-anticipo-que-javier-milei-vetara-aumentos-a-las-jubilaciones-si-las-aprueban-en-el-congreso\/#breadcrumb\"},\"inLanguage\":\"es\",\"potentialAction\":[{\"@type\":\"ReadAction\",\"target\":[\"https:\/\/www.noticiasradioreflejos.com.ar\/2021\/guillermo-francos-anticipo-que-javier-milei-vetara-aumentos-a-las-jubilaciones-si-las-aprueban-en-el-congreso\/\"]}]},{\"@type\":\"ImageObject\",\"inLanguage\":\"es\",\"@id\":\"https:\/\/www.noticiasradioreflejos.com.ar\/2021\/guillermo-francos-anticipo-que-javier-milei-vetara-aumentos-a-las-jubilaciones-si-las-aprueban-en-el-congreso\/#primaryimage\",\"url\":\"https:\/\/www.noticiasradioreflejos.com.ar\/2021\/wp-content\/uploads\/2025\/05\/francos.jpg\",\"contentUrl\":\"https:\/\/www.noticiasradioreflejos.com.ar\/2021\/wp-content\/uploads\/2025\/05\/francos.jpg\",\"width\":1080,\"height\":720},{\"@type\":\"BreadcrumbList\",\"@id\":\"https:\/\/www.noticiasradioreflejos.com.ar\/2021\/guillermo-francos-anticipo-que-javier-milei-vetara-aumentos-a-las-jubilaciones-si-las-aprueban-en-el-congreso\/#breadcrumb\",\"itemListElement\":[{\"@type\":\"ListItem\",\"position\":1,\"name\":\"Portada\",\"item\":\"https:\/\/www.noticiasradioreflejos.com.ar\/2021\/\"},{\"@type\":\"ListItem\",\"position\":2,\"name\":\"Guillermo Francos anticip\u00f3 que Javier Milei vetar\u00e1 aumentos a las jubilaciones si las aprueban en el Congreso\"}]},{\"@type\":\"WebSite\",\"@id\":\"https:\/\/www.noticiasradioreflejos.com.ar\/2021\/#website\",\"url\":\"https:\/\/www.noticiasradioreflejos.com.ar\/2021\/\",\"name\":\"Noticias Radio Reflejos\",\"description\":\"Las noticias de mi comarca\",\"potentialAction\":[{\"@type\":\"SearchAction\",\"target\":{\"@type\":\"EntryPoint\",\"urlTemplate\":\"https:\/\/www.noticiasradioreflejos.com.ar\/2021\/?s={search_term_string}\"},\"query-input\":{\"@type\":\"PropertyValueSpecification\",\"valueRequired\":true,\"valueName\":\"search_term_string\"}}],\"inLanguage\":\"es\"},{\"@type\":\"Person\",\"@id\":\"https:\/\/www.noticiasradioreflejos.com.ar\/2021\/#\/schema\/person\/ad82545263dcc5ec0996818884fd5fb1\",\"name\":\"Arnaldo Botto\",\"image\":{\"@type\":\"ImageObject\",\"inLanguage\":\"es\",\"@id\":\"https:\/\/www.noticiasradioreflejos.com.ar\/2021\/#\/schema\/person\/image\/\",\"url\":\"https:\/\/secure.gravatar.com\/avatar\/55cb5e37c1efa326397366e6974cb338056df65cb50e7d64d1cf314e87504837?s=96&d=mm&r=g\",\"contentUrl\":\"https:\/\/secure.gravatar.com\/avatar\/55cb5e37c1efa326397366e6974cb338056df65cb50e7d64d1cf314e87504837?s=96&d=mm&r=g\",\"caption\":\"Arnaldo Botto\"},\"url\":\"https:\/\/www.noticiasradioreflejos.com.ar\/2021\/author\/arnaldo\/\"}]}<\/script>\n<!-- \/ Yoast SEO plugin. -->","yoast_head_json":{"title":"Guillermo Francos anticip\u00f3 que Javier Milei vetar\u00e1 aumentos a las jubilaciones si las aprueban en el Congreso - Noticias Radio Reflejos","robots":{"index":"index","follow":"follow","max-snippet":"max-snippet:-1","max-image-preview":"max-image-preview:large","max-video-preview":"max-video-preview:-1"},"canonical":"https:\/\/www.noticiasradioreflejos.com.ar\/2021\/guillermo-francos-anticipo-que-javier-milei-vetara-aumentos-a-las-jubilaciones-si-las-aprueban-en-el-congreso\/","og_locale":"es_ES","og_type":"article","og_title":"Guillermo Francos anticip\u00f3 que Javier Milei vetar\u00e1 aumentos a las jubilaciones si las aprueban en el Congreso - Noticias Radio Reflejos","og_description":"El jefe de Gabinete fue tajante al ser consultado sobre los proyectos que se tratar\u00e1n en Diputados ma\u00f1ana","og_url":"https:\/\/www.noticiasradioreflejos.com.ar\/2021\/guillermo-francos-anticipo-que-javier-milei-vetara-aumentos-a-las-jubilaciones-si-las-aprueban-en-el-congreso\/","og_site_name":"Noticias Radio Reflejos","article_published_time":"2025-05-21T10:35:54+00:00","article_modified_time":"2025-05-21T10:36:11+00:00","og_image":[{"width":1080,"height":720,"url":"https:\/\/www.noticiasradioreflejos.com.ar\/2021\/wp-content\/uploads\/2025\/05\/francos.jpg","type":"image\/jpeg"}],"author":"Arnaldo Botto","twitter_card":"summary_large_image","schema":{"@context":"https:\/\/schema.org","@graph":[{"@type":"WebPage","@id":"https:\/\/www.noticiasradioreflejos.com.ar\/2021\/guillermo-francos-anticipo-que-javier-milei-vetara-aumentos-a-las-jubilaciones-si-las-aprueban-en-el-congreso\/","url":"https:\/\/www.noticiasradioreflejos.com.ar\/2021\/guillermo-francos-anticipo-que-javier-milei-vetara-aumentos-a-las-jubilaciones-si-las-aprueban-en-el-congreso\/","name":"Guillermo Francos anticip\u00f3 que Javier Milei vetar\u00e1 aumentos a las jubilaciones si las aprueban en el Congreso - Noticias Radio Reflejos","isPartOf":{"@id":"https:\/\/www.noticiasradioreflejos.com.ar\/2021\/#website"},"primaryImageOfPage":{"@id":"https:\/\/www.noticiasradioreflejos.com.ar\/2021\/guillermo-francos-anticipo-que-javier-milei-vetara-aumentos-a-las-jubilaciones-si-las-aprueban-en-el-congreso\/#primaryimage"},"image":{"@id":"https:\/\/www.noticiasradioreflejos.com.ar\/2021\/guillermo-francos-anticipo-que-javier-milei-vetara-aumentos-a-las-jubilaciones-si-las-aprueban-en-el-congreso\/#primaryimage"},"thumbnailUrl":"https:\/\/www.noticiasradioreflejos.com.ar\/2021\/wp-content\/uploads\/2025\/05\/francos.jpg","datePublished":"2025-05-21T10:35:54+00:00","dateModified":"2025-05-21T10:36:11+00:00","author":{"@id":"https:\/\/www.noticiasradioreflejos.com.ar\/2021\/#\/schema\/person\/ad82545263dcc5ec0996818884fd5fb1"},"breadcrumb":{"@id":"https:\/\/www.noticiasradioreflejos.com.ar\/2021\/guillermo-francos-anticipo-que-javier-milei-vetara-aumentos-a-las-jubilaciones-si-las-aprueban-en-el-congreso\/#breadcrumb"},"inLanguage":"es","potentialAction":[{"@type":"ReadAction","target":["https:\/\/www.noticiasradioreflejos.com.ar\/2021\/guillermo-francos-anticipo-que-javier-milei-vetara-aumentos-a-las-jubilaciones-si-las-aprueban-en-el-congreso\/"]}]},{"@type":"ImageObject","inLanguage":"es","@id":"https:\/\/www.noticiasradioreflejos.com.ar\/2021\/guillermo-francos-anticipo-que-javier-milei-vetara-aumentos-a-las-jubilaciones-si-las-aprueban-en-el-congreso\/#primaryimage","url":"https:\/\/www.noticiasradioreflejos.com.ar\/2021\/wp-content\/uploads\/2025\/05\/francos.jpg","contentUrl":"https:\/\/www.noticiasradioreflejos.com.ar\/2021\/wp-content\/uploads\/2025\/05\/francos.jpg","width":1080,"height":720},{"@type":"BreadcrumbList","@id":"https:\/\/www.noticiasradioreflejos.com.ar\/2021\/guillermo-francos-anticipo-que-javier-milei-vetara-aumentos-a-las-jubilaciones-si-las-aprueban-en-el-congreso\/#breadcrumb","itemListElement":[{"@type":"ListItem","position":1,"name":"Portada","item":"https:\/\/www.noticiasradioreflejos.com.ar\/2021\/"},{"@type":"ListItem","position":2,"name":"Guillermo Francos anticip\u00f3 que Javier Milei vetar\u00e1 aumentos a las jubilaciones si las aprueban en el Congreso"}]},{"@type":"WebSite","@id":"https:\/\/www.noticiasradioreflejos.com.ar\/2021\/#website","url":"https:\/\/www.noticiasradioreflejos.com.ar\/2021\/","name":"Noticias Radio Reflejos","description":"Las noticias de mi comarca","potentialAction":[{"@type":"SearchAction","target":{"@type":"EntryPoint","urlTemplate":"https:\/\/www.noticiasradioreflejos.com.ar\/2021\/?s={search_term_string}"},"query-input":{"@type":"PropertyValueSpecification","valueRequired":true,"valueName":"search_term_string"}}],"inLanguage":"es"},{"@type":"Person","@id":"https:\/\/www.noticiasradioreflejos.com.ar\/2021\/#\/schema\/person\/ad82545263dcc5ec0996818884fd5fb1","name":"Arnaldo Botto","image":{"@type":"ImageObject","inLanguage":"es","@id":"https:\/\/www.noticiasradioreflejos.com.ar\/2021\/#\/schema\/person\/image\/","url":"https:\/\/secure.gravatar.com\/avatar\/55cb5e37c1efa326397366e6974cb338056df65cb50e7d64d1cf314e87504837?s=96&d=mm&r=g","contentUrl":"https:\/\/secure.gravatar.com\/avatar\/55cb5e37c1efa326397366e6974cb338056df65cb50e7d64d1cf314e87504837?s=96&d=mm&r=g","caption":"Arnaldo Botto"},"url":"https:\/\/www.noticiasradioreflejos.com.ar\/2021\/author\/arnaldo\/"}]}},"_links":{"self":[{"href":"https:\/\/www.noticiasradioreflejos.com.ar\/2021\/wp-json\/wp\/v2\/posts\/118984","targetHints":{"allow":["GET"]}}],"collection":[{"href":"https:\/\/www.noticiasradioreflejos.com.ar\/2021\/wp-json\/wp\/v2\/posts"}],"about":[{"href":"https:\/\/www.noticiasradioreflejos.com.ar\/2021\/wp-json\/wp\/v2\/types\/post"}],"author":[{"embeddable":true,"href":"https:\/\/www.noticiasradioreflejos.com.ar\/2021\/wp-json\/wp\/v2\/users\/3"}],"replies":[{"embeddable":true,"href":"https:\/\/www.noticiasradioreflejos.com.ar\/2021\/wp-json\/wp\/v2\/comments?post=118984"}],"version-history":[{"count":2,"href":"https:\/\/www.noticiasradioreflejos.com.ar\/2021\/wp-json\/wp\/v2\/posts\/118984\/revisions"}],"predecessor-version":[{"id":118987,"href":"https:\/\/www.noticiasradioreflejos.com.ar\/2021\/wp-json\/wp\/v2\/posts\/118984\/revisions\/118987"}],"wp:featuredmedia":[{"embeddable":true,"href":"https:\/\/www.noticiasradioreflejos.com.ar\/2021\/wp-json\/wp\/v2\/media\/118985"}],"wp:attachment":[{"href":"https:\/\/www.noticiasradioreflejos.com.ar\/2021\/wp-json\/wp\/v2\/media?parent=118984"}],"wp:term":[{"taxonomy":"category","embeddable":true,"href":"https:\/\/www.noticiasradioreflejos.com.ar\/2021\/wp-json\/wp\/v2\/categories?post=118984"},{"taxonomy":"post_tag","embeddable":true,"href":"https:\/\/www.noticiasradioreflejos.com.ar\/2021\/wp-json\/wp\/v2\/tags?post=118984"}],"curies":[{"name":"wp","href":"https:\/\/api.w.org\/{rel}","templated":true}]}}