{"id":118979,"date":"2025-05-21T06:47:14","date_gmt":"2025-05-21T09:47:14","guid":{"rendered":"https:\/\/www.noticiasradioreflejos.com.ar\/2021\/?p=118979"},"modified":"2025-05-21T06:47:14","modified_gmt":"2025-05-21T09:47:14","slug":"milei-los-que-apuesten-por-argentina-van-a-salir-ganando","status":"publish","type":"post","link":"https:\/\/www.noticiasradioreflejos.com.ar\/2021\/milei-los-que-apuesten-por-argentina-van-a-salir-ganando\/","title":{"rendered":"Milei: \u201cLos que apuesten por Argentina van a\u00a0salir\u00a0ganando\u201d"},"content":{"rendered":"<p>El Presidente habl\u00f3 en el AmCham Summit 2025 y asegur\u00f3 que Argentina sigue un modelo de crecimiento que configura un \u00abexcelente caso de negocio\u00bb.<!--more--><\/p>\n<p>El presidente Javier Milei habl\u00f3 en la jornada de negocios AmCham Summit y comenz\u00f3 su intervenci\u00f3n explicando \u201cpor qu\u00e9 Argentina es un excelente caso de negocio\u201d y asegur\u00f3 que \u201cquienes apuesten aqu\u00ed van a salir ganando\u201d.<\/p>\n<p>El mandatario destac\u00f3 el rumbo econ\u00f3mico que lleva el\u00a0<strong>Gobierno<\/strong>\u00a0en sus primeros a\u00f1os de gesti\u00f3n y proyect\u00f3: \u201cNos vamos a un contexto de\u00a0<strong>mayores tasas de crecimiento<\/strong>, de\u00a0<strong>menor presi\u00f3n impositiva<\/strong>\u00a0y de un respeto de la\u00a0<strong>propiedad privada enorme<\/strong>. Estamos ante un maravilloso caso de crecimiento\u201d.<\/p>\n<p>Milei enfatiz\u00f3 que esta es \u201cla oportunidad de aprovecharlo porque en estas condiciones en 30 a\u00f1os Argentina se podr\u00eda convertir en una de las primeras potencias mundiales\u201d.<\/p>\n<p>\u201cPor lo tanto, es una excelente oportunidad de compra porque Argentina est\u00e1 barat\u00edsima y va a subir como pedo de buzo\u201d, remarc\u00f3.<\/p>\n<p>Luego de desarrollar la teor\u00eda econ\u00f3mica del crecimiento, destac\u00f3 el rumbo de su gesti\u00f3n y asegur\u00f3: \u201cNo vinimos a improvisar ac\u00e1, tenemos el crecimiento en la cabeza\u201d. A su vez, agreg\u00f3: \u201cTodo el plan econ\u00f3mico siempre estuvo pensado en funci\u00f3n del crecimiento econ\u00f3mico, apuntamos a eso\u201d.<\/p>\n<p>Por otro lado, el mandatario apunt\u00f3 contra la \u201cagenda del progreso\u201d y cuestion\u00f3 la legalizaci\u00f3n de la interrupci\u00f3n voluntaria del embarazo. \u201cEl crecimiento poblacional es un elemento extremadamente importante y positivo para el crecimiento econ\u00f3mico porque cuando la poblaci\u00f3n se expande eso facilita la divisi\u00f3n del trabajo, que est\u00e1 limitada por el tama\u00f1o del mercado. Digo eso por todo lo que fue la Agenda 2030 y la\u00a0<strong>agenda del progreso,\u00a0<\/strong>pero ahora se est\u00e1n dando cuenta que se les pas\u00f3 la mano en atacar a la familia, a las dos vidas y ahora lo estamos pagando con ca\u00eddas en la tasa de natalidad. El miedo es que el mundo se quede sin gente.\u00a0<strong>Lo hubieran pensado antes, nos hubi\u00e9ramos ahorrado varios asesinatos en el vientre de las madres<\/strong>\u201c.<\/p>\n<p>En materia estrictamente econ\u00f3mica, Milei explic\u00f3: \u201cEl crecimiento no se genera por consumo, se genera subiendo la relaci\u00f3n capital trabajo, pero para que eso pase ustedes tienen que invertir y eso implica que puedan ahorrar. Esos gobiernos que quer\u00edan estimular el consumo para que se expanda la econom\u00eda se estaban pegando un tiro en los pies\u201d.<\/p>\n<p>\u201cLa clave es el ahorro y para eso hay que defender los derechos de propiedad, por eso ponemos en el eje la libertad. No solo para proteger al ahorrista sino tambi\u00e9n el resultado de los que invierten\u201d, sostuvo. Sobre este punto, destac\u00f3 la creaci\u00f3n e implementaci\u00f3n del RIGI para incentivar la llegada de inversiones.<\/p>\n<p>En esta misma l\u00ednea, destac\u00f3 los principales logros de su gesti\u00f3n y asegur\u00f3: \u201cHicimos mucho por el ahorro: despu\u00e9s de 123 a\u00f1os de tener\u00a0<strong>d\u00e9ficit, logramos volver a tener equilibrio financiero en el primer mes de gesti\u00f3n y vino para quedarse<\/strong>. Adem\u00e1s, en seis meses se desmont\u00f3 la monstruosidad de los pasivos remunerados del Banco Central.<\/p>\n<p>De esta manera, anticip\u00f3: \u201cEn ese contexto, esta idea del\u00a0<strong>d\u00e9ficit cero tiene una consecuencia muy importante<\/strong>\u00a0y es el hecho de que la\u00a0<strong>relaci\u00f3n deuda-producto es no creciente<\/strong>\u00a0y consecuentemente,<strong>\u00a0Argentina es solvente intertemporalmente e inexorablemente el Riesgo Pa\u00eds\u00a0<\/strong>se va a desplomar.\u00a0<strong>Argentina<\/strong>\u00a0es uno de los cinco pa\u00edses que tienen super\u00e1vit en la l\u00ednea financiera por ende m\u00e1s temprano que tarde,\u00a0<strong>la tasa de inter\u00e9s va a colapsar<\/strong>\u201c.<\/p>\n<p>A su vez, tambi\u00e9n se\u00f1al\u00f3 que otro de los logros de su gesti\u00f3n fue la baja de\u00a0<strong>la tasa de inflaci\u00f3n<\/strong>. \u201cNo nos preocupan las intervenciones externas porque la inflaci\u00f3n es siempre y en todo lugar un fen\u00f3meno monetario y nosotros hemos fijado la cantidad de dinero desde mediados del a\u00f1o pasado y como el rezago puede ser de 18 a 24 meses, como les puedo asegurar que no vamos a emitir, para mitad del a\u00f1o que viene no existe m\u00e1s la inflaci\u00f3n\u201d, anticip\u00f3.<\/p>\n<div class=\"twitter-tweet twitter-tweet-rendered\"><iframe id=\"twitter-widget-0\" class=\"\" title=\"X Post\" src=\"https:\/\/platform.twitter.com\/embed\/Tweet.html?dnt=false&amp;embedId=twitter-widget-0&amp;features=eyJ0ZndfdGltZWxpbmVfbGlzdCI6eyJidWNrZXQiOltdLCJ2ZXJzaW9uIjpudWxsfSwidGZ3X2ZvbGxvd2VyX2NvdW50X3N1bnNldCI6eyJidWNrZXQiOnRydWUsInZlcnNpb24iOm51bGx9LCJ0ZndfdHdlZXRfZWRpdF9iYWNrZW5kIjp7ImJ1Y2tldCI6Im9uIiwidmVyc2lvbiI6bnVsbH0sInRmd19yZWZzcmNfc2Vzc2lvbiI6eyJidWNrZXQiOiJvbiIsInZlcnNpb24iOm51bGx9LCJ0ZndfZm9zbnJfc29mdF9pbnRlcnZlbnRpb25zX2VuYWJsZWQiOnsiYnVja2V0Ijoib24iLCJ2ZXJzaW9uIjpudWxsfSwidGZ3X21peGVkX21lZGlhXzE1ODk3Ijp7ImJ1Y2tldCI6InRyZWF0bWVudCIsInZlcnNpb24iOm51bGx9LCJ0ZndfZXhwZXJpbWVudHNfY29va2llX2V4cGlyYXRpb24iOnsiYnVja2V0IjoxMjA5NjAwLCJ2ZXJzaW9uIjpudWxsfSwidGZ3X3Nob3dfYmlyZHdhdGNoX3Bpdm90c19lbmFibGVkIjp7ImJ1Y2tldCI6Im9uIiwidmVyc2lvbiI6bnVsbH0sInRmd19kdXBsaWNhdGVfc2NyaWJlc190b19zZXR0aW5ncyI6eyJidWNrZXQiOiJvbiIsInZlcnNpb24iOm51bGx9LCJ0ZndfdXNlX3Byb2ZpbGVfaW1hZ2Vfc2hhcGVfZW5hYmxlZCI6eyJidWNrZXQiOiJvbiIsInZlcnNpb24iOm51bGx9LCJ0ZndfdmlkZW9faGxzX2R5bmFtaWNfbWFuaWZlc3RzXzE1MDgyIjp7ImJ1Y2tldCI6InRydWVfYml0cmF0ZSIsInZlcnNpb24iOm51bGx9LCJ0ZndfbGVnYWN5X3RpbWVsaW5lX3N1bnNldCI6eyJidWNrZXQiOnRydWUsInZlcnNpb24iOm51bGx9LCJ0ZndfdHdlZXRfZWRpdF9mcm9udGVuZCI6eyJidWNrZXQiOiJvbiIsInZlcnNpb24iOm51bGx9fQ%3D%3D&amp;frame=false&amp;hideCard=false&amp;hideThread=false&amp;id=1924950516129288318&amp;lang=es&amp;origin=https%3A%2F%2Ffrenteacano.com.ar%2Fmilei-los-que-apuesten-por-argentina-van-a-salir-ganando%2F&amp;sessionId=1258d886603dce77450adb47e339aaae8b075d09&amp;theme=light&amp;widgetsVersion=2615f7e52b7e0%3A1702314776716&amp;width=550px\" frameborder=\"0\" scrolling=\"no\" allowfullscreen=\"allowfullscreen\" data-tweet-id=\"1924950516129288318\" data-mce-fragment=\"1\"><\/iframe><\/div>\n<p>Fuente: \u00c1mbito<\/p>\n<\/div>\n","protected":false},"excerpt":{"rendered":"<p>El Presidente habl\u00f3 en el AmCham Summit 2025 y asegur\u00f3 que Argentina sigue un modelo de crecimiento que configura un \u00abexcelente caso de negocio\u00bb.<\/p>\n","protected":false},"author":3,"featured_media":0,"comment_status":"closed","ping_status":"closed","sticky":false,"template":"","format":"standard","meta":{"footnotes":""},"categories":[24],"tags":[],"class_list":["post-118979","post","type-post","status-publish","format-standard","hentry","category-politica"],"yoast_head":"<!-- This site is optimized with the Yoast SEO plugin v25.9 - https:\/\/yoast.com\/wordpress\/plugins\/seo\/ -->\n<title>Milei: \u201cLos que apuesten por Argentina van a\u00a0salir\u00a0ganando\u201d - Noticias Radio Reflejos<\/title>\n<meta name=\"robots\" content=\"index, follow, max-snippet:-1, max-image-preview:large, max-video-preview:-1\" \/>\n<link rel=\"canonical\" href=\"https:\/\/www.noticiasradioreflejos.com.ar\/2021\/milei-los-que-apuesten-por-argentina-van-a-salir-ganando\/\" \/>\n<meta property=\"og:locale\" content=\"es_ES\" \/>\n<meta property=\"og:type\" content=\"article\" \/>\n<meta property=\"og:title\" content=\"Milei: \u201cLos que apuesten por Argentina van a\u00a0salir\u00a0ganando\u201d - Noticias Radio Reflejos\" \/>\n<meta property=\"og:description\" content=\"El Presidente habl\u00f3 en el AmCham Summit 2025 y asegur\u00f3 que Argentina sigue un modelo de crecimiento que configura un \u00abexcelente caso de negocio\u00bb.\" \/>\n<meta property=\"og:url\" content=\"https:\/\/www.noticiasradioreflejos.com.ar\/2021\/milei-los-que-apuesten-por-argentina-van-a-salir-ganando\/\" \/>\n<meta property=\"og:site_name\" content=\"Noticias Radio Reflejos\" \/>\n<meta property=\"article:published_time\" content=\"2025-05-21T09:47:14+00:00\" \/>\n<meta property=\"og:image\" content=\"https:\/\/www.noticiasradioreflejos.com.ar\/2021\/wp-content\/uploads\/2025\/05\/Milei-1.jpg\" \/>\n\t<meta property=\"og:image:width\" content=\"992\" \/>\n\t<meta property=\"og:image:height\" content=\"558\" \/>\n\t<meta property=\"og:image:type\" content=\"image\/jpeg\" \/>\n<meta name=\"author\" content=\"Arnaldo Botto\" \/>\n<meta name=\"twitter:card\" content=\"summary_large_image\" \/>\n<script type=\"application\/ld+json\" class=\"yoast-schema-graph\">{\"@context\":\"https:\/\/schema.org\",\"@graph\":[{\"@type\":\"WebPage\",\"@id\":\"https:\/\/www.noticiasradioreflejos.com.ar\/2021\/milei-los-que-apuesten-por-argentina-van-a-salir-ganando\/\",\"url\":\"https:\/\/www.noticiasradioreflejos.com.ar\/2021\/milei-los-que-apuesten-por-argentina-van-a-salir-ganando\/\",\"name\":\"Milei: \u201cLos que apuesten por Argentina van a\u00a0salir\u00a0ganando\u201d - Noticias Radio Reflejos\",\"isPartOf\":{\"@id\":\"https:\/\/www.noticiasradioreflejos.com.ar\/2021\/#website\"},\"datePublished\":\"2025-05-21T09:47:14+00:00\",\"author\":{\"@id\":\"https:\/\/www.noticiasradioreflejos.com.ar\/2021\/#\/schema\/person\/ad82545263dcc5ec0996818884fd5fb1\"},\"breadcrumb\":{\"@id\":\"https:\/\/www.noticiasradioreflejos.com.ar\/2021\/milei-los-que-apuesten-por-argentina-van-a-salir-ganando\/#breadcrumb\"},\"inLanguage\":\"es\",\"potentialAction\":[{\"@type\":\"ReadAction\",\"target\":[\"https:\/\/www.noticiasradioreflejos.com.ar\/2021\/milei-los-que-apuesten-por-argentina-van-a-salir-ganando\/\"]}]},{\"@type\":\"BreadcrumbList\",\"@id\":\"https:\/\/www.noticiasradioreflejos.com.ar\/2021\/milei-los-que-apuesten-por-argentina-van-a-salir-ganando\/#breadcrumb\",\"itemListElement\":[{\"@type\":\"ListItem\",\"position\":1,\"name\":\"Portada\",\"item\":\"https:\/\/www.noticiasradioreflejos.com.ar\/2021\/\"},{\"@type\":\"ListItem\",\"position\":2,\"name\":\"Milei: \u201cLos que apuesten por Argentina van a\u00a0salir\u00a0ganando\u201d\"}]},{\"@type\":\"WebSite\",\"@id\":\"https:\/\/www.noticiasradioreflejos.com.ar\/2021\/#website\",\"url\":\"https:\/\/www.noticiasradioreflejos.com.ar\/2021\/\",\"name\":\"Noticias Radio Reflejos\",\"description\":\"Las noticias de mi comarca\",\"potentialAction\":[{\"@type\":\"SearchAction\",\"target\":{\"@type\":\"EntryPoint\",\"urlTemplate\":\"https:\/\/www.noticiasradioreflejos.com.ar\/2021\/?s={search_term_string}\"},\"query-input\":{\"@type\":\"PropertyValueSpecification\",\"valueRequired\":true,\"valueName\":\"search_term_string\"}}],\"inLanguage\":\"es\"},{\"@type\":\"Person\",\"@id\":\"https:\/\/www.noticiasradioreflejos.com.ar\/2021\/#\/schema\/person\/ad82545263dcc5ec0996818884fd5fb1\",\"name\":\"Arnaldo Botto\",\"image\":{\"@type\":\"ImageObject\",\"inLanguage\":\"es\",\"@id\":\"https:\/\/www.noticiasradioreflejos.com.ar\/2021\/#\/schema\/person\/image\/\",\"url\":\"https:\/\/secure.gravatar.com\/avatar\/55cb5e37c1efa326397366e6974cb338056df65cb50e7d64d1cf314e87504837?s=96&d=mm&r=g\",\"contentUrl\":\"https:\/\/secure.gravatar.com\/avatar\/55cb5e37c1efa326397366e6974cb338056df65cb50e7d64d1cf314e87504837?s=96&d=mm&r=g\",\"caption\":\"Arnaldo Botto\"},\"url\":\"https:\/\/www.noticiasradioreflejos.com.ar\/2021\/author\/arnaldo\/\"}]}<\/script>\n<!-- \/ Yoast SEO plugin. -->","yoast_head_json":{"title":"Milei: \u201cLos que apuesten por Argentina van a\u00a0salir\u00a0ganando\u201d - Noticias Radio Reflejos","robots":{"index":"index","follow":"follow","max-snippet":"max-snippet:-1","max-image-preview":"max-image-preview:large","max-video-preview":"max-video-preview:-1"},"canonical":"https:\/\/www.noticiasradioreflejos.com.ar\/2021\/milei-los-que-apuesten-por-argentina-van-a-salir-ganando\/","og_locale":"es_ES","og_type":"article","og_title":"Milei: \u201cLos que apuesten por Argentina van a\u00a0salir\u00a0ganando\u201d - Noticias Radio Reflejos","og_description":"El Presidente habl\u00f3 en el AmCham Summit 2025 y asegur\u00f3 que Argentina sigue un modelo de crecimiento que configura un \u00abexcelente caso de negocio\u00bb.","og_url":"https:\/\/www.noticiasradioreflejos.com.ar\/2021\/milei-los-que-apuesten-por-argentina-van-a-salir-ganando\/","og_site_name":"Noticias Radio Reflejos","article_published_time":"2025-05-21T09:47:14+00:00","og_image":[{"width":992,"height":558,"url":"https:\/\/www.noticiasradioreflejos.com.ar\/2021\/wp-content\/uploads\/2025\/05\/Milei-1.jpg","type":"image\/jpeg"}],"author":"Arnaldo Botto","twitter_card":"summary_large_image","schema":{"@context":"https:\/\/schema.org","@graph":[{"@type":"WebPage","@id":"https:\/\/www.noticiasradioreflejos.com.ar\/2021\/milei-los-que-apuesten-por-argentina-van-a-salir-ganando\/","url":"https:\/\/www.noticiasradioreflejos.com.ar\/2021\/milei-los-que-apuesten-por-argentina-van-a-salir-ganando\/","name":"Milei: \u201cLos que apuesten por Argentina van a\u00a0salir\u00a0ganando\u201d - Noticias Radio Reflejos","isPartOf":{"@id":"https:\/\/www.noticiasradioreflejos.com.ar\/2021\/#website"},"datePublished":"2025-05-21T09:47:14+00:00","author":{"@id":"https:\/\/www.noticiasradioreflejos.com.ar\/2021\/#\/schema\/person\/ad82545263dcc5ec0996818884fd5fb1"},"breadcrumb":{"@id":"https:\/\/www.noticiasradioreflejos.com.ar\/2021\/milei-los-que-apuesten-por-argentina-van-a-salir-ganando\/#breadcrumb"},"inLanguage":"es","potentialAction":[{"@type":"ReadAction","target":["https:\/\/www.noticiasradioreflejos.com.ar\/2021\/milei-los-que-apuesten-por-argentina-van-a-salir-ganando\/"]}]},{"@type":"BreadcrumbList","@id":"https:\/\/www.noticiasradioreflejos.com.ar\/2021\/milei-los-que-apuesten-por-argentina-van-a-salir-ganando\/#breadcrumb","itemListElement":[{"@type":"ListItem","position":1,"name":"Portada","item":"https:\/\/www.noticiasradioreflejos.com.ar\/2021\/"},{"@type":"ListItem","position":2,"name":"Milei: \u201cLos que apuesten por Argentina van a\u00a0salir\u00a0ganando\u201d"}]},{"@type":"WebSite","@id":"https:\/\/www.noticiasradioreflejos.com.ar\/2021\/#website","url":"https:\/\/www.noticiasradioreflejos.com.ar\/2021\/","name":"Noticias Radio Reflejos","description":"Las noticias de mi comarca","potentialAction":[{"@type":"SearchAction","target":{"@type":"EntryPoint","urlTemplate":"https:\/\/www.noticiasradioreflejos.com.ar\/2021\/?s={search_term_string}"},"query-input":{"@type":"PropertyValueSpecification","valueRequired":true,"valueName":"search_term_string"}}],"inLanguage":"es"},{"@type":"Person","@id":"https:\/\/www.noticiasradioreflejos.com.ar\/2021\/#\/schema\/person\/ad82545263dcc5ec0996818884fd5fb1","name":"Arnaldo Botto","image":{"@type":"ImageObject","inLanguage":"es","@id":"https:\/\/www.noticiasradioreflejos.com.ar\/2021\/#\/schema\/person\/image\/","url":"https:\/\/secure.gravatar.com\/avatar\/55cb5e37c1efa326397366e6974cb338056df65cb50e7d64d1cf314e87504837?s=96&d=mm&r=g","contentUrl":"https:\/\/secure.gravatar.com\/avatar\/55cb5e37c1efa326397366e6974cb338056df65cb50e7d64d1cf314e87504837?s=96&d=mm&r=g","caption":"Arnaldo Botto"},"url":"https:\/\/www.noticiasradioreflejos.com.ar\/2021\/author\/arnaldo\/"}]}},"_links":{"self":[{"href":"https:\/\/www.noticiasradioreflejos.com.ar\/2021\/wp-json\/wp\/v2\/posts\/118979","targetHints":{"allow":["GET"]}}],"collection":[{"href":"https:\/\/www.noticiasradioreflejos.com.ar\/2021\/wp-json\/wp\/v2\/posts"}],"about":[{"href":"https:\/\/www.noticiasradioreflejos.com.ar\/2021\/wp-json\/wp\/v2\/types\/post"}],"author":[{"embeddable":true,"href":"https:\/\/www.noticiasradioreflejos.com.ar\/2021\/wp-json\/wp\/v2\/users\/3"}],"replies":[{"embeddable":true,"href":"https:\/\/www.noticiasradioreflejos.com.ar\/2021\/wp-json\/wp\/v2\/comments?post=118979"}],"version-history":[{"count":1,"href":"https:\/\/www.noticiasradioreflejos.com.ar\/2021\/wp-json\/wp\/v2\/posts\/118979\/revisions"}],"predecessor-version":[{"id":118981,"href":"https:\/\/www.noticiasradioreflejos.com.ar\/2021\/wp-json\/wp\/v2\/posts\/118979\/revisions\/118981"}],"wp:attachment":[{"href":"https:\/\/www.noticiasradioreflejos.com.ar\/2021\/wp-json\/wp\/v2\/media?parent=118979"}],"wp:term":[{"taxonomy":"category","embeddable":true,"href":"https:\/\/www.noticiasradioreflejos.com.ar\/2021\/wp-json\/wp\/v2\/categories?post=118979"},{"taxonomy":"post_tag","embeddable":true,"href":"https:\/\/www.noticiasradioreflejos.com.ar\/2021\/wp-json\/wp\/v2\/tags?post=118979"}],"curies":[{"name":"wp","href":"https:\/\/api.w.org\/{rel}","templated":true}]}}