{"id":118919,"date":"2025-05-19T17:15:35","date_gmt":"2025-05-19T20:15:35","guid":{"rendered":"https:\/\/www.noticiasradioreflejos.com.ar\/2021\/?p=118919"},"modified":"2025-05-19T17:38:18","modified_gmt":"2025-05-19T20:38:18","slug":"el-gobierno-convoco-a-audiencias-publicas-para-avanzar-en-la-privatizacion-de-rutas-nacionales","status":"publish","type":"post","link":"https:\/\/www.noticiasradioreflejos.com.ar\/2021\/el-gobierno-convoco-a-audiencias-publicas-para-avanzar-en-la-privatizacion-de-rutas-nacionales\/","title":{"rendered":"El Gobierno convoc\u00f3 a audiencias p\u00fablicas para avanzar en la privatizaci\u00f3n de rutas nacionales"},"content":{"rendered":"<p>Licitar\u00e1n obras en la Ruta 3 desde Bah\u00eda Blanca a Ca\u00f1uelas.\u00a0\u00a0 Se har\u00e1n trabajos en 615 km desde el final de la autopista Ezeiza-Ca\u00f1uelas al empalme del sector conocido como El Tri\u00e1ngulo.<\/p>\n<p><!--more-->El Gobierno<strong>\u00a0convoc\u00f3 a audiencias p\u00fablicas como parte de la segunda etapa del proceso de privatizaci\u00f3n de 4.400 kil\u00f3metros de rutas nacionales<\/strong>, que actualmente son administradas por la empresa estatal Corredores Viales S.A.<\/p>\n<div class=\"columns\" data-tadevel-template=\"web\/article-columns\">\n<div class=\"column-main\">\n<div class=\"article-body\" data-tadevel-template=\"web\/article-body\">\n<div class=\"article-body-content\">\n<p>En el marco del desarrollo de la Red Federal de Concesiones (RFC), el Ejecutivo lanz\u00f3 la Etapa II, para avanzar en el nuevo sistema a cargo de la operaci\u00f3n y mantenimiento de la Red Vial Nacional.<\/p>\n<p>De esta manera, la Direcci\u00f3n Nacional de Vialidad llam\u00f3 a una serie de audiencias p\u00fablicas mediante la Resoluci\u00f3n 827\/2025, publicada este lunes en el Bolet\u00edn Oficial, con<i>\u00a0\u201cel objetivo de promover una mayor competencia, generar mayor transparencia y confianza y lograr mejores resultados para los usuarios\u201d.<\/i><\/p>\n<p>En dichos espacios se tratar\u00e1n los tramos que conforman la segunda fase de la RFC, constituida por m\u00e1s de 4.400 kil\u00f3metros de rutas nacionales, divididos en 8 tramos ubicados en el sector centro del pa\u00eds, abarcando las provincias de Buenos Aires, Santa Fe, C\u00f3rdoba, San Luis y La Pampa.<\/p>\n<p>En los mencionados tramos se<strong>\u00a0incluyen las autopistas Ricchieri, Ezeiza-Ca\u00f1uelas, y Newbery, as\u00ed como las rutas nacionales 3, 5 y 7, y los trazados que dan acceso a los puertos del Paran\u00e1<\/strong>, en torno a la ciudad de Rosario y sus alrededores.<\/p>\n<p>Las instancias de participaci\u00f3n p\u00fablica se llevar\u00e1n a cabo entre el 11 y 13 de junio y para quienes tengan inter\u00e9s, deber\u00e1n inscribirse por un formulario disponible en la web de Vialidad Nacional, de forma libre y gratuita desde este lunes y hasta el 9 de junio de 2025.<\/p>\n<h4>Las tres audiencias p\u00fablicas que se realizar\u00e1n:<\/h4>\n<ul>\n<li><mark>Tramos Sur, Atl\u00e1ntico y Acceso Sur:<\/mark>\u00a0mi\u00e9rcoles 11 de junio de 2025, a las 10 a.m., en el Centro Cultural Municipal Poeta Enrique Uzal, ubicado calle Petracchi 646, San Miguel del Monte, Provincia de Buenos Aires.<\/li>\n<li><mark>Tramos Pampa, Mediterr\u00e1neo y Puntano:<\/mark>\u00a0jueves 12 de junio de 2025, a las 10 a.m., en el Complejo Deportivo Municipal General San Mart\u00edn, ubicado en RN7, Jun\u00edn, Provincia de Buenos Aires.<\/li>\n<li><mark>Tramos Portuario Sur y Portuario Norte:<\/mark>\u00a0viernes 13 de junio de 2025, a las 10 a.m., en el Auditorio Municipal Rafael de Aguiar calle Maip\u00fa 22, San Nicol\u00e1s de Los Arroyos, Provincia de Buenos Aires.<\/li>\n<\/ul>\n<p>Desde el Gobierno destacaron que\u00a0<i>\u201cel desarrollo de la Red Federal de Concesiones es posible gracias a que se generaron las condiciones para que los capitales privados puedan invertir en la operaci\u00f3n y mantenimiento de estas trazas nacionales y de esta manera, reducir los gastos que esto genera al Tesoro nacional\u201d.<\/i><\/p>\n<p>Asimismo, recordaron que\u00a0<i>\u201cel nuevo sistema\u00a0<strong>no contar\u00e1 con ning\u00fan subsidio por parte del sector p\u00fablico<\/strong>, que hasta el momento realizaba aportes para sostener un esquema de concesi\u00f3n deficitario y que no brindaba beneficios reales para los usuarios\u201d.<\/i><\/p>\n<p>A su vez, aclararon que\u00a0<i>\u201cVialidad Nacional, organismo descentralizado actuante en el \u00e1mbito de la Secretar\u00eda de Transporte, ser\u00e1 la autoridad encargada de supervisar y controlar los contratos de concesi\u00f3n actuales y futuros, asegurando su cumplimiento en beneficio de los usuarios y el desarrollo de la infraestructura vial\u201d.<\/i><\/p>\n<p>Adem\u00e1s, remarcaron que<i>\u00a0\u201creforzamos el compromiso del Gobierno Nacional con el desarrollo de un sistema vial moderno, seguro y eficiente, promoviendo la integraci\u00f3n territorial y el crecimiento econ\u00f3mico del pa\u00eds\u201d.<\/i><\/p>\n<\/div>\n<\/div>\n<\/div>\n<\/div>\n","protected":false},"excerpt":{"rendered":"<p>Licitar\u00e1n obras en la Ruta 3 desde Bah\u00eda Blanca a Ca\u00f1uelas.\u00a0\u00a0 Se har\u00e1n trabajos en 615 km desde el final de la autopista Ezeiza-Ca\u00f1uelas al empalme del sector conocido como El Tri\u00e1ngulo.<\/p>\n","protected":false},"author":3,"featured_media":118920,"comment_status":"closed","ping_status":"closed","sticky":false,"template":"","format":"standard","meta":{"footnotes":""},"categories":[58],"tags":[],"class_list":["post-118919","post","type-post","status-publish","format-standard","has-post-thumbnail","hentry","category-gobierno"],"yoast_head":"<!-- This site is optimized with the Yoast SEO plugin v25.9 - https:\/\/yoast.com\/wordpress\/plugins\/seo\/ -->\n<title>El Gobierno convoc\u00f3 a audiencias p\u00fablicas para avanzar en la privatizaci\u00f3n de rutas nacionales - Noticias Radio Reflejos<\/title>\n<meta name=\"robots\" content=\"index, follow, max-snippet:-1, max-image-preview:large, max-video-preview:-1\" \/>\n<link rel=\"canonical\" href=\"https:\/\/www.noticiasradioreflejos.com.ar\/2021\/el-gobierno-convoco-a-audiencias-publicas-para-avanzar-en-la-privatizacion-de-rutas-nacionales\/\" \/>\n<meta property=\"og:locale\" content=\"es_ES\" \/>\n<meta property=\"og:type\" content=\"article\" \/>\n<meta property=\"og:title\" content=\"El Gobierno convoc\u00f3 a audiencias p\u00fablicas para avanzar en la privatizaci\u00f3n de rutas nacionales - Noticias Radio Reflejos\" \/>\n<meta property=\"og:description\" content=\"Licitar\u00e1n obras en la Ruta 3 desde Bah\u00eda Blanca a Ca\u00f1uelas.\u00a0\u00a0 Se har\u00e1n trabajos en 615 km desde el final de la autopista Ezeiza-Ca\u00f1uelas al empalme del sector conocido como El Tri\u00e1ngulo.\" \/>\n<meta property=\"og:url\" content=\"https:\/\/www.noticiasradioreflejos.com.ar\/2021\/el-gobierno-convoco-a-audiencias-publicas-para-avanzar-en-la-privatizacion-de-rutas-nacionales\/\" \/>\n<meta property=\"og:site_name\" content=\"Noticias Radio Reflejos\" \/>\n<meta property=\"article:published_time\" content=\"2025-05-19T20:15:35+00:00\" \/>\n<meta property=\"article:modified_time\" content=\"2025-05-19T20:38:18+00:00\" \/>\n<meta property=\"og:image\" content=\"https:\/\/www.noticiasradioreflejos.com.ar\/2021\/wp-content\/uploads\/2025\/05\/Ruta-3-1.jpg\" \/>\n\t<meta property=\"og:image:width\" content=\"640\" \/>\n\t<meta property=\"og:image:height\" content=\"360\" \/>\n\t<meta property=\"og:image:type\" content=\"image\/jpeg\" \/>\n<meta name=\"author\" content=\"Arnaldo Botto\" \/>\n<meta name=\"twitter:card\" content=\"summary_large_image\" \/>\n<script type=\"application\/ld+json\" class=\"yoast-schema-graph\">{\"@context\":\"https:\/\/schema.org\",\"@graph\":[{\"@type\":\"WebPage\",\"@id\":\"https:\/\/www.noticiasradioreflejos.com.ar\/2021\/el-gobierno-convoco-a-audiencias-publicas-para-avanzar-en-la-privatizacion-de-rutas-nacionales\/\",\"url\":\"https:\/\/www.noticiasradioreflejos.com.ar\/2021\/el-gobierno-convoco-a-audiencias-publicas-para-avanzar-en-la-privatizacion-de-rutas-nacionales\/\",\"name\":\"El Gobierno convoc\u00f3 a audiencias p\u00fablicas para avanzar en la privatizaci\u00f3n de rutas nacionales - Noticias Radio Reflejos\",\"isPartOf\":{\"@id\":\"https:\/\/www.noticiasradioreflejos.com.ar\/2021\/#website\"},\"primaryImageOfPage\":{\"@id\":\"https:\/\/www.noticiasradioreflejos.com.ar\/2021\/el-gobierno-convoco-a-audiencias-publicas-para-avanzar-en-la-privatizacion-de-rutas-nacionales\/#primaryimage\"},\"image\":{\"@id\":\"https:\/\/www.noticiasradioreflejos.com.ar\/2021\/el-gobierno-convoco-a-audiencias-publicas-para-avanzar-en-la-privatizacion-de-rutas-nacionales\/#primaryimage\"},\"thumbnailUrl\":\"https:\/\/www.noticiasradioreflejos.com.ar\/2021\/wp-content\/uploads\/2025\/05\/Ruta-3-1.jpg\",\"datePublished\":\"2025-05-19T20:15:35+00:00\",\"dateModified\":\"2025-05-19T20:38:18+00:00\",\"author\":{\"@id\":\"https:\/\/www.noticiasradioreflejos.com.ar\/2021\/#\/schema\/person\/ad82545263dcc5ec0996818884fd5fb1\"},\"breadcrumb\":{\"@id\":\"https:\/\/www.noticiasradioreflejos.com.ar\/2021\/el-gobierno-convoco-a-audiencias-publicas-para-avanzar-en-la-privatizacion-de-rutas-nacionales\/#breadcrumb\"},\"inLanguage\":\"es\",\"potentialAction\":[{\"@type\":\"ReadAction\",\"target\":[\"https:\/\/www.noticiasradioreflejos.com.ar\/2021\/el-gobierno-convoco-a-audiencias-publicas-para-avanzar-en-la-privatizacion-de-rutas-nacionales\/\"]}]},{\"@type\":\"ImageObject\",\"inLanguage\":\"es\",\"@id\":\"https:\/\/www.noticiasradioreflejos.com.ar\/2021\/el-gobierno-convoco-a-audiencias-publicas-para-avanzar-en-la-privatizacion-de-rutas-nacionales\/#primaryimage\",\"url\":\"https:\/\/www.noticiasradioreflejos.com.ar\/2021\/wp-content\/uploads\/2025\/05\/Ruta-3-1.jpg\",\"contentUrl\":\"https:\/\/www.noticiasradioreflejos.com.ar\/2021\/wp-content\/uploads\/2025\/05\/Ruta-3-1.jpg\",\"width\":640,\"height\":360},{\"@type\":\"BreadcrumbList\",\"@id\":\"https:\/\/www.noticiasradioreflejos.com.ar\/2021\/el-gobierno-convoco-a-audiencias-publicas-para-avanzar-en-la-privatizacion-de-rutas-nacionales\/#breadcrumb\",\"itemListElement\":[{\"@type\":\"ListItem\",\"position\":1,\"name\":\"Portada\",\"item\":\"https:\/\/www.noticiasradioreflejos.com.ar\/2021\/\"},{\"@type\":\"ListItem\",\"position\":2,\"name\":\"El Gobierno convoc\u00f3 a audiencias p\u00fablicas para avanzar en la privatizaci\u00f3n de rutas nacionales\"}]},{\"@type\":\"WebSite\",\"@id\":\"https:\/\/www.noticiasradioreflejos.com.ar\/2021\/#website\",\"url\":\"https:\/\/www.noticiasradioreflejos.com.ar\/2021\/\",\"name\":\"Noticias Radio Reflejos\",\"description\":\"Las noticias de mi comarca\",\"potentialAction\":[{\"@type\":\"SearchAction\",\"target\":{\"@type\":\"EntryPoint\",\"urlTemplate\":\"https:\/\/www.noticiasradioreflejos.com.ar\/2021\/?s={search_term_string}\"},\"query-input\":{\"@type\":\"PropertyValueSpecification\",\"valueRequired\":true,\"valueName\":\"search_term_string\"}}],\"inLanguage\":\"es\"},{\"@type\":\"Person\",\"@id\":\"https:\/\/www.noticiasradioreflejos.com.ar\/2021\/#\/schema\/person\/ad82545263dcc5ec0996818884fd5fb1\",\"name\":\"Arnaldo Botto\",\"image\":{\"@type\":\"ImageObject\",\"inLanguage\":\"es\",\"@id\":\"https:\/\/www.noticiasradioreflejos.com.ar\/2021\/#\/schema\/person\/image\/\",\"url\":\"https:\/\/secure.gravatar.com\/avatar\/55cb5e37c1efa326397366e6974cb338056df65cb50e7d64d1cf314e87504837?s=96&d=mm&r=g\",\"contentUrl\":\"https:\/\/secure.gravatar.com\/avatar\/55cb5e37c1efa326397366e6974cb338056df65cb50e7d64d1cf314e87504837?s=96&d=mm&r=g\",\"caption\":\"Arnaldo Botto\"},\"url\":\"https:\/\/www.noticiasradioreflejos.com.ar\/2021\/author\/arnaldo\/\"}]}<\/script>\n<!-- \/ Yoast SEO plugin. -->","yoast_head_json":{"title":"El Gobierno convoc\u00f3 a audiencias p\u00fablicas para avanzar en la privatizaci\u00f3n de rutas nacionales - Noticias Radio Reflejos","robots":{"index":"index","follow":"follow","max-snippet":"max-snippet:-1","max-image-preview":"max-image-preview:large","max-video-preview":"max-video-preview:-1"},"canonical":"https:\/\/www.noticiasradioreflejos.com.ar\/2021\/el-gobierno-convoco-a-audiencias-publicas-para-avanzar-en-la-privatizacion-de-rutas-nacionales\/","og_locale":"es_ES","og_type":"article","og_title":"El Gobierno convoc\u00f3 a audiencias p\u00fablicas para avanzar en la privatizaci\u00f3n de rutas nacionales - Noticias Radio Reflejos","og_description":"Licitar\u00e1n obras en la Ruta 3 desde Bah\u00eda Blanca a Ca\u00f1uelas.\u00a0\u00a0 Se har\u00e1n trabajos en 615 km desde el final de la autopista Ezeiza-Ca\u00f1uelas al empalme del sector conocido como El Tri\u00e1ngulo.","og_url":"https:\/\/www.noticiasradioreflejos.com.ar\/2021\/el-gobierno-convoco-a-audiencias-publicas-para-avanzar-en-la-privatizacion-de-rutas-nacionales\/","og_site_name":"Noticias Radio Reflejos","article_published_time":"2025-05-19T20:15:35+00:00","article_modified_time":"2025-05-19T20:38:18+00:00","og_image":[{"width":640,"height":360,"url":"https:\/\/www.noticiasradioreflejos.com.ar\/2021\/wp-content\/uploads\/2025\/05\/Ruta-3-1.jpg","type":"image\/jpeg"}],"author":"Arnaldo Botto","twitter_card":"summary_large_image","schema":{"@context":"https:\/\/schema.org","@graph":[{"@type":"WebPage","@id":"https:\/\/www.noticiasradioreflejos.com.ar\/2021\/el-gobierno-convoco-a-audiencias-publicas-para-avanzar-en-la-privatizacion-de-rutas-nacionales\/","url":"https:\/\/www.noticiasradioreflejos.com.ar\/2021\/el-gobierno-convoco-a-audiencias-publicas-para-avanzar-en-la-privatizacion-de-rutas-nacionales\/","name":"El Gobierno convoc\u00f3 a audiencias p\u00fablicas para avanzar en la privatizaci\u00f3n de rutas nacionales - Noticias Radio Reflejos","isPartOf":{"@id":"https:\/\/www.noticiasradioreflejos.com.ar\/2021\/#website"},"primaryImageOfPage":{"@id":"https:\/\/www.noticiasradioreflejos.com.ar\/2021\/el-gobierno-convoco-a-audiencias-publicas-para-avanzar-en-la-privatizacion-de-rutas-nacionales\/#primaryimage"},"image":{"@id":"https:\/\/www.noticiasradioreflejos.com.ar\/2021\/el-gobierno-convoco-a-audiencias-publicas-para-avanzar-en-la-privatizacion-de-rutas-nacionales\/#primaryimage"},"thumbnailUrl":"https:\/\/www.noticiasradioreflejos.com.ar\/2021\/wp-content\/uploads\/2025\/05\/Ruta-3-1.jpg","datePublished":"2025-05-19T20:15:35+00:00","dateModified":"2025-05-19T20:38:18+00:00","author":{"@id":"https:\/\/www.noticiasradioreflejos.com.ar\/2021\/#\/schema\/person\/ad82545263dcc5ec0996818884fd5fb1"},"breadcrumb":{"@id":"https:\/\/www.noticiasradioreflejos.com.ar\/2021\/el-gobierno-convoco-a-audiencias-publicas-para-avanzar-en-la-privatizacion-de-rutas-nacionales\/#breadcrumb"},"inLanguage":"es","potentialAction":[{"@type":"ReadAction","target":["https:\/\/www.noticiasradioreflejos.com.ar\/2021\/el-gobierno-convoco-a-audiencias-publicas-para-avanzar-en-la-privatizacion-de-rutas-nacionales\/"]}]},{"@type":"ImageObject","inLanguage":"es","@id":"https:\/\/www.noticiasradioreflejos.com.ar\/2021\/el-gobierno-convoco-a-audiencias-publicas-para-avanzar-en-la-privatizacion-de-rutas-nacionales\/#primaryimage","url":"https:\/\/www.noticiasradioreflejos.com.ar\/2021\/wp-content\/uploads\/2025\/05\/Ruta-3-1.jpg","contentUrl":"https:\/\/www.noticiasradioreflejos.com.ar\/2021\/wp-content\/uploads\/2025\/05\/Ruta-3-1.jpg","width":640,"height":360},{"@type":"BreadcrumbList","@id":"https:\/\/www.noticiasradioreflejos.com.ar\/2021\/el-gobierno-convoco-a-audiencias-publicas-para-avanzar-en-la-privatizacion-de-rutas-nacionales\/#breadcrumb","itemListElement":[{"@type":"ListItem","position":1,"name":"Portada","item":"https:\/\/www.noticiasradioreflejos.com.ar\/2021\/"},{"@type":"ListItem","position":2,"name":"El Gobierno convoc\u00f3 a audiencias p\u00fablicas para avanzar en la privatizaci\u00f3n de rutas nacionales"}]},{"@type":"WebSite","@id":"https:\/\/www.noticiasradioreflejos.com.ar\/2021\/#website","url":"https:\/\/www.noticiasradioreflejos.com.ar\/2021\/","name":"Noticias Radio Reflejos","description":"Las noticias de mi comarca","potentialAction":[{"@type":"SearchAction","target":{"@type":"EntryPoint","urlTemplate":"https:\/\/www.noticiasradioreflejos.com.ar\/2021\/?s={search_term_string}"},"query-input":{"@type":"PropertyValueSpecification","valueRequired":true,"valueName":"search_term_string"}}],"inLanguage":"es"},{"@type":"Person","@id":"https:\/\/www.noticiasradioreflejos.com.ar\/2021\/#\/schema\/person\/ad82545263dcc5ec0996818884fd5fb1","name":"Arnaldo Botto","image":{"@type":"ImageObject","inLanguage":"es","@id":"https:\/\/www.noticiasradioreflejos.com.ar\/2021\/#\/schema\/person\/image\/","url":"https:\/\/secure.gravatar.com\/avatar\/55cb5e37c1efa326397366e6974cb338056df65cb50e7d64d1cf314e87504837?s=96&d=mm&r=g","contentUrl":"https:\/\/secure.gravatar.com\/avatar\/55cb5e37c1efa326397366e6974cb338056df65cb50e7d64d1cf314e87504837?s=96&d=mm&r=g","caption":"Arnaldo Botto"},"url":"https:\/\/www.noticiasradioreflejos.com.ar\/2021\/author\/arnaldo\/"}]}},"_links":{"self":[{"href":"https:\/\/www.noticiasradioreflejos.com.ar\/2021\/wp-json\/wp\/v2\/posts\/118919","targetHints":{"allow":["GET"]}}],"collection":[{"href":"https:\/\/www.noticiasradioreflejos.com.ar\/2021\/wp-json\/wp\/v2\/posts"}],"about":[{"href":"https:\/\/www.noticiasradioreflejos.com.ar\/2021\/wp-json\/wp\/v2\/types\/post"}],"author":[{"embeddable":true,"href":"https:\/\/www.noticiasradioreflejos.com.ar\/2021\/wp-json\/wp\/v2\/users\/3"}],"replies":[{"embeddable":true,"href":"https:\/\/www.noticiasradioreflejos.com.ar\/2021\/wp-json\/wp\/v2\/comments?post=118919"}],"version-history":[{"count":3,"href":"https:\/\/www.noticiasradioreflejos.com.ar\/2021\/wp-json\/wp\/v2\/posts\/118919\/revisions"}],"predecessor-version":[{"id":118923,"href":"https:\/\/www.noticiasradioreflejos.com.ar\/2021\/wp-json\/wp\/v2\/posts\/118919\/revisions\/118923"}],"wp:featuredmedia":[{"embeddable":true,"href":"https:\/\/www.noticiasradioreflejos.com.ar\/2021\/wp-json\/wp\/v2\/media\/118920"}],"wp:attachment":[{"href":"https:\/\/www.noticiasradioreflejos.com.ar\/2021\/wp-json\/wp\/v2\/media?parent=118919"}],"wp:term":[{"taxonomy":"category","embeddable":true,"href":"https:\/\/www.noticiasradioreflejos.com.ar\/2021\/wp-json\/wp\/v2\/categories?post=118919"},{"taxonomy":"post_tag","embeddable":true,"href":"https:\/\/www.noticiasradioreflejos.com.ar\/2021\/wp-json\/wp\/v2\/tags?post=118919"}],"curies":[{"name":"wp","href":"https:\/\/api.w.org\/{rel}","templated":true}]}}