{"id":118808,"date":"2025-05-16T15:15:19","date_gmt":"2025-05-16T18:15:19","guid":{"rendered":"https:\/\/www.noticiasradioreflejos.com.ar\/2021\/?p=118808"},"modified":"2025-05-16T15:15:19","modified_gmt":"2025-05-16T18:15:19","slug":"tragico-choque-ocurrido-en-el-cruce-de-rutas-3-y-3-vieja-en-cnel-rosales","status":"publish","type":"post","link":"https:\/\/www.noticiasradioreflejos.com.ar\/2021\/tragico-choque-ocurrido-en-el-cruce-de-rutas-3-y-3-vieja-en-cnel-rosales\/","title":{"rendered":"Tr\u00e1gico choque ocurrido en el cruce de rutas 3 y 3 vieja en Cnel Rosales."},"content":{"rendered":"<p>Los peritos de la Cient\u00edfica procuran establecer las causas del siniestro que cost\u00f3 la vida de 3 personas .<\/p>\n<p><!--more--><\/p>\n<div class=\"mvp-post-main-out left relative\">\n<div class=\"mvp-post-main-in\">\n<div id=\"mvp-post-content\" class=\"left relative\">\n<div id=\"mvp-post-feat-img\" class=\"left relative mvp-post-feat-img-wide2\"><img loading=\"lazy\" decoding=\"async\" class=\"attachment- size- wp-post-image\" src=\"https:\/\/www.labrujula24.com\/wp-content\/uploads\/2025\/05\/rutas.jpg\" alt=\"\" width=\"1200\" height=\"760\" \/><\/div>\n<div id=\"mvp-content-wrap\" class=\"left relative\">\n<div class=\"mvp-post-soc-out right relative\">\n<div class=\"mvp-post-soc-in\">\n<div id=\"mvp-content-body\" class=\"left relative\">\n<div id=\"mvp-content-body-top\" class=\"left relative\">\n<div id=\"mvp-content-main\" class=\"left relative\">\n<p>La polic\u00eda dio a conocer la identidad de dos de las v\u00edctimas fatales que este viernes dej\u00f3\u00a0un tremendo choque frontal\u00a0ocurrido en el cruce de las rutas 3 y 3 vieja, en el distrito de Coronel Rosales. All\u00ed se embistieron cerca del mediod\u00eda un Toyota Corolla y un Peugeot 307. Peritos de la Cient\u00edfica intentan determinar los motivos del suceso.<\/p>\n<p>Dos de las personas que murieron a causa del tremendo impacto ya fueron identificadas. Se trata de una de las ocupantes del Corolla, Gloria Marina Bobeda, de 62 a\u00f1os y oriunda de Tierra del Fuego, y de la conductora del 307, Corina Andrea Espinosa, de 45 a\u00f1os, con \u00faltimo domicilio en Monte Hermoso.<\/p>\n<p><a title=\"3 y 3 vieja\" href=\"https:\/\/www.flickr.com\/photos\/182279889@N02\/54523693466\/in\/dateposted-public\/\" data-flickr-embed=\"true\"><img loading=\"lazy\" decoding=\"async\" src=\"https:\/\/live.staticflickr.com\/65535\/54523693466_a17fb35c6b_c.jpg\" alt=\"3 y 3 vieja\" width=\"800\" height=\"352\" \/><\/a><\/p>\n<p>El siniestro vial ocurri\u00f3 a la altura del kil\u00f3metro 645 de la Ruta Nacional 3 y el ingreso a la Ruta 3 Vieja, escenario de otros episodios de la misma naturaleza. El Corolla circulaba en sentido Bah\u00eda Blanca-Monte Hermoso y el Peugeot lo hac\u00eda en sentido opuesto.<\/p>\n<p>Se intenta determinar el nombre del hombre que viajaba en el Toyota y tambi\u00e9n perdi\u00f3 la vida.<\/p>\n<\/div>\n<\/div>\n<\/div>\n<\/div>\n<\/div>\n<\/div>\n<\/div>\n<\/div>\n<\/div>\n","protected":false},"excerpt":{"rendered":"<p>Los peritos de la Cient\u00edfica procuran establecer las causas del siniestro que cost\u00f3 la vida de 3 personas .<\/p>\n","protected":false},"author":3,"featured_media":118809,"comment_status":"closed","ping_status":"closed","sticky":false,"template":"","format":"standard","meta":{"footnotes":""},"categories":[29],"tags":[48],"class_list":["post-118808","post","type-post","status-publish","format-standard","has-post-thumbnail","hentry","category-policiales","tag-destacada"],"yoast_head":"<!-- This site is optimized with the Yoast SEO plugin v25.9 - https:\/\/yoast.com\/wordpress\/plugins\/seo\/ -->\n<title>Tr\u00e1gico choque ocurrido en el cruce de rutas 3 y 3 vieja en Cnel Rosales. - Noticias Radio Reflejos<\/title>\n<meta name=\"robots\" content=\"index, follow, max-snippet:-1, max-image-preview:large, max-video-preview:-1\" \/>\n<link rel=\"canonical\" href=\"https:\/\/www.noticiasradioreflejos.com.ar\/2021\/tragico-choque-ocurrido-en-el-cruce-de-rutas-3-y-3-vieja-en-cnel-rosales\/\" \/>\n<meta property=\"og:locale\" content=\"es_ES\" \/>\n<meta property=\"og:type\" content=\"article\" \/>\n<meta property=\"og:title\" content=\"Tr\u00e1gico choque ocurrido en el cruce de rutas 3 y 3 vieja en Cnel Rosales. - Noticias Radio Reflejos\" \/>\n<meta property=\"og:description\" content=\"Los peritos de la Cient\u00edfica procuran establecer las causas del siniestro que cost\u00f3 la vida de 3 personas .\" \/>\n<meta property=\"og:url\" content=\"https:\/\/www.noticiasradioreflejos.com.ar\/2021\/tragico-choque-ocurrido-en-el-cruce-de-rutas-3-y-3-vieja-en-cnel-rosales\/\" \/>\n<meta property=\"og:site_name\" content=\"Noticias Radio Reflejos\" \/>\n<meta property=\"article:published_time\" content=\"2025-05-16T18:15:19+00:00\" \/>\n<meta property=\"og:image\" content=\"https:\/\/www.noticiasradioreflejos.com.ar\/2021\/wp-content\/uploads\/2025\/05\/choque-ruta-3.jpeg\" \/>\n\t<meta property=\"og:image:width\" content=\"1625\" \/>\n\t<meta property=\"og:image:height\" content=\"715\" \/>\n\t<meta property=\"og:image:type\" content=\"image\/jpeg\" \/>\n<meta name=\"author\" content=\"Arnaldo Botto\" \/>\n<meta name=\"twitter:card\" content=\"summary_large_image\" \/>\n<script type=\"application\/ld+json\" class=\"yoast-schema-graph\">{\"@context\":\"https:\/\/schema.org\",\"@graph\":[{\"@type\":\"WebPage\",\"@id\":\"https:\/\/www.noticiasradioreflejos.com.ar\/2021\/tragico-choque-ocurrido-en-el-cruce-de-rutas-3-y-3-vieja-en-cnel-rosales\/\",\"url\":\"https:\/\/www.noticiasradioreflejos.com.ar\/2021\/tragico-choque-ocurrido-en-el-cruce-de-rutas-3-y-3-vieja-en-cnel-rosales\/\",\"name\":\"Tr\u00e1gico choque ocurrido en el cruce de rutas 3 y 3 vieja en Cnel Rosales. - Noticias Radio Reflejos\",\"isPartOf\":{\"@id\":\"https:\/\/www.noticiasradioreflejos.com.ar\/2021\/#website\"},\"primaryImageOfPage\":{\"@id\":\"https:\/\/www.noticiasradioreflejos.com.ar\/2021\/tragico-choque-ocurrido-en-el-cruce-de-rutas-3-y-3-vieja-en-cnel-rosales\/#primaryimage\"},\"image\":{\"@id\":\"https:\/\/www.noticiasradioreflejos.com.ar\/2021\/tragico-choque-ocurrido-en-el-cruce-de-rutas-3-y-3-vieja-en-cnel-rosales\/#primaryimage\"},\"thumbnailUrl\":\"https:\/\/www.noticiasradioreflejos.com.ar\/2021\/wp-content\/uploads\/2025\/05\/choque-ruta-3.jpeg\",\"datePublished\":\"2025-05-16T18:15:19+00:00\",\"author\":{\"@id\":\"https:\/\/www.noticiasradioreflejos.com.ar\/2021\/#\/schema\/person\/ad82545263dcc5ec0996818884fd5fb1\"},\"breadcrumb\":{\"@id\":\"https:\/\/www.noticiasradioreflejos.com.ar\/2021\/tragico-choque-ocurrido-en-el-cruce-de-rutas-3-y-3-vieja-en-cnel-rosales\/#breadcrumb\"},\"inLanguage\":\"es\",\"potentialAction\":[{\"@type\":\"ReadAction\",\"target\":[\"https:\/\/www.noticiasradioreflejos.com.ar\/2021\/tragico-choque-ocurrido-en-el-cruce-de-rutas-3-y-3-vieja-en-cnel-rosales\/\"]}]},{\"@type\":\"ImageObject\",\"inLanguage\":\"es\",\"@id\":\"https:\/\/www.noticiasradioreflejos.com.ar\/2021\/tragico-choque-ocurrido-en-el-cruce-de-rutas-3-y-3-vieja-en-cnel-rosales\/#primaryimage\",\"url\":\"https:\/\/www.noticiasradioreflejos.com.ar\/2021\/wp-content\/uploads\/2025\/05\/choque-ruta-3.jpeg\",\"contentUrl\":\"https:\/\/www.noticiasradioreflejos.com.ar\/2021\/wp-content\/uploads\/2025\/05\/choque-ruta-3.jpeg\",\"width\":1625,\"height\":715},{\"@type\":\"BreadcrumbList\",\"@id\":\"https:\/\/www.noticiasradioreflejos.com.ar\/2021\/tragico-choque-ocurrido-en-el-cruce-de-rutas-3-y-3-vieja-en-cnel-rosales\/#breadcrumb\",\"itemListElement\":[{\"@type\":\"ListItem\",\"position\":1,\"name\":\"Portada\",\"item\":\"https:\/\/www.noticiasradioreflejos.com.ar\/2021\/\"},{\"@type\":\"ListItem\",\"position\":2,\"name\":\"Tr\u00e1gico choque ocurrido en el cruce de rutas 3 y 3 vieja en Cnel Rosales.\"}]},{\"@type\":\"WebSite\",\"@id\":\"https:\/\/www.noticiasradioreflejos.com.ar\/2021\/#website\",\"url\":\"https:\/\/www.noticiasradioreflejos.com.ar\/2021\/\",\"name\":\"Noticias Radio Reflejos\",\"description\":\"Las noticias de mi comarca\",\"potentialAction\":[{\"@type\":\"SearchAction\",\"target\":{\"@type\":\"EntryPoint\",\"urlTemplate\":\"https:\/\/www.noticiasradioreflejos.com.ar\/2021\/?s={search_term_string}\"},\"query-input\":{\"@type\":\"PropertyValueSpecification\",\"valueRequired\":true,\"valueName\":\"search_term_string\"}}],\"inLanguage\":\"es\"},{\"@type\":\"Person\",\"@id\":\"https:\/\/www.noticiasradioreflejos.com.ar\/2021\/#\/schema\/person\/ad82545263dcc5ec0996818884fd5fb1\",\"name\":\"Arnaldo Botto\",\"image\":{\"@type\":\"ImageObject\",\"inLanguage\":\"es\",\"@id\":\"https:\/\/www.noticiasradioreflejos.com.ar\/2021\/#\/schema\/person\/image\/\",\"url\":\"https:\/\/secure.gravatar.com\/avatar\/55cb5e37c1efa326397366e6974cb338056df65cb50e7d64d1cf314e87504837?s=96&d=mm&r=g\",\"contentUrl\":\"https:\/\/secure.gravatar.com\/avatar\/55cb5e37c1efa326397366e6974cb338056df65cb50e7d64d1cf314e87504837?s=96&d=mm&r=g\",\"caption\":\"Arnaldo Botto\"},\"url\":\"https:\/\/www.noticiasradioreflejos.com.ar\/2021\/author\/arnaldo\/\"}]}<\/script>\n<!-- \/ Yoast SEO plugin. -->","yoast_head_json":{"title":"Tr\u00e1gico choque ocurrido en el cruce de rutas 3 y 3 vieja en Cnel Rosales. - Noticias Radio Reflejos","robots":{"index":"index","follow":"follow","max-snippet":"max-snippet:-1","max-image-preview":"max-image-preview:large","max-video-preview":"max-video-preview:-1"},"canonical":"https:\/\/www.noticiasradioreflejos.com.ar\/2021\/tragico-choque-ocurrido-en-el-cruce-de-rutas-3-y-3-vieja-en-cnel-rosales\/","og_locale":"es_ES","og_type":"article","og_title":"Tr\u00e1gico choque ocurrido en el cruce de rutas 3 y 3 vieja en Cnel Rosales. - Noticias Radio Reflejos","og_description":"Los peritos de la Cient\u00edfica procuran establecer las causas del siniestro que cost\u00f3 la vida de 3 personas .","og_url":"https:\/\/www.noticiasradioreflejos.com.ar\/2021\/tragico-choque-ocurrido-en-el-cruce-de-rutas-3-y-3-vieja-en-cnel-rosales\/","og_site_name":"Noticias Radio Reflejos","article_published_time":"2025-05-16T18:15:19+00:00","og_image":[{"width":1625,"height":715,"url":"https:\/\/www.noticiasradioreflejos.com.ar\/2021\/wp-content\/uploads\/2025\/05\/choque-ruta-3.jpeg","type":"image\/jpeg"}],"author":"Arnaldo Botto","twitter_card":"summary_large_image","schema":{"@context":"https:\/\/schema.org","@graph":[{"@type":"WebPage","@id":"https:\/\/www.noticiasradioreflejos.com.ar\/2021\/tragico-choque-ocurrido-en-el-cruce-de-rutas-3-y-3-vieja-en-cnel-rosales\/","url":"https:\/\/www.noticiasradioreflejos.com.ar\/2021\/tragico-choque-ocurrido-en-el-cruce-de-rutas-3-y-3-vieja-en-cnel-rosales\/","name":"Tr\u00e1gico choque ocurrido en el cruce de rutas 3 y 3 vieja en Cnel Rosales. - Noticias Radio Reflejos","isPartOf":{"@id":"https:\/\/www.noticiasradioreflejos.com.ar\/2021\/#website"},"primaryImageOfPage":{"@id":"https:\/\/www.noticiasradioreflejos.com.ar\/2021\/tragico-choque-ocurrido-en-el-cruce-de-rutas-3-y-3-vieja-en-cnel-rosales\/#primaryimage"},"image":{"@id":"https:\/\/www.noticiasradioreflejos.com.ar\/2021\/tragico-choque-ocurrido-en-el-cruce-de-rutas-3-y-3-vieja-en-cnel-rosales\/#primaryimage"},"thumbnailUrl":"https:\/\/www.noticiasradioreflejos.com.ar\/2021\/wp-content\/uploads\/2025\/05\/choque-ruta-3.jpeg","datePublished":"2025-05-16T18:15:19+00:00","author":{"@id":"https:\/\/www.noticiasradioreflejos.com.ar\/2021\/#\/schema\/person\/ad82545263dcc5ec0996818884fd5fb1"},"breadcrumb":{"@id":"https:\/\/www.noticiasradioreflejos.com.ar\/2021\/tragico-choque-ocurrido-en-el-cruce-de-rutas-3-y-3-vieja-en-cnel-rosales\/#breadcrumb"},"inLanguage":"es","potentialAction":[{"@type":"ReadAction","target":["https:\/\/www.noticiasradioreflejos.com.ar\/2021\/tragico-choque-ocurrido-en-el-cruce-de-rutas-3-y-3-vieja-en-cnel-rosales\/"]}]},{"@type":"ImageObject","inLanguage":"es","@id":"https:\/\/www.noticiasradioreflejos.com.ar\/2021\/tragico-choque-ocurrido-en-el-cruce-de-rutas-3-y-3-vieja-en-cnel-rosales\/#primaryimage","url":"https:\/\/www.noticiasradioreflejos.com.ar\/2021\/wp-content\/uploads\/2025\/05\/choque-ruta-3.jpeg","contentUrl":"https:\/\/www.noticiasradioreflejos.com.ar\/2021\/wp-content\/uploads\/2025\/05\/choque-ruta-3.jpeg","width":1625,"height":715},{"@type":"BreadcrumbList","@id":"https:\/\/www.noticiasradioreflejos.com.ar\/2021\/tragico-choque-ocurrido-en-el-cruce-de-rutas-3-y-3-vieja-en-cnel-rosales\/#breadcrumb","itemListElement":[{"@type":"ListItem","position":1,"name":"Portada","item":"https:\/\/www.noticiasradioreflejos.com.ar\/2021\/"},{"@type":"ListItem","position":2,"name":"Tr\u00e1gico choque ocurrido en el cruce de rutas 3 y 3 vieja en Cnel Rosales."}]},{"@type":"WebSite","@id":"https:\/\/www.noticiasradioreflejos.com.ar\/2021\/#website","url":"https:\/\/www.noticiasradioreflejos.com.ar\/2021\/","name":"Noticias Radio Reflejos","description":"Las noticias de mi comarca","potentialAction":[{"@type":"SearchAction","target":{"@type":"EntryPoint","urlTemplate":"https:\/\/www.noticiasradioreflejos.com.ar\/2021\/?s={search_term_string}"},"query-input":{"@type":"PropertyValueSpecification","valueRequired":true,"valueName":"search_term_string"}}],"inLanguage":"es"},{"@type":"Person","@id":"https:\/\/www.noticiasradioreflejos.com.ar\/2021\/#\/schema\/person\/ad82545263dcc5ec0996818884fd5fb1","name":"Arnaldo Botto","image":{"@type":"ImageObject","inLanguage":"es","@id":"https:\/\/www.noticiasradioreflejos.com.ar\/2021\/#\/schema\/person\/image\/","url":"https:\/\/secure.gravatar.com\/avatar\/55cb5e37c1efa326397366e6974cb338056df65cb50e7d64d1cf314e87504837?s=96&d=mm&r=g","contentUrl":"https:\/\/secure.gravatar.com\/avatar\/55cb5e37c1efa326397366e6974cb338056df65cb50e7d64d1cf314e87504837?s=96&d=mm&r=g","caption":"Arnaldo Botto"},"url":"https:\/\/www.noticiasradioreflejos.com.ar\/2021\/author\/arnaldo\/"}]}},"_links":{"self":[{"href":"https:\/\/www.noticiasradioreflejos.com.ar\/2021\/wp-json\/wp\/v2\/posts\/118808","targetHints":{"allow":["GET"]}}],"collection":[{"href":"https:\/\/www.noticiasradioreflejos.com.ar\/2021\/wp-json\/wp\/v2\/posts"}],"about":[{"href":"https:\/\/www.noticiasradioreflejos.com.ar\/2021\/wp-json\/wp\/v2\/types\/post"}],"author":[{"embeddable":true,"href":"https:\/\/www.noticiasradioreflejos.com.ar\/2021\/wp-json\/wp\/v2\/users\/3"}],"replies":[{"embeddable":true,"href":"https:\/\/www.noticiasradioreflejos.com.ar\/2021\/wp-json\/wp\/v2\/comments?post=118808"}],"version-history":[{"count":1,"href":"https:\/\/www.noticiasradioreflejos.com.ar\/2021\/wp-json\/wp\/v2\/posts\/118808\/revisions"}],"predecessor-version":[{"id":118810,"href":"https:\/\/www.noticiasradioreflejos.com.ar\/2021\/wp-json\/wp\/v2\/posts\/118808\/revisions\/118810"}],"wp:featuredmedia":[{"embeddable":true,"href":"https:\/\/www.noticiasradioreflejos.com.ar\/2021\/wp-json\/wp\/v2\/media\/118809"}],"wp:attachment":[{"href":"https:\/\/www.noticiasradioreflejos.com.ar\/2021\/wp-json\/wp\/v2\/media?parent=118808"}],"wp:term":[{"taxonomy":"category","embeddable":true,"href":"https:\/\/www.noticiasradioreflejos.com.ar\/2021\/wp-json\/wp\/v2\/categories?post=118808"},{"taxonomy":"post_tag","embeddable":true,"href":"https:\/\/www.noticiasradioreflejos.com.ar\/2021\/wp-json\/wp\/v2\/tags?post=118808"}],"curies":[{"name":"wp","href":"https:\/\/api.w.org\/{rel}","templated":true}]}}