{"id":118799,"date":"2025-05-16T11:32:02","date_gmt":"2025-05-16T14:32:02","guid":{"rendered":"https:\/\/www.noticiasradioreflejos.com.ar\/2021\/?p=118799"},"modified":"2025-05-16T11:41:19","modified_gmt":"2025-05-16T14:41:19","slug":"vialidad-avanza-con-los-trabajos-de-reconstruccion-de-la-banquina-en-la-ruta-3","status":"publish","type":"post","link":"https:\/\/www.noticiasradioreflejos.com.ar\/2021\/vialidad-avanza-con-los-trabajos-de-reconstruccion-de-la-banquina-en-la-ruta-3\/","title":{"rendered":"Vialidad avanza con los trabajos de reconstrucci\u00f3n de la banquina en la ruta 3."},"content":{"rendered":"<p>Es entre los km 672 y 674 donde la inundaci\u00f3n provoc\u00f3 importantes da\u00f1os.<!--more--><\/p>\n<p>Vialidad Nacional inform\u00f3 que contin\u00faan los trabajos de reconstrucci\u00f3n de banquina y talud en la ruta 3, entre Bah\u00eda Blanca y Punta Alta. La intervenci\u00f3n se realiza entre los kil\u00f3metros 672 y 674.<\/p>\n<p>Seg\u00fan detallaron en un comunicado, actualmente se realizan tareas de recomposici\u00f3n de talud, banquina y movimiento de 10.000 m3 de suelo. Son ejecutadas por personal del 19\u00b0 Distrito Bah\u00eda Blanca y desarrolladas en media calzada para asegurar la transitabilidad en el sector.<\/p>\n<p>Piden a las y los conductores disminuir la velocidad y respetar las indicaciones en las zonas de trabajo.<\/p>\n<figure class=\"wp-block-image size-full\"><img loading=\"lazy\" decoding=\"async\" class=\"wp-image-173256\" src=\"https:\/\/frenteacano.com.ar\/wp-content\/uploads\/2025\/05\/WhatsApp-Image-2025-05-16-at-10.30.23.webp\" sizes=\"auto, (max-width: 1000px) 100vw, 1000px\" srcset=\"https:\/\/frenteacano.com.ar\/wp-content\/uploads\/2025\/05\/WhatsApp-Image-2025-05-16-at-10.30.23.webp 1000w, https:\/\/frenteacano.com.ar\/wp-content\/uploads\/2025\/05\/WhatsApp-Image-2025-05-16-at-10.30.23-300x181.webp 300w, https:\/\/frenteacano.com.ar\/wp-content\/uploads\/2025\/05\/WhatsApp-Image-2025-05-16-at-10.30.23-768x462.webp 768w\" alt=\"\" width=\"1000\" height=\"602\" \/><\/figure>\n<p>En tanto, Vialidad indic\u00f3 que siguen las obras en la ruta nacional\u00a0 35, en el km 65, donde se est\u00e1 construyendo un desv\u00edo para restablecer el tr\u00e1nsito entre las provincias de Buenos Aires y La Pampa tras la ca\u00edda del puente.<\/p>\n<p>En ese tramo permanece el corte total para todo tipo de veh\u00edculos, sin excepci\u00f3n.<\/p>\n","protected":false},"excerpt":{"rendered":"<p>Es entre los km 672 y 674 donde la inundaci\u00f3n provoc\u00f3 importantes da\u00f1os.<\/p>\n","protected":false},"author":3,"featured_media":118800,"comment_status":"closed","ping_status":"closed","sticky":false,"template":"","format":"standard","meta":{"footnotes":""},"categories":[58],"tags":[],"class_list":["post-118799","post","type-post","status-publish","format-standard","has-post-thumbnail","hentry","category-gobierno"],"yoast_head":"<!-- This site is optimized with the Yoast SEO plugin v25.9 - https:\/\/yoast.com\/wordpress\/plugins\/seo\/ -->\n<title>Vialidad avanza con los trabajos de reconstrucci\u00f3n de la banquina en la ruta 3. - Noticias Radio Reflejos<\/title>\n<meta name=\"robots\" content=\"index, follow, max-snippet:-1, max-image-preview:large, max-video-preview:-1\" \/>\n<link rel=\"canonical\" href=\"https:\/\/www.noticiasradioreflejos.com.ar\/2021\/vialidad-avanza-con-los-trabajos-de-reconstruccion-de-la-banquina-en-la-ruta-3\/\" \/>\n<meta property=\"og:locale\" content=\"es_ES\" \/>\n<meta property=\"og:type\" content=\"article\" \/>\n<meta property=\"og:title\" content=\"Vialidad avanza con los trabajos de reconstrucci\u00f3n de la banquina en la ruta 3. - Noticias Radio Reflejos\" \/>\n<meta property=\"og:description\" content=\"Es entre los km 672 y 674 donde la inundaci\u00f3n provoc\u00f3 importantes da\u00f1os.\" \/>\n<meta property=\"og:url\" content=\"https:\/\/www.noticiasradioreflejos.com.ar\/2021\/vialidad-avanza-con-los-trabajos-de-reconstruccion-de-la-banquina-en-la-ruta-3\/\" \/>\n<meta property=\"og:site_name\" content=\"Noticias Radio Reflejos\" \/>\n<meta property=\"article:published_time\" content=\"2025-05-16T14:32:02+00:00\" \/>\n<meta property=\"article:modified_time\" content=\"2025-05-16T14:41:19+00:00\" \/>\n<meta property=\"og:image\" content=\"https:\/\/www.noticiasradioreflejos.com.ar\/2021\/wp-content\/uploads\/2025\/05\/vialidad.jpeg\" \/>\n\t<meta property=\"og:image:width\" content=\"1600\" \/>\n\t<meta property=\"og:image:height\" content=\"1066\" \/>\n\t<meta property=\"og:image:type\" content=\"image\/jpeg\" \/>\n<meta name=\"author\" content=\"Arnaldo Botto\" \/>\n<meta name=\"twitter:card\" content=\"summary_large_image\" \/>\n<script type=\"application\/ld+json\" class=\"yoast-schema-graph\">{\"@context\":\"https:\/\/schema.org\",\"@graph\":[{\"@type\":\"WebPage\",\"@id\":\"https:\/\/www.noticiasradioreflejos.com.ar\/2021\/vialidad-avanza-con-los-trabajos-de-reconstruccion-de-la-banquina-en-la-ruta-3\/\",\"url\":\"https:\/\/www.noticiasradioreflejos.com.ar\/2021\/vialidad-avanza-con-los-trabajos-de-reconstruccion-de-la-banquina-en-la-ruta-3\/\",\"name\":\"Vialidad avanza con los trabajos de reconstrucci\u00f3n de la banquina en la ruta 3. - Noticias Radio Reflejos\",\"isPartOf\":{\"@id\":\"https:\/\/www.noticiasradioreflejos.com.ar\/2021\/#website\"},\"primaryImageOfPage\":{\"@id\":\"https:\/\/www.noticiasradioreflejos.com.ar\/2021\/vialidad-avanza-con-los-trabajos-de-reconstruccion-de-la-banquina-en-la-ruta-3\/#primaryimage\"},\"image\":{\"@id\":\"https:\/\/www.noticiasradioreflejos.com.ar\/2021\/vialidad-avanza-con-los-trabajos-de-reconstruccion-de-la-banquina-en-la-ruta-3\/#primaryimage\"},\"thumbnailUrl\":\"https:\/\/www.noticiasradioreflejos.com.ar\/2021\/wp-content\/uploads\/2025\/05\/vialidad.jpeg\",\"datePublished\":\"2025-05-16T14:32:02+00:00\",\"dateModified\":\"2025-05-16T14:41:19+00:00\",\"author\":{\"@id\":\"https:\/\/www.noticiasradioreflejos.com.ar\/2021\/#\/schema\/person\/ad82545263dcc5ec0996818884fd5fb1\"},\"breadcrumb\":{\"@id\":\"https:\/\/www.noticiasradioreflejos.com.ar\/2021\/vialidad-avanza-con-los-trabajos-de-reconstruccion-de-la-banquina-en-la-ruta-3\/#breadcrumb\"},\"inLanguage\":\"es\",\"potentialAction\":[{\"@type\":\"ReadAction\",\"target\":[\"https:\/\/www.noticiasradioreflejos.com.ar\/2021\/vialidad-avanza-con-los-trabajos-de-reconstruccion-de-la-banquina-en-la-ruta-3\/\"]}]},{\"@type\":\"ImageObject\",\"inLanguage\":\"es\",\"@id\":\"https:\/\/www.noticiasradioreflejos.com.ar\/2021\/vialidad-avanza-con-los-trabajos-de-reconstruccion-de-la-banquina-en-la-ruta-3\/#primaryimage\",\"url\":\"https:\/\/www.noticiasradioreflejos.com.ar\/2021\/wp-content\/uploads\/2025\/05\/vialidad.jpeg\",\"contentUrl\":\"https:\/\/www.noticiasradioreflejos.com.ar\/2021\/wp-content\/uploads\/2025\/05\/vialidad.jpeg\",\"width\":1600,\"height\":1066},{\"@type\":\"BreadcrumbList\",\"@id\":\"https:\/\/www.noticiasradioreflejos.com.ar\/2021\/vialidad-avanza-con-los-trabajos-de-reconstruccion-de-la-banquina-en-la-ruta-3\/#breadcrumb\",\"itemListElement\":[{\"@type\":\"ListItem\",\"position\":1,\"name\":\"Portada\",\"item\":\"https:\/\/www.noticiasradioreflejos.com.ar\/2021\/\"},{\"@type\":\"ListItem\",\"position\":2,\"name\":\"Vialidad avanza con los trabajos de reconstrucci\u00f3n de la banquina en la ruta 3.\"}]},{\"@type\":\"WebSite\",\"@id\":\"https:\/\/www.noticiasradioreflejos.com.ar\/2021\/#website\",\"url\":\"https:\/\/www.noticiasradioreflejos.com.ar\/2021\/\",\"name\":\"Noticias Radio Reflejos\",\"description\":\"Las noticias de mi comarca\",\"potentialAction\":[{\"@type\":\"SearchAction\",\"target\":{\"@type\":\"EntryPoint\",\"urlTemplate\":\"https:\/\/www.noticiasradioreflejos.com.ar\/2021\/?s={search_term_string}\"},\"query-input\":{\"@type\":\"PropertyValueSpecification\",\"valueRequired\":true,\"valueName\":\"search_term_string\"}}],\"inLanguage\":\"es\"},{\"@type\":\"Person\",\"@id\":\"https:\/\/www.noticiasradioreflejos.com.ar\/2021\/#\/schema\/person\/ad82545263dcc5ec0996818884fd5fb1\",\"name\":\"Arnaldo Botto\",\"image\":{\"@type\":\"ImageObject\",\"inLanguage\":\"es\",\"@id\":\"https:\/\/www.noticiasradioreflejos.com.ar\/2021\/#\/schema\/person\/image\/\",\"url\":\"https:\/\/secure.gravatar.com\/avatar\/55cb5e37c1efa326397366e6974cb338056df65cb50e7d64d1cf314e87504837?s=96&d=mm&r=g\",\"contentUrl\":\"https:\/\/secure.gravatar.com\/avatar\/55cb5e37c1efa326397366e6974cb338056df65cb50e7d64d1cf314e87504837?s=96&d=mm&r=g\",\"caption\":\"Arnaldo Botto\"},\"url\":\"https:\/\/www.noticiasradioreflejos.com.ar\/2021\/author\/arnaldo\/\"}]}<\/script>\n<!-- \/ Yoast SEO plugin. -->","yoast_head_json":{"title":"Vialidad avanza con los trabajos de reconstrucci\u00f3n de la banquina en la ruta 3. - Noticias Radio Reflejos","robots":{"index":"index","follow":"follow","max-snippet":"max-snippet:-1","max-image-preview":"max-image-preview:large","max-video-preview":"max-video-preview:-1"},"canonical":"https:\/\/www.noticiasradioreflejos.com.ar\/2021\/vialidad-avanza-con-los-trabajos-de-reconstruccion-de-la-banquina-en-la-ruta-3\/","og_locale":"es_ES","og_type":"article","og_title":"Vialidad avanza con los trabajos de reconstrucci\u00f3n de la banquina en la ruta 3. - Noticias Radio Reflejos","og_description":"Es entre los km 672 y 674 donde la inundaci\u00f3n provoc\u00f3 importantes da\u00f1os.","og_url":"https:\/\/www.noticiasradioreflejos.com.ar\/2021\/vialidad-avanza-con-los-trabajos-de-reconstruccion-de-la-banquina-en-la-ruta-3\/","og_site_name":"Noticias Radio Reflejos","article_published_time":"2025-05-16T14:32:02+00:00","article_modified_time":"2025-05-16T14:41:19+00:00","og_image":[{"width":1600,"height":1066,"url":"https:\/\/www.noticiasradioreflejos.com.ar\/2021\/wp-content\/uploads\/2025\/05\/vialidad.jpeg","type":"image\/jpeg"}],"author":"Arnaldo Botto","twitter_card":"summary_large_image","schema":{"@context":"https:\/\/schema.org","@graph":[{"@type":"WebPage","@id":"https:\/\/www.noticiasradioreflejos.com.ar\/2021\/vialidad-avanza-con-los-trabajos-de-reconstruccion-de-la-banquina-en-la-ruta-3\/","url":"https:\/\/www.noticiasradioreflejos.com.ar\/2021\/vialidad-avanza-con-los-trabajos-de-reconstruccion-de-la-banquina-en-la-ruta-3\/","name":"Vialidad avanza con los trabajos de reconstrucci\u00f3n de la banquina en la ruta 3. - Noticias Radio Reflejos","isPartOf":{"@id":"https:\/\/www.noticiasradioreflejos.com.ar\/2021\/#website"},"primaryImageOfPage":{"@id":"https:\/\/www.noticiasradioreflejos.com.ar\/2021\/vialidad-avanza-con-los-trabajos-de-reconstruccion-de-la-banquina-en-la-ruta-3\/#primaryimage"},"image":{"@id":"https:\/\/www.noticiasradioreflejos.com.ar\/2021\/vialidad-avanza-con-los-trabajos-de-reconstruccion-de-la-banquina-en-la-ruta-3\/#primaryimage"},"thumbnailUrl":"https:\/\/www.noticiasradioreflejos.com.ar\/2021\/wp-content\/uploads\/2025\/05\/vialidad.jpeg","datePublished":"2025-05-16T14:32:02+00:00","dateModified":"2025-05-16T14:41:19+00:00","author":{"@id":"https:\/\/www.noticiasradioreflejos.com.ar\/2021\/#\/schema\/person\/ad82545263dcc5ec0996818884fd5fb1"},"breadcrumb":{"@id":"https:\/\/www.noticiasradioreflejos.com.ar\/2021\/vialidad-avanza-con-los-trabajos-de-reconstruccion-de-la-banquina-en-la-ruta-3\/#breadcrumb"},"inLanguage":"es","potentialAction":[{"@type":"ReadAction","target":["https:\/\/www.noticiasradioreflejos.com.ar\/2021\/vialidad-avanza-con-los-trabajos-de-reconstruccion-de-la-banquina-en-la-ruta-3\/"]}]},{"@type":"ImageObject","inLanguage":"es","@id":"https:\/\/www.noticiasradioreflejos.com.ar\/2021\/vialidad-avanza-con-los-trabajos-de-reconstruccion-de-la-banquina-en-la-ruta-3\/#primaryimage","url":"https:\/\/www.noticiasradioreflejos.com.ar\/2021\/wp-content\/uploads\/2025\/05\/vialidad.jpeg","contentUrl":"https:\/\/www.noticiasradioreflejos.com.ar\/2021\/wp-content\/uploads\/2025\/05\/vialidad.jpeg","width":1600,"height":1066},{"@type":"BreadcrumbList","@id":"https:\/\/www.noticiasradioreflejos.com.ar\/2021\/vialidad-avanza-con-los-trabajos-de-reconstruccion-de-la-banquina-en-la-ruta-3\/#breadcrumb","itemListElement":[{"@type":"ListItem","position":1,"name":"Portada","item":"https:\/\/www.noticiasradioreflejos.com.ar\/2021\/"},{"@type":"ListItem","position":2,"name":"Vialidad avanza con los trabajos de reconstrucci\u00f3n de la banquina en la ruta 3."}]},{"@type":"WebSite","@id":"https:\/\/www.noticiasradioreflejos.com.ar\/2021\/#website","url":"https:\/\/www.noticiasradioreflejos.com.ar\/2021\/","name":"Noticias Radio Reflejos","description":"Las noticias de mi comarca","potentialAction":[{"@type":"SearchAction","target":{"@type":"EntryPoint","urlTemplate":"https:\/\/www.noticiasradioreflejos.com.ar\/2021\/?s={search_term_string}"},"query-input":{"@type":"PropertyValueSpecification","valueRequired":true,"valueName":"search_term_string"}}],"inLanguage":"es"},{"@type":"Person","@id":"https:\/\/www.noticiasradioreflejos.com.ar\/2021\/#\/schema\/person\/ad82545263dcc5ec0996818884fd5fb1","name":"Arnaldo Botto","image":{"@type":"ImageObject","inLanguage":"es","@id":"https:\/\/www.noticiasradioreflejos.com.ar\/2021\/#\/schema\/person\/image\/","url":"https:\/\/secure.gravatar.com\/avatar\/55cb5e37c1efa326397366e6974cb338056df65cb50e7d64d1cf314e87504837?s=96&d=mm&r=g","contentUrl":"https:\/\/secure.gravatar.com\/avatar\/55cb5e37c1efa326397366e6974cb338056df65cb50e7d64d1cf314e87504837?s=96&d=mm&r=g","caption":"Arnaldo Botto"},"url":"https:\/\/www.noticiasradioreflejos.com.ar\/2021\/author\/arnaldo\/"}]}},"_links":{"self":[{"href":"https:\/\/www.noticiasradioreflejos.com.ar\/2021\/wp-json\/wp\/v2\/posts\/118799","targetHints":{"allow":["GET"]}}],"collection":[{"href":"https:\/\/www.noticiasradioreflejos.com.ar\/2021\/wp-json\/wp\/v2\/posts"}],"about":[{"href":"https:\/\/www.noticiasradioreflejos.com.ar\/2021\/wp-json\/wp\/v2\/types\/post"}],"author":[{"embeddable":true,"href":"https:\/\/www.noticiasradioreflejos.com.ar\/2021\/wp-json\/wp\/v2\/users\/3"}],"replies":[{"embeddable":true,"href":"https:\/\/www.noticiasradioreflejos.com.ar\/2021\/wp-json\/wp\/v2\/comments?post=118799"}],"version-history":[{"count":3,"href":"https:\/\/www.noticiasradioreflejos.com.ar\/2021\/wp-json\/wp\/v2\/posts\/118799\/revisions"}],"predecessor-version":[{"id":118803,"href":"https:\/\/www.noticiasradioreflejos.com.ar\/2021\/wp-json\/wp\/v2\/posts\/118799\/revisions\/118803"}],"wp:featuredmedia":[{"embeddable":true,"href":"https:\/\/www.noticiasradioreflejos.com.ar\/2021\/wp-json\/wp\/v2\/media\/118800"}],"wp:attachment":[{"href":"https:\/\/www.noticiasradioreflejos.com.ar\/2021\/wp-json\/wp\/v2\/media?parent=118799"}],"wp:term":[{"taxonomy":"category","embeddable":true,"href":"https:\/\/www.noticiasradioreflejos.com.ar\/2021\/wp-json\/wp\/v2\/categories?post=118799"},{"taxonomy":"post_tag","embeddable":true,"href":"https:\/\/www.noticiasradioreflejos.com.ar\/2021\/wp-json\/wp\/v2\/tags?post=118799"}],"curies":[{"name":"wp","href":"https:\/\/api.w.org\/{rel}","templated":true}]}}