{"id":118233,"date":"2025-05-14T06:51:00","date_gmt":"2025-05-14T09:51:00","guid":{"rendered":"https:\/\/www.noticiasradioreflejos.com.ar\/2021\/?p=118233"},"modified":"2025-05-14T06:51:00","modified_gmt":"2025-05-14T09:51:00","slug":"el-intendente-gestiono-el-financiamiento-para-la-segunda-etapa-del-programa-puentes","status":"publish","type":"post","link":"https:\/\/www.noticiasradioreflejos.com.ar\/2021\/el-intendente-gestiono-el-financiamiento-para-la-segunda-etapa-del-programa-puentes\/","title":{"rendered":"El Intendente gestion\u00f3 el financiamiento para la segunda etapa del Programa Puentes"},"content":{"rendered":"<p>El intendente Sergio Bordoni, se reuni\u00f3 con el Ministro de Gobierno de la Provincia de Buenos Aires, Carlos Bianco, en la tarde del lunes, en un encuentro de trabajo centrado en el seguimiento de las iniciativas del gobierno bonaerense orientadas a mejorar la calidad de vida de los vecinos y vecinas del distrito de Tornquist.<!--more--><\/p>\n<p>Durante la reuni\u00f3n, el mandatario municipal solicit\u00f3 el financiamiento para la segunda etapa del Programa Puentes, una iniciativa del Gobierno de la Provincia de Buenos Aires que tiene como objetivo ampliar el acceso a la educaci\u00f3n superior en los municipios, fortaleciendo la infraestructura y la oferta acad\u00e9mica en cada localidad.<\/p>\n<p>Esta nueva etapa contempla la construcci\u00f3n de dos aulas adicionales y una bater\u00eda de ba\u00f1os, obras fundamentales para acompa\u00f1ar el crecimiento del pr\u00f3ximo centro universitario local y mejorar las condiciones de cursada para los estudiantes.<\/p>\n<p>Acompa\u00f1aron al intendente el Secretario de Gobierno y Gesti\u00f3n P\u00fablica, Bruno Zacconi, y la Secretaria de Hacienda, Estefan\u00eda Bordoni, quienes tambi\u00e9n participaron del encuentro y dialogaron con autoridades provinciales sobre el avance de otros proyectos vinculados a la agenda conjunta entre municipio y provincia.<\/p>\n<p>Adem\u00e1s del pedido espec\u00edfico por el Programa Puentes, se repasaron distintas l\u00edneas de trabajo vinculadas a infraestructura, educaci\u00f3n y fortalecimiento institucional, en el marco de una articulaci\u00f3n permanente que busca dar respuesta a las necesidades de la comunidad.<\/p>\n","protected":false},"excerpt":{"rendered":"<p>El intendente Sergio Bordoni, se reuni\u00f3 con el Ministro de Gobierno de la Provincia de Buenos Aires, Carlos Bianco, en la tarde del lunes, en un encuentro de trabajo centrado en el seguimiento de las iniciativas del gobierno bonaerense orientadas a mejorar la calidad de vida de los vecinos y vecinas del distrito de Tornquist.<\/p>\n","protected":false},"author":3,"featured_media":118261,"comment_status":"closed","ping_status":"closed","sticky":false,"template":"","format":"standard","meta":{"footnotes":""},"categories":[28],"tags":[48],"class_list":["post-118233","post","type-post","status-publish","format-standard","has-post-thumbnail","hentry","category-municipales","tag-destacada"],"yoast_head":"<!-- This site is optimized with the Yoast SEO plugin v25.9 - https:\/\/yoast.com\/wordpress\/plugins\/seo\/ -->\n<title>El Intendente gestion\u00f3 el financiamiento para la segunda etapa del Programa Puentes - Noticias Radio Reflejos<\/title>\n<meta name=\"robots\" content=\"index, follow, max-snippet:-1, max-image-preview:large, max-video-preview:-1\" \/>\n<link rel=\"canonical\" href=\"https:\/\/www.noticiasradioreflejos.com.ar\/2021\/el-intendente-gestiono-el-financiamiento-para-la-segunda-etapa-del-programa-puentes\/\" \/>\n<meta property=\"og:locale\" content=\"es_ES\" \/>\n<meta property=\"og:type\" content=\"article\" \/>\n<meta property=\"og:title\" content=\"El Intendente gestion\u00f3 el financiamiento para la segunda etapa del Programa Puentes - Noticias Radio Reflejos\" \/>\n<meta property=\"og:description\" content=\"El intendente Sergio Bordoni, se reuni\u00f3 con el Ministro de Gobierno de la Provincia de Buenos Aires, Carlos Bianco, en la tarde del lunes, en un encuentro de trabajo centrado en el seguimiento de las iniciativas del gobierno bonaerense orientadas a mejorar la calidad de vida de los vecinos y vecinas del distrito de Tornquist.\" \/>\n<meta property=\"og:url\" content=\"https:\/\/www.noticiasradioreflejos.com.ar\/2021\/el-intendente-gestiono-el-financiamiento-para-la-segunda-etapa-del-programa-puentes\/\" \/>\n<meta property=\"og:site_name\" content=\"Noticias Radio Reflejos\" \/>\n<meta property=\"article:published_time\" content=\"2025-05-14T09:51:00+00:00\" \/>\n<meta property=\"og:image\" content=\"https:\/\/www.noticiasradioreflejos.com.ar\/2021\/wp-content\/uploads\/2025\/05\/DSC_0268-scaled.jpg\" \/>\n\t<meta property=\"og:image:width\" content=\"2560\" \/>\n\t<meta property=\"og:image:height\" content=\"1705\" \/>\n\t<meta property=\"og:image:type\" content=\"image\/jpeg\" \/>\n<meta name=\"author\" content=\"Arnaldo Botto\" \/>\n<meta name=\"twitter:card\" content=\"summary_large_image\" \/>\n<script type=\"application\/ld+json\" class=\"yoast-schema-graph\">{\"@context\":\"https:\/\/schema.org\",\"@graph\":[{\"@type\":\"WebPage\",\"@id\":\"https:\/\/www.noticiasradioreflejos.com.ar\/2021\/el-intendente-gestiono-el-financiamiento-para-la-segunda-etapa-del-programa-puentes\/\",\"url\":\"https:\/\/www.noticiasradioreflejos.com.ar\/2021\/el-intendente-gestiono-el-financiamiento-para-la-segunda-etapa-del-programa-puentes\/\",\"name\":\"El Intendente gestion\u00f3 el financiamiento para la segunda etapa del Programa Puentes - Noticias Radio Reflejos\",\"isPartOf\":{\"@id\":\"https:\/\/www.noticiasradioreflejos.com.ar\/2021\/#website\"},\"primaryImageOfPage\":{\"@id\":\"https:\/\/www.noticiasradioreflejos.com.ar\/2021\/el-intendente-gestiono-el-financiamiento-para-la-segunda-etapa-del-programa-puentes\/#primaryimage\"},\"image\":{\"@id\":\"https:\/\/www.noticiasradioreflejos.com.ar\/2021\/el-intendente-gestiono-el-financiamiento-para-la-segunda-etapa-del-programa-puentes\/#primaryimage\"},\"thumbnailUrl\":\"https:\/\/www.noticiasradioreflejos.com.ar\/2021\/wp-content\/uploads\/2025\/05\/DSC_0268-scaled.jpg\",\"datePublished\":\"2025-05-14T09:51:00+00:00\",\"author\":{\"@id\":\"https:\/\/www.noticiasradioreflejos.com.ar\/2021\/#\/schema\/person\/ad82545263dcc5ec0996818884fd5fb1\"},\"breadcrumb\":{\"@id\":\"https:\/\/www.noticiasradioreflejos.com.ar\/2021\/el-intendente-gestiono-el-financiamiento-para-la-segunda-etapa-del-programa-puentes\/#breadcrumb\"},\"inLanguage\":\"es\",\"potentialAction\":[{\"@type\":\"ReadAction\",\"target\":[\"https:\/\/www.noticiasradioreflejos.com.ar\/2021\/el-intendente-gestiono-el-financiamiento-para-la-segunda-etapa-del-programa-puentes\/\"]}]},{\"@type\":\"ImageObject\",\"inLanguage\":\"es\",\"@id\":\"https:\/\/www.noticiasradioreflejos.com.ar\/2021\/el-intendente-gestiono-el-financiamiento-para-la-segunda-etapa-del-programa-puentes\/#primaryimage\",\"url\":\"https:\/\/www.noticiasradioreflejos.com.ar\/2021\/wp-content\/uploads\/2025\/05\/DSC_0268-scaled.jpg\",\"contentUrl\":\"https:\/\/www.noticiasradioreflejos.com.ar\/2021\/wp-content\/uploads\/2025\/05\/DSC_0268-scaled.jpg\",\"width\":2560,\"height\":1705},{\"@type\":\"BreadcrumbList\",\"@id\":\"https:\/\/www.noticiasradioreflejos.com.ar\/2021\/el-intendente-gestiono-el-financiamiento-para-la-segunda-etapa-del-programa-puentes\/#breadcrumb\",\"itemListElement\":[{\"@type\":\"ListItem\",\"position\":1,\"name\":\"Portada\",\"item\":\"https:\/\/www.noticiasradioreflejos.com.ar\/2021\/\"},{\"@type\":\"ListItem\",\"position\":2,\"name\":\"El Intendente gestion\u00f3 el financiamiento para la segunda etapa del Programa Puentes\"}]},{\"@type\":\"WebSite\",\"@id\":\"https:\/\/www.noticiasradioreflejos.com.ar\/2021\/#website\",\"url\":\"https:\/\/www.noticiasradioreflejos.com.ar\/2021\/\",\"name\":\"Noticias Radio Reflejos\",\"description\":\"Las noticias de mi comarca\",\"potentialAction\":[{\"@type\":\"SearchAction\",\"target\":{\"@type\":\"EntryPoint\",\"urlTemplate\":\"https:\/\/www.noticiasradioreflejos.com.ar\/2021\/?s={search_term_string}\"},\"query-input\":{\"@type\":\"PropertyValueSpecification\",\"valueRequired\":true,\"valueName\":\"search_term_string\"}}],\"inLanguage\":\"es\"},{\"@type\":\"Person\",\"@id\":\"https:\/\/www.noticiasradioreflejos.com.ar\/2021\/#\/schema\/person\/ad82545263dcc5ec0996818884fd5fb1\",\"name\":\"Arnaldo Botto\",\"image\":{\"@type\":\"ImageObject\",\"inLanguage\":\"es\",\"@id\":\"https:\/\/www.noticiasradioreflejos.com.ar\/2021\/#\/schema\/person\/image\/\",\"url\":\"https:\/\/secure.gravatar.com\/avatar\/55cb5e37c1efa326397366e6974cb338056df65cb50e7d64d1cf314e87504837?s=96&d=mm&r=g\",\"contentUrl\":\"https:\/\/secure.gravatar.com\/avatar\/55cb5e37c1efa326397366e6974cb338056df65cb50e7d64d1cf314e87504837?s=96&d=mm&r=g\",\"caption\":\"Arnaldo Botto\"},\"url\":\"https:\/\/www.noticiasradioreflejos.com.ar\/2021\/author\/arnaldo\/\"}]}<\/script>\n<!-- \/ Yoast SEO plugin. -->","yoast_head_json":{"title":"El Intendente gestion\u00f3 el financiamiento para la segunda etapa del Programa Puentes - Noticias Radio Reflejos","robots":{"index":"index","follow":"follow","max-snippet":"max-snippet:-1","max-image-preview":"max-image-preview:large","max-video-preview":"max-video-preview:-1"},"canonical":"https:\/\/www.noticiasradioreflejos.com.ar\/2021\/el-intendente-gestiono-el-financiamiento-para-la-segunda-etapa-del-programa-puentes\/","og_locale":"es_ES","og_type":"article","og_title":"El Intendente gestion\u00f3 el financiamiento para la segunda etapa del Programa Puentes - Noticias Radio Reflejos","og_description":"El intendente Sergio Bordoni, se reuni\u00f3 con el Ministro de Gobierno de la Provincia de Buenos Aires, Carlos Bianco, en la tarde del lunes, en un encuentro de trabajo centrado en el seguimiento de las iniciativas del gobierno bonaerense orientadas a mejorar la calidad de vida de los vecinos y vecinas del distrito de Tornquist.","og_url":"https:\/\/www.noticiasradioreflejos.com.ar\/2021\/el-intendente-gestiono-el-financiamiento-para-la-segunda-etapa-del-programa-puentes\/","og_site_name":"Noticias Radio Reflejos","article_published_time":"2025-05-14T09:51:00+00:00","og_image":[{"width":2560,"height":1705,"url":"https:\/\/www.noticiasradioreflejos.com.ar\/2021\/wp-content\/uploads\/2025\/05\/DSC_0268-scaled.jpg","type":"image\/jpeg"}],"author":"Arnaldo Botto","twitter_card":"summary_large_image","schema":{"@context":"https:\/\/schema.org","@graph":[{"@type":"WebPage","@id":"https:\/\/www.noticiasradioreflejos.com.ar\/2021\/el-intendente-gestiono-el-financiamiento-para-la-segunda-etapa-del-programa-puentes\/","url":"https:\/\/www.noticiasradioreflejos.com.ar\/2021\/el-intendente-gestiono-el-financiamiento-para-la-segunda-etapa-del-programa-puentes\/","name":"El Intendente gestion\u00f3 el financiamiento para la segunda etapa del Programa Puentes - Noticias Radio Reflejos","isPartOf":{"@id":"https:\/\/www.noticiasradioreflejos.com.ar\/2021\/#website"},"primaryImageOfPage":{"@id":"https:\/\/www.noticiasradioreflejos.com.ar\/2021\/el-intendente-gestiono-el-financiamiento-para-la-segunda-etapa-del-programa-puentes\/#primaryimage"},"image":{"@id":"https:\/\/www.noticiasradioreflejos.com.ar\/2021\/el-intendente-gestiono-el-financiamiento-para-la-segunda-etapa-del-programa-puentes\/#primaryimage"},"thumbnailUrl":"https:\/\/www.noticiasradioreflejos.com.ar\/2021\/wp-content\/uploads\/2025\/05\/DSC_0268-scaled.jpg","datePublished":"2025-05-14T09:51:00+00:00","author":{"@id":"https:\/\/www.noticiasradioreflejos.com.ar\/2021\/#\/schema\/person\/ad82545263dcc5ec0996818884fd5fb1"},"breadcrumb":{"@id":"https:\/\/www.noticiasradioreflejos.com.ar\/2021\/el-intendente-gestiono-el-financiamiento-para-la-segunda-etapa-del-programa-puentes\/#breadcrumb"},"inLanguage":"es","potentialAction":[{"@type":"ReadAction","target":["https:\/\/www.noticiasradioreflejos.com.ar\/2021\/el-intendente-gestiono-el-financiamiento-para-la-segunda-etapa-del-programa-puentes\/"]}]},{"@type":"ImageObject","inLanguage":"es","@id":"https:\/\/www.noticiasradioreflejos.com.ar\/2021\/el-intendente-gestiono-el-financiamiento-para-la-segunda-etapa-del-programa-puentes\/#primaryimage","url":"https:\/\/www.noticiasradioreflejos.com.ar\/2021\/wp-content\/uploads\/2025\/05\/DSC_0268-scaled.jpg","contentUrl":"https:\/\/www.noticiasradioreflejos.com.ar\/2021\/wp-content\/uploads\/2025\/05\/DSC_0268-scaled.jpg","width":2560,"height":1705},{"@type":"BreadcrumbList","@id":"https:\/\/www.noticiasradioreflejos.com.ar\/2021\/el-intendente-gestiono-el-financiamiento-para-la-segunda-etapa-del-programa-puentes\/#breadcrumb","itemListElement":[{"@type":"ListItem","position":1,"name":"Portada","item":"https:\/\/www.noticiasradioreflejos.com.ar\/2021\/"},{"@type":"ListItem","position":2,"name":"El Intendente gestion\u00f3 el financiamiento para la segunda etapa del Programa Puentes"}]},{"@type":"WebSite","@id":"https:\/\/www.noticiasradioreflejos.com.ar\/2021\/#website","url":"https:\/\/www.noticiasradioreflejos.com.ar\/2021\/","name":"Noticias Radio Reflejos","description":"Las noticias de mi comarca","potentialAction":[{"@type":"SearchAction","target":{"@type":"EntryPoint","urlTemplate":"https:\/\/www.noticiasradioreflejos.com.ar\/2021\/?s={search_term_string}"},"query-input":{"@type":"PropertyValueSpecification","valueRequired":true,"valueName":"search_term_string"}}],"inLanguage":"es"},{"@type":"Person","@id":"https:\/\/www.noticiasradioreflejos.com.ar\/2021\/#\/schema\/person\/ad82545263dcc5ec0996818884fd5fb1","name":"Arnaldo Botto","image":{"@type":"ImageObject","inLanguage":"es","@id":"https:\/\/www.noticiasradioreflejos.com.ar\/2021\/#\/schema\/person\/image\/","url":"https:\/\/secure.gravatar.com\/avatar\/55cb5e37c1efa326397366e6974cb338056df65cb50e7d64d1cf314e87504837?s=96&d=mm&r=g","contentUrl":"https:\/\/secure.gravatar.com\/avatar\/55cb5e37c1efa326397366e6974cb338056df65cb50e7d64d1cf314e87504837?s=96&d=mm&r=g","caption":"Arnaldo Botto"},"url":"https:\/\/www.noticiasradioreflejos.com.ar\/2021\/author\/arnaldo\/"}]}},"_links":{"self":[{"href":"https:\/\/www.noticiasradioreflejos.com.ar\/2021\/wp-json\/wp\/v2\/posts\/118233","targetHints":{"allow":["GET"]}}],"collection":[{"href":"https:\/\/www.noticiasradioreflejos.com.ar\/2021\/wp-json\/wp\/v2\/posts"}],"about":[{"href":"https:\/\/www.noticiasradioreflejos.com.ar\/2021\/wp-json\/wp\/v2\/types\/post"}],"author":[{"embeddable":true,"href":"https:\/\/www.noticiasradioreflejos.com.ar\/2021\/wp-json\/wp\/v2\/users\/3"}],"replies":[{"embeddable":true,"href":"https:\/\/www.noticiasradioreflejos.com.ar\/2021\/wp-json\/wp\/v2\/comments?post=118233"}],"version-history":[{"count":1,"href":"https:\/\/www.noticiasradioreflejos.com.ar\/2021\/wp-json\/wp\/v2\/posts\/118233\/revisions"}],"predecessor-version":[{"id":118270,"href":"https:\/\/www.noticiasradioreflejos.com.ar\/2021\/wp-json\/wp\/v2\/posts\/118233\/revisions\/118270"}],"wp:featuredmedia":[{"embeddable":true,"href":"https:\/\/www.noticiasradioreflejos.com.ar\/2021\/wp-json\/wp\/v2\/media\/118261"}],"wp:attachment":[{"href":"https:\/\/www.noticiasradioreflejos.com.ar\/2021\/wp-json\/wp\/v2\/media?parent=118233"}],"wp:term":[{"taxonomy":"category","embeddable":true,"href":"https:\/\/www.noticiasradioreflejos.com.ar\/2021\/wp-json\/wp\/v2\/categories?post=118233"},{"taxonomy":"post_tag","embeddable":true,"href":"https:\/\/www.noticiasradioreflejos.com.ar\/2021\/wp-json\/wp\/v2\/tags?post=118233"}],"curies":[{"name":"wp","href":"https:\/\/api.w.org\/{rel}","templated":true}]}}