{"id":118193,"date":"2025-05-14T06:49:01","date_gmt":"2025-05-14T09:49:01","guid":{"rendered":"https:\/\/www.noticiasradioreflejos.com.ar\/2021\/?p=118193"},"modified":"2025-05-14T06:49:01","modified_gmt":"2025-05-14T09:49:01","slug":"vandalismo-en-la-escuela-nos-cuesta-a-todos-un-monton-cualquier-mejora-parece-que-la-detectan-para-romperla","status":"publish","type":"post","link":"https:\/\/www.noticiasradioreflejos.com.ar\/2021\/vandalismo-en-la-escuela-nos-cuesta-a-todos-un-monton-cualquier-mejora-parece-que-la-detectan-para-romperla\/","title":{"rendered":"Vandalismo en la Escuela: \u00abNos cuesta a todos un mont\u00f3n. Cualquier mejora, parece que la detectan para romperla\u00bb"},"content":{"rendered":"<p>Esta ma\u00f1ana, Pablo Mayer, docente y Director del CEF 195 de Sierra de la Ventana, convers\u00f3 en <a href=\"https:\/\/www.noticiasradioreflejos.com.ar\/2021\/radio-en-vivo\/\"><strong>FM Reflejos<\/strong><\/a> para hablar sobre el<a href=\"https:\/\/www.noticiasradioreflejos.com.ar\/2021\/vandalizaron-el-playon-de-la-escuela-n-6-en-sierra-de-la-ventana\/\"><strong> acto de vandalismo en el play\u00f3n de la Escuela N\u00b0 6<\/strong><\/a>, muy utilizado, tambi\u00e9n, por el CEF 195 de Sierra de la Ventana.<!--more--><\/p>\n<p>\u00abEsta no es la primera vez. Es un espacio que utilizamos un mont\u00f3n, que compartimos con el CEF 9 y donde se dan las clases de Educaci\u00f3n F\u00edsica de la Escuela 6. Ayer tempranito me encuentro conque rompen el tapizado de uno de los aros de basquet y el otro aro lo hab\u00edan bajado\u00bb comenta Pablo con lo que se encontr\u00f3 durante el primer turno de esta ma\u00f1ana.<\/p>\n<p>\u00abEsto nunca fue un espacio p\u00fablico, no es que puede entrar cualquiera. Tiene una entrada en com\u00fan con la Biblioteca, se separaron los ingresos. Antes de eso, esto no pasaba. Nosotros no tenemos un presupuesto para ir arreglando. De esto se hace cargo o el Consejo Escolar o la cooperadora\u00bb desarrolla la lamentable situaci\u00f3n del espacio, el cual ha contado con diversos actos de vandalismo.<\/p>\n<p><a href=\"https:\/\/www.noticiasradioreflejos.com.ar\/2021\/vandalizaron-el-playon-de-la-escuela-n-6-en-sierra-de-la-ventana\/playon-escuela-6\/\" rel=\"attachment wp-att-117382\"><img loading=\"lazy\" decoding=\"async\" class=\"aligncenter size-full wp-image-117382\" src=\"https:\/\/www.noticiasradioreflejos.com.ar\/2021\/wp-content\/uploads\/2025\/05\/Playon-escuela-6.jpeg\" alt=\"\" width=\"1600\" height=\"720\" \/><\/a><\/p>\n<p>\u00abEsto es a la comunidad, al CEF 9, a la escuela. Esos aros est\u00e1n ah\u00ed y los usamos todos. Nos cuesta a todos un mont\u00f3n. Lo lamentamos porque cualquier mejora, parece que la detectan para romperla\u00bb menciona Pablo desilusionado. Agrega que desconoce si las c\u00e1maras de seguridad presentes en el per\u00edmetro pudieron captar qui\u00e9nes son los v\u00e1ndalos.<\/p>\n<p>Tambi\u00e9n conversamos sobre el anuncio del CEF de poder construir un play\u00f3n o un gimnasio. \u00abEn un principio se habl\u00f3 de hacerlo al lado de las piletas y ahora creo que se est\u00e1 pensando en otra idea. Eso se est\u00e1 por definir. Se est\u00e1 hablando de hacerlo por la zona de la terminal, pero todav\u00eda no tengo precisiones. Yo creo que hay la necesidad de tener un play\u00f3n\u00bb.<\/p>\n<p>&nbsp;<\/p>\n<p><iframe loading=\"lazy\" src=\"https:\/\/w.soundcloud.com\/player\/?url=https%3A\/\/api.soundcloud.com\/tracks\/2094949542&amp;color=%23ff5500&amp;auto_play=false&amp;hide_related=false&amp;show_comments=true&amp;show_user=true&amp;show_reposts=false&amp;show_teaser=true\" width=\"100%\" height=\"166\" frameborder=\"no\" scrolling=\"no\"><\/iframe><\/p>\n<div style=\"font-size: 10px; color: #cccccc; line-break: anywhere; word-break: normal; overflow: hidden; white-space: nowrap; text-overflow: ellipsis; font-family: Interstate,Lucida Grande,Lucida Sans Unicode,Lucida Sans,Garuda,Verdana,Tahoma,sans-serif; font-weight: 100;\"><a style=\"color: #cccccc; text-decoration: none;\" title=\"fmreflejos 103.7\" href=\"https:\/\/soundcloud.com\/fmreflejos-103-7\" target=\"_blank\" rel=\"noopener\">fmreflejos 103.7<\/a> \u00b7 <a style=\"color: #cccccc; text-decoration: none;\" title=\"Pablo Mayer 13-05\" href=\"https:\/\/soundcloud.com\/fmreflejos-103-7\/pablo-mayer-13-05\" target=\"_blank\" rel=\"noopener\">Pablo Mayer 13-05<\/a><\/div>\n","protected":false},"excerpt":{"rendered":"<p>Esta ma\u00f1ana, Pablo Mayer, docente y Director del CEF 195 de Sierra de la Ventana, convers\u00f3 en FM Reflejos para hablar sobre el acto de vandalismo en el play\u00f3n de la Escuela N\u00b0 6, muy utilizado, tambi\u00e9n, por el CEF 195 de Sierra de la Ventana.<\/p>\n","protected":false},"author":3,"featured_media":118231,"comment_status":"closed","ping_status":"closed","sticky":false,"template":"","format":"standard","meta":{"footnotes":""},"categories":[26],"tags":[48],"class_list":["post-118193","post","type-post","status-publish","format-standard","has-post-thumbnail","hentry","category-sociedad","tag-destacada"],"yoast_head":"<!-- This site is optimized with the Yoast SEO plugin v25.9 - https:\/\/yoast.com\/wordpress\/plugins\/seo\/ -->\n<title>Vandalismo en la Escuela: &quot;Nos cuesta a todos un mont\u00f3n. Cualquier mejora, parece que la detectan para romperla&quot; - Noticias Radio Reflejos<\/title>\n<meta name=\"robots\" content=\"index, follow, max-snippet:-1, max-image-preview:large, max-video-preview:-1\" \/>\n<link rel=\"canonical\" href=\"https:\/\/www.noticiasradioreflejos.com.ar\/2021\/vandalismo-en-la-escuela-nos-cuesta-a-todos-un-monton-cualquier-mejora-parece-que-la-detectan-para-romperla\/\" \/>\n<meta property=\"og:locale\" content=\"es_ES\" \/>\n<meta property=\"og:type\" content=\"article\" \/>\n<meta property=\"og:title\" content=\"Vandalismo en la Escuela: &quot;Nos cuesta a todos un mont\u00f3n. Cualquier mejora, parece que la detectan para romperla&quot; - Noticias Radio Reflejos\" \/>\n<meta property=\"og:description\" content=\"Esta ma\u00f1ana, Pablo Mayer, docente y Director del CEF 195 de Sierra de la Ventana, convers\u00f3 en FM Reflejos para hablar sobre el acto de vandalismo en el play\u00f3n de la Escuela N\u00b0 6, muy utilizado, tambi\u00e9n, por el CEF 195 de Sierra de la Ventana.\" \/>\n<meta property=\"og:url\" content=\"https:\/\/www.noticiasradioreflejos.com.ar\/2021\/vandalismo-en-la-escuela-nos-cuesta-a-todos-un-monton-cualquier-mejora-parece-que-la-detectan-para-romperla\/\" \/>\n<meta property=\"og:site_name\" content=\"Noticias Radio Reflejos\" \/>\n<meta property=\"article:published_time\" content=\"2025-05-14T09:49:01+00:00\" \/>\n<meta property=\"og:image\" content=\"https:\/\/www.noticiasradioreflejos.com.ar\/2021\/wp-content\/uploads\/2025\/05\/aros-de-basquet-esc-6.jpeg\" \/>\n\t<meta property=\"og:image:width\" content=\"720\" \/>\n\t<meta property=\"og:image:height\" content=\"788\" \/>\n\t<meta property=\"og:image:type\" content=\"image\/jpeg\" \/>\n<meta name=\"author\" content=\"Arnaldo Botto\" \/>\n<meta name=\"twitter:card\" content=\"summary_large_image\" \/>\n<script type=\"application\/ld+json\" class=\"yoast-schema-graph\">{\"@context\":\"https:\/\/schema.org\",\"@graph\":[{\"@type\":\"WebPage\",\"@id\":\"https:\/\/www.noticiasradioreflejos.com.ar\/2021\/vandalismo-en-la-escuela-nos-cuesta-a-todos-un-monton-cualquier-mejora-parece-que-la-detectan-para-romperla\/\",\"url\":\"https:\/\/www.noticiasradioreflejos.com.ar\/2021\/vandalismo-en-la-escuela-nos-cuesta-a-todos-un-monton-cualquier-mejora-parece-que-la-detectan-para-romperla\/\",\"name\":\"Vandalismo en la Escuela: \\\"Nos cuesta a todos un mont\u00f3n. Cualquier mejora, parece que la detectan para romperla\\\" - Noticias Radio Reflejos\",\"isPartOf\":{\"@id\":\"https:\/\/www.noticiasradioreflejos.com.ar\/2021\/#website\"},\"primaryImageOfPage\":{\"@id\":\"https:\/\/www.noticiasradioreflejos.com.ar\/2021\/vandalismo-en-la-escuela-nos-cuesta-a-todos-un-monton-cualquier-mejora-parece-que-la-detectan-para-romperla\/#primaryimage\"},\"image\":{\"@id\":\"https:\/\/www.noticiasradioreflejos.com.ar\/2021\/vandalismo-en-la-escuela-nos-cuesta-a-todos-un-monton-cualquier-mejora-parece-que-la-detectan-para-romperla\/#primaryimage\"},\"thumbnailUrl\":\"https:\/\/www.noticiasradioreflejos.com.ar\/2021\/wp-content\/uploads\/2025\/05\/aros-de-basquet-esc-6.jpeg\",\"datePublished\":\"2025-05-14T09:49:01+00:00\",\"author\":{\"@id\":\"https:\/\/www.noticiasradioreflejos.com.ar\/2021\/#\/schema\/person\/ad82545263dcc5ec0996818884fd5fb1\"},\"breadcrumb\":{\"@id\":\"https:\/\/www.noticiasradioreflejos.com.ar\/2021\/vandalismo-en-la-escuela-nos-cuesta-a-todos-un-monton-cualquier-mejora-parece-que-la-detectan-para-romperla\/#breadcrumb\"},\"inLanguage\":\"es\",\"potentialAction\":[{\"@type\":\"ReadAction\",\"target\":[\"https:\/\/www.noticiasradioreflejos.com.ar\/2021\/vandalismo-en-la-escuela-nos-cuesta-a-todos-un-monton-cualquier-mejora-parece-que-la-detectan-para-romperla\/\"]}]},{\"@type\":\"ImageObject\",\"inLanguage\":\"es\",\"@id\":\"https:\/\/www.noticiasradioreflejos.com.ar\/2021\/vandalismo-en-la-escuela-nos-cuesta-a-todos-un-monton-cualquier-mejora-parece-que-la-detectan-para-romperla\/#primaryimage\",\"url\":\"https:\/\/www.noticiasradioreflejos.com.ar\/2021\/wp-content\/uploads\/2025\/05\/aros-de-basquet-esc-6.jpeg\",\"contentUrl\":\"https:\/\/www.noticiasradioreflejos.com.ar\/2021\/wp-content\/uploads\/2025\/05\/aros-de-basquet-esc-6.jpeg\",\"width\":720,\"height\":788},{\"@type\":\"BreadcrumbList\",\"@id\":\"https:\/\/www.noticiasradioreflejos.com.ar\/2021\/vandalismo-en-la-escuela-nos-cuesta-a-todos-un-monton-cualquier-mejora-parece-que-la-detectan-para-romperla\/#breadcrumb\",\"itemListElement\":[{\"@type\":\"ListItem\",\"position\":1,\"name\":\"Portada\",\"item\":\"https:\/\/www.noticiasradioreflejos.com.ar\/2021\/\"},{\"@type\":\"ListItem\",\"position\":2,\"name\":\"Vandalismo en la Escuela: \u00abNos cuesta a todos un mont\u00f3n. Cualquier mejora, parece que la detectan para romperla\u00bb\"}]},{\"@type\":\"WebSite\",\"@id\":\"https:\/\/www.noticiasradioreflejos.com.ar\/2021\/#website\",\"url\":\"https:\/\/www.noticiasradioreflejos.com.ar\/2021\/\",\"name\":\"Noticias Radio Reflejos\",\"description\":\"Las noticias de mi comarca\",\"potentialAction\":[{\"@type\":\"SearchAction\",\"target\":{\"@type\":\"EntryPoint\",\"urlTemplate\":\"https:\/\/www.noticiasradioreflejos.com.ar\/2021\/?s={search_term_string}\"},\"query-input\":{\"@type\":\"PropertyValueSpecification\",\"valueRequired\":true,\"valueName\":\"search_term_string\"}}],\"inLanguage\":\"es\"},{\"@type\":\"Person\",\"@id\":\"https:\/\/www.noticiasradioreflejos.com.ar\/2021\/#\/schema\/person\/ad82545263dcc5ec0996818884fd5fb1\",\"name\":\"Arnaldo Botto\",\"image\":{\"@type\":\"ImageObject\",\"inLanguage\":\"es\",\"@id\":\"https:\/\/www.noticiasradioreflejos.com.ar\/2021\/#\/schema\/person\/image\/\",\"url\":\"https:\/\/secure.gravatar.com\/avatar\/55cb5e37c1efa326397366e6974cb338056df65cb50e7d64d1cf314e87504837?s=96&d=mm&r=g\",\"contentUrl\":\"https:\/\/secure.gravatar.com\/avatar\/55cb5e37c1efa326397366e6974cb338056df65cb50e7d64d1cf314e87504837?s=96&d=mm&r=g\",\"caption\":\"Arnaldo Botto\"},\"url\":\"https:\/\/www.noticiasradioreflejos.com.ar\/2021\/author\/arnaldo\/\"}]}<\/script>\n<!-- \/ Yoast SEO plugin. -->","yoast_head_json":{"title":"Vandalismo en la Escuela: \"Nos cuesta a todos un mont\u00f3n. Cualquier mejora, parece que la detectan para romperla\" - Noticias Radio Reflejos","robots":{"index":"index","follow":"follow","max-snippet":"max-snippet:-1","max-image-preview":"max-image-preview:large","max-video-preview":"max-video-preview:-1"},"canonical":"https:\/\/www.noticiasradioreflejos.com.ar\/2021\/vandalismo-en-la-escuela-nos-cuesta-a-todos-un-monton-cualquier-mejora-parece-que-la-detectan-para-romperla\/","og_locale":"es_ES","og_type":"article","og_title":"Vandalismo en la Escuela: \"Nos cuesta a todos un mont\u00f3n. Cualquier mejora, parece que la detectan para romperla\" - Noticias Radio Reflejos","og_description":"Esta ma\u00f1ana, Pablo Mayer, docente y Director del CEF 195 de Sierra de la Ventana, convers\u00f3 en FM Reflejos para hablar sobre el acto de vandalismo en el play\u00f3n de la Escuela N\u00b0 6, muy utilizado, tambi\u00e9n, por el CEF 195 de Sierra de la Ventana.","og_url":"https:\/\/www.noticiasradioreflejos.com.ar\/2021\/vandalismo-en-la-escuela-nos-cuesta-a-todos-un-monton-cualquier-mejora-parece-que-la-detectan-para-romperla\/","og_site_name":"Noticias Radio Reflejos","article_published_time":"2025-05-14T09:49:01+00:00","og_image":[{"width":720,"height":788,"url":"https:\/\/www.noticiasradioreflejos.com.ar\/2021\/wp-content\/uploads\/2025\/05\/aros-de-basquet-esc-6.jpeg","type":"image\/jpeg"}],"author":"Arnaldo Botto","twitter_card":"summary_large_image","schema":{"@context":"https:\/\/schema.org","@graph":[{"@type":"WebPage","@id":"https:\/\/www.noticiasradioreflejos.com.ar\/2021\/vandalismo-en-la-escuela-nos-cuesta-a-todos-un-monton-cualquier-mejora-parece-que-la-detectan-para-romperla\/","url":"https:\/\/www.noticiasradioreflejos.com.ar\/2021\/vandalismo-en-la-escuela-nos-cuesta-a-todos-un-monton-cualquier-mejora-parece-que-la-detectan-para-romperla\/","name":"Vandalismo en la Escuela: \"Nos cuesta a todos un mont\u00f3n. Cualquier mejora, parece que la detectan para romperla\" - Noticias Radio Reflejos","isPartOf":{"@id":"https:\/\/www.noticiasradioreflejos.com.ar\/2021\/#website"},"primaryImageOfPage":{"@id":"https:\/\/www.noticiasradioreflejos.com.ar\/2021\/vandalismo-en-la-escuela-nos-cuesta-a-todos-un-monton-cualquier-mejora-parece-que-la-detectan-para-romperla\/#primaryimage"},"image":{"@id":"https:\/\/www.noticiasradioreflejos.com.ar\/2021\/vandalismo-en-la-escuela-nos-cuesta-a-todos-un-monton-cualquier-mejora-parece-que-la-detectan-para-romperla\/#primaryimage"},"thumbnailUrl":"https:\/\/www.noticiasradioreflejos.com.ar\/2021\/wp-content\/uploads\/2025\/05\/aros-de-basquet-esc-6.jpeg","datePublished":"2025-05-14T09:49:01+00:00","author":{"@id":"https:\/\/www.noticiasradioreflejos.com.ar\/2021\/#\/schema\/person\/ad82545263dcc5ec0996818884fd5fb1"},"breadcrumb":{"@id":"https:\/\/www.noticiasradioreflejos.com.ar\/2021\/vandalismo-en-la-escuela-nos-cuesta-a-todos-un-monton-cualquier-mejora-parece-que-la-detectan-para-romperla\/#breadcrumb"},"inLanguage":"es","potentialAction":[{"@type":"ReadAction","target":["https:\/\/www.noticiasradioreflejos.com.ar\/2021\/vandalismo-en-la-escuela-nos-cuesta-a-todos-un-monton-cualquier-mejora-parece-que-la-detectan-para-romperla\/"]}]},{"@type":"ImageObject","inLanguage":"es","@id":"https:\/\/www.noticiasradioreflejos.com.ar\/2021\/vandalismo-en-la-escuela-nos-cuesta-a-todos-un-monton-cualquier-mejora-parece-que-la-detectan-para-romperla\/#primaryimage","url":"https:\/\/www.noticiasradioreflejos.com.ar\/2021\/wp-content\/uploads\/2025\/05\/aros-de-basquet-esc-6.jpeg","contentUrl":"https:\/\/www.noticiasradioreflejos.com.ar\/2021\/wp-content\/uploads\/2025\/05\/aros-de-basquet-esc-6.jpeg","width":720,"height":788},{"@type":"BreadcrumbList","@id":"https:\/\/www.noticiasradioreflejos.com.ar\/2021\/vandalismo-en-la-escuela-nos-cuesta-a-todos-un-monton-cualquier-mejora-parece-que-la-detectan-para-romperla\/#breadcrumb","itemListElement":[{"@type":"ListItem","position":1,"name":"Portada","item":"https:\/\/www.noticiasradioreflejos.com.ar\/2021\/"},{"@type":"ListItem","position":2,"name":"Vandalismo en la Escuela: \u00abNos cuesta a todos un mont\u00f3n. Cualquier mejora, parece que la detectan para romperla\u00bb"}]},{"@type":"WebSite","@id":"https:\/\/www.noticiasradioreflejos.com.ar\/2021\/#website","url":"https:\/\/www.noticiasradioreflejos.com.ar\/2021\/","name":"Noticias Radio Reflejos","description":"Las noticias de mi comarca","potentialAction":[{"@type":"SearchAction","target":{"@type":"EntryPoint","urlTemplate":"https:\/\/www.noticiasradioreflejos.com.ar\/2021\/?s={search_term_string}"},"query-input":{"@type":"PropertyValueSpecification","valueRequired":true,"valueName":"search_term_string"}}],"inLanguage":"es"},{"@type":"Person","@id":"https:\/\/www.noticiasradioreflejos.com.ar\/2021\/#\/schema\/person\/ad82545263dcc5ec0996818884fd5fb1","name":"Arnaldo Botto","image":{"@type":"ImageObject","inLanguage":"es","@id":"https:\/\/www.noticiasradioreflejos.com.ar\/2021\/#\/schema\/person\/image\/","url":"https:\/\/secure.gravatar.com\/avatar\/55cb5e37c1efa326397366e6974cb338056df65cb50e7d64d1cf314e87504837?s=96&d=mm&r=g","contentUrl":"https:\/\/secure.gravatar.com\/avatar\/55cb5e37c1efa326397366e6974cb338056df65cb50e7d64d1cf314e87504837?s=96&d=mm&r=g","caption":"Arnaldo Botto"},"url":"https:\/\/www.noticiasradioreflejos.com.ar\/2021\/author\/arnaldo\/"}]}},"_links":{"self":[{"href":"https:\/\/www.noticiasradioreflejos.com.ar\/2021\/wp-json\/wp\/v2\/posts\/118193","targetHints":{"allow":["GET"]}}],"collection":[{"href":"https:\/\/www.noticiasradioreflejos.com.ar\/2021\/wp-json\/wp\/v2\/posts"}],"about":[{"href":"https:\/\/www.noticiasradioreflejos.com.ar\/2021\/wp-json\/wp\/v2\/types\/post"}],"author":[{"embeddable":true,"href":"https:\/\/www.noticiasradioreflejos.com.ar\/2021\/wp-json\/wp\/v2\/users\/3"}],"replies":[{"embeddable":true,"href":"https:\/\/www.noticiasradioreflejos.com.ar\/2021\/wp-json\/wp\/v2\/comments?post=118193"}],"version-history":[{"count":4,"href":"https:\/\/www.noticiasradioreflejos.com.ar\/2021\/wp-json\/wp\/v2\/posts\/118193\/revisions"}],"predecessor-version":[{"id":118232,"href":"https:\/\/www.noticiasradioreflejos.com.ar\/2021\/wp-json\/wp\/v2\/posts\/118193\/revisions\/118232"}],"wp:featuredmedia":[{"embeddable":true,"href":"https:\/\/www.noticiasradioreflejos.com.ar\/2021\/wp-json\/wp\/v2\/media\/118231"}],"wp:attachment":[{"href":"https:\/\/www.noticiasradioreflejos.com.ar\/2021\/wp-json\/wp\/v2\/media?parent=118193"}],"wp:term":[{"taxonomy":"category","embeddable":true,"href":"https:\/\/www.noticiasradioreflejos.com.ar\/2021\/wp-json\/wp\/v2\/categories?post=118193"},{"taxonomy":"post_tag","embeddable":true,"href":"https:\/\/www.noticiasradioreflejos.com.ar\/2021\/wp-json\/wp\/v2\/tags?post=118193"}],"curies":[{"name":"wp","href":"https:\/\/api.w.org\/{rel}","templated":true}]}}