{"id":11807,"date":"2017-07-03T15:22:01","date_gmt":"2017-07-03T18:22:01","guid":{"rendered":"http:\/\/www.noticiasradioreflejos.com.ar\/noticias\/?p=11807"},"modified":"2017-07-03T15:22:01","modified_gmt":"2017-07-03T18:22:01","slug":"sabado-8-de-julio-seminario-de-confeccion-de-pantuflas","status":"publish","type":"post","link":"https:\/\/www.noticiasradioreflejos.com.ar\/2021\/sabado-8-de-julio-seminario-de-confeccion-de-pantuflas\/","title":{"rendered":"S\u00e1bado 8 de julio &#8211; Seminario de confecci\u00f3n de pantuflas"},"content":{"rendered":"<p><a title=\"SEMINARIO PANTUFLAS TORNQUIST\" href=\"http:\/\/farm5.staticflickr.com\/4051\/35241834350_a118eb2c27_z.jpg\" rel=\"\"><img loading=\"lazy\" decoding=\"async\" class=\"alignleft\" style=\"float: left;\" title=\"SEMINARIO PANTUFLAS TORNQUIST\" src=\"http:\/\/farm5.staticflickr.com\/4051\/35241834350_a118eb2c27_z.jpg\" alt=\"SEMINARIO PANTUFLAS TORNQUIST\" width=\"427\" height=\"640\" \/><\/a>Ven\u00ed a aprender a confeccionarlas. Para vos, para regalar, para vender.<!--more--><br \/>\nEsta es tu oportunidad! Vos te llevas las tuyas hechas!<br \/>\nAbierta la pre-inscripci\u00f3n hasta el d\u00eda mi\u00e9rcoles 5 de julio. Su valor es de $500.- Cupos limitados.<br \/>\nPre inscripci\u00f3n abonando solo $200.- del total. Te esperamos!<br \/>\nFecha del Seminario el s\u00e1bado 8 de julio de 14 a 17hs.<br \/>\nCOMISION DIRECTIVA<br \/>\nBiblioteca Popular \u00abErnesto Tornquist\u00bb<\/p>\n","protected":false},"excerpt":{"rendered":"<p>Ven\u00ed a aprender a confeccionarlas. Para vos, para regalar, para vender.<\/p>\n","protected":false},"author":3,"featured_media":0,"comment_status":"closed","ping_status":"open","sticky":false,"template":"","format":"standard","meta":{"footnotes":""},"categories":[35],"tags":[],"class_list":["post-11807","post","type-post","status-publish","format-standard","hentry","category-cultura"],"yoast_head":"<!-- This site is optimized with the Yoast SEO plugin v25.9 - https:\/\/yoast.com\/wordpress\/plugins\/seo\/ -->\n<title>S\u00e1bado 8 de julio - Seminario de confecci\u00f3n de pantuflas - Noticias Radio Reflejos<\/title>\n<meta name=\"robots\" content=\"index, follow, max-snippet:-1, max-image-preview:large, max-video-preview:-1\" \/>\n<link rel=\"canonical\" href=\"https:\/\/www.noticiasradioreflejos.com.ar\/2021\/sabado-8-de-julio-seminario-de-confeccion-de-pantuflas\/\" \/>\n<meta property=\"og:locale\" content=\"es_ES\" \/>\n<meta property=\"og:type\" content=\"article\" \/>\n<meta property=\"og:title\" content=\"S\u00e1bado 8 de julio - Seminario de confecci\u00f3n de pantuflas - Noticias Radio Reflejos\" \/>\n<meta property=\"og:description\" content=\"Ven\u00ed a aprender a confeccionarlas. Para vos, para regalar, para vender.\" \/>\n<meta property=\"og:url\" content=\"https:\/\/www.noticiasradioreflejos.com.ar\/2021\/sabado-8-de-julio-seminario-de-confeccion-de-pantuflas\/\" \/>\n<meta property=\"og:site_name\" content=\"Noticias Radio Reflejos\" \/>\n<meta property=\"article:published_time\" content=\"2017-07-03T18:22:01+00:00\" \/>\n<meta property=\"og:image\" content=\"http:\/\/farm5.staticflickr.com\/4051\/35241834350_a118eb2c27_z.jpg\" \/>\n<meta name=\"author\" content=\"Arnaldo Botto\" \/>\n<meta name=\"twitter:card\" content=\"summary_large_image\" \/>\n<script type=\"application\/ld+json\" class=\"yoast-schema-graph\">{\"@context\":\"https:\/\/schema.org\",\"@graph\":[{\"@type\":\"WebPage\",\"@id\":\"https:\/\/www.noticiasradioreflejos.com.ar\/2021\/sabado-8-de-julio-seminario-de-confeccion-de-pantuflas\/\",\"url\":\"https:\/\/www.noticiasradioreflejos.com.ar\/2021\/sabado-8-de-julio-seminario-de-confeccion-de-pantuflas\/\",\"name\":\"S\u00e1bado 8 de julio - Seminario de confecci\u00f3n de pantuflas - Noticias Radio Reflejos\",\"isPartOf\":{\"@id\":\"https:\/\/www.noticiasradioreflejos.com.ar\/2021\/#website\"},\"primaryImageOfPage\":{\"@id\":\"https:\/\/www.noticiasradioreflejos.com.ar\/2021\/sabado-8-de-julio-seminario-de-confeccion-de-pantuflas\/#primaryimage\"},\"image\":{\"@id\":\"https:\/\/www.noticiasradioreflejos.com.ar\/2021\/sabado-8-de-julio-seminario-de-confeccion-de-pantuflas\/#primaryimage\"},\"thumbnailUrl\":\"http:\/\/farm5.staticflickr.com\/4051\/35241834350_a118eb2c27_z.jpg\",\"datePublished\":\"2017-07-03T18:22:01+00:00\",\"author\":{\"@id\":\"https:\/\/www.noticiasradioreflejos.com.ar\/2021\/#\/schema\/person\/ad82545263dcc5ec0996818884fd5fb1\"},\"breadcrumb\":{\"@id\":\"https:\/\/www.noticiasradioreflejos.com.ar\/2021\/sabado-8-de-julio-seminario-de-confeccion-de-pantuflas\/#breadcrumb\"},\"inLanguage\":\"es\",\"potentialAction\":[{\"@type\":\"ReadAction\",\"target\":[\"https:\/\/www.noticiasradioreflejos.com.ar\/2021\/sabado-8-de-julio-seminario-de-confeccion-de-pantuflas\/\"]}]},{\"@type\":\"ImageObject\",\"inLanguage\":\"es\",\"@id\":\"https:\/\/www.noticiasradioreflejos.com.ar\/2021\/sabado-8-de-julio-seminario-de-confeccion-de-pantuflas\/#primaryimage\",\"url\":\"http:\/\/farm5.staticflickr.com\/4051\/35241834350_a118eb2c27_z.jpg\",\"contentUrl\":\"http:\/\/farm5.staticflickr.com\/4051\/35241834350_a118eb2c27_z.jpg\"},{\"@type\":\"BreadcrumbList\",\"@id\":\"https:\/\/www.noticiasradioreflejos.com.ar\/2021\/sabado-8-de-julio-seminario-de-confeccion-de-pantuflas\/#breadcrumb\",\"itemListElement\":[{\"@type\":\"ListItem\",\"position\":1,\"name\":\"Portada\",\"item\":\"https:\/\/www.noticiasradioreflejos.com.ar\/2021\/\"},{\"@type\":\"ListItem\",\"position\":2,\"name\":\"S\u00e1bado 8 de julio &#8211; Seminario de confecci\u00f3n de pantuflas\"}]},{\"@type\":\"WebSite\",\"@id\":\"https:\/\/www.noticiasradioreflejos.com.ar\/2021\/#website\",\"url\":\"https:\/\/www.noticiasradioreflejos.com.ar\/2021\/\",\"name\":\"Noticias Radio Reflejos\",\"description\":\"Las noticias de mi comarca\",\"potentialAction\":[{\"@type\":\"SearchAction\",\"target\":{\"@type\":\"EntryPoint\",\"urlTemplate\":\"https:\/\/www.noticiasradioreflejos.com.ar\/2021\/?s={search_term_string}\"},\"query-input\":{\"@type\":\"PropertyValueSpecification\",\"valueRequired\":true,\"valueName\":\"search_term_string\"}}],\"inLanguage\":\"es\"},{\"@type\":\"Person\",\"@id\":\"https:\/\/www.noticiasradioreflejos.com.ar\/2021\/#\/schema\/person\/ad82545263dcc5ec0996818884fd5fb1\",\"name\":\"Arnaldo Botto\",\"image\":{\"@type\":\"ImageObject\",\"inLanguage\":\"es\",\"@id\":\"https:\/\/www.noticiasradioreflejos.com.ar\/2021\/#\/schema\/person\/image\/\",\"url\":\"https:\/\/secure.gravatar.com\/avatar\/55cb5e37c1efa326397366e6974cb338056df65cb50e7d64d1cf314e87504837?s=96&d=mm&r=g\",\"contentUrl\":\"https:\/\/secure.gravatar.com\/avatar\/55cb5e37c1efa326397366e6974cb338056df65cb50e7d64d1cf314e87504837?s=96&d=mm&r=g\",\"caption\":\"Arnaldo Botto\"},\"url\":\"https:\/\/www.noticiasradioreflejos.com.ar\/2021\/author\/arnaldo\/\"}]}<\/script>\n<!-- \/ Yoast SEO plugin. -->","yoast_head_json":{"title":"S\u00e1bado 8 de julio - Seminario de confecci\u00f3n de pantuflas - Noticias Radio Reflejos","robots":{"index":"index","follow":"follow","max-snippet":"max-snippet:-1","max-image-preview":"max-image-preview:large","max-video-preview":"max-video-preview:-1"},"canonical":"https:\/\/www.noticiasradioreflejos.com.ar\/2021\/sabado-8-de-julio-seminario-de-confeccion-de-pantuflas\/","og_locale":"es_ES","og_type":"article","og_title":"S\u00e1bado 8 de julio - Seminario de confecci\u00f3n de pantuflas - Noticias Radio Reflejos","og_description":"Ven\u00ed a aprender a confeccionarlas. Para vos, para regalar, para vender.","og_url":"https:\/\/www.noticiasradioreflejos.com.ar\/2021\/sabado-8-de-julio-seminario-de-confeccion-de-pantuflas\/","og_site_name":"Noticias Radio Reflejos","article_published_time":"2017-07-03T18:22:01+00:00","og_image":[{"url":"http:\/\/farm5.staticflickr.com\/4051\/35241834350_a118eb2c27_z.jpg","type":"","width":"","height":""}],"author":"Arnaldo Botto","twitter_card":"summary_large_image","schema":{"@context":"https:\/\/schema.org","@graph":[{"@type":"WebPage","@id":"https:\/\/www.noticiasradioreflejos.com.ar\/2021\/sabado-8-de-julio-seminario-de-confeccion-de-pantuflas\/","url":"https:\/\/www.noticiasradioreflejos.com.ar\/2021\/sabado-8-de-julio-seminario-de-confeccion-de-pantuflas\/","name":"S\u00e1bado 8 de julio - Seminario de confecci\u00f3n de pantuflas - Noticias Radio Reflejos","isPartOf":{"@id":"https:\/\/www.noticiasradioreflejos.com.ar\/2021\/#website"},"primaryImageOfPage":{"@id":"https:\/\/www.noticiasradioreflejos.com.ar\/2021\/sabado-8-de-julio-seminario-de-confeccion-de-pantuflas\/#primaryimage"},"image":{"@id":"https:\/\/www.noticiasradioreflejos.com.ar\/2021\/sabado-8-de-julio-seminario-de-confeccion-de-pantuflas\/#primaryimage"},"thumbnailUrl":"http:\/\/farm5.staticflickr.com\/4051\/35241834350_a118eb2c27_z.jpg","datePublished":"2017-07-03T18:22:01+00:00","author":{"@id":"https:\/\/www.noticiasradioreflejos.com.ar\/2021\/#\/schema\/person\/ad82545263dcc5ec0996818884fd5fb1"},"breadcrumb":{"@id":"https:\/\/www.noticiasradioreflejos.com.ar\/2021\/sabado-8-de-julio-seminario-de-confeccion-de-pantuflas\/#breadcrumb"},"inLanguage":"es","potentialAction":[{"@type":"ReadAction","target":["https:\/\/www.noticiasradioreflejos.com.ar\/2021\/sabado-8-de-julio-seminario-de-confeccion-de-pantuflas\/"]}]},{"@type":"ImageObject","inLanguage":"es","@id":"https:\/\/www.noticiasradioreflejos.com.ar\/2021\/sabado-8-de-julio-seminario-de-confeccion-de-pantuflas\/#primaryimage","url":"http:\/\/farm5.staticflickr.com\/4051\/35241834350_a118eb2c27_z.jpg","contentUrl":"http:\/\/farm5.staticflickr.com\/4051\/35241834350_a118eb2c27_z.jpg"},{"@type":"BreadcrumbList","@id":"https:\/\/www.noticiasradioreflejos.com.ar\/2021\/sabado-8-de-julio-seminario-de-confeccion-de-pantuflas\/#breadcrumb","itemListElement":[{"@type":"ListItem","position":1,"name":"Portada","item":"https:\/\/www.noticiasradioreflejos.com.ar\/2021\/"},{"@type":"ListItem","position":2,"name":"S\u00e1bado 8 de julio &#8211; Seminario de confecci\u00f3n de pantuflas"}]},{"@type":"WebSite","@id":"https:\/\/www.noticiasradioreflejos.com.ar\/2021\/#website","url":"https:\/\/www.noticiasradioreflejos.com.ar\/2021\/","name":"Noticias Radio Reflejos","description":"Las noticias de mi comarca","potentialAction":[{"@type":"SearchAction","target":{"@type":"EntryPoint","urlTemplate":"https:\/\/www.noticiasradioreflejos.com.ar\/2021\/?s={search_term_string}"},"query-input":{"@type":"PropertyValueSpecification","valueRequired":true,"valueName":"search_term_string"}}],"inLanguage":"es"},{"@type":"Person","@id":"https:\/\/www.noticiasradioreflejos.com.ar\/2021\/#\/schema\/person\/ad82545263dcc5ec0996818884fd5fb1","name":"Arnaldo Botto","image":{"@type":"ImageObject","inLanguage":"es","@id":"https:\/\/www.noticiasradioreflejos.com.ar\/2021\/#\/schema\/person\/image\/","url":"https:\/\/secure.gravatar.com\/avatar\/55cb5e37c1efa326397366e6974cb338056df65cb50e7d64d1cf314e87504837?s=96&d=mm&r=g","contentUrl":"https:\/\/secure.gravatar.com\/avatar\/55cb5e37c1efa326397366e6974cb338056df65cb50e7d64d1cf314e87504837?s=96&d=mm&r=g","caption":"Arnaldo Botto"},"url":"https:\/\/www.noticiasradioreflejos.com.ar\/2021\/author\/arnaldo\/"}]}},"_links":{"self":[{"href":"https:\/\/www.noticiasradioreflejos.com.ar\/2021\/wp-json\/wp\/v2\/posts\/11807","targetHints":{"allow":["GET"]}}],"collection":[{"href":"https:\/\/www.noticiasradioreflejos.com.ar\/2021\/wp-json\/wp\/v2\/posts"}],"about":[{"href":"https:\/\/www.noticiasradioreflejos.com.ar\/2021\/wp-json\/wp\/v2\/types\/post"}],"author":[{"embeddable":true,"href":"https:\/\/www.noticiasradioreflejos.com.ar\/2021\/wp-json\/wp\/v2\/users\/3"}],"replies":[{"embeddable":true,"href":"https:\/\/www.noticiasradioreflejos.com.ar\/2021\/wp-json\/wp\/v2\/comments?post=11807"}],"version-history":[{"count":0,"href":"https:\/\/www.noticiasradioreflejos.com.ar\/2021\/wp-json\/wp\/v2\/posts\/11807\/revisions"}],"wp:attachment":[{"href":"https:\/\/www.noticiasradioreflejos.com.ar\/2021\/wp-json\/wp\/v2\/media?parent=11807"}],"wp:term":[{"taxonomy":"category","embeddable":true,"href":"https:\/\/www.noticiasradioreflejos.com.ar\/2021\/wp-json\/wp\/v2\/categories?post=11807"},{"taxonomy":"post_tag","embeddable":true,"href":"https:\/\/www.noticiasradioreflejos.com.ar\/2021\/wp-json\/wp\/v2\/tags?post=11807"}],"curies":[{"name":"wp","href":"https:\/\/api.w.org\/{rel}","templated":true}]}}