{"id":117715,"date":"2025-05-13T13:21:00","date_gmt":"2025-05-13T16:21:00","guid":{"rendered":"https:\/\/www.noticiasradioreflejos.com.ar\/2021\/?p=117715"},"modified":"2025-05-13T13:21:00","modified_gmt":"2025-05-13T16:21:00","slug":"solicitan-interpelar-al-intendente-de-tornquist-por-una-contratacion-en-el-area-de-turismo","status":"publish","type":"post","link":"https:\/\/www.noticiasradioreflejos.com.ar\/2021\/solicitan-interpelar-al-intendente-de-tornquist-por-una-contratacion-en-el-area-de-turismo\/","title":{"rendered":"Solicitan interpelar al intendente de Tornquist por una contrataci\u00f3n en el \u00e1rea de turismo."},"content":{"rendered":"<p>El bloque opositor pide mediante un proyecto de resoluci\u00f3n a la presidenta del Concejo Deliberante,\u00a0 convocar a Sergio Bordoni intendente del distrito,\u00a0 a dar explicaciones por una supuesta contrataci\u00f3n irregular.<!--more--><\/p>\n<p>Seg\u00fan comunican a los medios la UCR manifiesta:<\/p>\n<p>Presentamos Proyecto de Resoluci\u00f3n solicitando a la Presidente del Honorable Concejo Deliberante que, mediante Sesi\u00f3n Especial, convoque al Sr. Intendente Municipal, Sergio Fabi\u00e1n Bordoni, seg\u00fan lo determinado por el art\u00edculo 108\u00b0 inciso 7 de la Ley Org\u00e1nica de las Municipalidades, a fin de que brinde informaci\u00f3n sobre los siguientes puntos:<br \/>\n\u2705Constancia de cumplimiento del r\u00e9gimen horario como informante de turismo por parte del agente (registro de ingresos y egresos).<br \/>\n\u2705Funciones que cumpl\u00eda para la Secretar\u00eda de Turismo.<br \/>\n\u2705Justifique la necesidad de contar con un nuevo agente para que se desempe\u00f1e como informante de turismo en el \u00e1mbito del Municipio.<br \/>\n\u2705Especifique si se tiene probado que no exist\u00eda recurso humano local para cubrir esa vacante.<br \/>\n\u2705Especifique que responsabilidad tuvo el Secretario de Turismo en el nombramiento del agente.<br \/>\n\u2705De ser as\u00ed, se determine el alcance de su responsabilidad seg\u00fan el cap\u00edtulo XI, Art. 241\u00b0 y 242\u00b0 de la Ley Org\u00e1nica de las Municipalidades.<br \/>\n\u2705Especifique cu\u00e1l fue el monto erogado por el Municipio en la<br \/>\nremuneraci\u00f3n del agente desde la fecha de alta hasta la fecha de baja definitiva, teniendo en vista la presunci\u00f3n de perjuicio prevista en el Art, 244\u00b0 de la Ley Org\u00e1nica de las Municipalidades.<br \/>\n\u2705Las que se reservan de ampliar en la sesi\u00f3n.<br \/>\nConsta en el RAFAM (Reforma de la Administraci\u00f3n Financiera en<br \/>\nel \u00c1mbito Municipal), el alta del agente mencionado el d\u00eda 15 de julio de 2024. Que se desempe\u00f1\u00f3 en la Jurisdicci\u00f3n de la Secretar\u00eda de Turismo como Informante de Turismo, Categor\u00eda 72, Clase IV, con un r\u00e9gimen de 30 horas semanales.<\/p>\n<p><iframe loading=\"lazy\" class=\"scribd_iframe_embed\" tabindex=\"0\" title=\"Convocatoria - Intendente (1)\" src=\"https:\/\/www.scribd.com\/embeds\/861186736\/content?start_page=1&amp;view_mode=scroll&amp;access_key=key-eT0djmyuxl3HV9r0D4xO\" width=\"100%\" height=\"600\" frameborder=\"0\" scrolling=\"no\" data-auto-height=\"true\" data-aspect-ratio=\"0.7080062794348508\"><\/iframe><\/p>\n<p style=\"margin: 12px auto 6px auto; font-family: Helvetica,Arial,Sans-serif; font-size: 14px; line-height: normal; display: block;\"><a style=\"color: #098642; text-decoration: underline;\" title=\"View Convocatoria - Intendente (1) on Scribd\" href=\"https:\/\/www.scribd.com\/document\/861186736\/Convocatoria-Intendente-1#from_embed\"> Convocatoria &#8211; Intendente (1) <\/a> by <a style=\"color: #098642; text-decoration: underline;\" title=\"View FM Reflejos Sierra de la Ventana's profile on Scribd\" href=\"https:\/\/www.scribd.com\/user\/128459674\/FM-Reflejos-Sierra-de-la-Ventana#from_embed\"> FM Reflejos Sierra de la Ventana <\/a><\/p>\n","protected":false},"excerpt":{"rendered":"<p>El bloque opositor pide mediante un proyecto de resoluci\u00f3n a la presidenta del Concejo Deliberante,\u00a0 convocar a Sergio Bordoni intendente del distrito,\u00a0 a dar explicaciones por una supuesta contrataci\u00f3n irregular.<\/p>\n","protected":false},"author":3,"featured_media":0,"comment_status":"closed","ping_status":"closed","sticky":false,"template":"","format":"standard","meta":{"footnotes":""},"categories":[59],"tags":[],"class_list":["post-117715","post","type-post","status-publish","format-standard","hentry","category-concejo-deliberante"],"yoast_head":"<!-- This site is optimized with the Yoast SEO plugin v25.9 - https:\/\/yoast.com\/wordpress\/plugins\/seo\/ -->\n<title>Solicitan interpelar al intendente de Tornquist por una contrataci\u00f3n en el \u00e1rea de turismo. - Noticias Radio Reflejos<\/title>\n<meta name=\"robots\" content=\"index, follow, max-snippet:-1, max-image-preview:large, max-video-preview:-1\" \/>\n<link rel=\"canonical\" href=\"https:\/\/www.noticiasradioreflejos.com.ar\/2021\/solicitan-interpelar-al-intendente-de-tornquist-por-una-contratacion-en-el-area-de-turismo\/\" \/>\n<meta property=\"og:locale\" content=\"es_ES\" \/>\n<meta property=\"og:type\" content=\"article\" \/>\n<meta property=\"og:title\" content=\"Solicitan interpelar al intendente de Tornquist por una contrataci\u00f3n en el \u00e1rea de turismo. - Noticias Radio Reflejos\" \/>\n<meta property=\"og:description\" content=\"El bloque opositor pide mediante un proyecto de resoluci\u00f3n a la presidenta del Concejo Deliberante,\u00a0 convocar a Sergio Bordoni intendente del distrito,\u00a0 a dar explicaciones por una supuesta contrataci\u00f3n irregular.\" \/>\n<meta property=\"og:url\" content=\"https:\/\/www.noticiasradioreflejos.com.ar\/2021\/solicitan-interpelar-al-intendente-de-tornquist-por-una-contratacion-en-el-area-de-turismo\/\" \/>\n<meta property=\"og:site_name\" content=\"Noticias Radio Reflejos\" \/>\n<meta property=\"article:published_time\" content=\"2025-05-13T16:21:00+00:00\" \/>\n<meta property=\"og:image\" content=\"https:\/\/www.noticiasradioreflejos.com.ar\/2021\/wp-content\/uploads\/2021\/07\/logosol300x200.png\" \/>\n\t<meta property=\"og:image:width\" content=\"300\" \/>\n\t<meta property=\"og:image:height\" content=\"200\" \/>\n\t<meta property=\"og:image:type\" content=\"image\/png\" \/>\n<meta name=\"author\" content=\"Arnaldo Botto\" \/>\n<meta name=\"twitter:card\" content=\"summary_large_image\" \/>\n<script type=\"application\/ld+json\" class=\"yoast-schema-graph\">{\"@context\":\"https:\/\/schema.org\",\"@graph\":[{\"@type\":\"WebPage\",\"@id\":\"https:\/\/www.noticiasradioreflejos.com.ar\/2021\/solicitan-interpelar-al-intendente-de-tornquist-por-una-contratacion-en-el-area-de-turismo\/\",\"url\":\"https:\/\/www.noticiasradioreflejos.com.ar\/2021\/solicitan-interpelar-al-intendente-de-tornquist-por-una-contratacion-en-el-area-de-turismo\/\",\"name\":\"Solicitan interpelar al intendente de Tornquist por una contrataci\u00f3n en el \u00e1rea de turismo. - Noticias Radio Reflejos\",\"isPartOf\":{\"@id\":\"https:\/\/www.noticiasradioreflejos.com.ar\/2021\/#website\"},\"datePublished\":\"2025-05-13T16:21:00+00:00\",\"author\":{\"@id\":\"https:\/\/www.noticiasradioreflejos.com.ar\/2021\/#\/schema\/person\/ad82545263dcc5ec0996818884fd5fb1\"},\"breadcrumb\":{\"@id\":\"https:\/\/www.noticiasradioreflejos.com.ar\/2021\/solicitan-interpelar-al-intendente-de-tornquist-por-una-contratacion-en-el-area-de-turismo\/#breadcrumb\"},\"inLanguage\":\"es\",\"potentialAction\":[{\"@type\":\"ReadAction\",\"target\":[\"https:\/\/www.noticiasradioreflejos.com.ar\/2021\/solicitan-interpelar-al-intendente-de-tornquist-por-una-contratacion-en-el-area-de-turismo\/\"]}]},{\"@type\":\"BreadcrumbList\",\"@id\":\"https:\/\/www.noticiasradioreflejos.com.ar\/2021\/solicitan-interpelar-al-intendente-de-tornquist-por-una-contratacion-en-el-area-de-turismo\/#breadcrumb\",\"itemListElement\":[{\"@type\":\"ListItem\",\"position\":1,\"name\":\"Portada\",\"item\":\"https:\/\/www.noticiasradioreflejos.com.ar\/2021\/\"},{\"@type\":\"ListItem\",\"position\":2,\"name\":\"Solicitan interpelar al intendente de Tornquist por una contrataci\u00f3n en el \u00e1rea de turismo.\"}]},{\"@type\":\"WebSite\",\"@id\":\"https:\/\/www.noticiasradioreflejos.com.ar\/2021\/#website\",\"url\":\"https:\/\/www.noticiasradioreflejos.com.ar\/2021\/\",\"name\":\"Noticias Radio Reflejos\",\"description\":\"Las noticias de mi comarca\",\"potentialAction\":[{\"@type\":\"SearchAction\",\"target\":{\"@type\":\"EntryPoint\",\"urlTemplate\":\"https:\/\/www.noticiasradioreflejos.com.ar\/2021\/?s={search_term_string}\"},\"query-input\":{\"@type\":\"PropertyValueSpecification\",\"valueRequired\":true,\"valueName\":\"search_term_string\"}}],\"inLanguage\":\"es\"},{\"@type\":\"Person\",\"@id\":\"https:\/\/www.noticiasradioreflejos.com.ar\/2021\/#\/schema\/person\/ad82545263dcc5ec0996818884fd5fb1\",\"name\":\"Arnaldo Botto\",\"image\":{\"@type\":\"ImageObject\",\"inLanguage\":\"es\",\"@id\":\"https:\/\/www.noticiasradioreflejos.com.ar\/2021\/#\/schema\/person\/image\/\",\"url\":\"https:\/\/secure.gravatar.com\/avatar\/55cb5e37c1efa326397366e6974cb338056df65cb50e7d64d1cf314e87504837?s=96&d=mm&r=g\",\"contentUrl\":\"https:\/\/secure.gravatar.com\/avatar\/55cb5e37c1efa326397366e6974cb338056df65cb50e7d64d1cf314e87504837?s=96&d=mm&r=g\",\"caption\":\"Arnaldo Botto\"},\"url\":\"https:\/\/www.noticiasradioreflejos.com.ar\/2021\/author\/arnaldo\/\"}]}<\/script>\n<!-- \/ Yoast SEO plugin. -->","yoast_head_json":{"title":"Solicitan interpelar al intendente de Tornquist por una contrataci\u00f3n en el \u00e1rea de turismo. - Noticias Radio Reflejos","robots":{"index":"index","follow":"follow","max-snippet":"max-snippet:-1","max-image-preview":"max-image-preview:large","max-video-preview":"max-video-preview:-1"},"canonical":"https:\/\/www.noticiasradioreflejos.com.ar\/2021\/solicitan-interpelar-al-intendente-de-tornquist-por-una-contratacion-en-el-area-de-turismo\/","og_locale":"es_ES","og_type":"article","og_title":"Solicitan interpelar al intendente de Tornquist por una contrataci\u00f3n en el \u00e1rea de turismo. - Noticias Radio Reflejos","og_description":"El bloque opositor pide mediante un proyecto de resoluci\u00f3n a la presidenta del Concejo Deliberante,\u00a0 convocar a Sergio Bordoni intendente del distrito,\u00a0 a dar explicaciones por una supuesta contrataci\u00f3n irregular.","og_url":"https:\/\/www.noticiasradioreflejos.com.ar\/2021\/solicitan-interpelar-al-intendente-de-tornquist-por-una-contratacion-en-el-area-de-turismo\/","og_site_name":"Noticias Radio Reflejos","article_published_time":"2025-05-13T16:21:00+00:00","og_image":[{"width":300,"height":200,"url":"https:\/\/www.noticiasradioreflejos.com.ar\/2021\/wp-content\/uploads\/2021\/07\/logosol300x200.png","type":"image\/png"}],"author":"Arnaldo Botto","twitter_card":"summary_large_image","schema":{"@context":"https:\/\/schema.org","@graph":[{"@type":"WebPage","@id":"https:\/\/www.noticiasradioreflejos.com.ar\/2021\/solicitan-interpelar-al-intendente-de-tornquist-por-una-contratacion-en-el-area-de-turismo\/","url":"https:\/\/www.noticiasradioreflejos.com.ar\/2021\/solicitan-interpelar-al-intendente-de-tornquist-por-una-contratacion-en-el-area-de-turismo\/","name":"Solicitan interpelar al intendente de Tornquist por una contrataci\u00f3n en el \u00e1rea de turismo. - Noticias Radio Reflejos","isPartOf":{"@id":"https:\/\/www.noticiasradioreflejos.com.ar\/2021\/#website"},"datePublished":"2025-05-13T16:21:00+00:00","author":{"@id":"https:\/\/www.noticiasradioreflejos.com.ar\/2021\/#\/schema\/person\/ad82545263dcc5ec0996818884fd5fb1"},"breadcrumb":{"@id":"https:\/\/www.noticiasradioreflejos.com.ar\/2021\/solicitan-interpelar-al-intendente-de-tornquist-por-una-contratacion-en-el-area-de-turismo\/#breadcrumb"},"inLanguage":"es","potentialAction":[{"@type":"ReadAction","target":["https:\/\/www.noticiasradioreflejos.com.ar\/2021\/solicitan-interpelar-al-intendente-de-tornquist-por-una-contratacion-en-el-area-de-turismo\/"]}]},{"@type":"BreadcrumbList","@id":"https:\/\/www.noticiasradioreflejos.com.ar\/2021\/solicitan-interpelar-al-intendente-de-tornquist-por-una-contratacion-en-el-area-de-turismo\/#breadcrumb","itemListElement":[{"@type":"ListItem","position":1,"name":"Portada","item":"https:\/\/www.noticiasradioreflejos.com.ar\/2021\/"},{"@type":"ListItem","position":2,"name":"Solicitan interpelar al intendente de Tornquist por una contrataci\u00f3n en el \u00e1rea de turismo."}]},{"@type":"WebSite","@id":"https:\/\/www.noticiasradioreflejos.com.ar\/2021\/#website","url":"https:\/\/www.noticiasradioreflejos.com.ar\/2021\/","name":"Noticias Radio Reflejos","description":"Las noticias de mi comarca","potentialAction":[{"@type":"SearchAction","target":{"@type":"EntryPoint","urlTemplate":"https:\/\/www.noticiasradioreflejos.com.ar\/2021\/?s={search_term_string}"},"query-input":{"@type":"PropertyValueSpecification","valueRequired":true,"valueName":"search_term_string"}}],"inLanguage":"es"},{"@type":"Person","@id":"https:\/\/www.noticiasradioreflejos.com.ar\/2021\/#\/schema\/person\/ad82545263dcc5ec0996818884fd5fb1","name":"Arnaldo Botto","image":{"@type":"ImageObject","inLanguage":"es","@id":"https:\/\/www.noticiasradioreflejos.com.ar\/2021\/#\/schema\/person\/image\/","url":"https:\/\/secure.gravatar.com\/avatar\/55cb5e37c1efa326397366e6974cb338056df65cb50e7d64d1cf314e87504837?s=96&d=mm&r=g","contentUrl":"https:\/\/secure.gravatar.com\/avatar\/55cb5e37c1efa326397366e6974cb338056df65cb50e7d64d1cf314e87504837?s=96&d=mm&r=g","caption":"Arnaldo Botto"},"url":"https:\/\/www.noticiasradioreflejos.com.ar\/2021\/author\/arnaldo\/"}]}},"_links":{"self":[{"href":"https:\/\/www.noticiasradioreflejos.com.ar\/2021\/wp-json\/wp\/v2\/posts\/117715","targetHints":{"allow":["GET"]}}],"collection":[{"href":"https:\/\/www.noticiasradioreflejos.com.ar\/2021\/wp-json\/wp\/v2\/posts"}],"about":[{"href":"https:\/\/www.noticiasradioreflejos.com.ar\/2021\/wp-json\/wp\/v2\/types\/post"}],"author":[{"embeddable":true,"href":"https:\/\/www.noticiasradioreflejos.com.ar\/2021\/wp-json\/wp\/v2\/users\/3"}],"replies":[{"embeddable":true,"href":"https:\/\/www.noticiasradioreflejos.com.ar\/2021\/wp-json\/wp\/v2\/comments?post=117715"}],"version-history":[{"count":1,"href":"https:\/\/www.noticiasradioreflejos.com.ar\/2021\/wp-json\/wp\/v2\/posts\/117715\/revisions"}],"predecessor-version":[{"id":117800,"href":"https:\/\/www.noticiasradioreflejos.com.ar\/2021\/wp-json\/wp\/v2\/posts\/117715\/revisions\/117800"}],"wp:attachment":[{"href":"https:\/\/www.noticiasradioreflejos.com.ar\/2021\/wp-json\/wp\/v2\/media?parent=117715"}],"wp:term":[{"taxonomy":"category","embeddable":true,"href":"https:\/\/www.noticiasradioreflejos.com.ar\/2021\/wp-json\/wp\/v2\/categories?post=117715"},{"taxonomy":"post_tag","embeddable":true,"href":"https:\/\/www.noticiasradioreflejos.com.ar\/2021\/wp-json\/wp\/v2\/tags?post=117715"}],"curies":[{"name":"wp","href":"https:\/\/api.w.org\/{rel}","templated":true}]}}