{"id":11762,"date":"2017-06-29T08:10:30","date_gmt":"2017-06-29T11:10:30","guid":{"rendered":"http:\/\/www.noticiasradioreflejos.com.ar\/noticias\/?p=11762"},"modified":"2017-06-29T08:10:30","modified_gmt":"2017-06-29T11:10:30","slug":"mirta-petrocini-hay-una-mejora-en-la-propuesta-salarial-del-gobierno-y-ahora-deciden-los-docentes","status":"publish","type":"post","link":"https:\/\/www.noticiasradioreflejos.com.ar\/2021\/mirta-petrocini-hay-una-mejora-en-la-propuesta-salarial-del-gobierno-y-ahora-deciden-los-docentes\/","title":{"rendered":"Mirta Petrocini: \u201cHay una mejora en la propuesta salarial del Gobierno y ahora deciden los docentes&quot;"},"content":{"rendered":"<div id=\"m_-4451148032669461616yui_3_16_0_1_1498699537182_3881\" class=\"m_-4451148032669461616yiv5050122692gmail_default\">\n<div id=\"m_-4451148032669461616yui_3_16_0_1_1498699537182_3880\" class=\"m_-4451148032669461616yiv5050122692MsoNormal\"><span id=\"m_-4451148032669461616yui_3_16_0_1_1498699537182_4044\" lang=\"ES-AR\">La presidente de la FEB, Mirta Petrocini, indic\u00f3 hace instantes que \u201chay una mejora en la propuesta salarial que entreg\u00f3 hoy el Gobierno y vamos a ponerla a consideraci\u00f3n de los docentes para que decidan si es aceptada o no\u201d.<\/span><\/div>\n<\/div>\n<p><!--more--><\/p>\n<div id=\"m_-4451148032669461616yui_3_16_0_1_1498699537182_3881\" class=\"m_-4451148032669461616yiv5050122692gmail_default\">\n<div id=\"m_-4451148032669461616yui_3_16_0_1_1498699537182_4163\" class=\"m_-4451148032669461616yiv5050122692MsoNormal\"><span id=\"m_-4451148032669461616yui_3_16_0_1_1498699537182_4162\" lang=\"ES-AR\">As\u00ed lo se\u00f1al\u00f3 la titular del gremio, quien explic\u00f3 que \u201centre otras cosas, esta nueva oferta implica la inclusi\u00f3n de sumas al b\u00e1sico para que la perciban tambi\u00e9n los jubilados, que es un pedido hist\u00f3rico que venimos haciendo los sindicatos\u201d.<\/span><\/div>\n<div id=\"m_-4451148032669461616yui_3_16_0_1_1498699537182_4165\" class=\"m_-4451148032669461616yiv5050122692MsoNormal\"><span lang=\"ES-AR\">\u00a0<\/span><\/div>\n<div id=\"m_-4451148032669461616yui_3_16_0_1_1498699537182_4166\" class=\"m_-4451148032669461616yiv5050122692MsoNormal\"><span id=\"m_-4451148032669461616yui_3_16_0_1_1498699537182_4172\" lang=\"ES-AR\">En la pr\u00e1ctica, la nueva oferta prev\u00e9:<\/span><\/div>\n<div id=\"m_-4451148032669461616yui_3_16_0_1_1498699537182_4168\" class=\"m_-4451148032669461616yiv5050122692MsoNormal\"><span id=\"m_-4451148032669461616yui_3_16_0_1_1498699537182_4167\" lang=\"ES-AR\">\u00b7<span id=\"m_-4451148032669461616yui_3_16_0_1_1498699537182_4169\">\u00a0\u00a0\u00a0\u00a0\u00a0\u00a0\u00a0 <\/span><\/span><b id=\"m_-4451148032669461616yui_3_16_0_1_1498699537182_4171\"><span id=\"m_-4451148032669461616yui_3_16_0_1_1498699537182_4170\" lang=\"ES-AR\">Incremento salarial \u201cde bolsillo\u201d del<\/span><\/b><span lang=\"ES-AR\"> <b>27,4%<\/b><\/span><\/div>\n<div class=\"m_-4451148032669461616yiv5050122692MsoNormal\"><span lang=\"ES-AR\">\u00b7\u00a0\u00a0\u00a0\u00a0\u00a0\u00a0\u00a0 <\/span><b><span lang=\"ES-AR\">Consolidaci\u00f3n del salario b\u00e1sico 2017 en un 24% <\/span><\/b><span lang=\"ES-AR\">(21,5% m\u00e1s porcentaje de recomposici\u00f3n salarial 2016), que conforma b\u00e1sico y se toma para calcular antig\u00fcedad, plus por ense\u00f1anza, por funci\u00f3n, entre otras.<\/span><\/div>\n<div class=\"m_-4451148032669461616yiv5050122692MsoNormal\"><span lang=\"ES-AR\">\u00b7\u00a0\u00a0\u00a0\u00a0\u00a0\u00a0\u00a0 <\/span><b><span lang=\"ES-AR\">Los anticipos \u201ca cuenta de futuros aumentos\u201d<\/span><\/b><span lang=\"ES-AR\"> pasan a formar parte de la <b>recomposici\u00f3n 2016<\/b>, por lo tanto <b>no se consideran dentro de la pauta 2017.<\/b><\/span><\/div>\n<div class=\"m_-4451148032669461616yiv5050122692MsoNormal\"><span lang=\"ES-AR\">\u00b7\u00a0\u00a0\u00a0\u00a0\u00a0\u00a0\u00a0 <\/span><span lang=\"ES-AR\">Incorporaci\u00f3n de una <b>suma por Material Did\u00e1ctico<\/b>, otorgada por Naci\u00f3n, modalidad FONID (hasta 2 cargos) <b>para el 2017 de $1600<\/b>($800 en agosto y $800 en octubre).<\/span><\/div>\n<div class=\"m_-4451148032669461616yiv5050122692MsoNormal\"><span lang=\"ES-AR\">\u00a0<\/span><\/div>\n<div class=\"m_-4451148032669461616yiv5050122692MsoNormal\"><span lang=\"ES-AR\">La propuesta incluye tambi\u00e9n una actualizaci\u00f3n por \u201ccl\u00e1usula gatillo\u201d si la inflaci\u00f3n supera el 21,5% y el compromiso de reunirse nuevamente en diciembre de 2017.<\/span><\/div>\n<div class=\"m_-4451148032669461616yiv5050122692MsoNormal\"><span lang=\"ES-AR\">\u00a0<\/span><\/div>\n<div class=\"m_-4451148032669461616yiv5050122692MsoNormal\"><span lang=\"ES-AR\">\u201cTodos los c\u00e1lculos para el salario 2017 se realizan sobre la recomposici\u00f3n salarial de 2016 que, luego de numerosos reclamos y jornadas de lucha, fue reconocida por el Gobierno\u201d, se\u00f1al\u00f3 Petrocini y agreg\u00f3 que \u201clogramos que el presentismo no fuera tomado como una variable salarial y que la propuesta no fuera plurianual (intento del Gobierno por cerrar Paritarias 2018-2019)\u201d.<\/span><\/div>\n<div class=\"m_-4451148032669461616yiv5050122692MsoNormal\"><span lang=\"ES-AR\">\u00a0<\/span><\/div>\n<div id=\"m_-4451148032669461616yui_3_16_0_1_1498699537182_4155\" class=\"m_-4451148032669461616yiv5050122692MsoNormal\"><span id=\"m_-4451148032669461616yui_3_16_0_1_1498699537182_4156\" lang=\"ES-AR\">Para la titular del gremio, \u201choy qued\u00f3 demostrado que el dinero estaba pero que hab\u00eda una clara decisi\u00f3n del Gobierno de no recomponer el salario de los docentes. Pasamos el techo del 17% que nos quisieron imponer a comienzos de a\u00f1o y eso es gracias a los meses de lucha y acciones gremiales que llevaron adelante los docentes de la Provincia\u201d.<\/span><\/div>\n<div id=\"m_-4451148032669461616yui_3_16_0_1_1498699537182_4154\" class=\"m_-4451148032669461616yiv5050122692MsoNormal\"><span lang=\"ES-AR\">\u00a0<\/span><\/div>\n<div id=\"m_-4451148032669461616yui_3_16_0_1_1498699537182_4132\" class=\"m_-4451148032669461616yiv5050122692MsoNormal\"><span id=\"m_-4451148032669461616yui_3_16_0_1_1498699537182_4148\" lang=\"ES-AR\">Petrocini asegur\u00f3 que \u201cni estos ni otros n\u00fameros van a tapar ni hacernos olvidar los embates y las agresiones que sufrimos los educadores durante todo este conflicto\u201d y agreg\u00f3 que \u201clos docentes han sido y seguir\u00e1n siendo los verdaderos protagonistas\u201d.<\/span><\/div>\n<div id=\"m_-4451148032669461616yui_3_16_0_1_1498699537182_4131\" class=\"m_-4451148032669461616yiv5050122692MsoNormal\"><span lang=\"ES-AR\">\u00a0<\/span><\/div>\n<div id=\"m_-4451148032669461616yui_3_16_0_1_1498699537182_4108\" class=\"m_-4451148032669461616yiv5050122692MsoNormal\"><span id=\"m_-4451148032669461616yui_3_16_0_1_1498699537182_4107\" lang=\"ES-AR\">\u201cVamos a realizar encuestas en todas las escuelas porque son los docentes los que tienen la \u00faltima palabra. El martes, el Congreso de <span id=\"m_-4451148032669461616yui_3_16_0_1_1498699537182_4133\">la FEB<\/span>definir\u00e1, luego de la consulta provincial, si esta propuesta se acepta o se rechaza\u201d, adelant\u00f3 Petrocini.<\/span><\/div>\n<\/div>\n<div id=\"m_-4451148032669461616yui_3_16_0_1_1498699537182_4109\" class=\"m_-4451148032669461616yiv5050122692gmail_default\"><b>\u00a0<\/b><\/div>\n<div id=\"m_-4451148032669461616yui_3_16_0_1_1498699537182_4087\" dir=\"ltr\"><b id=\"m_-4451148032669461616yui_3_16_0_1_1498699537182_4147\">INFORMA: CENTRO DE EDUCADORES DE TORNQUIST<\/b><\/div>\n","protected":false},"excerpt":{"rendered":"<p>La presidente de la FEB, Mirta Petrocini, indic\u00f3 hace instantes que \u201chay una mejora en la propuesta salarial que entreg\u00f3 hoy el Gobierno y vamos a ponerla a consideraci\u00f3n de los docentes para que decidan si es aceptada o no\u201d.<\/p>\n","protected":false},"author":3,"featured_media":0,"comment_status":"closed","ping_status":"open","sticky":false,"template":"","format":"standard","meta":{"footnotes":""},"categories":[34],"tags":[],"class_list":["post-11762","post","type-post","status-publish","format-standard","hentry","category-educacion"],"yoast_head":"<!-- This site is optimized with the Yoast SEO plugin v25.9 - https:\/\/yoast.com\/wordpress\/plugins\/seo\/ -->\n<title>Mirta Petrocini: \u201cHay una mejora en la propuesta salarial del Gobierno y ahora deciden los docentes&quot; - Noticias Radio Reflejos<\/title>\n<meta name=\"robots\" content=\"index, follow, max-snippet:-1, max-image-preview:large, max-video-preview:-1\" \/>\n<link rel=\"canonical\" href=\"https:\/\/www.noticiasradioreflejos.com.ar\/2021\/mirta-petrocini-hay-una-mejora-en-la-propuesta-salarial-del-gobierno-y-ahora-deciden-los-docentes\/\" \/>\n<meta property=\"og:locale\" content=\"es_ES\" \/>\n<meta property=\"og:type\" content=\"article\" \/>\n<meta property=\"og:title\" content=\"Mirta Petrocini: \u201cHay una mejora en la propuesta salarial del Gobierno y ahora deciden los docentes&quot; - Noticias Radio Reflejos\" \/>\n<meta property=\"og:description\" content=\"La presidente de la FEB, Mirta Petrocini, indic\u00f3 hace instantes que \u201chay una mejora en la propuesta salarial que entreg\u00f3 hoy el Gobierno y vamos a ponerla a consideraci\u00f3n de los docentes para que decidan si es aceptada o no\u201d.\" \/>\n<meta property=\"og:url\" content=\"https:\/\/www.noticiasradioreflejos.com.ar\/2021\/mirta-petrocini-hay-una-mejora-en-la-propuesta-salarial-del-gobierno-y-ahora-deciden-los-docentes\/\" \/>\n<meta property=\"og:site_name\" content=\"Noticias Radio Reflejos\" \/>\n<meta property=\"article:published_time\" content=\"2017-06-29T11:10:30+00:00\" \/>\n<meta property=\"og:image\" content=\"https:\/\/www.noticiasradioreflejos.com.ar\/2021\/wp-content\/uploads\/2021\/07\/logosol300x200.png\" \/>\n\t<meta property=\"og:image:width\" content=\"300\" \/>\n\t<meta property=\"og:image:height\" content=\"200\" \/>\n\t<meta property=\"og:image:type\" content=\"image\/png\" \/>\n<meta name=\"author\" content=\"Arnaldo Botto\" \/>\n<meta name=\"twitter:card\" content=\"summary_large_image\" \/>\n<script type=\"application\/ld+json\" class=\"yoast-schema-graph\">{\"@context\":\"https:\/\/schema.org\",\"@graph\":[{\"@type\":\"WebPage\",\"@id\":\"https:\/\/www.noticiasradioreflejos.com.ar\/2021\/mirta-petrocini-hay-una-mejora-en-la-propuesta-salarial-del-gobierno-y-ahora-deciden-los-docentes\/\",\"url\":\"https:\/\/www.noticiasradioreflejos.com.ar\/2021\/mirta-petrocini-hay-una-mejora-en-la-propuesta-salarial-del-gobierno-y-ahora-deciden-los-docentes\/\",\"name\":\"Mirta Petrocini: \u201cHay una mejora en la propuesta salarial del Gobierno y ahora deciden los docentes&quot; - Noticias Radio Reflejos\",\"isPartOf\":{\"@id\":\"https:\/\/www.noticiasradioreflejos.com.ar\/2021\/#website\"},\"datePublished\":\"2017-06-29T11:10:30+00:00\",\"author\":{\"@id\":\"https:\/\/www.noticiasradioreflejos.com.ar\/2021\/#\/schema\/person\/ad82545263dcc5ec0996818884fd5fb1\"},\"breadcrumb\":{\"@id\":\"https:\/\/www.noticiasradioreflejos.com.ar\/2021\/mirta-petrocini-hay-una-mejora-en-la-propuesta-salarial-del-gobierno-y-ahora-deciden-los-docentes\/#breadcrumb\"},\"inLanguage\":\"es\",\"potentialAction\":[{\"@type\":\"ReadAction\",\"target\":[\"https:\/\/www.noticiasradioreflejos.com.ar\/2021\/mirta-petrocini-hay-una-mejora-en-la-propuesta-salarial-del-gobierno-y-ahora-deciden-los-docentes\/\"]}]},{\"@type\":\"BreadcrumbList\",\"@id\":\"https:\/\/www.noticiasradioreflejos.com.ar\/2021\/mirta-petrocini-hay-una-mejora-en-la-propuesta-salarial-del-gobierno-y-ahora-deciden-los-docentes\/#breadcrumb\",\"itemListElement\":[{\"@type\":\"ListItem\",\"position\":1,\"name\":\"Portada\",\"item\":\"https:\/\/www.noticiasradioreflejos.com.ar\/2021\/\"},{\"@type\":\"ListItem\",\"position\":2,\"name\":\"Mirta Petrocini: \u201cHay una mejora en la propuesta salarial del Gobierno y ahora deciden los docentes&quot;\"}]},{\"@type\":\"WebSite\",\"@id\":\"https:\/\/www.noticiasradioreflejos.com.ar\/2021\/#website\",\"url\":\"https:\/\/www.noticiasradioreflejos.com.ar\/2021\/\",\"name\":\"Noticias Radio Reflejos\",\"description\":\"Las noticias de mi comarca\",\"potentialAction\":[{\"@type\":\"SearchAction\",\"target\":{\"@type\":\"EntryPoint\",\"urlTemplate\":\"https:\/\/www.noticiasradioreflejos.com.ar\/2021\/?s={search_term_string}\"},\"query-input\":{\"@type\":\"PropertyValueSpecification\",\"valueRequired\":true,\"valueName\":\"search_term_string\"}}],\"inLanguage\":\"es\"},{\"@type\":\"Person\",\"@id\":\"https:\/\/www.noticiasradioreflejos.com.ar\/2021\/#\/schema\/person\/ad82545263dcc5ec0996818884fd5fb1\",\"name\":\"Arnaldo Botto\",\"image\":{\"@type\":\"ImageObject\",\"inLanguage\":\"es\",\"@id\":\"https:\/\/www.noticiasradioreflejos.com.ar\/2021\/#\/schema\/person\/image\/\",\"url\":\"https:\/\/secure.gravatar.com\/avatar\/55cb5e37c1efa326397366e6974cb338056df65cb50e7d64d1cf314e87504837?s=96&d=mm&r=g\",\"contentUrl\":\"https:\/\/secure.gravatar.com\/avatar\/55cb5e37c1efa326397366e6974cb338056df65cb50e7d64d1cf314e87504837?s=96&d=mm&r=g\",\"caption\":\"Arnaldo Botto\"},\"url\":\"https:\/\/www.noticiasradioreflejos.com.ar\/2021\/author\/arnaldo\/\"}]}<\/script>\n<!-- \/ Yoast SEO plugin. -->","yoast_head_json":{"title":"Mirta Petrocini: \u201cHay una mejora en la propuesta salarial del Gobierno y ahora deciden los docentes&quot; - Noticias Radio Reflejos","robots":{"index":"index","follow":"follow","max-snippet":"max-snippet:-1","max-image-preview":"max-image-preview:large","max-video-preview":"max-video-preview:-1"},"canonical":"https:\/\/www.noticiasradioreflejos.com.ar\/2021\/mirta-petrocini-hay-una-mejora-en-la-propuesta-salarial-del-gobierno-y-ahora-deciden-los-docentes\/","og_locale":"es_ES","og_type":"article","og_title":"Mirta Petrocini: \u201cHay una mejora en la propuesta salarial del Gobierno y ahora deciden los docentes&quot; - Noticias Radio Reflejos","og_description":"La presidente de la FEB, Mirta Petrocini, indic\u00f3 hace instantes que \u201chay una mejora en la propuesta salarial que entreg\u00f3 hoy el Gobierno y vamos a ponerla a consideraci\u00f3n de los docentes para que decidan si es aceptada o no\u201d.","og_url":"https:\/\/www.noticiasradioreflejos.com.ar\/2021\/mirta-petrocini-hay-una-mejora-en-la-propuesta-salarial-del-gobierno-y-ahora-deciden-los-docentes\/","og_site_name":"Noticias Radio Reflejos","article_published_time":"2017-06-29T11:10:30+00:00","og_image":[{"width":300,"height":200,"url":"https:\/\/www.noticiasradioreflejos.com.ar\/2021\/wp-content\/uploads\/2021\/07\/logosol300x200.png","type":"image\/png"}],"author":"Arnaldo Botto","twitter_card":"summary_large_image","schema":{"@context":"https:\/\/schema.org","@graph":[{"@type":"WebPage","@id":"https:\/\/www.noticiasradioreflejos.com.ar\/2021\/mirta-petrocini-hay-una-mejora-en-la-propuesta-salarial-del-gobierno-y-ahora-deciden-los-docentes\/","url":"https:\/\/www.noticiasradioreflejos.com.ar\/2021\/mirta-petrocini-hay-una-mejora-en-la-propuesta-salarial-del-gobierno-y-ahora-deciden-los-docentes\/","name":"Mirta Petrocini: \u201cHay una mejora en la propuesta salarial del Gobierno y ahora deciden los docentes&quot; - Noticias Radio Reflejos","isPartOf":{"@id":"https:\/\/www.noticiasradioreflejos.com.ar\/2021\/#website"},"datePublished":"2017-06-29T11:10:30+00:00","author":{"@id":"https:\/\/www.noticiasradioreflejos.com.ar\/2021\/#\/schema\/person\/ad82545263dcc5ec0996818884fd5fb1"},"breadcrumb":{"@id":"https:\/\/www.noticiasradioreflejos.com.ar\/2021\/mirta-petrocini-hay-una-mejora-en-la-propuesta-salarial-del-gobierno-y-ahora-deciden-los-docentes\/#breadcrumb"},"inLanguage":"es","potentialAction":[{"@type":"ReadAction","target":["https:\/\/www.noticiasradioreflejos.com.ar\/2021\/mirta-petrocini-hay-una-mejora-en-la-propuesta-salarial-del-gobierno-y-ahora-deciden-los-docentes\/"]}]},{"@type":"BreadcrumbList","@id":"https:\/\/www.noticiasradioreflejos.com.ar\/2021\/mirta-petrocini-hay-una-mejora-en-la-propuesta-salarial-del-gobierno-y-ahora-deciden-los-docentes\/#breadcrumb","itemListElement":[{"@type":"ListItem","position":1,"name":"Portada","item":"https:\/\/www.noticiasradioreflejos.com.ar\/2021\/"},{"@type":"ListItem","position":2,"name":"Mirta Petrocini: \u201cHay una mejora en la propuesta salarial del Gobierno y ahora deciden los docentes&quot;"}]},{"@type":"WebSite","@id":"https:\/\/www.noticiasradioreflejos.com.ar\/2021\/#website","url":"https:\/\/www.noticiasradioreflejos.com.ar\/2021\/","name":"Noticias Radio Reflejos","description":"Las noticias de mi comarca","potentialAction":[{"@type":"SearchAction","target":{"@type":"EntryPoint","urlTemplate":"https:\/\/www.noticiasradioreflejos.com.ar\/2021\/?s={search_term_string}"},"query-input":{"@type":"PropertyValueSpecification","valueRequired":true,"valueName":"search_term_string"}}],"inLanguage":"es"},{"@type":"Person","@id":"https:\/\/www.noticiasradioreflejos.com.ar\/2021\/#\/schema\/person\/ad82545263dcc5ec0996818884fd5fb1","name":"Arnaldo Botto","image":{"@type":"ImageObject","inLanguage":"es","@id":"https:\/\/www.noticiasradioreflejos.com.ar\/2021\/#\/schema\/person\/image\/","url":"https:\/\/secure.gravatar.com\/avatar\/55cb5e37c1efa326397366e6974cb338056df65cb50e7d64d1cf314e87504837?s=96&d=mm&r=g","contentUrl":"https:\/\/secure.gravatar.com\/avatar\/55cb5e37c1efa326397366e6974cb338056df65cb50e7d64d1cf314e87504837?s=96&d=mm&r=g","caption":"Arnaldo Botto"},"url":"https:\/\/www.noticiasradioreflejos.com.ar\/2021\/author\/arnaldo\/"}]}},"_links":{"self":[{"href":"https:\/\/www.noticiasradioreflejos.com.ar\/2021\/wp-json\/wp\/v2\/posts\/11762","targetHints":{"allow":["GET"]}}],"collection":[{"href":"https:\/\/www.noticiasradioreflejos.com.ar\/2021\/wp-json\/wp\/v2\/posts"}],"about":[{"href":"https:\/\/www.noticiasradioreflejos.com.ar\/2021\/wp-json\/wp\/v2\/types\/post"}],"author":[{"embeddable":true,"href":"https:\/\/www.noticiasradioreflejos.com.ar\/2021\/wp-json\/wp\/v2\/users\/3"}],"replies":[{"embeddable":true,"href":"https:\/\/www.noticiasradioreflejos.com.ar\/2021\/wp-json\/wp\/v2\/comments?post=11762"}],"version-history":[{"count":0,"href":"https:\/\/www.noticiasradioreflejos.com.ar\/2021\/wp-json\/wp\/v2\/posts\/11762\/revisions"}],"wp:attachment":[{"href":"https:\/\/www.noticiasradioreflejos.com.ar\/2021\/wp-json\/wp\/v2\/media?parent=11762"}],"wp:term":[{"taxonomy":"category","embeddable":true,"href":"https:\/\/www.noticiasradioreflejos.com.ar\/2021\/wp-json\/wp\/v2\/categories?post=11762"},{"taxonomy":"post_tag","embeddable":true,"href":"https:\/\/www.noticiasradioreflejos.com.ar\/2021\/wp-json\/wp\/v2\/tags?post=11762"}],"curies":[{"name":"wp","href":"https:\/\/api.w.org\/{rel}","templated":true}]}}