{"id":11751,"date":"2017-06-28T13:24:01","date_gmt":"2017-06-28T16:24:01","guid":{"rendered":"http:\/\/www.noticiasradioreflejos.com.ar\/noticias\/?p=11751"},"modified":"2017-06-28T13:24:01","modified_gmt":"2017-06-28T16:24:01","slug":"el-tren-del-programa-el-estado-en-tu-barrio-esta-en-tornquist","status":"publish","type":"post","link":"https:\/\/www.noticiasradioreflejos.com.ar\/2021\/el-tren-del-programa-el-estado-en-tu-barrio-esta-en-tornquist\/","title":{"rendered":"El tren del programa \u201cEl Estado en tu Barrio\u201d est\u00e1 en Tornquist"},"content":{"rendered":"<p><a title=\"tren\" href=\"http:\/\/farm5.staticflickr.com\/4278\/35461504381_3d1cb09d0f.jpg\" rel=\"\"><img loading=\"lazy\" decoding=\"async\" class=\"alignleft\" style=\"float: left;\" title=\"tren\" src=\"http:\/\/farm5.staticflickr.com\/4278\/35461504381_3d1cb09d0f.jpg\" alt=\"tren\" width=\"500\" height=\"333\" \/><\/a>Ya est\u00e1 en la estaci\u00f3n del ferrocarril el Tren del Ministerio de Desarrollo Social de la Naci\u00f3n.<br \/>\nDurante su estad\u00eda los vecinos podr\u00e1n realizar tr\u00e1mites sin intermediarios, acceder a servicios y recibir atenci\u00f3n m\u00e9dica.<!--more--><br \/>\nLos tr\u00e1mites que se pueden realizar son: gestionar el DNI, partidas de nacimiento y asesorarse sobre jubilaciones y pensiones, asignaci\u00f3n Universal por Hijo, prestaci\u00f3n por desempleo, Programa Hogar, microcr\u00e9ditos; adem\u00e1s podr\u00e1n recibir asesoramiento legal y certificado de antecedentes penales, entre otros. Asesoramiento sobre tr\u00e1mites vinculados a ANSES y PAMI.<br \/>\nLas especialidades m\u00e9dicas que se brindan son: medicina general, ginecolog\u00eda, obstetricia y pediatr\u00eda. El Tren cuenta con laboratorio de an\u00e1lisis cl\u00ednicos, farmacia, rayos y mamograf\u00eda.<br \/>\nTambi\u00e9n se puede participar de talleres sobre salud sexual y reproductiva, violencia de g\u00e9nero y disfrutar en familia de actividades recreativas.<br \/>\nPara recibir atenci\u00f3n los interesados deber\u00e1n sacar turno de 8.00 a 8.30 y de 15.00 a 15.30, por orden de llegada.<br \/>\nSe recuerda que la formaci\u00f3n estar\u00e1 hasta el pr\u00f3ximo s\u00e1bado 1, en el horario de 8.30 a 12.30 y de 15.30 hasta las 18, excepto el s\u00e1bado, en donde la atenci\u00f3n ser\u00e1 de 8 a 12 hs.<br \/>\n<a title=\"tren5\" href=\"http:\/\/farm5.staticflickr.com\/4215\/35461505391_cc0b556855_z.jpg\" rel=\"\"><img loading=\"lazy\" decoding=\"async\" class=\"aligncenter\" title=\"tren5\" src=\"http:\/\/farm5.staticflickr.com\/4215\/35461505391_cc0b556855_z.jpg\" alt=\"tren5\" width=\"640\" height=\"427\" \/><\/a><\/p>\n","protected":false},"excerpt":{"rendered":"<p>Ya est\u00e1 en la estaci\u00f3n del ferrocarril el Tren del Ministerio de Desarrollo Social de la Naci\u00f3n. Durante su estad\u00eda los vecinos podr\u00e1n realizar tr\u00e1mites sin intermediarios, acceder a servicios y recibir atenci\u00f3n m\u00e9dica.<\/p>\n","protected":false},"author":3,"featured_media":0,"comment_status":"closed","ping_status":"open","sticky":false,"template":"","format":"standard","meta":{"footnotes":""},"categories":[28],"tags":[],"class_list":["post-11751","post","type-post","status-publish","format-standard","hentry","category-municipales"],"yoast_head":"<!-- This site is optimized with the Yoast SEO plugin v25.9 - https:\/\/yoast.com\/wordpress\/plugins\/seo\/ -->\n<title>El tren del programa \u201cEl Estado en tu Barrio\u201d est\u00e1 en Tornquist - Noticias Radio Reflejos<\/title>\n<meta name=\"robots\" content=\"index, follow, max-snippet:-1, max-image-preview:large, max-video-preview:-1\" \/>\n<link rel=\"canonical\" href=\"https:\/\/www.noticiasradioreflejos.com.ar\/2021\/el-tren-del-programa-el-estado-en-tu-barrio-esta-en-tornquist\/\" \/>\n<meta property=\"og:locale\" content=\"es_ES\" \/>\n<meta property=\"og:type\" content=\"article\" \/>\n<meta property=\"og:title\" content=\"El tren del programa \u201cEl Estado en tu Barrio\u201d est\u00e1 en Tornquist - Noticias Radio Reflejos\" \/>\n<meta property=\"og:description\" content=\"Ya est\u00e1 en la estaci\u00f3n del ferrocarril el Tren del Ministerio de Desarrollo Social de la Naci\u00f3n. Durante su estad\u00eda los vecinos podr\u00e1n realizar tr\u00e1mites sin intermediarios, acceder a servicios y recibir atenci\u00f3n m\u00e9dica.\" \/>\n<meta property=\"og:url\" content=\"https:\/\/www.noticiasradioreflejos.com.ar\/2021\/el-tren-del-programa-el-estado-en-tu-barrio-esta-en-tornquist\/\" \/>\n<meta property=\"og:site_name\" content=\"Noticias Radio Reflejos\" \/>\n<meta property=\"article:published_time\" content=\"2017-06-28T16:24:01+00:00\" \/>\n<meta property=\"og:image\" content=\"http:\/\/farm5.staticflickr.com\/4278\/35461504381_3d1cb09d0f.jpg\" \/>\n<meta name=\"author\" content=\"Arnaldo Botto\" \/>\n<meta name=\"twitter:card\" content=\"summary_large_image\" \/>\n<script type=\"application\/ld+json\" class=\"yoast-schema-graph\">{\"@context\":\"https:\/\/schema.org\",\"@graph\":[{\"@type\":\"WebPage\",\"@id\":\"https:\/\/www.noticiasradioreflejos.com.ar\/2021\/el-tren-del-programa-el-estado-en-tu-barrio-esta-en-tornquist\/\",\"url\":\"https:\/\/www.noticiasradioreflejos.com.ar\/2021\/el-tren-del-programa-el-estado-en-tu-barrio-esta-en-tornquist\/\",\"name\":\"El tren del programa \u201cEl Estado en tu Barrio\u201d est\u00e1 en Tornquist - Noticias Radio Reflejos\",\"isPartOf\":{\"@id\":\"https:\/\/www.noticiasradioreflejos.com.ar\/2021\/#website\"},\"primaryImageOfPage\":{\"@id\":\"https:\/\/www.noticiasradioreflejos.com.ar\/2021\/el-tren-del-programa-el-estado-en-tu-barrio-esta-en-tornquist\/#primaryimage\"},\"image\":{\"@id\":\"https:\/\/www.noticiasradioreflejos.com.ar\/2021\/el-tren-del-programa-el-estado-en-tu-barrio-esta-en-tornquist\/#primaryimage\"},\"thumbnailUrl\":\"http:\/\/farm5.staticflickr.com\/4278\/35461504381_3d1cb09d0f.jpg\",\"datePublished\":\"2017-06-28T16:24:01+00:00\",\"author\":{\"@id\":\"https:\/\/www.noticiasradioreflejos.com.ar\/2021\/#\/schema\/person\/ad82545263dcc5ec0996818884fd5fb1\"},\"breadcrumb\":{\"@id\":\"https:\/\/www.noticiasradioreflejos.com.ar\/2021\/el-tren-del-programa-el-estado-en-tu-barrio-esta-en-tornquist\/#breadcrumb\"},\"inLanguage\":\"es\",\"potentialAction\":[{\"@type\":\"ReadAction\",\"target\":[\"https:\/\/www.noticiasradioreflejos.com.ar\/2021\/el-tren-del-programa-el-estado-en-tu-barrio-esta-en-tornquist\/\"]}]},{\"@type\":\"ImageObject\",\"inLanguage\":\"es\",\"@id\":\"https:\/\/www.noticiasradioreflejos.com.ar\/2021\/el-tren-del-programa-el-estado-en-tu-barrio-esta-en-tornquist\/#primaryimage\",\"url\":\"http:\/\/farm5.staticflickr.com\/4278\/35461504381_3d1cb09d0f.jpg\",\"contentUrl\":\"http:\/\/farm5.staticflickr.com\/4278\/35461504381_3d1cb09d0f.jpg\"},{\"@type\":\"BreadcrumbList\",\"@id\":\"https:\/\/www.noticiasradioreflejos.com.ar\/2021\/el-tren-del-programa-el-estado-en-tu-barrio-esta-en-tornquist\/#breadcrumb\",\"itemListElement\":[{\"@type\":\"ListItem\",\"position\":1,\"name\":\"Portada\",\"item\":\"https:\/\/www.noticiasradioreflejos.com.ar\/2021\/\"},{\"@type\":\"ListItem\",\"position\":2,\"name\":\"El tren del programa \u201cEl Estado en tu Barrio\u201d est\u00e1 en Tornquist\"}]},{\"@type\":\"WebSite\",\"@id\":\"https:\/\/www.noticiasradioreflejos.com.ar\/2021\/#website\",\"url\":\"https:\/\/www.noticiasradioreflejos.com.ar\/2021\/\",\"name\":\"Noticias Radio Reflejos\",\"description\":\"Las noticias de mi comarca\",\"potentialAction\":[{\"@type\":\"SearchAction\",\"target\":{\"@type\":\"EntryPoint\",\"urlTemplate\":\"https:\/\/www.noticiasradioreflejos.com.ar\/2021\/?s={search_term_string}\"},\"query-input\":{\"@type\":\"PropertyValueSpecification\",\"valueRequired\":true,\"valueName\":\"search_term_string\"}}],\"inLanguage\":\"es\"},{\"@type\":\"Person\",\"@id\":\"https:\/\/www.noticiasradioreflejos.com.ar\/2021\/#\/schema\/person\/ad82545263dcc5ec0996818884fd5fb1\",\"name\":\"Arnaldo Botto\",\"image\":{\"@type\":\"ImageObject\",\"inLanguage\":\"es\",\"@id\":\"https:\/\/www.noticiasradioreflejos.com.ar\/2021\/#\/schema\/person\/image\/\",\"url\":\"https:\/\/secure.gravatar.com\/avatar\/55cb5e37c1efa326397366e6974cb338056df65cb50e7d64d1cf314e87504837?s=96&d=mm&r=g\",\"contentUrl\":\"https:\/\/secure.gravatar.com\/avatar\/55cb5e37c1efa326397366e6974cb338056df65cb50e7d64d1cf314e87504837?s=96&d=mm&r=g\",\"caption\":\"Arnaldo Botto\"},\"url\":\"https:\/\/www.noticiasradioreflejos.com.ar\/2021\/author\/arnaldo\/\"}]}<\/script>\n<!-- \/ Yoast SEO plugin. -->","yoast_head_json":{"title":"El tren del programa \u201cEl Estado en tu Barrio\u201d est\u00e1 en Tornquist - Noticias Radio Reflejos","robots":{"index":"index","follow":"follow","max-snippet":"max-snippet:-1","max-image-preview":"max-image-preview:large","max-video-preview":"max-video-preview:-1"},"canonical":"https:\/\/www.noticiasradioreflejos.com.ar\/2021\/el-tren-del-programa-el-estado-en-tu-barrio-esta-en-tornquist\/","og_locale":"es_ES","og_type":"article","og_title":"El tren del programa \u201cEl Estado en tu Barrio\u201d est\u00e1 en Tornquist - Noticias Radio Reflejos","og_description":"Ya est\u00e1 en la estaci\u00f3n del ferrocarril el Tren del Ministerio de Desarrollo Social de la Naci\u00f3n. Durante su estad\u00eda los vecinos podr\u00e1n realizar tr\u00e1mites sin intermediarios, acceder a servicios y recibir atenci\u00f3n m\u00e9dica.","og_url":"https:\/\/www.noticiasradioreflejos.com.ar\/2021\/el-tren-del-programa-el-estado-en-tu-barrio-esta-en-tornquist\/","og_site_name":"Noticias Radio Reflejos","article_published_time":"2017-06-28T16:24:01+00:00","og_image":[{"url":"http:\/\/farm5.staticflickr.com\/4278\/35461504381_3d1cb09d0f.jpg","type":"","width":"","height":""}],"author":"Arnaldo Botto","twitter_card":"summary_large_image","schema":{"@context":"https:\/\/schema.org","@graph":[{"@type":"WebPage","@id":"https:\/\/www.noticiasradioreflejos.com.ar\/2021\/el-tren-del-programa-el-estado-en-tu-barrio-esta-en-tornquist\/","url":"https:\/\/www.noticiasradioreflejos.com.ar\/2021\/el-tren-del-programa-el-estado-en-tu-barrio-esta-en-tornquist\/","name":"El tren del programa \u201cEl Estado en tu Barrio\u201d est\u00e1 en Tornquist - Noticias Radio Reflejos","isPartOf":{"@id":"https:\/\/www.noticiasradioreflejos.com.ar\/2021\/#website"},"primaryImageOfPage":{"@id":"https:\/\/www.noticiasradioreflejos.com.ar\/2021\/el-tren-del-programa-el-estado-en-tu-barrio-esta-en-tornquist\/#primaryimage"},"image":{"@id":"https:\/\/www.noticiasradioreflejos.com.ar\/2021\/el-tren-del-programa-el-estado-en-tu-barrio-esta-en-tornquist\/#primaryimage"},"thumbnailUrl":"http:\/\/farm5.staticflickr.com\/4278\/35461504381_3d1cb09d0f.jpg","datePublished":"2017-06-28T16:24:01+00:00","author":{"@id":"https:\/\/www.noticiasradioreflejos.com.ar\/2021\/#\/schema\/person\/ad82545263dcc5ec0996818884fd5fb1"},"breadcrumb":{"@id":"https:\/\/www.noticiasradioreflejos.com.ar\/2021\/el-tren-del-programa-el-estado-en-tu-barrio-esta-en-tornquist\/#breadcrumb"},"inLanguage":"es","potentialAction":[{"@type":"ReadAction","target":["https:\/\/www.noticiasradioreflejos.com.ar\/2021\/el-tren-del-programa-el-estado-en-tu-barrio-esta-en-tornquist\/"]}]},{"@type":"ImageObject","inLanguage":"es","@id":"https:\/\/www.noticiasradioreflejos.com.ar\/2021\/el-tren-del-programa-el-estado-en-tu-barrio-esta-en-tornquist\/#primaryimage","url":"http:\/\/farm5.staticflickr.com\/4278\/35461504381_3d1cb09d0f.jpg","contentUrl":"http:\/\/farm5.staticflickr.com\/4278\/35461504381_3d1cb09d0f.jpg"},{"@type":"BreadcrumbList","@id":"https:\/\/www.noticiasradioreflejos.com.ar\/2021\/el-tren-del-programa-el-estado-en-tu-barrio-esta-en-tornquist\/#breadcrumb","itemListElement":[{"@type":"ListItem","position":1,"name":"Portada","item":"https:\/\/www.noticiasradioreflejos.com.ar\/2021\/"},{"@type":"ListItem","position":2,"name":"El tren del programa \u201cEl Estado en tu Barrio\u201d est\u00e1 en Tornquist"}]},{"@type":"WebSite","@id":"https:\/\/www.noticiasradioreflejos.com.ar\/2021\/#website","url":"https:\/\/www.noticiasradioreflejos.com.ar\/2021\/","name":"Noticias Radio Reflejos","description":"Las noticias de mi comarca","potentialAction":[{"@type":"SearchAction","target":{"@type":"EntryPoint","urlTemplate":"https:\/\/www.noticiasradioreflejos.com.ar\/2021\/?s={search_term_string}"},"query-input":{"@type":"PropertyValueSpecification","valueRequired":true,"valueName":"search_term_string"}}],"inLanguage":"es"},{"@type":"Person","@id":"https:\/\/www.noticiasradioreflejos.com.ar\/2021\/#\/schema\/person\/ad82545263dcc5ec0996818884fd5fb1","name":"Arnaldo Botto","image":{"@type":"ImageObject","inLanguage":"es","@id":"https:\/\/www.noticiasradioreflejos.com.ar\/2021\/#\/schema\/person\/image\/","url":"https:\/\/secure.gravatar.com\/avatar\/55cb5e37c1efa326397366e6974cb338056df65cb50e7d64d1cf314e87504837?s=96&d=mm&r=g","contentUrl":"https:\/\/secure.gravatar.com\/avatar\/55cb5e37c1efa326397366e6974cb338056df65cb50e7d64d1cf314e87504837?s=96&d=mm&r=g","caption":"Arnaldo Botto"},"url":"https:\/\/www.noticiasradioreflejos.com.ar\/2021\/author\/arnaldo\/"}]}},"_links":{"self":[{"href":"https:\/\/www.noticiasradioreflejos.com.ar\/2021\/wp-json\/wp\/v2\/posts\/11751","targetHints":{"allow":["GET"]}}],"collection":[{"href":"https:\/\/www.noticiasradioreflejos.com.ar\/2021\/wp-json\/wp\/v2\/posts"}],"about":[{"href":"https:\/\/www.noticiasradioreflejos.com.ar\/2021\/wp-json\/wp\/v2\/types\/post"}],"author":[{"embeddable":true,"href":"https:\/\/www.noticiasradioreflejos.com.ar\/2021\/wp-json\/wp\/v2\/users\/3"}],"replies":[{"embeddable":true,"href":"https:\/\/www.noticiasradioreflejos.com.ar\/2021\/wp-json\/wp\/v2\/comments?post=11751"}],"version-history":[{"count":0,"href":"https:\/\/www.noticiasradioreflejos.com.ar\/2021\/wp-json\/wp\/v2\/posts\/11751\/revisions"}],"wp:attachment":[{"href":"https:\/\/www.noticiasradioreflejos.com.ar\/2021\/wp-json\/wp\/v2\/media?parent=11751"}],"wp:term":[{"taxonomy":"category","embeddable":true,"href":"https:\/\/www.noticiasradioreflejos.com.ar\/2021\/wp-json\/wp\/v2\/categories?post=11751"},{"taxonomy":"post_tag","embeddable":true,"href":"https:\/\/www.noticiasradioreflejos.com.ar\/2021\/wp-json\/wp\/v2\/tags?post=11751"}],"curies":[{"name":"wp","href":"https:\/\/api.w.org\/{rel}","templated":true}]}}