{"id":11667,"date":"2017-06-26T17:25:33","date_gmt":"2017-06-26T20:25:33","guid":{"rendered":"http:\/\/www.noticiasradioreflejos.com.ar\/noticias\/?p=11667"},"modified":"2017-06-26T17:25:33","modified_gmt":"2017-06-26T20:25:33","slug":"la-provincia-de-buenos-aires-decreto-duelo-por-tres-dias-para-asistir-a-las-victimas-del-accidente-en-mendoza","status":"publish","type":"post","link":"https:\/\/www.noticiasradioreflejos.com.ar\/2021\/la-provincia-de-buenos-aires-decreto-duelo-por-tres-dias-para-asistir-a-las-victimas-del-accidente-en-mendoza\/","title":{"rendered":"La provincia de Buenos Aires decret\u00f3 duelo por tres d\u00edas  para asistir a las v\u00edctimas del accidente en Mendoza"},"content":{"rendered":"<p>El gobierno de la provincia de Buenos Aires decret\u00f3 hoy tres d\u00edas de duelo para homenajear a las v\u00edctimas fatales del accidente de tr\u00e1nsito ocurrido ayer en la localidad mendocina de San Rafael, y activ\u00f3 el Sistema de Emergencias para asistir a los heridos y familiares de los fallecidos en el tr\u00e1gico hecho.<!--more--><br \/>\nEsta ma\u00f1ana, la gobernadora Mar\u00eda Eugenia Vidal firm\u00f3 un decreto para \u201cdeclarar duelo en el \u00e1mbito de la Administraci\u00f3n P\u00fablica provincial, por el plazo de tres d\u00edas a partir de la fecha\u201d, en recuerdo de los fallecidos, en su mayor\u00eda estudiantes de la academia Soul Dance Studio de la localidad bonaerense de Grand Bourg, partido de Malvinas Argentinas.<br \/>\nEl decreto establece que \u201cdurante el duelo, la bandera de la provincia de Buenos Aires permanecer\u00e1 izada a media asta en todos los edificios de la Administraci\u00f3n P\u00fablica Provincial\u201d.<br \/>\nEn tanto, un equipo de m\u00e9dicos y psic\u00f3logos del Sistema Integrado de Emergencias Sanitarias (SIES) viaj\u00f3 anoche a Mendoza para trabajar en coordinaci\u00f3n con profesionales de la Naci\u00f3n, la provincia de Mendoza y el municipio donde se produjo el accidente, y tambi\u00e9n acompa\u00f1ar a los familiares de las v\u00edctimas.<br \/>\nLos especialistas se trasladaron junto al director de Emergencias de la provincia, Fernando Bones, quien coordinar\u00e1 con la Naci\u00f3n el traslado sanitario de las v\u00edctimas y los cuerpos de los fallecidos.<br \/>\nParalelamente, la Direcci\u00f3n de Educaci\u00f3n Privada y Psicolog\u00eda de la Direcci\u00f3n General de Escuelas dispuso equipos de emergencias para actuar en las escuelas primarias y secundarias a las que concurr\u00edan como alumnos las v\u00edctimas del accidente.<br \/>\nDel operativo particip\u00f3 tambi\u00e9n personal de Emergencia Social, Defensa Civil y Gesti\u00f3n de Riesgo y Emergencias.<\/p>\n","protected":false},"excerpt":{"rendered":"<p>El gobierno de la provincia de Buenos Aires decret\u00f3 hoy tres d\u00edas de duelo para homenajear a las v\u00edctimas fatales del accidente de tr\u00e1nsito ocurrido ayer en la localidad mendocina de San Rafael, y activ\u00f3 el Sistema de Emergencias para asistir a los heridos y familiares de los fallecidos en el tr\u00e1gico hecho.<\/p>\n","protected":false},"author":3,"featured_media":0,"comment_status":"closed","ping_status":"open","sticky":false,"template":"","format":"standard","meta":{"footnotes":""},"categories":[26],"tags":[],"class_list":["post-11667","post","type-post","status-publish","format-standard","hentry","category-sociedad"],"yoast_head":"<!-- This site is optimized with the Yoast SEO plugin v25.9 - https:\/\/yoast.com\/wordpress\/plugins\/seo\/ -->\n<title>La provincia de Buenos Aires decret\u00f3 duelo por tres d\u00edas para asistir a las v\u00edctimas del accidente en Mendoza - Noticias Radio Reflejos<\/title>\n<meta name=\"robots\" content=\"index, follow, max-snippet:-1, max-image-preview:large, max-video-preview:-1\" \/>\n<link rel=\"canonical\" href=\"https:\/\/www.noticiasradioreflejos.com.ar\/2021\/la-provincia-de-buenos-aires-decreto-duelo-por-tres-dias-para-asistir-a-las-victimas-del-accidente-en-mendoza\/\" \/>\n<meta property=\"og:locale\" content=\"es_ES\" \/>\n<meta property=\"og:type\" content=\"article\" \/>\n<meta property=\"og:title\" content=\"La provincia de Buenos Aires decret\u00f3 duelo por tres d\u00edas para asistir a las v\u00edctimas del accidente en Mendoza - Noticias Radio Reflejos\" \/>\n<meta property=\"og:description\" content=\"El gobierno de la provincia de Buenos Aires decret\u00f3 hoy tres d\u00edas de duelo para homenajear a las v\u00edctimas fatales del accidente de tr\u00e1nsito ocurrido ayer en la localidad mendocina de San Rafael, y activ\u00f3 el Sistema de Emergencias para asistir a los heridos y familiares de los fallecidos en el tr\u00e1gico hecho.\" \/>\n<meta property=\"og:url\" content=\"https:\/\/www.noticiasradioreflejos.com.ar\/2021\/la-provincia-de-buenos-aires-decreto-duelo-por-tres-dias-para-asistir-a-las-victimas-del-accidente-en-mendoza\/\" \/>\n<meta property=\"og:site_name\" content=\"Noticias Radio Reflejos\" \/>\n<meta property=\"article:published_time\" content=\"2017-06-26T20:25:33+00:00\" \/>\n<meta property=\"og:image\" content=\"https:\/\/www.noticiasradioreflejos.com.ar\/2021\/wp-content\/uploads\/2021\/07\/logosol300x200.png\" \/>\n\t<meta property=\"og:image:width\" content=\"300\" \/>\n\t<meta property=\"og:image:height\" content=\"200\" \/>\n\t<meta property=\"og:image:type\" content=\"image\/png\" \/>\n<meta name=\"author\" content=\"Arnaldo Botto\" \/>\n<meta name=\"twitter:card\" content=\"summary_large_image\" \/>\n<script type=\"application\/ld+json\" class=\"yoast-schema-graph\">{\"@context\":\"https:\/\/schema.org\",\"@graph\":[{\"@type\":\"WebPage\",\"@id\":\"https:\/\/www.noticiasradioreflejos.com.ar\/2021\/la-provincia-de-buenos-aires-decreto-duelo-por-tres-dias-para-asistir-a-las-victimas-del-accidente-en-mendoza\/\",\"url\":\"https:\/\/www.noticiasradioreflejos.com.ar\/2021\/la-provincia-de-buenos-aires-decreto-duelo-por-tres-dias-para-asistir-a-las-victimas-del-accidente-en-mendoza\/\",\"name\":\"La provincia de Buenos Aires decret\u00f3 duelo por tres d\u00edas para asistir a las v\u00edctimas del accidente en Mendoza - Noticias Radio Reflejos\",\"isPartOf\":{\"@id\":\"https:\/\/www.noticiasradioreflejos.com.ar\/2021\/#website\"},\"datePublished\":\"2017-06-26T20:25:33+00:00\",\"author\":{\"@id\":\"https:\/\/www.noticiasradioreflejos.com.ar\/2021\/#\/schema\/person\/ad82545263dcc5ec0996818884fd5fb1\"},\"breadcrumb\":{\"@id\":\"https:\/\/www.noticiasradioreflejos.com.ar\/2021\/la-provincia-de-buenos-aires-decreto-duelo-por-tres-dias-para-asistir-a-las-victimas-del-accidente-en-mendoza\/#breadcrumb\"},\"inLanguage\":\"es\",\"potentialAction\":[{\"@type\":\"ReadAction\",\"target\":[\"https:\/\/www.noticiasradioreflejos.com.ar\/2021\/la-provincia-de-buenos-aires-decreto-duelo-por-tres-dias-para-asistir-a-las-victimas-del-accidente-en-mendoza\/\"]}]},{\"@type\":\"BreadcrumbList\",\"@id\":\"https:\/\/www.noticiasradioreflejos.com.ar\/2021\/la-provincia-de-buenos-aires-decreto-duelo-por-tres-dias-para-asistir-a-las-victimas-del-accidente-en-mendoza\/#breadcrumb\",\"itemListElement\":[{\"@type\":\"ListItem\",\"position\":1,\"name\":\"Portada\",\"item\":\"https:\/\/www.noticiasradioreflejos.com.ar\/2021\/\"},{\"@type\":\"ListItem\",\"position\":2,\"name\":\"La provincia de Buenos Aires decret\u00f3 duelo por tres d\u00edas para asistir a las v\u00edctimas del accidente en Mendoza\"}]},{\"@type\":\"WebSite\",\"@id\":\"https:\/\/www.noticiasradioreflejos.com.ar\/2021\/#website\",\"url\":\"https:\/\/www.noticiasradioreflejos.com.ar\/2021\/\",\"name\":\"Noticias Radio Reflejos\",\"description\":\"Las noticias de mi comarca\",\"potentialAction\":[{\"@type\":\"SearchAction\",\"target\":{\"@type\":\"EntryPoint\",\"urlTemplate\":\"https:\/\/www.noticiasradioreflejos.com.ar\/2021\/?s={search_term_string}\"},\"query-input\":{\"@type\":\"PropertyValueSpecification\",\"valueRequired\":true,\"valueName\":\"search_term_string\"}}],\"inLanguage\":\"es\"},{\"@type\":\"Person\",\"@id\":\"https:\/\/www.noticiasradioreflejos.com.ar\/2021\/#\/schema\/person\/ad82545263dcc5ec0996818884fd5fb1\",\"name\":\"Arnaldo Botto\",\"image\":{\"@type\":\"ImageObject\",\"inLanguage\":\"es\",\"@id\":\"https:\/\/www.noticiasradioreflejos.com.ar\/2021\/#\/schema\/person\/image\/\",\"url\":\"https:\/\/secure.gravatar.com\/avatar\/55cb5e37c1efa326397366e6974cb338056df65cb50e7d64d1cf314e87504837?s=96&d=mm&r=g\",\"contentUrl\":\"https:\/\/secure.gravatar.com\/avatar\/55cb5e37c1efa326397366e6974cb338056df65cb50e7d64d1cf314e87504837?s=96&d=mm&r=g\",\"caption\":\"Arnaldo Botto\"},\"url\":\"https:\/\/www.noticiasradioreflejos.com.ar\/2021\/author\/arnaldo\/\"}]}<\/script>\n<!-- \/ Yoast SEO plugin. -->","yoast_head_json":{"title":"La provincia de Buenos Aires decret\u00f3 duelo por tres d\u00edas para asistir a las v\u00edctimas del accidente en Mendoza - Noticias Radio Reflejos","robots":{"index":"index","follow":"follow","max-snippet":"max-snippet:-1","max-image-preview":"max-image-preview:large","max-video-preview":"max-video-preview:-1"},"canonical":"https:\/\/www.noticiasradioreflejos.com.ar\/2021\/la-provincia-de-buenos-aires-decreto-duelo-por-tres-dias-para-asistir-a-las-victimas-del-accidente-en-mendoza\/","og_locale":"es_ES","og_type":"article","og_title":"La provincia de Buenos Aires decret\u00f3 duelo por tres d\u00edas para asistir a las v\u00edctimas del accidente en Mendoza - Noticias Radio Reflejos","og_description":"El gobierno de la provincia de Buenos Aires decret\u00f3 hoy tres d\u00edas de duelo para homenajear a las v\u00edctimas fatales del accidente de tr\u00e1nsito ocurrido ayer en la localidad mendocina de San Rafael, y activ\u00f3 el Sistema de Emergencias para asistir a los heridos y familiares de los fallecidos en el tr\u00e1gico hecho.","og_url":"https:\/\/www.noticiasradioreflejos.com.ar\/2021\/la-provincia-de-buenos-aires-decreto-duelo-por-tres-dias-para-asistir-a-las-victimas-del-accidente-en-mendoza\/","og_site_name":"Noticias Radio Reflejos","article_published_time":"2017-06-26T20:25:33+00:00","og_image":[{"width":300,"height":200,"url":"https:\/\/www.noticiasradioreflejos.com.ar\/2021\/wp-content\/uploads\/2021\/07\/logosol300x200.png","type":"image\/png"}],"author":"Arnaldo Botto","twitter_card":"summary_large_image","schema":{"@context":"https:\/\/schema.org","@graph":[{"@type":"WebPage","@id":"https:\/\/www.noticiasradioreflejos.com.ar\/2021\/la-provincia-de-buenos-aires-decreto-duelo-por-tres-dias-para-asistir-a-las-victimas-del-accidente-en-mendoza\/","url":"https:\/\/www.noticiasradioreflejos.com.ar\/2021\/la-provincia-de-buenos-aires-decreto-duelo-por-tres-dias-para-asistir-a-las-victimas-del-accidente-en-mendoza\/","name":"La provincia de Buenos Aires decret\u00f3 duelo por tres d\u00edas para asistir a las v\u00edctimas del accidente en Mendoza - Noticias Radio Reflejos","isPartOf":{"@id":"https:\/\/www.noticiasradioreflejos.com.ar\/2021\/#website"},"datePublished":"2017-06-26T20:25:33+00:00","author":{"@id":"https:\/\/www.noticiasradioreflejos.com.ar\/2021\/#\/schema\/person\/ad82545263dcc5ec0996818884fd5fb1"},"breadcrumb":{"@id":"https:\/\/www.noticiasradioreflejos.com.ar\/2021\/la-provincia-de-buenos-aires-decreto-duelo-por-tres-dias-para-asistir-a-las-victimas-del-accidente-en-mendoza\/#breadcrumb"},"inLanguage":"es","potentialAction":[{"@type":"ReadAction","target":["https:\/\/www.noticiasradioreflejos.com.ar\/2021\/la-provincia-de-buenos-aires-decreto-duelo-por-tres-dias-para-asistir-a-las-victimas-del-accidente-en-mendoza\/"]}]},{"@type":"BreadcrumbList","@id":"https:\/\/www.noticiasradioreflejos.com.ar\/2021\/la-provincia-de-buenos-aires-decreto-duelo-por-tres-dias-para-asistir-a-las-victimas-del-accidente-en-mendoza\/#breadcrumb","itemListElement":[{"@type":"ListItem","position":1,"name":"Portada","item":"https:\/\/www.noticiasradioreflejos.com.ar\/2021\/"},{"@type":"ListItem","position":2,"name":"La provincia de Buenos Aires decret\u00f3 duelo por tres d\u00edas para asistir a las v\u00edctimas del accidente en Mendoza"}]},{"@type":"WebSite","@id":"https:\/\/www.noticiasradioreflejos.com.ar\/2021\/#website","url":"https:\/\/www.noticiasradioreflejos.com.ar\/2021\/","name":"Noticias Radio Reflejos","description":"Las noticias de mi comarca","potentialAction":[{"@type":"SearchAction","target":{"@type":"EntryPoint","urlTemplate":"https:\/\/www.noticiasradioreflejos.com.ar\/2021\/?s={search_term_string}"},"query-input":{"@type":"PropertyValueSpecification","valueRequired":true,"valueName":"search_term_string"}}],"inLanguage":"es"},{"@type":"Person","@id":"https:\/\/www.noticiasradioreflejos.com.ar\/2021\/#\/schema\/person\/ad82545263dcc5ec0996818884fd5fb1","name":"Arnaldo Botto","image":{"@type":"ImageObject","inLanguage":"es","@id":"https:\/\/www.noticiasradioreflejos.com.ar\/2021\/#\/schema\/person\/image\/","url":"https:\/\/secure.gravatar.com\/avatar\/55cb5e37c1efa326397366e6974cb338056df65cb50e7d64d1cf314e87504837?s=96&d=mm&r=g","contentUrl":"https:\/\/secure.gravatar.com\/avatar\/55cb5e37c1efa326397366e6974cb338056df65cb50e7d64d1cf314e87504837?s=96&d=mm&r=g","caption":"Arnaldo Botto"},"url":"https:\/\/www.noticiasradioreflejos.com.ar\/2021\/author\/arnaldo\/"}]}},"_links":{"self":[{"href":"https:\/\/www.noticiasradioreflejos.com.ar\/2021\/wp-json\/wp\/v2\/posts\/11667","targetHints":{"allow":["GET"]}}],"collection":[{"href":"https:\/\/www.noticiasradioreflejos.com.ar\/2021\/wp-json\/wp\/v2\/posts"}],"about":[{"href":"https:\/\/www.noticiasradioreflejos.com.ar\/2021\/wp-json\/wp\/v2\/types\/post"}],"author":[{"embeddable":true,"href":"https:\/\/www.noticiasradioreflejos.com.ar\/2021\/wp-json\/wp\/v2\/users\/3"}],"replies":[{"embeddable":true,"href":"https:\/\/www.noticiasradioreflejos.com.ar\/2021\/wp-json\/wp\/v2\/comments?post=11667"}],"version-history":[{"count":0,"href":"https:\/\/www.noticiasradioreflejos.com.ar\/2021\/wp-json\/wp\/v2\/posts\/11667\/revisions"}],"wp:attachment":[{"href":"https:\/\/www.noticiasradioreflejos.com.ar\/2021\/wp-json\/wp\/v2\/media?parent=11667"}],"wp:term":[{"taxonomy":"category","embeddable":true,"href":"https:\/\/www.noticiasradioreflejos.com.ar\/2021\/wp-json\/wp\/v2\/categories?post=11667"},{"taxonomy":"post_tag","embeddable":true,"href":"https:\/\/www.noticiasradioreflejos.com.ar\/2021\/wp-json\/wp\/v2\/tags?post=11667"}],"curies":[{"name":"wp","href":"https:\/\/api.w.org\/{rel}","templated":true}]}}