{"id":116259,"date":"2025-05-08T13:24:42","date_gmt":"2025-05-08T16:24:42","guid":{"rendered":"https:\/\/www.noticiasradioreflejos.com.ar\/2021\/?p=116259"},"modified":"2025-05-08T14:46:04","modified_gmt":"2025-05-08T17:46:04","slug":"fumata-blanca-la-iglesia-catolica-eligio-a-su-nuevo-papa","status":"publish","type":"post","link":"https:\/\/www.noticiasradioreflejos.com.ar\/2021\/fumata-blanca-la-iglesia-catolica-eligio-a-su-nuevo-papa\/","title":{"rendered":"Fumata blanca: la Iglesia cat\u00f3lica eligi\u00f3 a su nuevo papa"},"content":{"rendered":"<p>Sorpresa y algarab\u00eda entre la multitud que esperaba en la plaza en la segunda jornada de este c\u00f3nclave, que se resolvi\u00f3 en cuatro votaciones: el nombre se conoce alrededor de una hora y media tras el humo<!--more-->La Iglesia ya tiene papa, aunque por el momento no sabemos su nombre. El humo blanco asom\u00f3 de la Capilla Sixtina entre los gritos y aplausos de una plaza de San Pedro abarrotada poco despu\u00e9s de las ocho de la tarde.<\/p>\n<p><iframe loading=\"lazy\" title=\"Vatican Media Live - Espa\u00f1ol\" src=\"https:\/\/www.youtube.com\/embed\/VgyeonlpkO8\" width=\"320\" height=\"180\" frameborder=\"0\" allowfullscreen=\"allowfullscreen\"><\/iframe><br \/>\nEl decano del colegio cardenalicio, Giovanni Battista Re, hab\u00eda expresado este jueves su deseo de que hoy hubiera ya un nuevo pont\u00edfice. \u201cEspero que a mi regreso a Roma esta tarde encuentre ya la fumata blanca, para que sea elegido el Papa que necesita hoy la Iglesia y el mundo\u201d, asegur\u00f3 Re desde Pompeya, en el sur de Italia. Sus ruegos parecen haber sido escuchados.<\/p>\n<p>La elecci\u00f3n del pont\u00edfice de la Iglesia cat\u00f3lica n\u00famero 267, que comenz\u00f3 el este mi\u00e9rcoles 7 de mayo, culmin\u00f3 en una segunda jornada en la que hab\u00eda previstas cuatro rondas de sufragios. El humo blanco apareci\u00f3 en la chimenea tras la votaci\u00f3n n\u00famero cuatro, como Benedicto XVI, que entr\u00f3 en la Capilla Sixtina como gran favorito, y fue elegido en la cuarta votaci\u00f3n. Francisco lo consigui\u00f3 a la quinta.<\/p>\n<p class=\"article-text\">Muchos esperaban que este fuera un c\u00f3nclave corto, dado que los cardenales se dieron tiempo antes del comienzo para conocerse, y se realizaron hasta 12 reuniones previas del Colegio Cardenalicio, aunque era muy dif\u00edcil que el acuerdo llegara a la primera. Algunos candidatos, en particular el secretario de Estado vaticano, Pietro Parolin, hab\u00edan llegado al c\u00f3nclave con un buen n\u00famero de votos.<\/p>\n<p class=\"article-text\">La particularidad de esta elecci\u00f3n es que los cardenales pueden votar a cualquiera de los 133 presentes, incluso a s\u00ed mismos. Cada uno de ellos recibe una cartulina roja que sirve como apoyo y una blanca en la que escribe con letra legible el apellido de quien considera que debe ser el pr\u00f3ximo Papa. Todos se colocan en una urna y se cuentan luego uno a uno. El escrutinio se apunta en unas planillas en las que figuran los nombres de todos.<\/p>\n<div id=\"container-after-news-outlook\"><\/div>\n<p class=\"article-text\">La fumata blanca asom\u00f3 por la chimenea instalada en el techo de la Capilla Sixtina por la combusti\u00f3n de las papeletas y un qu\u00edmico especial. Unos minutos despu\u00e9s llega la confirmaci\u00f3n sonora: ta\u00f1en las campanas de San Pedro, y tras ellas las del resto de iglesias de la ciudad de Roma. M\u00e1s tarde, una hora y media desde la fumata blanca, se anuncia qui\u00e9n es el nuevo Papa.<\/p>\n<p class=\"article-text\">El cardenal debe aceptar el encargo de sus compa\u00f1eros. Se le pregunta \u00bfAceptas la elecci\u00f3n? \u201c<em>Acceptasne electionem<\/em>\u201d. En caso afirmativo, dice qu\u00e9 nombre utilizar\u00e1 como Papa. Entonces pasa a la llamada Sala de las L\u00e1grimas, la sacrist\u00eda de la Capilla Sixtina. All\u00ed se le viste con las\u00a0ropas papales, que se prepara en tres tallas\u00a0para encajar con la complexi\u00f3n del nuevo pont\u00edfice.<\/p>\n<p>&nbsp;<\/p>\n<p class=\"authors\">Natalia Chientaroli<\/p>\n<div class=\"date-comments-wrapper\">\n<p><span class=\"place\">Ciudad del Vaticano (enviada especial) \u2014<\/span><\/p>\n<\/div>\n","protected":false},"excerpt":{"rendered":"<p>Sorpresa y algarab\u00eda entre la multitud que esperaba en la plaza en la segunda jornada de este c\u00f3nclave, que se resolvi\u00f3 en cuatro votaciones: el nombre se conoce alrededor de una hora y media tras el humo<\/p>\n","protected":false},"author":3,"featured_media":0,"comment_status":"closed","ping_status":"closed","sticky":false,"template":"","format":"standard","meta":{"footnotes":""},"categories":[26],"tags":[],"class_list":["post-116259","post","type-post","status-publish","format-standard","hentry","category-sociedad"],"yoast_head":"<!-- This site is optimized with the Yoast SEO plugin v25.9 - https:\/\/yoast.com\/wordpress\/plugins\/seo\/ -->\n<title>Fumata blanca: la Iglesia cat\u00f3lica eligi\u00f3 a su nuevo papa - Noticias Radio Reflejos<\/title>\n<meta name=\"robots\" content=\"index, follow, max-snippet:-1, max-image-preview:large, max-video-preview:-1\" \/>\n<link rel=\"canonical\" href=\"https:\/\/www.noticiasradioreflejos.com.ar\/2021\/fumata-blanca-la-iglesia-catolica-eligio-a-su-nuevo-papa\/\" \/>\n<meta property=\"og:locale\" content=\"es_ES\" \/>\n<meta property=\"og:type\" content=\"article\" \/>\n<meta property=\"og:title\" content=\"Fumata blanca: la Iglesia cat\u00f3lica eligi\u00f3 a su nuevo papa - Noticias Radio Reflejos\" \/>\n<meta property=\"og:description\" content=\"Sorpresa y algarab\u00eda entre la multitud que esperaba en la plaza en la segunda jornada de este c\u00f3nclave, que se resolvi\u00f3 en cuatro votaciones: el nombre se conoce alrededor de una hora y media tras el humo\" \/>\n<meta property=\"og:url\" content=\"https:\/\/www.noticiasradioreflejos.com.ar\/2021\/fumata-blanca-la-iglesia-catolica-eligio-a-su-nuevo-papa\/\" \/>\n<meta property=\"og:site_name\" content=\"Noticias Radio Reflejos\" \/>\n<meta property=\"article:published_time\" content=\"2025-05-08T16:24:42+00:00\" \/>\n<meta property=\"article:modified_time\" content=\"2025-05-08T17:46:04+00:00\" \/>\n<meta property=\"og:image\" content=\"https:\/\/www.noticiasradioreflejos.com.ar\/2021\/wp-content\/uploads\/2025\/05\/fumata-1.jpg\" \/>\n\t<meta property=\"og:image:width\" content=\"1200\" \/>\n\t<meta property=\"og:image:height\" content=\"744\" \/>\n\t<meta property=\"og:image:type\" content=\"image\/jpeg\" \/>\n<meta name=\"author\" content=\"Arnaldo Botto\" \/>\n<meta name=\"twitter:card\" content=\"summary_large_image\" \/>\n<script type=\"application\/ld+json\" class=\"yoast-schema-graph\">{\"@context\":\"https:\/\/schema.org\",\"@graph\":[{\"@type\":\"WebPage\",\"@id\":\"https:\/\/www.noticiasradioreflejos.com.ar\/2021\/fumata-blanca-la-iglesia-catolica-eligio-a-su-nuevo-papa\/\",\"url\":\"https:\/\/www.noticiasradioreflejos.com.ar\/2021\/fumata-blanca-la-iglesia-catolica-eligio-a-su-nuevo-papa\/\",\"name\":\"Fumata blanca: la Iglesia cat\u00f3lica eligi\u00f3 a su nuevo papa - Noticias Radio Reflejos\",\"isPartOf\":{\"@id\":\"https:\/\/www.noticiasradioreflejos.com.ar\/2021\/#website\"},\"datePublished\":\"2025-05-08T16:24:42+00:00\",\"dateModified\":\"2025-05-08T17:46:04+00:00\",\"author\":{\"@id\":\"https:\/\/www.noticiasradioreflejos.com.ar\/2021\/#\/schema\/person\/ad82545263dcc5ec0996818884fd5fb1\"},\"breadcrumb\":{\"@id\":\"https:\/\/www.noticiasradioreflejos.com.ar\/2021\/fumata-blanca-la-iglesia-catolica-eligio-a-su-nuevo-papa\/#breadcrumb\"},\"inLanguage\":\"es\",\"potentialAction\":[{\"@type\":\"ReadAction\",\"target\":[\"https:\/\/www.noticiasradioreflejos.com.ar\/2021\/fumata-blanca-la-iglesia-catolica-eligio-a-su-nuevo-papa\/\"]}]},{\"@type\":\"BreadcrumbList\",\"@id\":\"https:\/\/www.noticiasradioreflejos.com.ar\/2021\/fumata-blanca-la-iglesia-catolica-eligio-a-su-nuevo-papa\/#breadcrumb\",\"itemListElement\":[{\"@type\":\"ListItem\",\"position\":1,\"name\":\"Portada\",\"item\":\"https:\/\/www.noticiasradioreflejos.com.ar\/2021\/\"},{\"@type\":\"ListItem\",\"position\":2,\"name\":\"Fumata blanca: la Iglesia cat\u00f3lica eligi\u00f3 a su nuevo papa\"}]},{\"@type\":\"WebSite\",\"@id\":\"https:\/\/www.noticiasradioreflejos.com.ar\/2021\/#website\",\"url\":\"https:\/\/www.noticiasradioreflejos.com.ar\/2021\/\",\"name\":\"Noticias Radio Reflejos\",\"description\":\"Las noticias de mi comarca\",\"potentialAction\":[{\"@type\":\"SearchAction\",\"target\":{\"@type\":\"EntryPoint\",\"urlTemplate\":\"https:\/\/www.noticiasradioreflejos.com.ar\/2021\/?s={search_term_string}\"},\"query-input\":{\"@type\":\"PropertyValueSpecification\",\"valueRequired\":true,\"valueName\":\"search_term_string\"}}],\"inLanguage\":\"es\"},{\"@type\":\"Person\",\"@id\":\"https:\/\/www.noticiasradioreflejos.com.ar\/2021\/#\/schema\/person\/ad82545263dcc5ec0996818884fd5fb1\",\"name\":\"Arnaldo Botto\",\"image\":{\"@type\":\"ImageObject\",\"inLanguage\":\"es\",\"@id\":\"https:\/\/www.noticiasradioreflejos.com.ar\/2021\/#\/schema\/person\/image\/\",\"url\":\"https:\/\/secure.gravatar.com\/avatar\/55cb5e37c1efa326397366e6974cb338056df65cb50e7d64d1cf314e87504837?s=96&d=mm&r=g\",\"contentUrl\":\"https:\/\/secure.gravatar.com\/avatar\/55cb5e37c1efa326397366e6974cb338056df65cb50e7d64d1cf314e87504837?s=96&d=mm&r=g\",\"caption\":\"Arnaldo Botto\"},\"url\":\"https:\/\/www.noticiasradioreflejos.com.ar\/2021\/author\/arnaldo\/\"}]}<\/script>\n<!-- \/ Yoast SEO plugin. -->","yoast_head_json":{"title":"Fumata blanca: la Iglesia cat\u00f3lica eligi\u00f3 a su nuevo papa - Noticias Radio Reflejos","robots":{"index":"index","follow":"follow","max-snippet":"max-snippet:-1","max-image-preview":"max-image-preview:large","max-video-preview":"max-video-preview:-1"},"canonical":"https:\/\/www.noticiasradioreflejos.com.ar\/2021\/fumata-blanca-la-iglesia-catolica-eligio-a-su-nuevo-papa\/","og_locale":"es_ES","og_type":"article","og_title":"Fumata blanca: la Iglesia cat\u00f3lica eligi\u00f3 a su nuevo papa - Noticias Radio Reflejos","og_description":"Sorpresa y algarab\u00eda entre la multitud que esperaba en la plaza en la segunda jornada de este c\u00f3nclave, que se resolvi\u00f3 en cuatro votaciones: el nombre se conoce alrededor de una hora y media tras el humo","og_url":"https:\/\/www.noticiasradioreflejos.com.ar\/2021\/fumata-blanca-la-iglesia-catolica-eligio-a-su-nuevo-papa\/","og_site_name":"Noticias Radio Reflejos","article_published_time":"2025-05-08T16:24:42+00:00","article_modified_time":"2025-05-08T17:46:04+00:00","og_image":[{"width":1200,"height":744,"url":"https:\/\/www.noticiasradioreflejos.com.ar\/2021\/wp-content\/uploads\/2025\/05\/fumata-1.jpg","type":"image\/jpeg"}],"author":"Arnaldo Botto","twitter_card":"summary_large_image","schema":{"@context":"https:\/\/schema.org","@graph":[{"@type":"WebPage","@id":"https:\/\/www.noticiasradioreflejos.com.ar\/2021\/fumata-blanca-la-iglesia-catolica-eligio-a-su-nuevo-papa\/","url":"https:\/\/www.noticiasradioreflejos.com.ar\/2021\/fumata-blanca-la-iglesia-catolica-eligio-a-su-nuevo-papa\/","name":"Fumata blanca: la Iglesia cat\u00f3lica eligi\u00f3 a su nuevo papa - Noticias Radio Reflejos","isPartOf":{"@id":"https:\/\/www.noticiasradioreflejos.com.ar\/2021\/#website"},"datePublished":"2025-05-08T16:24:42+00:00","dateModified":"2025-05-08T17:46:04+00:00","author":{"@id":"https:\/\/www.noticiasradioreflejos.com.ar\/2021\/#\/schema\/person\/ad82545263dcc5ec0996818884fd5fb1"},"breadcrumb":{"@id":"https:\/\/www.noticiasradioreflejos.com.ar\/2021\/fumata-blanca-la-iglesia-catolica-eligio-a-su-nuevo-papa\/#breadcrumb"},"inLanguage":"es","potentialAction":[{"@type":"ReadAction","target":["https:\/\/www.noticiasradioreflejos.com.ar\/2021\/fumata-blanca-la-iglesia-catolica-eligio-a-su-nuevo-papa\/"]}]},{"@type":"BreadcrumbList","@id":"https:\/\/www.noticiasradioreflejos.com.ar\/2021\/fumata-blanca-la-iglesia-catolica-eligio-a-su-nuevo-papa\/#breadcrumb","itemListElement":[{"@type":"ListItem","position":1,"name":"Portada","item":"https:\/\/www.noticiasradioreflejos.com.ar\/2021\/"},{"@type":"ListItem","position":2,"name":"Fumata blanca: la Iglesia cat\u00f3lica eligi\u00f3 a su nuevo papa"}]},{"@type":"WebSite","@id":"https:\/\/www.noticiasradioreflejos.com.ar\/2021\/#website","url":"https:\/\/www.noticiasradioreflejos.com.ar\/2021\/","name":"Noticias Radio Reflejos","description":"Las noticias de mi comarca","potentialAction":[{"@type":"SearchAction","target":{"@type":"EntryPoint","urlTemplate":"https:\/\/www.noticiasradioreflejos.com.ar\/2021\/?s={search_term_string}"},"query-input":{"@type":"PropertyValueSpecification","valueRequired":true,"valueName":"search_term_string"}}],"inLanguage":"es"},{"@type":"Person","@id":"https:\/\/www.noticiasradioreflejos.com.ar\/2021\/#\/schema\/person\/ad82545263dcc5ec0996818884fd5fb1","name":"Arnaldo Botto","image":{"@type":"ImageObject","inLanguage":"es","@id":"https:\/\/www.noticiasradioreflejos.com.ar\/2021\/#\/schema\/person\/image\/","url":"https:\/\/secure.gravatar.com\/avatar\/55cb5e37c1efa326397366e6974cb338056df65cb50e7d64d1cf314e87504837?s=96&d=mm&r=g","contentUrl":"https:\/\/secure.gravatar.com\/avatar\/55cb5e37c1efa326397366e6974cb338056df65cb50e7d64d1cf314e87504837?s=96&d=mm&r=g","caption":"Arnaldo Botto"},"url":"https:\/\/www.noticiasradioreflejos.com.ar\/2021\/author\/arnaldo\/"}]}},"_links":{"self":[{"href":"https:\/\/www.noticiasradioreflejos.com.ar\/2021\/wp-json\/wp\/v2\/posts\/116259","targetHints":{"allow":["GET"]}}],"collection":[{"href":"https:\/\/www.noticiasradioreflejos.com.ar\/2021\/wp-json\/wp\/v2\/posts"}],"about":[{"href":"https:\/\/www.noticiasradioreflejos.com.ar\/2021\/wp-json\/wp\/v2\/types\/post"}],"author":[{"embeddable":true,"href":"https:\/\/www.noticiasradioreflejos.com.ar\/2021\/wp-json\/wp\/v2\/users\/3"}],"replies":[{"embeddable":true,"href":"https:\/\/www.noticiasradioreflejos.com.ar\/2021\/wp-json\/wp\/v2\/comments?post=116259"}],"version-history":[{"count":5,"href":"https:\/\/www.noticiasradioreflejos.com.ar\/2021\/wp-json\/wp\/v2\/posts\/116259\/revisions"}],"predecessor-version":[{"id":116281,"href":"https:\/\/www.noticiasradioreflejos.com.ar\/2021\/wp-json\/wp\/v2\/posts\/116259\/revisions\/116281"}],"wp:attachment":[{"href":"https:\/\/www.noticiasradioreflejos.com.ar\/2021\/wp-json\/wp\/v2\/media?parent=116259"}],"wp:term":[{"taxonomy":"category","embeddable":true,"href":"https:\/\/www.noticiasradioreflejos.com.ar\/2021\/wp-json\/wp\/v2\/categories?post=116259"},{"taxonomy":"post_tag","embeddable":true,"href":"https:\/\/www.noticiasradioreflejos.com.ar\/2021\/wp-json\/wp\/v2\/tags?post=116259"}],"curies":[{"name":"wp","href":"https:\/\/api.w.org\/{rel}","templated":true}]}}