{"id":11623,"date":"2017-06-26T08:29:23","date_gmt":"2017-06-26T11:29:23","guid":{"rendered":"http:\/\/www.noticiasradioreflejos.com.ar\/noticias\/?p=11623"},"modified":"2017-06-26T08:29:23","modified_gmt":"2017-06-26T11:29:23","slug":"el-hockey-le-puso-el-calor-al-sabado-con-un-encuentro-masivo-en-el-club-union","status":"publish","type":"post","link":"https:\/\/www.noticiasradioreflejos.com.ar\/2021\/el-hockey-le-puso-el-calor-al-sabado-con-un-encuentro-masivo-en-el-club-union\/","title":{"rendered":"El hockey le puso el calor al s\u00e1bado con un encuentro masivo en el Club Uni\u00f3n"},"content":{"rendered":"<p><a title=\"Encuentro ABH 17 (7)\" href=\"http:\/\/farm5.staticflickr.com\/4259\/35377233842_42a1d1fefd.jpg\" rel=\"\"><img loading=\"lazy\" decoding=\"async\" class=\"alignleft\" style=\"float: left;\" title=\"Encuentro ABH 17 (7)\" src=\"http:\/\/farm5.staticflickr.com\/4259\/35377233842_42a1d1fefd.jpg\" alt=\"Encuentro ABH 17 (7)\" width=\"500\" height=\"332\" \/><\/a>Como estaba previsto, este s\u00e1bado en el predio deportivo \u201cErnesto Tornquist\u201d, el Club Uni\u00f3n fue anfitri\u00f3n el 1\u00ba Encuentro de divisiones Formativas 2017 de la Asociaci\u00f3n Bahiense de Hockey.<br \/>\nPese al fr\u00edo y la visita de la lluvia por unos minutos, la jornada se desarroll\u00f3 con total \u00e9xito, donde cerca de 500 ni\u00f1as, m\u00e1s algunos ni\u00f1os, de entre 6 y 12 a\u00f1os le pusieron calor al d\u00eda y disfrutaron haciendo lo que les apasiona: jugar al hockey.<!--more--><br \/>\nAl encuentro le dieron vida los 14 clubes afiliados a la ABH, siendo ellos: Argentino, El Nacional, La Armon\u00eda, Libertad, Pac\u00edfico, Palihue, Sportiva, Tiro Federal, Universitario, Villa Mitre (Bah\u00eda Blanca), Puerto Belgrano, Sporting (Punta Alta), y Monte Hermoso, adem\u00e1s del local.<br \/>\nLa actividad se llev\u00f3 a cabo en ocho canchas dispuestas en los campos de juego sint\u00e9ticos de hockey y de f\u00fatbol de la entidad. Comenz\u00f3 pasadas las 10 hs y se cerr\u00f3 alrededor de las 16, donde luego de cumplida toda la programaci\u00f3n, se le entreg\u00f3 un presente a cada delegaci\u00f3n y culmin\u00f3 con la presentaci\u00f3n de la banda local \u201cLa Morocha Rock\u201d.<br \/>\nPor segundo a\u00f1o consecutivo se vivi\u00f3 una verdadera fiesta de hockey en Tornquist, gracias a la confianza de la ABH puesta nuevamente en el Club Uni\u00f3n y en su efectiva organizaci\u00f3n, que cont\u00f3 con el trabajo incansable de un importante grupo de dirigentes, padres y allegados, adem\u00e1s del apoyo del municipio.<br \/>\nEstuvo presente el presidente de la Asociaci\u00f3n Bahiense, Patricio Garcia, junto a otros dirigentes, quienes confirmaron que en 2018 la primera edici\u00f3n del encuentro, que luego se realiza en Monte Hermoso y Bahia Blanca, ser\u00e1 otra vez en la nuestra instituci\u00f3n.<br \/>\n<a title=\"Encuentro ABH 17 (5)\" href=\"http:\/\/farm5.staticflickr.com\/4218\/35544841545_a9b0a8f04c_z.jpg\" rel=\"\"><img loading=\"lazy\" decoding=\"async\" class=\"aligncenter\" title=\"Encuentro ABH 17 (5)\" src=\"http:\/\/farm5.staticflickr.com\/4218\/35544841545_a9b0a8f04c_z.jpg\" alt=\"Encuentro ABH 17 (5)\" width=\"640\" height=\"425\" \/><\/a><a title=\"Encuentro ABH 17 (1)\" href=\"http:\/\/farm5.staticflickr.com\/4241\/35544842375_cb5d87776e_z.jpg\" rel=\"\"><img loading=\"lazy\" decoding=\"async\" class=\"aligncenter\" title=\"Encuentro ABH 17 (1)\" src=\"http:\/\/farm5.staticflickr.com\/4241\/35544842375_cb5d87776e_z.jpg\" alt=\"Encuentro ABH 17 (1)\" width=\"640\" height=\"425\" \/><\/a><a title=\"Encuentro ABH 17 (10)\" href=\"http:\/\/farm5.staticflickr.com\/4210\/35544840835_1a2eda7649_z.jpg\" rel=\"\"><img loading=\"lazy\" decoding=\"async\" class=\"aligncenter\" title=\"Encuentro ABH 17 (10)\" src=\"http:\/\/farm5.staticflickr.com\/4210\/35544840835_1a2eda7649_z.jpg\" alt=\"Encuentro ABH 17 (10)\" width=\"640\" height=\"425\" \/><\/a><br \/>\n<a href=\"https:\/\/www.facebook.com\/pg\/ClubUnionDeTornquist\/photos\/?tab=album&amp;album_id=1409529082473769\">Mas Fotos<\/a><br \/>\nPrensa Club Uni\u00f3n<br \/>\nwww.uniondetornquist.com -clubuniondetornquist@gmail.com &#8211; \/ClubUnionDeTornquist-@UnionTornquist<\/p>\n","protected":false},"excerpt":{"rendered":"<p>Como estaba previsto, este s\u00e1bado en el predio deportivo \u201cErnesto Tornquist\u201d, el Club Uni\u00f3n fue anfitri\u00f3n el 1\u00ba Encuentro de divisiones Formativas 2017 de la Asociaci\u00f3n Bahiense de Hockey. Pese al fr\u00edo y la visita de la lluvia por unos minutos, la jornada se desarroll\u00f3 con total \u00e9xito, donde cerca de 500 ni\u00f1as, m\u00e1s algunos [&hellip;]<\/p>\n","protected":false},"author":3,"featured_media":0,"comment_status":"closed","ping_status":"open","sticky":false,"template":"","format":"standard","meta":{"footnotes":""},"categories":[27],"tags":[],"class_list":["post-11623","post","type-post","status-publish","format-standard","hentry","category-deportes"],"yoast_head":"<!-- This site is optimized with the Yoast SEO plugin v25.9 - https:\/\/yoast.com\/wordpress\/plugins\/seo\/ -->\n<title>El hockey le puso el calor al s\u00e1bado con un encuentro masivo en el Club Uni\u00f3n - Noticias Radio Reflejos<\/title>\n<meta name=\"robots\" content=\"index, follow, max-snippet:-1, max-image-preview:large, max-video-preview:-1\" \/>\n<link rel=\"canonical\" href=\"https:\/\/www.noticiasradioreflejos.com.ar\/2021\/el-hockey-le-puso-el-calor-al-sabado-con-un-encuentro-masivo-en-el-club-union\/\" \/>\n<meta property=\"og:locale\" content=\"es_ES\" \/>\n<meta property=\"og:type\" content=\"article\" \/>\n<meta property=\"og:title\" content=\"El hockey le puso el calor al s\u00e1bado con un encuentro masivo en el Club Uni\u00f3n - Noticias Radio Reflejos\" \/>\n<meta property=\"og:description\" content=\"Como estaba previsto, este s\u00e1bado en el predio deportivo \u201cErnesto Tornquist\u201d, el Club Uni\u00f3n fue anfitri\u00f3n el 1\u00ba Encuentro de divisiones Formativas 2017 de la Asociaci\u00f3n Bahiense de Hockey. Pese al fr\u00edo y la visita de la lluvia por unos minutos, la jornada se desarroll\u00f3 con total \u00e9xito, donde cerca de 500 ni\u00f1as, m\u00e1s algunos [&hellip;]\" \/>\n<meta property=\"og:url\" content=\"https:\/\/www.noticiasradioreflejos.com.ar\/2021\/el-hockey-le-puso-el-calor-al-sabado-con-un-encuentro-masivo-en-el-club-union\/\" \/>\n<meta property=\"og:site_name\" content=\"Noticias Radio Reflejos\" \/>\n<meta property=\"article:published_time\" content=\"2017-06-26T11:29:23+00:00\" \/>\n<meta property=\"og:image\" content=\"http:\/\/farm5.staticflickr.com\/4259\/35377233842_42a1d1fefd.jpg\" \/>\n<meta name=\"author\" content=\"Arnaldo Botto\" \/>\n<meta name=\"twitter:card\" content=\"summary_large_image\" \/>\n<script type=\"application\/ld+json\" class=\"yoast-schema-graph\">{\"@context\":\"https:\/\/schema.org\",\"@graph\":[{\"@type\":\"WebPage\",\"@id\":\"https:\/\/www.noticiasradioreflejos.com.ar\/2021\/el-hockey-le-puso-el-calor-al-sabado-con-un-encuentro-masivo-en-el-club-union\/\",\"url\":\"https:\/\/www.noticiasradioreflejos.com.ar\/2021\/el-hockey-le-puso-el-calor-al-sabado-con-un-encuentro-masivo-en-el-club-union\/\",\"name\":\"El hockey le puso el calor al s\u00e1bado con un encuentro masivo en el Club Uni\u00f3n - Noticias Radio Reflejos\",\"isPartOf\":{\"@id\":\"https:\/\/www.noticiasradioreflejos.com.ar\/2021\/#website\"},\"primaryImageOfPage\":{\"@id\":\"https:\/\/www.noticiasradioreflejos.com.ar\/2021\/el-hockey-le-puso-el-calor-al-sabado-con-un-encuentro-masivo-en-el-club-union\/#primaryimage\"},\"image\":{\"@id\":\"https:\/\/www.noticiasradioreflejos.com.ar\/2021\/el-hockey-le-puso-el-calor-al-sabado-con-un-encuentro-masivo-en-el-club-union\/#primaryimage\"},\"thumbnailUrl\":\"http:\/\/farm5.staticflickr.com\/4259\/35377233842_42a1d1fefd.jpg\",\"datePublished\":\"2017-06-26T11:29:23+00:00\",\"author\":{\"@id\":\"https:\/\/www.noticiasradioreflejos.com.ar\/2021\/#\/schema\/person\/ad82545263dcc5ec0996818884fd5fb1\"},\"breadcrumb\":{\"@id\":\"https:\/\/www.noticiasradioreflejos.com.ar\/2021\/el-hockey-le-puso-el-calor-al-sabado-con-un-encuentro-masivo-en-el-club-union\/#breadcrumb\"},\"inLanguage\":\"es\",\"potentialAction\":[{\"@type\":\"ReadAction\",\"target\":[\"https:\/\/www.noticiasradioreflejos.com.ar\/2021\/el-hockey-le-puso-el-calor-al-sabado-con-un-encuentro-masivo-en-el-club-union\/\"]}]},{\"@type\":\"ImageObject\",\"inLanguage\":\"es\",\"@id\":\"https:\/\/www.noticiasradioreflejos.com.ar\/2021\/el-hockey-le-puso-el-calor-al-sabado-con-un-encuentro-masivo-en-el-club-union\/#primaryimage\",\"url\":\"http:\/\/farm5.staticflickr.com\/4259\/35377233842_42a1d1fefd.jpg\",\"contentUrl\":\"http:\/\/farm5.staticflickr.com\/4259\/35377233842_42a1d1fefd.jpg\"},{\"@type\":\"BreadcrumbList\",\"@id\":\"https:\/\/www.noticiasradioreflejos.com.ar\/2021\/el-hockey-le-puso-el-calor-al-sabado-con-un-encuentro-masivo-en-el-club-union\/#breadcrumb\",\"itemListElement\":[{\"@type\":\"ListItem\",\"position\":1,\"name\":\"Portada\",\"item\":\"https:\/\/www.noticiasradioreflejos.com.ar\/2021\/\"},{\"@type\":\"ListItem\",\"position\":2,\"name\":\"El hockey le puso el calor al s\u00e1bado con un encuentro masivo en el Club Uni\u00f3n\"}]},{\"@type\":\"WebSite\",\"@id\":\"https:\/\/www.noticiasradioreflejos.com.ar\/2021\/#website\",\"url\":\"https:\/\/www.noticiasradioreflejos.com.ar\/2021\/\",\"name\":\"Noticias Radio Reflejos\",\"description\":\"Las noticias de mi comarca\",\"potentialAction\":[{\"@type\":\"SearchAction\",\"target\":{\"@type\":\"EntryPoint\",\"urlTemplate\":\"https:\/\/www.noticiasradioreflejos.com.ar\/2021\/?s={search_term_string}\"},\"query-input\":{\"@type\":\"PropertyValueSpecification\",\"valueRequired\":true,\"valueName\":\"search_term_string\"}}],\"inLanguage\":\"es\"},{\"@type\":\"Person\",\"@id\":\"https:\/\/www.noticiasradioreflejos.com.ar\/2021\/#\/schema\/person\/ad82545263dcc5ec0996818884fd5fb1\",\"name\":\"Arnaldo Botto\",\"image\":{\"@type\":\"ImageObject\",\"inLanguage\":\"es\",\"@id\":\"https:\/\/www.noticiasradioreflejos.com.ar\/2021\/#\/schema\/person\/image\/\",\"url\":\"https:\/\/secure.gravatar.com\/avatar\/55cb5e37c1efa326397366e6974cb338056df65cb50e7d64d1cf314e87504837?s=96&d=mm&r=g\",\"contentUrl\":\"https:\/\/secure.gravatar.com\/avatar\/55cb5e37c1efa326397366e6974cb338056df65cb50e7d64d1cf314e87504837?s=96&d=mm&r=g\",\"caption\":\"Arnaldo Botto\"},\"url\":\"https:\/\/www.noticiasradioreflejos.com.ar\/2021\/author\/arnaldo\/\"}]}<\/script>\n<!-- \/ Yoast SEO plugin. -->","yoast_head_json":{"title":"El hockey le puso el calor al s\u00e1bado con un encuentro masivo en el Club Uni\u00f3n - Noticias Radio Reflejos","robots":{"index":"index","follow":"follow","max-snippet":"max-snippet:-1","max-image-preview":"max-image-preview:large","max-video-preview":"max-video-preview:-1"},"canonical":"https:\/\/www.noticiasradioreflejos.com.ar\/2021\/el-hockey-le-puso-el-calor-al-sabado-con-un-encuentro-masivo-en-el-club-union\/","og_locale":"es_ES","og_type":"article","og_title":"El hockey le puso el calor al s\u00e1bado con un encuentro masivo en el Club Uni\u00f3n - Noticias Radio Reflejos","og_description":"Como estaba previsto, este s\u00e1bado en el predio deportivo \u201cErnesto Tornquist\u201d, el Club Uni\u00f3n fue anfitri\u00f3n el 1\u00ba Encuentro de divisiones Formativas 2017 de la Asociaci\u00f3n Bahiense de Hockey. Pese al fr\u00edo y la visita de la lluvia por unos minutos, la jornada se desarroll\u00f3 con total \u00e9xito, donde cerca de 500 ni\u00f1as, m\u00e1s algunos [&hellip;]","og_url":"https:\/\/www.noticiasradioreflejos.com.ar\/2021\/el-hockey-le-puso-el-calor-al-sabado-con-un-encuentro-masivo-en-el-club-union\/","og_site_name":"Noticias Radio Reflejos","article_published_time":"2017-06-26T11:29:23+00:00","og_image":[{"url":"http:\/\/farm5.staticflickr.com\/4259\/35377233842_42a1d1fefd.jpg","type":"","width":"","height":""}],"author":"Arnaldo Botto","twitter_card":"summary_large_image","schema":{"@context":"https:\/\/schema.org","@graph":[{"@type":"WebPage","@id":"https:\/\/www.noticiasradioreflejos.com.ar\/2021\/el-hockey-le-puso-el-calor-al-sabado-con-un-encuentro-masivo-en-el-club-union\/","url":"https:\/\/www.noticiasradioreflejos.com.ar\/2021\/el-hockey-le-puso-el-calor-al-sabado-con-un-encuentro-masivo-en-el-club-union\/","name":"El hockey le puso el calor al s\u00e1bado con un encuentro masivo en el Club Uni\u00f3n - Noticias Radio Reflejos","isPartOf":{"@id":"https:\/\/www.noticiasradioreflejos.com.ar\/2021\/#website"},"primaryImageOfPage":{"@id":"https:\/\/www.noticiasradioreflejos.com.ar\/2021\/el-hockey-le-puso-el-calor-al-sabado-con-un-encuentro-masivo-en-el-club-union\/#primaryimage"},"image":{"@id":"https:\/\/www.noticiasradioreflejos.com.ar\/2021\/el-hockey-le-puso-el-calor-al-sabado-con-un-encuentro-masivo-en-el-club-union\/#primaryimage"},"thumbnailUrl":"http:\/\/farm5.staticflickr.com\/4259\/35377233842_42a1d1fefd.jpg","datePublished":"2017-06-26T11:29:23+00:00","author":{"@id":"https:\/\/www.noticiasradioreflejos.com.ar\/2021\/#\/schema\/person\/ad82545263dcc5ec0996818884fd5fb1"},"breadcrumb":{"@id":"https:\/\/www.noticiasradioreflejos.com.ar\/2021\/el-hockey-le-puso-el-calor-al-sabado-con-un-encuentro-masivo-en-el-club-union\/#breadcrumb"},"inLanguage":"es","potentialAction":[{"@type":"ReadAction","target":["https:\/\/www.noticiasradioreflejos.com.ar\/2021\/el-hockey-le-puso-el-calor-al-sabado-con-un-encuentro-masivo-en-el-club-union\/"]}]},{"@type":"ImageObject","inLanguage":"es","@id":"https:\/\/www.noticiasradioreflejos.com.ar\/2021\/el-hockey-le-puso-el-calor-al-sabado-con-un-encuentro-masivo-en-el-club-union\/#primaryimage","url":"http:\/\/farm5.staticflickr.com\/4259\/35377233842_42a1d1fefd.jpg","contentUrl":"http:\/\/farm5.staticflickr.com\/4259\/35377233842_42a1d1fefd.jpg"},{"@type":"BreadcrumbList","@id":"https:\/\/www.noticiasradioreflejos.com.ar\/2021\/el-hockey-le-puso-el-calor-al-sabado-con-un-encuentro-masivo-en-el-club-union\/#breadcrumb","itemListElement":[{"@type":"ListItem","position":1,"name":"Portada","item":"https:\/\/www.noticiasradioreflejos.com.ar\/2021\/"},{"@type":"ListItem","position":2,"name":"El hockey le puso el calor al s\u00e1bado con un encuentro masivo en el Club Uni\u00f3n"}]},{"@type":"WebSite","@id":"https:\/\/www.noticiasradioreflejos.com.ar\/2021\/#website","url":"https:\/\/www.noticiasradioreflejos.com.ar\/2021\/","name":"Noticias Radio Reflejos","description":"Las noticias de mi comarca","potentialAction":[{"@type":"SearchAction","target":{"@type":"EntryPoint","urlTemplate":"https:\/\/www.noticiasradioreflejos.com.ar\/2021\/?s={search_term_string}"},"query-input":{"@type":"PropertyValueSpecification","valueRequired":true,"valueName":"search_term_string"}}],"inLanguage":"es"},{"@type":"Person","@id":"https:\/\/www.noticiasradioreflejos.com.ar\/2021\/#\/schema\/person\/ad82545263dcc5ec0996818884fd5fb1","name":"Arnaldo Botto","image":{"@type":"ImageObject","inLanguage":"es","@id":"https:\/\/www.noticiasradioreflejos.com.ar\/2021\/#\/schema\/person\/image\/","url":"https:\/\/secure.gravatar.com\/avatar\/55cb5e37c1efa326397366e6974cb338056df65cb50e7d64d1cf314e87504837?s=96&d=mm&r=g","contentUrl":"https:\/\/secure.gravatar.com\/avatar\/55cb5e37c1efa326397366e6974cb338056df65cb50e7d64d1cf314e87504837?s=96&d=mm&r=g","caption":"Arnaldo Botto"},"url":"https:\/\/www.noticiasradioreflejos.com.ar\/2021\/author\/arnaldo\/"}]}},"_links":{"self":[{"href":"https:\/\/www.noticiasradioreflejos.com.ar\/2021\/wp-json\/wp\/v2\/posts\/11623","targetHints":{"allow":["GET"]}}],"collection":[{"href":"https:\/\/www.noticiasradioreflejos.com.ar\/2021\/wp-json\/wp\/v2\/posts"}],"about":[{"href":"https:\/\/www.noticiasradioreflejos.com.ar\/2021\/wp-json\/wp\/v2\/types\/post"}],"author":[{"embeddable":true,"href":"https:\/\/www.noticiasradioreflejos.com.ar\/2021\/wp-json\/wp\/v2\/users\/3"}],"replies":[{"embeddable":true,"href":"https:\/\/www.noticiasradioreflejos.com.ar\/2021\/wp-json\/wp\/v2\/comments?post=11623"}],"version-history":[{"count":0,"href":"https:\/\/www.noticiasradioreflejos.com.ar\/2021\/wp-json\/wp\/v2\/posts\/11623\/revisions"}],"wp:attachment":[{"href":"https:\/\/www.noticiasradioreflejos.com.ar\/2021\/wp-json\/wp\/v2\/media?parent=11623"}],"wp:term":[{"taxonomy":"category","embeddable":true,"href":"https:\/\/www.noticiasradioreflejos.com.ar\/2021\/wp-json\/wp\/v2\/categories?post=11623"},{"taxonomy":"post_tag","embeddable":true,"href":"https:\/\/www.noticiasradioreflejos.com.ar\/2021\/wp-json\/wp\/v2\/tags?post=11623"}],"curies":[{"name":"wp","href":"https:\/\/api.w.org\/{rel}","templated":true}]}}