{"id":116168,"date":"2025-05-06T18:14:41","date_gmt":"2025-05-06T21:14:41","guid":{"rendered":"https:\/\/www.noticiasradioreflejos.com.ar\/2021\/?p=116168"},"modified":"2025-05-06T18:16:15","modified_gmt":"2025-05-06T21:16:15","slug":"saldungaray-se-presenta-la-exposicion-a-n-i-m-a-l-y-musica-entre-libros","status":"publish","type":"post","link":"https:\/\/www.noticiasradioreflejos.com.ar\/2021\/saldungaray-se-presenta-la-exposicion-a-n-i-m-a-l-y-musica-entre-libros\/","title":{"rendered":"Saldungaray: Se presenta la exposici\u00f3n \u00bb A N I M A L \u00bb y M\u00fasica entre libros."},"content":{"rendered":"<p>La Obra de <strong>Antonela Pelorosso Coggan<\/strong> tendr\u00e1 lugar en la Biblioteca Popular San Mart\u00edn.<!--more--><\/p>\n<p>\u25aa\ufe0fAPERTURA<br \/>\nViernes 16 de mayo &#8211; 20hs.<\/p>\n<p>\u25aa\ufe0fTexto: Celeste Cabral<br \/>\n\u25aa\ufe0f Curadur\u00eda: Juan Bruto<\/p>\n<p>\u00abEl ojo de Antonela se transforma en custodia del subconsciente femenino, revela el secreto de las contra-pedagog\u00edas de la crueldad, de las violencias ejercidas sobre los cuerpos y los territorios para la consolidaci\u00f3n del poder patriarcal .<\/p>\n<p>La muestra animal pone esta zona oscura y oculta de la crueldad en convivencia con las im\u00e1genes de la maternidad, infancia y personajes femeninos. All\u00ed la distinci\u00f3n entre lo abyecto-salvaje y las vidas-cuerpos que importan se vuelve difusa. Los cuerpos humanos tambi\u00e9n pueden ser una m\u00e1quina de producci\u00f3n y un objeto de consumo. \u00bb<\/p>\n<p>&nbsp;<br \/>\n<a data-flickr-embed=\"true\" href=\"https:\/\/www.flickr.com\/photos\/182279889@N02\/54502364530\/in\/dateposted-public\/\" title=\"musica entre libros\"><img loading=\"lazy\" decoding=\"async\" src=\"https:\/\/live.staticflickr.com\/65535\/54502364530_b67ed68777_c.jpg\" width=\"800\" height=\"800\" alt=\"musica entre libros\"\/><\/a><script async src=\"\/\/embedr.flickr.com\/assets\/client-code.js\" charset=\"utf-8\"><\/script><br \/>\n&nbsp;<\/p>\n<p>&nbsp;<\/p>\n<p>TODXS INVITADXS \u3030\ufe0f<\/p>\n<p>Agradecemos el apoyo : @bibliotecasaldungaray<br \/>\n@cresteored<br \/>\n@juanbruto<\/p>\n","protected":false},"excerpt":{"rendered":"<p>La Obra de Antonela Pelorosso Coggan tendr\u00e1 lugar en la Biblioteca Popular San Mart\u00edn.<\/p>\n","protected":false},"author":3,"featured_media":0,"comment_status":"closed","ping_status":"closed","sticky":false,"template":"","format":"standard","meta":{"footnotes":""},"categories":[35],"tags":[],"class_list":["post-116168","post","type-post","status-publish","format-standard","hentry","category-cultura"],"yoast_head":"<!-- This site is optimized with the Yoast SEO plugin v25.9 - https:\/\/yoast.com\/wordpress\/plugins\/seo\/ -->\n<title>Saldungaray: Se presenta la exposici\u00f3n &quot; A N I M A L &quot; y M\u00fasica entre libros. - Noticias Radio Reflejos<\/title>\n<meta name=\"robots\" content=\"index, follow, max-snippet:-1, max-image-preview:large, max-video-preview:-1\" \/>\n<link rel=\"canonical\" href=\"https:\/\/www.noticiasradioreflejos.com.ar\/2021\/saldungaray-se-presenta-la-exposicion-a-n-i-m-a-l-y-musica-entre-libros\/\" \/>\n<meta property=\"og:locale\" content=\"es_ES\" \/>\n<meta property=\"og:type\" content=\"article\" \/>\n<meta property=\"og:title\" content=\"Saldungaray: Se presenta la exposici\u00f3n &quot; A N I M A L &quot; y M\u00fasica entre libros. - Noticias Radio Reflejos\" \/>\n<meta property=\"og:description\" content=\"La Obra de Antonela Pelorosso Coggan tendr\u00e1 lugar en la Biblioteca Popular San Mart\u00edn.\" \/>\n<meta property=\"og:url\" content=\"https:\/\/www.noticiasradioreflejos.com.ar\/2021\/saldungaray-se-presenta-la-exposicion-a-n-i-m-a-l-y-musica-entre-libros\/\" \/>\n<meta property=\"og:site_name\" content=\"Noticias Radio Reflejos\" \/>\n<meta property=\"article:published_time\" content=\"2025-05-06T21:14:41+00:00\" \/>\n<meta property=\"article:modified_time\" content=\"2025-05-06T21:16:15+00:00\" \/>\n<meta property=\"og:image\" content=\"https:\/\/live.staticflickr.com\/65535\/54502364530_b67ed68777_c.jpg\" \/>\n<meta name=\"author\" content=\"Arnaldo Botto\" \/>\n<meta name=\"twitter:card\" content=\"summary_large_image\" \/>\n<script type=\"application\/ld+json\" class=\"yoast-schema-graph\">{\"@context\":\"https:\/\/schema.org\",\"@graph\":[{\"@type\":\"WebPage\",\"@id\":\"https:\/\/www.noticiasradioreflejos.com.ar\/2021\/saldungaray-se-presenta-la-exposicion-a-n-i-m-a-l-y-musica-entre-libros\/\",\"url\":\"https:\/\/www.noticiasradioreflejos.com.ar\/2021\/saldungaray-se-presenta-la-exposicion-a-n-i-m-a-l-y-musica-entre-libros\/\",\"name\":\"Saldungaray: Se presenta la exposici\u00f3n \\\" A N I M A L \\\" y M\u00fasica entre libros. - Noticias Radio Reflejos\",\"isPartOf\":{\"@id\":\"https:\/\/www.noticiasradioreflejos.com.ar\/2021\/#website\"},\"primaryImageOfPage\":{\"@id\":\"https:\/\/www.noticiasradioreflejos.com.ar\/2021\/saldungaray-se-presenta-la-exposicion-a-n-i-m-a-l-y-musica-entre-libros\/#primaryimage\"},\"image\":{\"@id\":\"https:\/\/www.noticiasradioreflejos.com.ar\/2021\/saldungaray-se-presenta-la-exposicion-a-n-i-m-a-l-y-musica-entre-libros\/#primaryimage\"},\"thumbnailUrl\":\"https:\/\/live.staticflickr.com\/65535\/54502364530_b67ed68777_c.jpg\",\"datePublished\":\"2025-05-06T21:14:41+00:00\",\"dateModified\":\"2025-05-06T21:16:15+00:00\",\"author\":{\"@id\":\"https:\/\/www.noticiasradioreflejos.com.ar\/2021\/#\/schema\/person\/ad82545263dcc5ec0996818884fd5fb1\"},\"breadcrumb\":{\"@id\":\"https:\/\/www.noticiasradioreflejos.com.ar\/2021\/saldungaray-se-presenta-la-exposicion-a-n-i-m-a-l-y-musica-entre-libros\/#breadcrumb\"},\"inLanguage\":\"es\",\"potentialAction\":[{\"@type\":\"ReadAction\",\"target\":[\"https:\/\/www.noticiasradioreflejos.com.ar\/2021\/saldungaray-se-presenta-la-exposicion-a-n-i-m-a-l-y-musica-entre-libros\/\"]}]},{\"@type\":\"ImageObject\",\"inLanguage\":\"es\",\"@id\":\"https:\/\/www.noticiasradioreflejos.com.ar\/2021\/saldungaray-se-presenta-la-exposicion-a-n-i-m-a-l-y-musica-entre-libros\/#primaryimage\",\"url\":\"https:\/\/live.staticflickr.com\/65535\/54502364530_b67ed68777_c.jpg\",\"contentUrl\":\"https:\/\/live.staticflickr.com\/65535\/54502364530_b67ed68777_c.jpg\"},{\"@type\":\"BreadcrumbList\",\"@id\":\"https:\/\/www.noticiasradioreflejos.com.ar\/2021\/saldungaray-se-presenta-la-exposicion-a-n-i-m-a-l-y-musica-entre-libros\/#breadcrumb\",\"itemListElement\":[{\"@type\":\"ListItem\",\"position\":1,\"name\":\"Portada\",\"item\":\"https:\/\/www.noticiasradioreflejos.com.ar\/2021\/\"},{\"@type\":\"ListItem\",\"position\":2,\"name\":\"Saldungaray: Se presenta la exposici\u00f3n \u00bb A N I M A L \u00bb y M\u00fasica entre libros.\"}]},{\"@type\":\"WebSite\",\"@id\":\"https:\/\/www.noticiasradioreflejos.com.ar\/2021\/#website\",\"url\":\"https:\/\/www.noticiasradioreflejos.com.ar\/2021\/\",\"name\":\"Noticias Radio Reflejos\",\"description\":\"Las noticias de mi comarca\",\"potentialAction\":[{\"@type\":\"SearchAction\",\"target\":{\"@type\":\"EntryPoint\",\"urlTemplate\":\"https:\/\/www.noticiasradioreflejos.com.ar\/2021\/?s={search_term_string}\"},\"query-input\":{\"@type\":\"PropertyValueSpecification\",\"valueRequired\":true,\"valueName\":\"search_term_string\"}}],\"inLanguage\":\"es\"},{\"@type\":\"Person\",\"@id\":\"https:\/\/www.noticiasradioreflejos.com.ar\/2021\/#\/schema\/person\/ad82545263dcc5ec0996818884fd5fb1\",\"name\":\"Arnaldo Botto\",\"image\":{\"@type\":\"ImageObject\",\"inLanguage\":\"es\",\"@id\":\"https:\/\/www.noticiasradioreflejos.com.ar\/2021\/#\/schema\/person\/image\/\",\"url\":\"https:\/\/secure.gravatar.com\/avatar\/55cb5e37c1efa326397366e6974cb338056df65cb50e7d64d1cf314e87504837?s=96&d=mm&r=g\",\"contentUrl\":\"https:\/\/secure.gravatar.com\/avatar\/55cb5e37c1efa326397366e6974cb338056df65cb50e7d64d1cf314e87504837?s=96&d=mm&r=g\",\"caption\":\"Arnaldo Botto\"},\"url\":\"https:\/\/www.noticiasradioreflejos.com.ar\/2021\/author\/arnaldo\/\"}]}<\/script>\n<!-- \/ Yoast SEO plugin. -->","yoast_head_json":{"title":"Saldungaray: Se presenta la exposici\u00f3n \" A N I M A L \" y M\u00fasica entre libros. - Noticias Radio Reflejos","robots":{"index":"index","follow":"follow","max-snippet":"max-snippet:-1","max-image-preview":"max-image-preview:large","max-video-preview":"max-video-preview:-1"},"canonical":"https:\/\/www.noticiasradioreflejos.com.ar\/2021\/saldungaray-se-presenta-la-exposicion-a-n-i-m-a-l-y-musica-entre-libros\/","og_locale":"es_ES","og_type":"article","og_title":"Saldungaray: Se presenta la exposici\u00f3n \" A N I M A L \" y M\u00fasica entre libros. - Noticias Radio Reflejos","og_description":"La Obra de Antonela Pelorosso Coggan tendr\u00e1 lugar en la Biblioteca Popular San Mart\u00edn.","og_url":"https:\/\/www.noticiasradioreflejos.com.ar\/2021\/saldungaray-se-presenta-la-exposicion-a-n-i-m-a-l-y-musica-entre-libros\/","og_site_name":"Noticias Radio Reflejos","article_published_time":"2025-05-06T21:14:41+00:00","article_modified_time":"2025-05-06T21:16:15+00:00","og_image":[{"url":"https:\/\/live.staticflickr.com\/65535\/54502364530_b67ed68777_c.jpg","type":"","width":"","height":""}],"author":"Arnaldo Botto","twitter_card":"summary_large_image","schema":{"@context":"https:\/\/schema.org","@graph":[{"@type":"WebPage","@id":"https:\/\/www.noticiasradioreflejos.com.ar\/2021\/saldungaray-se-presenta-la-exposicion-a-n-i-m-a-l-y-musica-entre-libros\/","url":"https:\/\/www.noticiasradioreflejos.com.ar\/2021\/saldungaray-se-presenta-la-exposicion-a-n-i-m-a-l-y-musica-entre-libros\/","name":"Saldungaray: Se presenta la exposici\u00f3n \" A N I M A L \" y M\u00fasica entre libros. - Noticias Radio Reflejos","isPartOf":{"@id":"https:\/\/www.noticiasradioreflejos.com.ar\/2021\/#website"},"primaryImageOfPage":{"@id":"https:\/\/www.noticiasradioreflejos.com.ar\/2021\/saldungaray-se-presenta-la-exposicion-a-n-i-m-a-l-y-musica-entre-libros\/#primaryimage"},"image":{"@id":"https:\/\/www.noticiasradioreflejos.com.ar\/2021\/saldungaray-se-presenta-la-exposicion-a-n-i-m-a-l-y-musica-entre-libros\/#primaryimage"},"thumbnailUrl":"https:\/\/live.staticflickr.com\/65535\/54502364530_b67ed68777_c.jpg","datePublished":"2025-05-06T21:14:41+00:00","dateModified":"2025-05-06T21:16:15+00:00","author":{"@id":"https:\/\/www.noticiasradioreflejos.com.ar\/2021\/#\/schema\/person\/ad82545263dcc5ec0996818884fd5fb1"},"breadcrumb":{"@id":"https:\/\/www.noticiasradioreflejos.com.ar\/2021\/saldungaray-se-presenta-la-exposicion-a-n-i-m-a-l-y-musica-entre-libros\/#breadcrumb"},"inLanguage":"es","potentialAction":[{"@type":"ReadAction","target":["https:\/\/www.noticiasradioreflejos.com.ar\/2021\/saldungaray-se-presenta-la-exposicion-a-n-i-m-a-l-y-musica-entre-libros\/"]}]},{"@type":"ImageObject","inLanguage":"es","@id":"https:\/\/www.noticiasradioreflejos.com.ar\/2021\/saldungaray-se-presenta-la-exposicion-a-n-i-m-a-l-y-musica-entre-libros\/#primaryimage","url":"https:\/\/live.staticflickr.com\/65535\/54502364530_b67ed68777_c.jpg","contentUrl":"https:\/\/live.staticflickr.com\/65535\/54502364530_b67ed68777_c.jpg"},{"@type":"BreadcrumbList","@id":"https:\/\/www.noticiasradioreflejos.com.ar\/2021\/saldungaray-se-presenta-la-exposicion-a-n-i-m-a-l-y-musica-entre-libros\/#breadcrumb","itemListElement":[{"@type":"ListItem","position":1,"name":"Portada","item":"https:\/\/www.noticiasradioreflejos.com.ar\/2021\/"},{"@type":"ListItem","position":2,"name":"Saldungaray: Se presenta la exposici\u00f3n \u00bb A N I M A L \u00bb y M\u00fasica entre libros."}]},{"@type":"WebSite","@id":"https:\/\/www.noticiasradioreflejos.com.ar\/2021\/#website","url":"https:\/\/www.noticiasradioreflejos.com.ar\/2021\/","name":"Noticias Radio Reflejos","description":"Las noticias de mi comarca","potentialAction":[{"@type":"SearchAction","target":{"@type":"EntryPoint","urlTemplate":"https:\/\/www.noticiasradioreflejos.com.ar\/2021\/?s={search_term_string}"},"query-input":{"@type":"PropertyValueSpecification","valueRequired":true,"valueName":"search_term_string"}}],"inLanguage":"es"},{"@type":"Person","@id":"https:\/\/www.noticiasradioreflejos.com.ar\/2021\/#\/schema\/person\/ad82545263dcc5ec0996818884fd5fb1","name":"Arnaldo Botto","image":{"@type":"ImageObject","inLanguage":"es","@id":"https:\/\/www.noticiasradioreflejos.com.ar\/2021\/#\/schema\/person\/image\/","url":"https:\/\/secure.gravatar.com\/avatar\/55cb5e37c1efa326397366e6974cb338056df65cb50e7d64d1cf314e87504837?s=96&d=mm&r=g","contentUrl":"https:\/\/secure.gravatar.com\/avatar\/55cb5e37c1efa326397366e6974cb338056df65cb50e7d64d1cf314e87504837?s=96&d=mm&r=g","caption":"Arnaldo Botto"},"url":"https:\/\/www.noticiasradioreflejos.com.ar\/2021\/author\/arnaldo\/"}]}},"_links":{"self":[{"href":"https:\/\/www.noticiasradioreflejos.com.ar\/2021\/wp-json\/wp\/v2\/posts\/116168","targetHints":{"allow":["GET"]}}],"collection":[{"href":"https:\/\/www.noticiasradioreflejos.com.ar\/2021\/wp-json\/wp\/v2\/posts"}],"about":[{"href":"https:\/\/www.noticiasradioreflejos.com.ar\/2021\/wp-json\/wp\/v2\/types\/post"}],"author":[{"embeddable":true,"href":"https:\/\/www.noticiasradioreflejos.com.ar\/2021\/wp-json\/wp\/v2\/users\/3"}],"replies":[{"embeddable":true,"href":"https:\/\/www.noticiasradioreflejos.com.ar\/2021\/wp-json\/wp\/v2\/comments?post=116168"}],"version-history":[{"count":2,"href":"https:\/\/www.noticiasradioreflejos.com.ar\/2021\/wp-json\/wp\/v2\/posts\/116168\/revisions"}],"predecessor-version":[{"id":116172,"href":"https:\/\/www.noticiasradioreflejos.com.ar\/2021\/wp-json\/wp\/v2\/posts\/116168\/revisions\/116172"}],"wp:attachment":[{"href":"https:\/\/www.noticiasradioreflejos.com.ar\/2021\/wp-json\/wp\/v2\/media?parent=116168"}],"wp:term":[{"taxonomy":"category","embeddable":true,"href":"https:\/\/www.noticiasradioreflejos.com.ar\/2021\/wp-json\/wp\/v2\/categories?post=116168"},{"taxonomy":"post_tag","embeddable":true,"href":"https:\/\/www.noticiasradioreflejos.com.ar\/2021\/wp-json\/wp\/v2\/tags?post=116168"}],"curies":[{"name":"wp","href":"https:\/\/api.w.org\/{rel}","templated":true}]}}