{"id":116149,"date":"2025-05-06T17:32:49","date_gmt":"2025-05-06T20:32:49","guid":{"rendered":"https:\/\/www.noticiasradioreflejos.com.ar\/2021\/?p=116149"},"modified":"2025-05-06T18:04:56","modified_gmt":"2025-05-06T21:04:56","slug":"yo-solo-echaria-a-empleados-que-no-trabajan-y-que-roban-lo-mismo-que-los-funcionarios","status":"publish","type":"post","link":"https:\/\/www.noticiasradioreflejos.com.ar\/2021\/yo-solo-echaria-a-empleados-que-no-trabajan-y-que-roban-lo-mismo-que-los-funcionarios\/","title":{"rendered":"\u00abYo s\u00f3lo echar\u00eda a empleados que no trabajan y que roban. Lo mismo que los funcionarios\u00bb"},"content":{"rendered":"<p>El Bloque Juntos UCR, compuesto por Susana Marcolini, Sandra Kifer, Luis Castro y Gabriela Romero visitaron el piso de FM Reflejos en una recorrida que realizaron por la localidad de Sierra de la Ventana. Aprovechamos para conocer la opini\u00f3n de los ediles en referencia a varios temas del momento. Problemas financieros en los municipios, reclamos de los vecinos y pr\u00f3ximas elecciones se abordaron durante el encuentro.<!--more--><\/p>\n<p>\u00abHay muy pocas cosas que corresponden a la labor del Departamento Deliberativo que se nos est\u00e9n reclamando. Hay muy pocas cosas que no est\u00e9n reglamentadas pero s\u00ed, es muy evidente, que hay poco respeto por la norma\u00bb expresa Susana Marcolini al abrir la nota, haciendo referencia con qu\u00e9 se encuentran en estas visitas a las localidades del distrito para escuchar a los vecinos.<\/p>\n<p>&nbsp;<\/p>\n<h4><strong>Ente Mixto<\/strong><\/h4>\n<p>\u00abLo que nosotros planteamos es que el ciudadano y las instituciones tengan la posibilidad de escuchar los fundamentos a trav\u00e9s de una sesi\u00f3n que es p\u00fablica, donde est\u00e1n los medios de comunicaci\u00f3n. Entonces, como representantes, consideramos importante trabajar de caras al ciudadano y que pueda estar informado sobre este tipo de decisiones\u00bb comenta Sandra Kifer cuando se le pregunta por la organizaci\u00f3n de los encuentros del Ente Mixto.<\/p>\n<p>\u00abSe accedi\u00f3 a una reuni\u00f3n dentro del Concejo mismo con el Secretario de Turismo, donde nos dio las explicaciones pertinentes. Tambi\u00e9n se mantuvo una reuni\u00f3n el 29 de abril con el Ente Mixto, donde tambi\u00e9n se plante\u00f3 esta situaci\u00f3n pero la mayor\u00eda de los integrantes del EMITT prefieren que esta informaci\u00f3n quede dentro del seno del EMITT\u00bb cierra Sandra la tem\u00e1tica.<\/p>\n<p>&nbsp;<\/p>\n<h4>Baja en la Coparticipaci\u00f3n Nacional<\/h4>\n<p>\u00abEs un tema de preocupaci\u00f3n y que habr\u00eda haberla previsto antes. Algo hab\u00eda que cambiar y adaptarnos. Lo ven\u00edamos viendo porque la situaci\u00f3n que se estaba sosteniendo hasta el a\u00f1o pasado no pod\u00eda sostenerse en el tiempo. M\u00e1s all\u00e1 de la opini\u00f3n que tengamos de si nos gusta o no nos gustan las cosas que se hacen, lo que era evidente era que algo hab\u00eda que cambiar. Eso se lo dec\u00edamos al Intendente\u00bb menciona Susana Marcolini al consultarle por la situaci\u00f3n econ\u00f3mica actual del municipio, luego de la noticia de los recortes en la coparticipaci\u00f3n con el Gobierno Nacional. \u00abSe han hecho gastos y reclamos que consider\u00e1bamos inadecuados. No es por nosotros ni por ellos que son los responsables del gobierno, es por la comunidad. Tenemos que tener la grandeza suficiente para prever los da\u00f1os que se puedan dar en la comunidad\u00bb.<\/p>\n<p>Por su parte, Luis Castro tambi\u00e9n acot\u00f3: \u00abCon respecto a los n\u00fameros, la coparticipaci\u00f3n, que es autom\u00e1tica, el mes pasado con respecto a abril del 2024 aument\u00f3 un 10 %. Ya a partir de ese dato, los recursos de Naci\u00f3n aumentaron. El impuesto a las ganancias, que se restituy\u00f3, permiti\u00f3 que las Provincias en el mes de abril reciban m\u00e1s recursos que en el 2024. Estamos mal por varios factores; Nacionales, Provinciales y Municipales\u00bb. El concejal tambi\u00e9n menciona que la realidad impositiva a nivel municipal, siendo aumentada un 280 %, generar\u00eda que los ciudadanos no pagar\u00edan las tasas o las pagar\u00edan tarde. \u00abEsa discusi\u00f3n la dimos, logramos destrabar la discusi\u00f3n y que se reduzca el porcentaje y hoy estamos en esta situaci\u00f3n que el Intendente dice que s\u00f3lo apuntar\u00e1 al gabinete a que s\u00f3lo hagan gastos necesarios. Es un sinceramiento importante porque reconoce que estuvieron haciendo gastos innecesarios\u00bb.<\/p>\n<p><strong>\u00abPodr\u00edan hacer un recorte en la planta pol\u00edtica de un 15 o 20 %. Ser\u00eda un sacrificio del gobierno municipal. Despu\u00e9s yo s\u00f3lo echar\u00eda a empleados que no trabajan y que roban. Lo mismo que los funcionarios\u00bb<\/strong> contin\u00faa Castro, proponiendo una potencial soluci\u00f3n a la actualidad econ\u00f3mica del municipio, haciendo hincapi\u00e9 en los bajos sueldos de los empleados.<\/p>\n<p>\u00abLas retribuciones de los t\u00edtulos a los funcionarios lo que a nosotros nos parece que es mucho m\u00e1s profundo es la forma en la cual se hace. Si cre\u00edan que era su derecho, deber\u00edan haber puesto la cara. Con el fragor de toda la situaci\u00f3n, ni se nos ocurri\u00f3 que eso era para la planta pol\u00edtica. La forma de discutirlo es lo que realmente molesta\u00bb agrega Susana Marcolini a la discusi\u00f3n. \u00abSi no hacemos realmente el ajuste, la verdad es que en unos a\u00f1os, con lo que creci\u00f3 la planta, vamos a tener 1500 empleados y se funden. Y la gente va a tener que pagar tasas de 1 mill\u00f3n de pesos\u00bb se suma Castro.<\/p>\n<p>&nbsp;<\/p>\n<h4>Reclamos vecinales<\/h4>\n<p>Sandra Kifer aprovecha para poder comentar cu\u00e1les son aquellas cuestiones que m\u00e1s preocupan a los vecinos de Sierra de la Ventana. \u00abYo creo que el tema del riego en las calles, servicios p\u00fablicos. Nosotros como concejales tenemos la herramienta del pedido de informe para que podamos dar respuesta a la comunidad de aquellos que nos consultan. El lugar del parador es un lugar de hidr\u00e1ulica. Si hidr\u00e1ulica dio el permiso, est\u00e1 en condiciones de desarrollarse el parador. Pero si no tiene el permiso de hidr\u00e1ulica, \u00bfest\u00e1 asegurado?, porque no podemos pensar que nunca va a pasar nada. \u00bfPor qu\u00e9 no enviamos a la gente responsable e inspectores para controlar que la gente con casilla pernocte una sola noche?\u00bb.<\/p>\n<p><strong>\u00abTrabajar con planificaci\u00f3n es la mejor forma de cuidar los recursos y evitar conflictos.<\/strong> Gobernar es planificar, porque sino ser\u00eda muy f\u00e1cil llevar el d\u00eda a d\u00eda a los ponchazos. Planificar qu\u00e9 es lo que vamos a hacer tiene que estar 10 pasos adelante de la problem\u00e1tica\u00bb comenta Marcolini.<\/p>\n<p>\u00abEl mi\u00e9rcoles pasado hubo una quema controlada en el basurero entre Sierra y Saldungaray y no empez\u00f3 la \u00e9poca de poda. Hab\u00eda gente preocupada porque hemos tenido experiencias donde no se perdieron vidas porque estuvo la mano de Dios presente. Pero la realidad es que fuego a las 10 de la noche, no se ve\u00edan los techos de las casas\u00bb comenta Sandra otra de las preocupaciones de los vecinos.<strong> \u00abNosotros hoy presentamos una minuta pidi\u00e9ndole al Ejecutivo que haga el estudio de la problem\u00e1tica para ponernos de acuerdo en qu\u00e9 hacemos. Los vecinos est\u00e1n cansados y buscan respuesta\u00bb<\/strong> se suma Luis.<\/p>\n<p>&nbsp;<\/p>\n<h4>Sobre la publicaci\u00f3n que inform\u00f3 que Bassi ser\u00eda jefe de PAMI<\/h4>\n<p>&nbsp;<\/p>\n<p><strong>\u00abIndependientemente de a qui\u00e9n le toque, se supone que se apela a la responsabilidad de la prensa. No es un trascendido lo que se public\u00f3 ayer, se public\u00f3 como una certeza. Es una posici\u00f3n que nosotros insistiremos siempre, cuando se dice algo hay que hacerlo con responsabilidad\u00bb<\/strong> opina Susana Marcolini en torno a anuncios que se han realizado en los medios de comunicaci\u00f3n sobre el nombramiento de nuevos funcionarios p\u00fablicos.<\/p>\n<p>&nbsp;<\/p>\n<p>Los integrantes del Bloque Juntos UCR cierran la nota mencionando que estar\u00e1n visitando las localidades distritales con periodicidad pero sin certeza de la fecha donde retornar\u00e1n concretamente a Sierra de la Ventana, por el momento.<\/p>\n<p>&nbsp;<\/p>\n<p><iframe loading=\"lazy\" src=\"https:\/\/w.soundcloud.com\/player\/?url=https%3A\/\/api.soundcloud.com\/tracks\/2091096120&amp;color=%23ff5500&amp;auto_play=false&amp;hide_related=false&amp;show_comments=true&amp;show_user=true&amp;show_reposts=false&amp;show_teaser=true\" width=\"100%\" height=\"166\" frameborder=\"no\" scrolling=\"no\"><\/iframe><\/p>\n<div style=\"font-size: 10px; color: #cccccc; line-break: anywhere; word-break: normal; overflow: hidden; white-space: nowrap; text-overflow: ellipsis; font-family: Interstate,Lucida Grande,Lucida Sans Unicode,Lucida Sans,Garuda,Verdana,Tahoma,sans-serif; font-weight: 100;\"><a style=\"color: #cccccc; text-decoration: none;\" title=\"fmreflejos 103.7\" href=\"https:\/\/soundcloud.com\/fmreflejos-103-7\" target=\"_blank\" rel=\"noopener\">fmreflejos 103.7<\/a> \u00b7 <a style=\"color: #cccccc; text-decoration: none;\" title=\"bloque juntos UCR 06-05\" href=\"https:\/\/soundcloud.com\/fmreflejos-103-7\/bloque-juntos-ucr-06-05\" target=\"_blank\" rel=\"noopener\">bloque juntos UCR 06-05<\/a><\/div>\n","protected":false},"excerpt":{"rendered":"<p>El Bloque Juntos UCR, compuesto por Susana Marcolini, Sandra Kifer, Luis Castro y Gabriela Romero visitaron el piso de FM Reflejos en una recorrida que realizaron por la localidad de Sierra de la Ventana. Aprovechamos para conocer la opini\u00f3n de los ediles en referencia a varios temas del momento. Problemas financieros en los municipios, reclamos [&hellip;]<\/p>\n","protected":false},"author":3,"featured_media":0,"comment_status":"closed","ping_status":"closed","sticky":false,"template":"","format":"standard","meta":{"footnotes":""},"categories":[24],"tags":[48],"class_list":["post-116149","post","type-post","status-publish","format-standard","hentry","category-politica","tag-destacada"],"yoast_head":"<!-- This site is optimized with the Yoast SEO plugin v25.9 - https:\/\/yoast.com\/wordpress\/plugins\/seo\/ -->\n<title>&quot;Yo s\u00f3lo echar\u00eda a empleados que no trabajan y que roban. Lo mismo que los funcionarios&quot; - Noticias Radio Reflejos<\/title>\n<meta name=\"robots\" content=\"index, follow, max-snippet:-1, max-image-preview:large, max-video-preview:-1\" \/>\n<link rel=\"canonical\" href=\"https:\/\/www.noticiasradioreflejos.com.ar\/2021\/yo-solo-echaria-a-empleados-que-no-trabajan-y-que-roban-lo-mismo-que-los-funcionarios\/\" \/>\n<meta property=\"og:locale\" content=\"es_ES\" \/>\n<meta property=\"og:type\" content=\"article\" \/>\n<meta property=\"og:title\" content=\"&quot;Yo s\u00f3lo echar\u00eda a empleados que no trabajan y que roban. Lo mismo que los funcionarios&quot; - Noticias Radio Reflejos\" \/>\n<meta property=\"og:description\" content=\"El Bloque Juntos UCR, compuesto por Susana Marcolini, Sandra Kifer, Luis Castro y Gabriela Romero visitaron el piso de FM Reflejos en una recorrida que realizaron por la localidad de Sierra de la Ventana. Aprovechamos para conocer la opini\u00f3n de los ediles en referencia a varios temas del momento. Problemas financieros en los municipios, reclamos [&hellip;]\" \/>\n<meta property=\"og:url\" content=\"https:\/\/www.noticiasradioreflejos.com.ar\/2021\/yo-solo-echaria-a-empleados-que-no-trabajan-y-que-roban-lo-mismo-que-los-funcionarios\/\" \/>\n<meta property=\"og:site_name\" content=\"Noticias Radio Reflejos\" \/>\n<meta property=\"article:published_time\" content=\"2025-05-06T20:32:49+00:00\" \/>\n<meta property=\"article:modified_time\" content=\"2025-05-06T21:04:56+00:00\" \/>\n<meta property=\"og:image\" content=\"https:\/\/www.noticiasradioreflejos.com.ar\/2021\/wp-content\/uploads\/2025\/05\/bloque-UCR.jpg\" \/>\n\t<meta property=\"og:image:width\" content=\"786\" \/>\n\t<meta property=\"og:image:height\" content=\"696\" \/>\n\t<meta property=\"og:image:type\" content=\"image\/jpeg\" \/>\n<meta name=\"author\" content=\"Arnaldo Botto\" \/>\n<meta name=\"twitter:card\" content=\"summary_large_image\" \/>\n<script type=\"application\/ld+json\" class=\"yoast-schema-graph\">{\"@context\":\"https:\/\/schema.org\",\"@graph\":[{\"@type\":\"WebPage\",\"@id\":\"https:\/\/www.noticiasradioreflejos.com.ar\/2021\/yo-solo-echaria-a-empleados-que-no-trabajan-y-que-roban-lo-mismo-que-los-funcionarios\/\",\"url\":\"https:\/\/www.noticiasradioreflejos.com.ar\/2021\/yo-solo-echaria-a-empleados-que-no-trabajan-y-que-roban-lo-mismo-que-los-funcionarios\/\",\"name\":\"\\\"Yo s\u00f3lo echar\u00eda a empleados que no trabajan y que roban. Lo mismo que los funcionarios\\\" - Noticias Radio Reflejos\",\"isPartOf\":{\"@id\":\"https:\/\/www.noticiasradioreflejos.com.ar\/2021\/#website\"},\"datePublished\":\"2025-05-06T20:32:49+00:00\",\"dateModified\":\"2025-05-06T21:04:56+00:00\",\"author\":{\"@id\":\"https:\/\/www.noticiasradioreflejos.com.ar\/2021\/#\/schema\/person\/ad82545263dcc5ec0996818884fd5fb1\"},\"breadcrumb\":{\"@id\":\"https:\/\/www.noticiasradioreflejos.com.ar\/2021\/yo-solo-echaria-a-empleados-que-no-trabajan-y-que-roban-lo-mismo-que-los-funcionarios\/#breadcrumb\"},\"inLanguage\":\"es\",\"potentialAction\":[{\"@type\":\"ReadAction\",\"target\":[\"https:\/\/www.noticiasradioreflejos.com.ar\/2021\/yo-solo-echaria-a-empleados-que-no-trabajan-y-que-roban-lo-mismo-que-los-funcionarios\/\"]}]},{\"@type\":\"BreadcrumbList\",\"@id\":\"https:\/\/www.noticiasradioreflejos.com.ar\/2021\/yo-solo-echaria-a-empleados-que-no-trabajan-y-que-roban-lo-mismo-que-los-funcionarios\/#breadcrumb\",\"itemListElement\":[{\"@type\":\"ListItem\",\"position\":1,\"name\":\"Portada\",\"item\":\"https:\/\/www.noticiasradioreflejos.com.ar\/2021\/\"},{\"@type\":\"ListItem\",\"position\":2,\"name\":\"\u00abYo s\u00f3lo echar\u00eda a empleados que no trabajan y que roban. Lo mismo que los funcionarios\u00bb\"}]},{\"@type\":\"WebSite\",\"@id\":\"https:\/\/www.noticiasradioreflejos.com.ar\/2021\/#website\",\"url\":\"https:\/\/www.noticiasradioreflejos.com.ar\/2021\/\",\"name\":\"Noticias Radio Reflejos\",\"description\":\"Las noticias de mi comarca\",\"potentialAction\":[{\"@type\":\"SearchAction\",\"target\":{\"@type\":\"EntryPoint\",\"urlTemplate\":\"https:\/\/www.noticiasradioreflejos.com.ar\/2021\/?s={search_term_string}\"},\"query-input\":{\"@type\":\"PropertyValueSpecification\",\"valueRequired\":true,\"valueName\":\"search_term_string\"}}],\"inLanguage\":\"es\"},{\"@type\":\"Person\",\"@id\":\"https:\/\/www.noticiasradioreflejos.com.ar\/2021\/#\/schema\/person\/ad82545263dcc5ec0996818884fd5fb1\",\"name\":\"Arnaldo Botto\",\"image\":{\"@type\":\"ImageObject\",\"inLanguage\":\"es\",\"@id\":\"https:\/\/www.noticiasradioreflejos.com.ar\/2021\/#\/schema\/person\/image\/\",\"url\":\"https:\/\/secure.gravatar.com\/avatar\/55cb5e37c1efa326397366e6974cb338056df65cb50e7d64d1cf314e87504837?s=96&d=mm&r=g\",\"contentUrl\":\"https:\/\/secure.gravatar.com\/avatar\/55cb5e37c1efa326397366e6974cb338056df65cb50e7d64d1cf314e87504837?s=96&d=mm&r=g\",\"caption\":\"Arnaldo Botto\"},\"url\":\"https:\/\/www.noticiasradioreflejos.com.ar\/2021\/author\/arnaldo\/\"}]}<\/script>\n<!-- \/ Yoast SEO plugin. -->","yoast_head_json":{"title":"\"Yo s\u00f3lo echar\u00eda a empleados que no trabajan y que roban. Lo mismo que los funcionarios\" - Noticias Radio Reflejos","robots":{"index":"index","follow":"follow","max-snippet":"max-snippet:-1","max-image-preview":"max-image-preview:large","max-video-preview":"max-video-preview:-1"},"canonical":"https:\/\/www.noticiasradioreflejos.com.ar\/2021\/yo-solo-echaria-a-empleados-que-no-trabajan-y-que-roban-lo-mismo-que-los-funcionarios\/","og_locale":"es_ES","og_type":"article","og_title":"\"Yo s\u00f3lo echar\u00eda a empleados que no trabajan y que roban. Lo mismo que los funcionarios\" - Noticias Radio Reflejos","og_description":"El Bloque Juntos UCR, compuesto por Susana Marcolini, Sandra Kifer, Luis Castro y Gabriela Romero visitaron el piso de FM Reflejos en una recorrida que realizaron por la localidad de Sierra de la Ventana. Aprovechamos para conocer la opini\u00f3n de los ediles en referencia a varios temas del momento. Problemas financieros en los municipios, reclamos [&hellip;]","og_url":"https:\/\/www.noticiasradioreflejos.com.ar\/2021\/yo-solo-echaria-a-empleados-que-no-trabajan-y-que-roban-lo-mismo-que-los-funcionarios\/","og_site_name":"Noticias Radio Reflejos","article_published_time":"2025-05-06T20:32:49+00:00","article_modified_time":"2025-05-06T21:04:56+00:00","og_image":[{"width":786,"height":696,"url":"https:\/\/www.noticiasradioreflejos.com.ar\/2021\/wp-content\/uploads\/2025\/05\/bloque-UCR.jpg","type":"image\/jpeg"}],"author":"Arnaldo Botto","twitter_card":"summary_large_image","schema":{"@context":"https:\/\/schema.org","@graph":[{"@type":"WebPage","@id":"https:\/\/www.noticiasradioreflejos.com.ar\/2021\/yo-solo-echaria-a-empleados-que-no-trabajan-y-que-roban-lo-mismo-que-los-funcionarios\/","url":"https:\/\/www.noticiasradioreflejos.com.ar\/2021\/yo-solo-echaria-a-empleados-que-no-trabajan-y-que-roban-lo-mismo-que-los-funcionarios\/","name":"\"Yo s\u00f3lo echar\u00eda a empleados que no trabajan y que roban. Lo mismo que los funcionarios\" - Noticias Radio Reflejos","isPartOf":{"@id":"https:\/\/www.noticiasradioreflejos.com.ar\/2021\/#website"},"datePublished":"2025-05-06T20:32:49+00:00","dateModified":"2025-05-06T21:04:56+00:00","author":{"@id":"https:\/\/www.noticiasradioreflejos.com.ar\/2021\/#\/schema\/person\/ad82545263dcc5ec0996818884fd5fb1"},"breadcrumb":{"@id":"https:\/\/www.noticiasradioreflejos.com.ar\/2021\/yo-solo-echaria-a-empleados-que-no-trabajan-y-que-roban-lo-mismo-que-los-funcionarios\/#breadcrumb"},"inLanguage":"es","potentialAction":[{"@type":"ReadAction","target":["https:\/\/www.noticiasradioreflejos.com.ar\/2021\/yo-solo-echaria-a-empleados-que-no-trabajan-y-que-roban-lo-mismo-que-los-funcionarios\/"]}]},{"@type":"BreadcrumbList","@id":"https:\/\/www.noticiasradioreflejos.com.ar\/2021\/yo-solo-echaria-a-empleados-que-no-trabajan-y-que-roban-lo-mismo-que-los-funcionarios\/#breadcrumb","itemListElement":[{"@type":"ListItem","position":1,"name":"Portada","item":"https:\/\/www.noticiasradioreflejos.com.ar\/2021\/"},{"@type":"ListItem","position":2,"name":"\u00abYo s\u00f3lo echar\u00eda a empleados que no trabajan y que roban. Lo mismo que los funcionarios\u00bb"}]},{"@type":"WebSite","@id":"https:\/\/www.noticiasradioreflejos.com.ar\/2021\/#website","url":"https:\/\/www.noticiasradioreflejos.com.ar\/2021\/","name":"Noticias Radio Reflejos","description":"Las noticias de mi comarca","potentialAction":[{"@type":"SearchAction","target":{"@type":"EntryPoint","urlTemplate":"https:\/\/www.noticiasradioreflejos.com.ar\/2021\/?s={search_term_string}"},"query-input":{"@type":"PropertyValueSpecification","valueRequired":true,"valueName":"search_term_string"}}],"inLanguage":"es"},{"@type":"Person","@id":"https:\/\/www.noticiasradioreflejos.com.ar\/2021\/#\/schema\/person\/ad82545263dcc5ec0996818884fd5fb1","name":"Arnaldo Botto","image":{"@type":"ImageObject","inLanguage":"es","@id":"https:\/\/www.noticiasradioreflejos.com.ar\/2021\/#\/schema\/person\/image\/","url":"https:\/\/secure.gravatar.com\/avatar\/55cb5e37c1efa326397366e6974cb338056df65cb50e7d64d1cf314e87504837?s=96&d=mm&r=g","contentUrl":"https:\/\/secure.gravatar.com\/avatar\/55cb5e37c1efa326397366e6974cb338056df65cb50e7d64d1cf314e87504837?s=96&d=mm&r=g","caption":"Arnaldo Botto"},"url":"https:\/\/www.noticiasradioreflejos.com.ar\/2021\/author\/arnaldo\/"}]}},"_links":{"self":[{"href":"https:\/\/www.noticiasradioreflejos.com.ar\/2021\/wp-json\/wp\/v2\/posts\/116149","targetHints":{"allow":["GET"]}}],"collection":[{"href":"https:\/\/www.noticiasradioreflejos.com.ar\/2021\/wp-json\/wp\/v2\/posts"}],"about":[{"href":"https:\/\/www.noticiasradioreflejos.com.ar\/2021\/wp-json\/wp\/v2\/types\/post"}],"author":[{"embeddable":true,"href":"https:\/\/www.noticiasradioreflejos.com.ar\/2021\/wp-json\/wp\/v2\/users\/3"}],"replies":[{"embeddable":true,"href":"https:\/\/www.noticiasradioreflejos.com.ar\/2021\/wp-json\/wp\/v2\/comments?post=116149"}],"version-history":[{"count":9,"href":"https:\/\/www.noticiasradioreflejos.com.ar\/2021\/wp-json\/wp\/v2\/posts\/116149\/revisions"}],"predecessor-version":[{"id":116161,"href":"https:\/\/www.noticiasradioreflejos.com.ar\/2021\/wp-json\/wp\/v2\/posts\/116149\/revisions\/116161"}],"wp:attachment":[{"href":"https:\/\/www.noticiasradioreflejos.com.ar\/2021\/wp-json\/wp\/v2\/media?parent=116149"}],"wp:term":[{"taxonomy":"category","embeddable":true,"href":"https:\/\/www.noticiasradioreflejos.com.ar\/2021\/wp-json\/wp\/v2\/categories?post=116149"},{"taxonomy":"post_tag","embeddable":true,"href":"https:\/\/www.noticiasradioreflejos.com.ar\/2021\/wp-json\/wp\/v2\/tags?post=116149"}],"curies":[{"name":"wp","href":"https:\/\/api.w.org\/{rel}","templated":true}]}}