{"id":116147,"date":"2025-05-06T14:25:41","date_gmt":"2025-05-06T17:25:41","guid":{"rendered":"https:\/\/www.noticiasradioreflejos.com.ar\/2021\/?p=116147"},"modified":"2025-05-06T14:25:41","modified_gmt":"2025-05-06T17:25:41","slug":"el-pami-de-milei-sospechado-de-corrupcion-purga-interna-copamiento-libertario-y-ajuste-sobre-los-jubilados","status":"publish","type":"post","link":"https:\/\/www.noticiasradioreflejos.com.ar\/2021\/el-pami-de-milei-sospechado-de-corrupcion-purga-interna-copamiento-libertario-y-ajuste-sobre-los-jubilados\/","title":{"rendered":"El PAMI de Milei sospechado de corrupci\u00f3n: purga interna, copamiento libertario y ajuste sobre los jubilados"},"content":{"rendered":"<p>Antes de que estallaran las denuncias cruzadas por supuesta corrupci\u00f3n, el organismo fue reestructurado bajo el mando pol\u00edtico de Santiago Caputo: despidos masivos, recortes en medicamentos y designaci\u00f3n de funcionarios sin trayectoria t\u00e9cnica, pero con afinidad ideol\u00f3gica.<!--more-->En el edificio de Corrientes 655 ya no queda rastro del equilibrio precario que hab\u00eda sostenido Juntos por el Cambio. Ni t\u00e9cnicos con terminales en la UCR, ni armados h\u00edbridos con el peronismo moderado. <a class=\"link\" href=\"https:\/\/www.eldiarioar.com\/politica\/arzobispo-cordoba-medicamentos-gratuitos-pami-eutanasia-encubierta_1_11876571.html\" data-mrf-recirculation=\"links-noticia\" data-mrf-link=\"https:\/\/www.eldiarioar.com\/politica\/arzobispo-cordoba-medicamentos-gratuitos-pami-eutanasia-encubierta_1_11876571.html\"><strong>En el PAMI manda ahora la l\u00f3gica libertaria<\/strong><\/a><strong>\u00a0del gobierno de Javier Milei: una combinaci\u00f3n de recorte presupuestario, copamiento territorial y ocupaci\u00f3n ideol\u00f3gica<\/strong>. Bajo la presidencia formal de Esteban Leguizamo, pero con el pulso pol\u00edtico del asesor todoterreno\u00a0<strong>Santiago Caputo<\/strong>, el Instituto Nacional de Servicios Sociales para Jubilados y Pensionados entr\u00f3 en una fase de reorganizaci\u00f3n silenciosa pero profunda. Sin grandes anuncios ni fotos, pero con\u00a0<strong>una lista cada vez m\u00e1s visible de despidos, reestructuraciones internas y nuevas figuras<\/strong> con l\u00ednea directa a la Casa Rosada.<\/p>\n<p>La transformaci\u00f3n institucional fue profunda antes de que en los \u00faltimos d\u00edas estallara un esc\u00e1ndalo por denuncias de corrupci\u00f3nm en el organismo, lo que <a class=\"link\" href=\"https:\/\/www.eldiarioar.com\/politica\/grieta-libertaria-ensancha-santiago-caputo-sebastian-pareja-disputan-conurbano-mirada-karina-milei_1_12273154.html\" data-mrf-recirculation=\"links-noticia\" data-mrf-link=\"https:\/\/www.eldiarioar.com\/politica\/grieta-libertaria-ensancha-santiago-caputo-sebastian-pareja-disputan-conurbano-mirada-karina-milei_1_12273154.html\">aviv\u00f3 la grieta libertaria entre los bandos de Caputo y el armador bonaerense Sebati\u00e1n Pareja.<\/a>\u00a0En los \u00faltimos meses,\u00a0<strong>las cuatro gerencias sociales del organismo se redujeron a una sola, subdividida ahora en seis subgerencias<\/strong>. Se desplaz\u00f3 a figuras como Sergio Barrionuevo \u2014ligado al operador peronista porte\u00f1o Juan Manuel Olmos\u2014 y otros cuadros vinculados a Graciela Oca\u00f1a o Carlos Rojo.\u00a0<strong>Algunos conservaron cargos intermedios, incluso sin reducci\u00f3n salarial, pero con menor peso pol\u00edtico<\/strong>. La nueva arquitectura comenz\u00f3 a responder a una Unidad T\u00e9cnica Operativa subordinada al n\u00famero 2 de Leguizamo, Carlos Zamparolo, quien proviene de la obra social de los empleados de la Universidad de Buenos Aires (DOSUBA).<\/p>\n<p>Entre las designaciones m\u00e1s llamativas estuvo la de\u00a0<strong>Mar\u00eda Antonella Racunti<\/strong>, libertaria de La Plata y militante activa de la organizaci\u00f3n\u00a0<strong>Universitarios de La Libertad Avanza (ULLA)<\/strong>, que tras la reestructuraci\u00f3n asumi\u00f3 como\u00a0<strong>la \u00fanica gerenta del PAMI, al frente del \u00c1rea de Participaci\u00f3n e Inclusi\u00f3n Social<\/strong>. La Plata es justamente el distrito donde estaba\u00a0<a class=\"link\" href=\"https:\/\/www.eldiarioar.com\/politica\/diputada-libertaria-denuncia-corrupcion-pami-apunta-sebastian-pareja_1_12272676.html\" data-mrf-recirculation=\"links-noticia\" data-mrf-link=\"https:\/\/www.eldiarioar.com\/politica\/diputada-libertaria-denuncia-corrupcion-pami-apunta-sebastian-pareja_1_12272676.html\">Viviana Aguirre, diputada libertaria suplente, quien denunci\u00f3 que fue echada del PAMI por denunciar hechos de corrupci\u00f3n.<\/a><\/p>\n<p>En redes sociales, Racunti se muestra alineada con el sector m\u00e1s duro del oficialismo. Comparte asiduamente publicaciones de\u00a0<strong>Lucas \u201cSagaz\u201d Luna<\/strong>\u00a0\u2014referente libertario de Tres de Febrero, con llegada a la mesa chica de Caputo\u2014 y de Las Fuerzas del Cielo,\u00a0<a class=\"link\" href=\"https:\/\/www.eldiarioar.com\/politica\/fuerzas-cielo-milei-combinar-provocacion-virtual-evangelizacion-politica-cara-2025_1_11844219.html\" data-mrf-recirculation=\"links-noticia\" data-mrf-link=\"https:\/\/www.eldiarioar.com\/politica\/fuerzas-cielo-milei-combinar-provocacion-virtual-evangelizacion-politica-cara-2025_1_11844219.html\">una agrupaci\u00f3n<\/a> con voceros como El Gordo Dan.<\/p>\n<p>La militancia digital forma parte de su estilo, aunque no sin controversias. En octubre pasado, Racunti comparti\u00f3 \u2014y luego borr\u00f3\u2014 un mensaje en tono de burla sobre la \u00faltima dictadura militar.\u00a0<strong>\u201cLa \u00faltima vez que se hicieron los picantes terminaron buscando hijos y nietos por 40 a\u00f1os. Sigan as\u00ed\u201d<\/strong>, dec\u00eda el posteo original de la cuenta @oficinagtar, replicado por ella con una risa. El mensaje gener\u00f3 rechazo incluso dentro del propio PAMI, pero no tuvo consecuencias formales. En los pasillos de Corrientes 655,\u00a0<strong>el episodio se interpret\u00f3 como otro reflejo de la libertad de acci\u00f3n que manejan algunos cuadros del armado libertario<\/strong>.<\/p>\n<div class=\"content-container col-12 col-lg-8\">\n<div class=\"c-content\">\n<div class=\"partner-wrapper article-page__body-row\">\n<div class=\"second-col\">\n<figure><picture class=\"news-image\"><source srcset=\"https:\/\/static.eldiario.es\/clip\/0bffbfbc-9df2-470d-a73c-652bc99de3a0_16-9-discover-aspect-ratio_50p_0.webp\" type=\"image\/webp\" media=\"(max-width: 576px)\" \/><source srcset=\"https:\/\/static.eldiario.es\/clip\/0bffbfbc-9df2-470d-a73c-652bc99de3a0_16-9-discover-aspect-ratio_50p_0.jpg\" type=\"image\/jpg\" media=\"(max-width: 576px)\" \/><source srcset=\"https:\/\/static.eldiario.es\/clip\/0bffbfbc-9df2-470d-a73c-652bc99de3a0_16-9-discover-aspect-ratio_75p_0.webp\" type=\"image\/webp\" media=\"(max-width: 767px)\" \/><source srcset=\"https:\/\/static.eldiario.es\/clip\/0bffbfbc-9df2-470d-a73c-652bc99de3a0_16-9-discover-aspect-ratio_75p_0.jpg\" type=\"image\/jpg\" media=\"(max-width: 767px)\" \/><source srcset=\"https:\/\/static.eldiario.es\/clip\/0bffbfbc-9df2-470d-a73c-652bc99de3a0_16-9-discover-aspect-ratio_default_0.webp\" type=\"image\/webp\" media=\"(min-width: 768px)\" \/><source srcset=\"https:\/\/static.eldiario.es\/clip\/0bffbfbc-9df2-470d-a73c-652bc99de3a0_16-9-discover-aspect-ratio_default_0.jpg\" type=\"image\/jpg\" media=\"(min-width: 768px)\" \/><source srcset=\"https:\/\/static.eldiario.es\/clip\/0bffbfbc-9df2-470d-a73c-652bc99de3a0_16-9-discover-aspect-ratio_default_0.webp\" type=\"image\/webp\" \/><img decoding=\"async\" class=\"lazy entered loaded\" src=\"https:\/\/static.eldiario.es\/clip\/0bffbfbc-9df2-470d-a73c-652bc99de3a0_16-9-discover-aspect-ratio_default_0.jpg\" alt=\"\" data-src=\"https:\/\/static.eldiario.es\/clip\/0bffbfbc-9df2-470d-a73c-652bc99de3a0_16-9-discover-aspect-ratio_default_0.jpg\" data-ll-status=\"loaded\" \/><\/picture><figcaption class=\"image-footer\"><em><span class=\"title\">Tuit de Antonella Racunti.<\/span><\/em><\/figcaption><\/figure>\n<p>&nbsp;<\/p>\n<p>Es que Racunti responde al ala platense que se referencia directamente en Caputo.\u00a0<strong>El 1\u00b0 de marzo fue vista en los balcones del Congreso junto a otros miembros de ese n\u00facleo<\/strong>, como\u00a0<strong>Isidro Bonicatto<\/strong>, referente universitario de ULLA, o\u00a0<strong>Yamil Salerno<\/strong>, flamante jefe del \u00e1rea de Derecho y Ciudadan\u00eda. Psic\u00f3logo de formaci\u00f3n, con apenas dos cursos relacionados al derecho \u2014uno sobre ni\u00f1ez\u2014, su designaci\u00f3n fue otro caso en el que la cercan\u00eda pol\u00edtica se impuso a la formaci\u00f3n t\u00e9cnica.\u00a0<strong>Racunti y Salerno hoy trabajan codo a codo<\/strong>, pero sin contacto alguno con los empleados.\u00a0<strong>\u201cRacunti se encierra en su oficina y Salerno, que por su cargo deber\u00eda estar con el resto de los trabajadores, se queda con ella\u201d<\/strong>, desliz\u00f3 una fuente a\u00a0<strong>elDiarioAR<\/strong>.<\/p>\n<p class=\"article-text\">Otra figura visible del nuevo esquema es\u00a0<strong>Lucas Catal\u00edn Malin, actual jefe de Gabinete del PAMI<\/strong>. Su nombre no figuraba en las estructuras anteriores, pero hoy es uno de los hombres fuertes del organismo previsional, al que\u00a0<strong>aterriz\u00f3 con una hoja de ruta clara: consolidar la l\u00ednea Caputo y reordenar el tablero interno<\/strong>. Antes de ocupar su nuevo cargo, se desempe\u00f1\u00f3 al frente de la Gerencia de Comunicaci\u00f3n Institucional.Oriundo de San Nicol\u00e1s, Malin tiene una trayectoria como consultor en comunicaci\u00f3n pol\u00edtica y ocup\u00f3 roles t\u00e9cnicos en la ciudad de Buenos Aires, como coordinador del Observatorio del Ente de Turismo porte\u00f1o.<\/p>\n<figure><picture class=\"news-image\"><source srcset=\"https:\/\/static.eldiario.es\/clip\/52b9716c-bbfa-4f08-8399-a0623eea550d_16-9-discover-aspect-ratio_50p_0.webp\" type=\"image\/webp\" media=\"(max-width: 576px)\" \/><source srcset=\"https:\/\/static.eldiario.es\/clip\/52b9716c-bbfa-4f08-8399-a0623eea550d_16-9-discover-aspect-ratio_50p_0.jpg\" type=\"image\/jpg\" media=\"(max-width: 576px)\" \/><source srcset=\"https:\/\/static.eldiario.es\/clip\/52b9716c-bbfa-4f08-8399-a0623eea550d_16-9-discover-aspect-ratio_75p_0.webp\" type=\"image\/webp\" media=\"(max-width: 767px)\" \/><source srcset=\"https:\/\/static.eldiario.es\/clip\/52b9716c-bbfa-4f08-8399-a0623eea550d_16-9-discover-aspect-ratio_75p_0.jpg\" type=\"image\/jpg\" media=\"(max-width: 767px)\" \/><source srcset=\"https:\/\/static.eldiario.es\/clip\/52b9716c-bbfa-4f08-8399-a0623eea550d_16-9-discover-aspect-ratio_default_0.webp\" type=\"image\/webp\" media=\"(min-width: 768px)\" \/><source srcset=\"https:\/\/static.eldiario.es\/clip\/52b9716c-bbfa-4f08-8399-a0623eea550d_16-9-discover-aspect-ratio_default_0.jpg\" type=\"image\/jpg\" media=\"(min-width: 768px)\" \/><source srcset=\"https:\/\/static.eldiario.es\/clip\/52b9716c-bbfa-4f08-8399-a0623eea550d_16-9-discover-aspect-ratio_default_0.webp\" type=\"image\/webp\" \/><img decoding=\"async\" class=\"lazy entered loaded\" src=\"https:\/\/static.eldiario.es\/clip\/52b9716c-bbfa-4f08-8399-a0623eea550d_16-9-discover-aspect-ratio_default_0.jpg\" alt=\"\" data-src=\"https:\/\/static.eldiario.es\/clip\/52b9716c-bbfa-4f08-8399-a0623eea550d_16-9-discover-aspect-ratio_default_0.jpg\" data-ll-status=\"loaded\" \/><\/picture><figcaption class=\"image-footer\"><em><span class=\"title\">Antonella Racunti en el Congreso el 1\u00b0 de marzo. A su lado, Yamil Salerno e Isidro Bonicatto, referente platense de Universitarios de La Libertad Avanza (ULLA).<\/span><\/em><\/figcaption><\/figure>\n<h2 class=\"article-text\">Motosierra sin fin<\/h2>\n<p class=\"article-text\">En enero, el ajuste interno se volvi\u00f3 expl\u00edcito en el PAMI:\u00a0<a class=\"link\" href=\"https:\/\/www.eldiarioar.com\/politica\/denuncian-200-despidos-pami-motosierra-milei-echaron-dedo_1_11982354.html\" data-mrf-recirculation=\"links-noticia\" data-mrf-link=\"https:\/\/www.eldiarioar.com\/politica\/denuncian-200-despidos-pami-motosierra-milei-echaron-dedo_1_11982354.html\">230 despidos sin previo aviso<\/a>, concentrados esta vez en el nivel central. A diferencia de 2024, cuando las cesant\u00edas afectaron mayormente a las agencias del interior del pa\u00eds, ahora\u00a0<strong>la reconfiguraci\u00f3n se discuti\u00f3 en una mesa paralela instalada en el Ministerio de Salud<\/strong>. La intervenci\u00f3n la cartera\u00a0<a class=\"link\" href=\"https:\/\/www.eldiarioar.com\/economia\/motosierra-lugones-salud-privatizacion-hospitales-maestros-integradores_1_11845524.html\" data-mrf-recirculation=\"links-noticia\" data-mrf-link=\"https:\/\/www.eldiarioar.com\/economia\/motosierra-lugones-salud-privatizacion-hospitales-maestros-integradores_1_11845524.html\">conducida por Mario Lugones<\/a>\u00a0en un ente aut\u00e1rquico llam\u00f3 la atenci\u00f3n. \u201cNos pareci\u00f3 raro que se tratara ah\u00ed, pero pol\u00edticamente la l\u00ednea es clara\u201d, dicen desde adentro. En ese esquema aparece tambi\u00e9n el nombre del ministro,\u00a0<strong>Rodrigo Lugones<\/strong>, \u00edntimo amigo de Santiago Caputo y operador de peso, aunque sin funciones visibles en la gesti\u00f3n diaria.<\/p>\n<p class=\"article-text\">En paralelo a esa din\u00e1mica,\u00a0<strong>con Milei, el PAMI tambi\u00e9n perdi\u00f3 su tradicional autonom\u00eda respecto de las paritarias estatales<\/strong>: desde esta gesti\u00f3n, los aumentos salariales se rigen por lo que acuerden los gremios ATE y UPCN. Para los trabajadores del Instituto, esto implic\u00f3 una ca\u00edda en su poder adquisitivo, antes diferenciado del resto del Estado.<\/p>\n<figure><picture class=\"news-image\"><source srcset=\"https:\/\/static.eldiario.es\/clip\/b6c7d840-3d98-4561-82d9-a4e6ff414f48_16-9-discover-aspect-ratio_50p_0.webp\" type=\"image\/webp\" media=\"(max-width: 576px)\" \/><source srcset=\"https:\/\/static.eldiario.es\/clip\/b6c7d840-3d98-4561-82d9-a4e6ff414f48_16-9-discover-aspect-ratio_50p_0.jpg\" type=\"image\/jpg\" media=\"(max-width: 576px)\" \/><source srcset=\"https:\/\/static.eldiario.es\/clip\/b6c7d840-3d98-4561-82d9-a4e6ff414f48_16-9-discover-aspect-ratio_75p_0.webp\" type=\"image\/webp\" media=\"(max-width: 767px)\" \/><source srcset=\"https:\/\/static.eldiario.es\/clip\/b6c7d840-3d98-4561-82d9-a4e6ff414f48_16-9-discover-aspect-ratio_75p_0.jpg\" type=\"image\/jpg\" media=\"(max-width: 767px)\" \/><source srcset=\"https:\/\/static.eldiario.es\/clip\/b6c7d840-3d98-4561-82d9-a4e6ff414f48_16-9-discover-aspect-ratio_default_0.webp\" type=\"image\/webp\" media=\"(min-width: 768px)\" \/><source srcset=\"https:\/\/static.eldiario.es\/clip\/b6c7d840-3d98-4561-82d9-a4e6ff414f48_16-9-discover-aspect-ratio_default_0.jpg\" type=\"image\/jpg\" media=\"(min-width: 768px)\" \/><source srcset=\"https:\/\/static.eldiario.es\/clip\/b6c7d840-3d98-4561-82d9-a4e6ff414f48_16-9-discover-aspect-ratio_default_0.webp\" type=\"image\/webp\" \/><img decoding=\"async\" class=\"lazy entered loaded\" src=\"https:\/\/static.eldiario.es\/clip\/b6c7d840-3d98-4561-82d9-a4e6ff414f48_16-9-discover-aspect-ratio_default_0.jpg\" alt=\"\" data-src=\"https:\/\/static.eldiario.es\/clip\/b6c7d840-3d98-4561-82d9-a4e6ff414f48_16-9-discover-aspect-ratio_default_0.jpg\" data-ll-status=\"loaded\" \/><\/picture><figcaption class=\"image-footer\"><span class=\"title\">El PAMI cuestion\u00f3 la campa\u00f1a de vacunaci\u00f3n de CABA.\u00a0<span class=\"author\">T\u00e9lam<\/span><\/span><\/figcaption><\/figure>\n<p>&nbsp;<\/p>\n<p class=\"article-text\">Pero el recorte no se limita al personal. En diciembre,<strong>\u00a0el PAMI elimin\u00f3 la cobertura total de medicamentos para m\u00e1s de 1,7 millones de afiliados<\/strong>. La medida se sum\u00f3 al ajuste del vadem\u00e9cum realizado en agosto, que dej\u00f3 afuera antibi\u00f3ticos, corticoides, antipsic\u00f3ticos y tratamientos esenciales. Hoy,\u00a0<strong>el listado completo de medicamentos cubiertos no es p\u00fablico<\/strong>. Adem\u00e1s, quienes cobren m\u00e1s de un haber m\u00ednimo, posean un auto de menos de diez a\u00f1os o dos propiedades, perdieron el acceso al subsidio del 100%. Seg\u00fan c\u00e1lculos internos realizados en ese entonces, eso representa un recorte promedio de 74.500 pesos mensuales por persona.<\/p>\n<p class=\"article-text\">A eso se suma otra mala noticia: que\u00a0<strong>el vencimiento de los convenios con la industria farmac\u00e9utica<\/strong>, que se renuevan cada a\u00f1o. Sin definiciones claras sobre su continuidad, tampoco hab\u00eda sobre el futuro del\u00a0<strong>programa Pro-Bienestar<\/strong>, de entrega de alimentos, reconvertido en una transferencia monetaria impersonal, sin v\u00ednculo con los centros de jubilados, muchos de los cuales ya dejaron de recibir asistencia.<\/p>\n<figure><picture class=\"news-image\"><source srcset=\"https:\/\/static.eldiario.es\/clip\/06bd344b-6123-405a-9ee2-60c2f9ba19a6_16-9-discover-aspect-ratio_50p_0.webp\" type=\"image\/webp\" media=\"(max-width: 576px)\" \/><source srcset=\"https:\/\/static.eldiario.es\/clip\/06bd344b-6123-405a-9ee2-60c2f9ba19a6_16-9-discover-aspect-ratio_50p_0.jpg\" type=\"image\/jpg\" media=\"(max-width: 576px)\" \/><source srcset=\"https:\/\/static.eldiario.es\/clip\/06bd344b-6123-405a-9ee2-60c2f9ba19a6_16-9-discover-aspect-ratio_75p_0.webp\" type=\"image\/webp\" media=\"(max-width: 767px)\" \/><source srcset=\"https:\/\/static.eldiario.es\/clip\/06bd344b-6123-405a-9ee2-60c2f9ba19a6_16-9-discover-aspect-ratio_75p_0.jpg\" type=\"image\/jpg\" media=\"(max-width: 767px)\" \/><source srcset=\"https:\/\/static.eldiario.es\/clip\/06bd344b-6123-405a-9ee2-60c2f9ba19a6_16-9-discover-aspect-ratio_default_0.webp\" type=\"image\/webp\" media=\"(min-width: 768px)\" \/><source srcset=\"https:\/\/static.eldiario.es\/clip\/06bd344b-6123-405a-9ee2-60c2f9ba19a6_16-9-discover-aspect-ratio_default_0.jpg\" type=\"image\/jpg\" media=\"(min-width: 768px)\" \/><source srcset=\"https:\/\/static.eldiario.es\/clip\/06bd344b-6123-405a-9ee2-60c2f9ba19a6_16-9-discover-aspect-ratio_default_0.webp\" type=\"image\/webp\" \/><img decoding=\"async\" class=\"lazy entered loaded\" src=\"https:\/\/static.eldiario.es\/clip\/06bd344b-6123-405a-9ee2-60c2f9ba19a6_16-9-discover-aspect-ratio_default_0.jpg\" alt=\"\" data-src=\"https:\/\/static.eldiario.es\/clip\/06bd344b-6123-405a-9ee2-60c2f9ba19a6_16-9-discover-aspect-ratio_default_0.jpg\" data-ll-status=\"loaded\" \/><\/picture><figcaption class=\"image-footer\"><em><span class=\"title\">En enero hubo una importante asamblea en la sede central del PAMI en reclamo por la incoporacion de sus trabajadores.\u00a0<span class=\"author\">Captura video<\/span><\/span><\/em><\/figcaption><\/figure>\n<p>&nbsp;<\/p>\n<p class=\"article-text\">Esa motosierra vino acompa\u00f1ada de\u00a0<strong>una reforma previsional de facto<\/strong>. Es que la f\u00f3rmula de movilidad jubilatoria fue reemplazada por un ajuste por inflaci\u00f3n, lo que impide recuperar el poder adquisitivo perdido. Los haberes se estabilizan en el piso. Adem\u00e1s,\u00a0<strong>el bono de 70.000 pesos para jubilados con la m\u00ednima qued\u00f3 congelado desde marzo de 2024<\/strong>\u00a0y no hay previsi\u00f3n de aumento. Si se hubiese actualizado con el mismo criterio que los haberes, hoy deber\u00eda rondar los 135.000.<\/p>\n<p class=\"article-text\">El final de la moratoria previsional, que venci\u00f3 en abril, a\u00f1adi\u00f3 otro \u00edtem cr\u00edtico.\u00a0<strong>9 de cada 10 mujeres y 8 de cada 10 varones que alcanzan la edad jubilatoria sin 30 a\u00f1os de aportes ahora solo pueden acceder a la PUAM (Pensi\u00f3n Universal para el Adulto Mayor)<\/strong>, que paga el 80% del haber m\u00ednimo, no es heredable y eleva la edad jubilatoria efectiva de las mujeres de 60 a 65 a\u00f1os. En el primer semestre de 2023, siempre seg\u00fan datos oficiales, el 1,6% de los mayores de 65 a\u00f1os eran indigentes. Un a\u00f1o despu\u00e9s, esa cifra trep\u00f3 al 4%. La pobreza en ese grupo etario pas\u00f3 del 13,2% al 29,7%.<\/p>\n<figure><picture class=\"news-image\"><source srcset=\"https:\/\/static.eldiario.es\/clip\/b92a23c3-8f65-4f8a-bf25-4601a25b0860_16-9-discover-aspect-ratio_50p_0.webp\" type=\"image\/webp\" media=\"(max-width: 576px)\" \/><source srcset=\"https:\/\/static.eldiario.es\/clip\/b92a23c3-8f65-4f8a-bf25-4601a25b0860_16-9-discover-aspect-ratio_50p_0.jpg\" type=\"image\/jpg\" media=\"(max-width: 576px)\" \/><source srcset=\"https:\/\/static.eldiario.es\/clip\/b92a23c3-8f65-4f8a-bf25-4601a25b0860_16-9-discover-aspect-ratio_75p_0.webp\" type=\"image\/webp\" media=\"(max-width: 767px)\" \/><source srcset=\"https:\/\/static.eldiario.es\/clip\/b92a23c3-8f65-4f8a-bf25-4601a25b0860_16-9-discover-aspect-ratio_75p_0.jpg\" type=\"image\/jpg\" media=\"(max-width: 767px)\" \/><source srcset=\"https:\/\/static.eldiario.es\/clip\/b92a23c3-8f65-4f8a-bf25-4601a25b0860_16-9-discover-aspect-ratio_default_0.webp\" type=\"image\/webp\" media=\"(min-width: 768px)\" \/><source srcset=\"https:\/\/static.eldiario.es\/clip\/b92a23c3-8f65-4f8a-bf25-4601a25b0860_16-9-discover-aspect-ratio_default_0.jpg\" type=\"image\/jpg\" media=\"(min-width: 768px)\" \/><source srcset=\"https:\/\/static.eldiario.es\/clip\/b92a23c3-8f65-4f8a-bf25-4601a25b0860_16-9-discover-aspect-ratio_default_0.webp\" type=\"image\/webp\" \/><img decoding=\"async\" class=\"lazy entered loaded\" src=\"https:\/\/static.eldiario.es\/clip\/b92a23c3-8f65-4f8a-bf25-4601a25b0860_16-9-discover-aspect-ratio_default_0.jpg\" alt=\"\" data-src=\"https:\/\/static.eldiario.es\/clip\/b92a23c3-8f65-4f8a-bf25-4601a25b0860_16-9-discover-aspect-ratio_default_0.jpg\" data-ll-status=\"loaded\" \/><\/picture><figcaption class=\"image-footer\"><em><span class=\"title\">Jubilados manifiestan en las afueras del Congreso mientras se re\u00fane la comisi\u00f3n de Previsi\u00f3n y Seguridad Social en la C\u00e1mara de Diputados\u00a0<span class=\"author\">NA<\/span><\/span><\/em><\/figcaption><\/figure>\n<p>&nbsp;<\/p>\n<p class=\"article-text\">En la calle, ese deterioro encontr\u00f3 una forma de respuesta.\u00a0<strong>Desde el a\u00f1o pasado, todos los mi\u00e9rcoles se concentran jubilados autoconvocados frente al Congreso<\/strong>. Protestan por la p\u00e9rdida del poder adquisitivo, la falta de cobertura m\u00e9dica y la quita del bono. El 12 de marzo pasado tuvo lugar la jornada m\u00e1s \u00e1lgida: carteles, cacerolas y bastones terminaron envueltos en los gases lacrim\u00f3genos lanzados por las fuerzas de seguridad, que desplegaron un operativo que termin\u00f3 con\u00a0<a class=\"link\" href=\"https:\/\/www.eldiarioar.com\/politica\/mejora-pablo-grillo-pudo-escribir-nombre-responderle-medicos_1_12157054.html\" data-mrf-recirculation=\"links-noticia\" data-mrf-link=\"https:\/\/www.eldiarioar.com\/politica\/mejora-pablo-grillo-pudo-escribir-nombre-responderle-medicos_1_12157054.html\">el fot\u00f3grafo Pablo Grillo gravemente herido<\/a>.<\/p>\n<div id=\"container-after-news-outlook\"><\/div>\n<p class=\"article-text\">Mientras tanto, la reestructuraci\u00f3n del PAMI avanz\u00f3 hasta que gener\u00f3 demasiado ruido p\u00fablico.\u00a0<strong>Cambiaron los nombres, se reordenaron las \u00e1reas, se recortaron prestaciones y se achic\u00f3 la planta<\/strong>. Ahora se sumaron las sospechas de corrpuci\u00f3n. Los jubilados, mientras tanto, sienten el impacto en sus bolsillos y en la atenci\u00f3n. Y muchos trabajadores caminan los pasillos sin saber cu\u00e1nto tiempo m\u00e1s van a conservar su lugar.\u00a0<strong>La transformaci\u00f3n no es solo administrativa: tambi\u00e9n es pol\u00edtica<\/strong>. Y no parece tener marcha atr\u00e1s.<\/p>\n<\/div>\n<\/div>\n<\/div>\n<\/div>\n<p>&nbsp;<\/p>\n<div class=\"featured-avatar\"><picture class=\"rounded-img avatar\"><img loading=\"lazy\" decoding=\"async\" class=\"lazy entered loaded\" src=\"https:\/\/static.eldiario.es\/clip\/8ffc2a31-2f7f-483f-8fe3-40e1826fa1ca_avatar-200-aspect-ratio_default_0.jpg\" alt=\"\" width=\"107\" height=\"107\" data-src=\"https:\/\/static.eldiario.es\/clip\/8ffc2a31-2f7f-483f-8fe3-40e1826fa1ca_avatar-200-aspect-ratio_default_0.jpg\" data-ll-status=\"loaded\" \/><\/picture><\/div>\n<div class=\"featured-data\">\n<div class=\"featured-name__wrapper\"><a class=\"featured-name\" href=\"https:\/\/www.eldiarioar.com\/autores\/pedro-lacour\/\">Pedro Lacour<\/a><\/div>\n<div>\n<div><a class=\"twitter-account\" href=\"https:\/\/twitter.com\/pedrolacour\" target=\"_blank\" rel=\"noopener\"><i class=\"fab fa-twitter\"><\/i>\u00a0<span class=\"featured-twitter\">@pedrolacour<\/span><\/a><\/div>\n<\/div>\n<\/div>\n","protected":false},"excerpt":{"rendered":"<p>Antes de que estallaran las denuncias cruzadas por supuesta corrupci\u00f3n, el organismo fue reestructurado bajo el mando pol\u00edtico de Santiago Caputo: despidos masivos, recortes en medicamentos y designaci\u00f3n de funcionarios sin trayectoria t\u00e9cnica, pero con afinidad ideol\u00f3gica.<\/p>\n","protected":false},"author":3,"featured_media":109157,"comment_status":"closed","ping_status":"closed","sticky":false,"template":"","format":"standard","meta":{"footnotes":""},"categories":[24],"tags":[],"class_list":["post-116147","post","type-post","status-publish","format-standard","has-post-thumbnail","hentry","category-politica"],"yoast_head":"<!-- This site is optimized with the Yoast SEO plugin v25.9 - https:\/\/yoast.com\/wordpress\/plugins\/seo\/ -->\n<title>El PAMI de Milei sospechado de corrupci\u00f3n: purga interna, copamiento libertario y ajuste sobre los jubilados - Noticias Radio Reflejos<\/title>\n<meta name=\"robots\" content=\"index, follow, max-snippet:-1, max-image-preview:large, max-video-preview:-1\" \/>\n<link rel=\"canonical\" href=\"https:\/\/www.noticiasradioreflejos.com.ar\/2021\/el-pami-de-milei-sospechado-de-corrupcion-purga-interna-copamiento-libertario-y-ajuste-sobre-los-jubilados\/\" \/>\n<meta property=\"og:locale\" content=\"es_ES\" \/>\n<meta property=\"og:type\" content=\"article\" \/>\n<meta property=\"og:title\" content=\"El PAMI de Milei sospechado de corrupci\u00f3n: purga interna, copamiento libertario y ajuste sobre los jubilados - Noticias Radio Reflejos\" \/>\n<meta property=\"og:description\" content=\"Antes de que estallaran las denuncias cruzadas por supuesta corrupci\u00f3n, el organismo fue reestructurado bajo el mando pol\u00edtico de Santiago Caputo: despidos masivos, recortes en medicamentos y designaci\u00f3n de funcionarios sin trayectoria t\u00e9cnica, pero con afinidad ideol\u00f3gica.\" \/>\n<meta property=\"og:url\" content=\"https:\/\/www.noticiasradioreflejos.com.ar\/2021\/el-pami-de-milei-sospechado-de-corrupcion-purga-interna-copamiento-libertario-y-ajuste-sobre-los-jubilados\/\" \/>\n<meta property=\"og:site_name\" content=\"Noticias Radio Reflejos\" \/>\n<meta property=\"article:published_time\" content=\"2025-05-06T17:25:41+00:00\" \/>\n<meta property=\"og:image\" content=\"https:\/\/www.noticiasradioreflejos.com.ar\/2021\/wp-content\/uploads\/2024\/11\/PAMI.jpg\" \/>\n\t<meta property=\"og:image:width\" content=\"640\" \/>\n\t<meta property=\"og:image:height\" content=\"355\" \/>\n\t<meta property=\"og:image:type\" content=\"image\/jpeg\" \/>\n<meta name=\"author\" content=\"Arnaldo Botto\" \/>\n<meta name=\"twitter:card\" content=\"summary_large_image\" \/>\n<script type=\"application\/ld+json\" class=\"yoast-schema-graph\">{\"@context\":\"https:\/\/schema.org\",\"@graph\":[{\"@type\":\"WebPage\",\"@id\":\"https:\/\/www.noticiasradioreflejos.com.ar\/2021\/el-pami-de-milei-sospechado-de-corrupcion-purga-interna-copamiento-libertario-y-ajuste-sobre-los-jubilados\/\",\"url\":\"https:\/\/www.noticiasradioreflejos.com.ar\/2021\/el-pami-de-milei-sospechado-de-corrupcion-purga-interna-copamiento-libertario-y-ajuste-sobre-los-jubilados\/\",\"name\":\"El PAMI de Milei sospechado de corrupci\u00f3n: purga interna, copamiento libertario y ajuste sobre los jubilados - Noticias Radio Reflejos\",\"isPartOf\":{\"@id\":\"https:\/\/www.noticiasradioreflejos.com.ar\/2021\/#website\"},\"primaryImageOfPage\":{\"@id\":\"https:\/\/www.noticiasradioreflejos.com.ar\/2021\/el-pami-de-milei-sospechado-de-corrupcion-purga-interna-copamiento-libertario-y-ajuste-sobre-los-jubilados\/#primaryimage\"},\"image\":{\"@id\":\"https:\/\/www.noticiasradioreflejos.com.ar\/2021\/el-pami-de-milei-sospechado-de-corrupcion-purga-interna-copamiento-libertario-y-ajuste-sobre-los-jubilados\/#primaryimage\"},\"thumbnailUrl\":\"https:\/\/www.noticiasradioreflejos.com.ar\/2021\/wp-content\/uploads\/2024\/11\/PAMI.jpg\",\"datePublished\":\"2025-05-06T17:25:41+00:00\",\"author\":{\"@id\":\"https:\/\/www.noticiasradioreflejos.com.ar\/2021\/#\/schema\/person\/ad82545263dcc5ec0996818884fd5fb1\"},\"breadcrumb\":{\"@id\":\"https:\/\/www.noticiasradioreflejos.com.ar\/2021\/el-pami-de-milei-sospechado-de-corrupcion-purga-interna-copamiento-libertario-y-ajuste-sobre-los-jubilados\/#breadcrumb\"},\"inLanguage\":\"es\",\"potentialAction\":[{\"@type\":\"ReadAction\",\"target\":[\"https:\/\/www.noticiasradioreflejos.com.ar\/2021\/el-pami-de-milei-sospechado-de-corrupcion-purga-interna-copamiento-libertario-y-ajuste-sobre-los-jubilados\/\"]}]},{\"@type\":\"ImageObject\",\"inLanguage\":\"es\",\"@id\":\"https:\/\/www.noticiasradioreflejos.com.ar\/2021\/el-pami-de-milei-sospechado-de-corrupcion-purga-interna-copamiento-libertario-y-ajuste-sobre-los-jubilados\/#primaryimage\",\"url\":\"https:\/\/www.noticiasradioreflejos.com.ar\/2021\/wp-content\/uploads\/2024\/11\/PAMI.jpg\",\"contentUrl\":\"https:\/\/www.noticiasradioreflejos.com.ar\/2021\/wp-content\/uploads\/2024\/11\/PAMI.jpg\",\"width\":640,\"height\":355},{\"@type\":\"BreadcrumbList\",\"@id\":\"https:\/\/www.noticiasradioreflejos.com.ar\/2021\/el-pami-de-milei-sospechado-de-corrupcion-purga-interna-copamiento-libertario-y-ajuste-sobre-los-jubilados\/#breadcrumb\",\"itemListElement\":[{\"@type\":\"ListItem\",\"position\":1,\"name\":\"Portada\",\"item\":\"https:\/\/www.noticiasradioreflejos.com.ar\/2021\/\"},{\"@type\":\"ListItem\",\"position\":2,\"name\":\"El PAMI de Milei sospechado de corrupci\u00f3n: purga interna, copamiento libertario y ajuste sobre los jubilados\"}]},{\"@type\":\"WebSite\",\"@id\":\"https:\/\/www.noticiasradioreflejos.com.ar\/2021\/#website\",\"url\":\"https:\/\/www.noticiasradioreflejos.com.ar\/2021\/\",\"name\":\"Noticias Radio Reflejos\",\"description\":\"Las noticias de mi comarca\",\"potentialAction\":[{\"@type\":\"SearchAction\",\"target\":{\"@type\":\"EntryPoint\",\"urlTemplate\":\"https:\/\/www.noticiasradioreflejos.com.ar\/2021\/?s={search_term_string}\"},\"query-input\":{\"@type\":\"PropertyValueSpecification\",\"valueRequired\":true,\"valueName\":\"search_term_string\"}}],\"inLanguage\":\"es\"},{\"@type\":\"Person\",\"@id\":\"https:\/\/www.noticiasradioreflejos.com.ar\/2021\/#\/schema\/person\/ad82545263dcc5ec0996818884fd5fb1\",\"name\":\"Arnaldo Botto\",\"image\":{\"@type\":\"ImageObject\",\"inLanguage\":\"es\",\"@id\":\"https:\/\/www.noticiasradioreflejos.com.ar\/2021\/#\/schema\/person\/image\/\",\"url\":\"https:\/\/secure.gravatar.com\/avatar\/55cb5e37c1efa326397366e6974cb338056df65cb50e7d64d1cf314e87504837?s=96&d=mm&r=g\",\"contentUrl\":\"https:\/\/secure.gravatar.com\/avatar\/55cb5e37c1efa326397366e6974cb338056df65cb50e7d64d1cf314e87504837?s=96&d=mm&r=g\",\"caption\":\"Arnaldo Botto\"},\"url\":\"https:\/\/www.noticiasradioreflejos.com.ar\/2021\/author\/arnaldo\/\"}]}<\/script>\n<!-- \/ Yoast SEO plugin. -->","yoast_head_json":{"title":"El PAMI de Milei sospechado de corrupci\u00f3n: purga interna, copamiento libertario y ajuste sobre los jubilados - Noticias Radio Reflejos","robots":{"index":"index","follow":"follow","max-snippet":"max-snippet:-1","max-image-preview":"max-image-preview:large","max-video-preview":"max-video-preview:-1"},"canonical":"https:\/\/www.noticiasradioreflejos.com.ar\/2021\/el-pami-de-milei-sospechado-de-corrupcion-purga-interna-copamiento-libertario-y-ajuste-sobre-los-jubilados\/","og_locale":"es_ES","og_type":"article","og_title":"El PAMI de Milei sospechado de corrupci\u00f3n: purga interna, copamiento libertario y ajuste sobre los jubilados - Noticias Radio Reflejos","og_description":"Antes de que estallaran las denuncias cruzadas por supuesta corrupci\u00f3n, el organismo fue reestructurado bajo el mando pol\u00edtico de Santiago Caputo: despidos masivos, recortes en medicamentos y designaci\u00f3n de funcionarios sin trayectoria t\u00e9cnica, pero con afinidad ideol\u00f3gica.","og_url":"https:\/\/www.noticiasradioreflejos.com.ar\/2021\/el-pami-de-milei-sospechado-de-corrupcion-purga-interna-copamiento-libertario-y-ajuste-sobre-los-jubilados\/","og_site_name":"Noticias Radio Reflejos","article_published_time":"2025-05-06T17:25:41+00:00","og_image":[{"width":640,"height":355,"url":"https:\/\/www.noticiasradioreflejos.com.ar\/2021\/wp-content\/uploads\/2024\/11\/PAMI.jpg","type":"image\/jpeg"}],"author":"Arnaldo Botto","twitter_card":"summary_large_image","schema":{"@context":"https:\/\/schema.org","@graph":[{"@type":"WebPage","@id":"https:\/\/www.noticiasradioreflejos.com.ar\/2021\/el-pami-de-milei-sospechado-de-corrupcion-purga-interna-copamiento-libertario-y-ajuste-sobre-los-jubilados\/","url":"https:\/\/www.noticiasradioreflejos.com.ar\/2021\/el-pami-de-milei-sospechado-de-corrupcion-purga-interna-copamiento-libertario-y-ajuste-sobre-los-jubilados\/","name":"El PAMI de Milei sospechado de corrupci\u00f3n: purga interna, copamiento libertario y ajuste sobre los jubilados - Noticias Radio Reflejos","isPartOf":{"@id":"https:\/\/www.noticiasradioreflejos.com.ar\/2021\/#website"},"primaryImageOfPage":{"@id":"https:\/\/www.noticiasradioreflejos.com.ar\/2021\/el-pami-de-milei-sospechado-de-corrupcion-purga-interna-copamiento-libertario-y-ajuste-sobre-los-jubilados\/#primaryimage"},"image":{"@id":"https:\/\/www.noticiasradioreflejos.com.ar\/2021\/el-pami-de-milei-sospechado-de-corrupcion-purga-interna-copamiento-libertario-y-ajuste-sobre-los-jubilados\/#primaryimage"},"thumbnailUrl":"https:\/\/www.noticiasradioreflejos.com.ar\/2021\/wp-content\/uploads\/2024\/11\/PAMI.jpg","datePublished":"2025-05-06T17:25:41+00:00","author":{"@id":"https:\/\/www.noticiasradioreflejos.com.ar\/2021\/#\/schema\/person\/ad82545263dcc5ec0996818884fd5fb1"},"breadcrumb":{"@id":"https:\/\/www.noticiasradioreflejos.com.ar\/2021\/el-pami-de-milei-sospechado-de-corrupcion-purga-interna-copamiento-libertario-y-ajuste-sobre-los-jubilados\/#breadcrumb"},"inLanguage":"es","potentialAction":[{"@type":"ReadAction","target":["https:\/\/www.noticiasradioreflejos.com.ar\/2021\/el-pami-de-milei-sospechado-de-corrupcion-purga-interna-copamiento-libertario-y-ajuste-sobre-los-jubilados\/"]}]},{"@type":"ImageObject","inLanguage":"es","@id":"https:\/\/www.noticiasradioreflejos.com.ar\/2021\/el-pami-de-milei-sospechado-de-corrupcion-purga-interna-copamiento-libertario-y-ajuste-sobre-los-jubilados\/#primaryimage","url":"https:\/\/www.noticiasradioreflejos.com.ar\/2021\/wp-content\/uploads\/2024\/11\/PAMI.jpg","contentUrl":"https:\/\/www.noticiasradioreflejos.com.ar\/2021\/wp-content\/uploads\/2024\/11\/PAMI.jpg","width":640,"height":355},{"@type":"BreadcrumbList","@id":"https:\/\/www.noticiasradioreflejos.com.ar\/2021\/el-pami-de-milei-sospechado-de-corrupcion-purga-interna-copamiento-libertario-y-ajuste-sobre-los-jubilados\/#breadcrumb","itemListElement":[{"@type":"ListItem","position":1,"name":"Portada","item":"https:\/\/www.noticiasradioreflejos.com.ar\/2021\/"},{"@type":"ListItem","position":2,"name":"El PAMI de Milei sospechado de corrupci\u00f3n: purga interna, copamiento libertario y ajuste sobre los jubilados"}]},{"@type":"WebSite","@id":"https:\/\/www.noticiasradioreflejos.com.ar\/2021\/#website","url":"https:\/\/www.noticiasradioreflejos.com.ar\/2021\/","name":"Noticias Radio Reflejos","description":"Las noticias de mi comarca","potentialAction":[{"@type":"SearchAction","target":{"@type":"EntryPoint","urlTemplate":"https:\/\/www.noticiasradioreflejos.com.ar\/2021\/?s={search_term_string}"},"query-input":{"@type":"PropertyValueSpecification","valueRequired":true,"valueName":"search_term_string"}}],"inLanguage":"es"},{"@type":"Person","@id":"https:\/\/www.noticiasradioreflejos.com.ar\/2021\/#\/schema\/person\/ad82545263dcc5ec0996818884fd5fb1","name":"Arnaldo Botto","image":{"@type":"ImageObject","inLanguage":"es","@id":"https:\/\/www.noticiasradioreflejos.com.ar\/2021\/#\/schema\/person\/image\/","url":"https:\/\/secure.gravatar.com\/avatar\/55cb5e37c1efa326397366e6974cb338056df65cb50e7d64d1cf314e87504837?s=96&d=mm&r=g","contentUrl":"https:\/\/secure.gravatar.com\/avatar\/55cb5e37c1efa326397366e6974cb338056df65cb50e7d64d1cf314e87504837?s=96&d=mm&r=g","caption":"Arnaldo Botto"},"url":"https:\/\/www.noticiasradioreflejos.com.ar\/2021\/author\/arnaldo\/"}]}},"_links":{"self":[{"href":"https:\/\/www.noticiasradioreflejos.com.ar\/2021\/wp-json\/wp\/v2\/posts\/116147","targetHints":{"allow":["GET"]}}],"collection":[{"href":"https:\/\/www.noticiasradioreflejos.com.ar\/2021\/wp-json\/wp\/v2\/posts"}],"about":[{"href":"https:\/\/www.noticiasradioreflejos.com.ar\/2021\/wp-json\/wp\/v2\/types\/post"}],"author":[{"embeddable":true,"href":"https:\/\/www.noticiasradioreflejos.com.ar\/2021\/wp-json\/wp\/v2\/users\/3"}],"replies":[{"embeddable":true,"href":"https:\/\/www.noticiasradioreflejos.com.ar\/2021\/wp-json\/wp\/v2\/comments?post=116147"}],"version-history":[{"count":1,"href":"https:\/\/www.noticiasradioreflejos.com.ar\/2021\/wp-json\/wp\/v2\/posts\/116147\/revisions"}],"predecessor-version":[{"id":116148,"href":"https:\/\/www.noticiasradioreflejos.com.ar\/2021\/wp-json\/wp\/v2\/posts\/116147\/revisions\/116148"}],"wp:featuredmedia":[{"embeddable":true,"href":"https:\/\/www.noticiasradioreflejos.com.ar\/2021\/wp-json\/wp\/v2\/media\/109157"}],"wp:attachment":[{"href":"https:\/\/www.noticiasradioreflejos.com.ar\/2021\/wp-json\/wp\/v2\/media?parent=116147"}],"wp:term":[{"taxonomy":"category","embeddable":true,"href":"https:\/\/www.noticiasradioreflejos.com.ar\/2021\/wp-json\/wp\/v2\/categories?post=116147"},{"taxonomy":"post_tag","embeddable":true,"href":"https:\/\/www.noticiasradioreflejos.com.ar\/2021\/wp-json\/wp\/v2\/tags?post=116147"}],"curies":[{"name":"wp","href":"https:\/\/api.w.org\/{rel}","templated":true}]}}