{"id":116142,"date":"2025-05-06T13:46:43","date_gmt":"2025-05-06T16:46:43","guid":{"rendered":"https:\/\/www.noticiasradioreflejos.com.ar\/2021\/?p=116142"},"modified":"2025-05-06T13:46:43","modified_gmt":"2025-05-06T16:46:43","slug":"el-precio-de-la-carne-aumento-61-en-abril-que-cortes-subieron-mas","status":"publish","type":"post","link":"https:\/\/www.noticiasradioreflejos.com.ar\/2021\/el-precio-de-la-carne-aumento-61-en-abril-que-cortes-subieron-mas\/","title":{"rendered":"El precio de la carne aument\u00f3 6,1% en abril: qu\u00e9 cortes subieron m\u00e1s"},"content":{"rendered":"<p>Son datos del Instituto de Promoci\u00f3n de la Carne Vacuna Argentina (IPCVA).<!--more--><strong>El precio de la carne en los mostradores aument\u00f3 6,1% en abril y acumul\u00f3 un alza de 65,1% en la medici\u00f3n interanual<\/strong>, seg\u00fan inform\u00f3 el Instituto de Promoci\u00f3n de la Carne Vacuna Argentina (IPCVA).<\/p>\n<div class=\"columns\" data-tadevel-template=\"web\/article-columns\">\n<div class=\"column-main\">\n<div class=\"article-body\" data-tadevel-template=\"web\/article-body\">\n<div class=\"article-body-content\">\n<p>Seg\u00fan precis\u00f3 este trabajo\u00a0<strong>el valor promedio del kilo se ubic\u00f3 en $ 12.061.<\/strong><\/p>\n<p>Los aumentos m\u00e1s importantes se dieron en\u00a0<strong>osobuco (9,4%), carnaza (8,1%), roast beef (7,9%), peceto (5,1%) bife ancho (4,9%) y colita de cuadril (3,3%).<\/strong><\/p>\n<p>Los precios m\u00e1s altos se observaron en<strong>\u00a0lomo ($ 17.232), peceto ($ 14.664) y colita de cuadril ($ 14.634). Los m\u00e1s econ\u00f3micos fueron osobuco ($ 7.166), falda ($ 7.092) y picada com\u00fan ($ 6.346).<\/strong><\/p>\n<p>En tanto, el precio del pollo avanz\u00f3 8% a un valor promedio de $ 3.980. En un a\u00f1o se increment\u00f3 45%.<\/p>\n<p>A su vez, la carne de cerdo se ajust\u00f3 en abril 1,7% con un precio promedio por kilo e $ 7.534. En la evaluaci\u00f3n anual el aumento es de 74,2%.<\/p>\n<p>Si tomamos en cuenta que la inflaci\u00f3n anual abril 2025 versus abril 2024 es del orden de 47%, se infiere que tanto la carne de vaca subi\u00f3 18 puntos por encima de la inflaci\u00f3n y la de cerdo 27 puntos.<\/p>\n<p>&nbsp;<\/p>\n<\/div>\n<p><strong>Fuente NA<\/strong><\/p>\n<\/div>\n<\/div>\n<\/div>\n","protected":false},"excerpt":{"rendered":"<p>Son datos del Instituto de Promoci\u00f3n de la Carne Vacuna Argentina (IPCVA).<\/p>\n","protected":false},"author":3,"featured_media":91696,"comment_status":"closed","ping_status":"closed","sticky":false,"template":"","format":"standard","meta":{"footnotes":""},"categories":[36],"tags":[],"class_list":["post-116142","post","type-post","status-publish","format-standard","has-post-thumbnail","hentry","category-economia"],"yoast_head":"<!-- This site is optimized with the Yoast SEO plugin v25.9 - https:\/\/yoast.com\/wordpress\/plugins\/seo\/ -->\n<title>El precio de la carne aument\u00f3 6,1% en abril: qu\u00e9 cortes subieron m\u00e1s - Noticias Radio Reflejos<\/title>\n<meta name=\"robots\" content=\"index, follow, max-snippet:-1, max-image-preview:large, max-video-preview:-1\" \/>\n<link rel=\"canonical\" href=\"https:\/\/www.noticiasradioreflejos.com.ar\/2021\/el-precio-de-la-carne-aumento-61-en-abril-que-cortes-subieron-mas\/\" \/>\n<meta property=\"og:locale\" content=\"es_ES\" \/>\n<meta property=\"og:type\" content=\"article\" \/>\n<meta property=\"og:title\" content=\"El precio de la carne aument\u00f3 6,1% en abril: qu\u00e9 cortes subieron m\u00e1s - Noticias Radio Reflejos\" \/>\n<meta property=\"og:description\" content=\"Son datos del Instituto de Promoci\u00f3n de la Carne Vacuna Argentina (IPCVA).\" \/>\n<meta property=\"og:url\" content=\"https:\/\/www.noticiasradioreflejos.com.ar\/2021\/el-precio-de-la-carne-aumento-61-en-abril-que-cortes-subieron-mas\/\" \/>\n<meta property=\"og:site_name\" content=\"Noticias Radio Reflejos\" \/>\n<meta property=\"article:published_time\" content=\"2025-05-06T16:46:43+00:00\" \/>\n<meta property=\"og:image\" content=\"https:\/\/www.noticiasradioreflejos.com.ar\/2021\/wp-content\/uploads\/2023\/08\/Carne.jpg\" \/>\n\t<meta property=\"og:image:width\" content=\"1200\" \/>\n\t<meta property=\"og:image:height\" content=\"675\" \/>\n\t<meta property=\"og:image:type\" content=\"image\/jpeg\" \/>\n<meta name=\"author\" content=\"Arnaldo Botto\" \/>\n<meta name=\"twitter:card\" content=\"summary_large_image\" \/>\n<script type=\"application\/ld+json\" class=\"yoast-schema-graph\">{\"@context\":\"https:\/\/schema.org\",\"@graph\":[{\"@type\":\"WebPage\",\"@id\":\"https:\/\/www.noticiasradioreflejos.com.ar\/2021\/el-precio-de-la-carne-aumento-61-en-abril-que-cortes-subieron-mas\/\",\"url\":\"https:\/\/www.noticiasradioreflejos.com.ar\/2021\/el-precio-de-la-carne-aumento-61-en-abril-que-cortes-subieron-mas\/\",\"name\":\"El precio de la carne aument\u00f3 6,1% en abril: qu\u00e9 cortes subieron m\u00e1s - Noticias Radio Reflejos\",\"isPartOf\":{\"@id\":\"https:\/\/www.noticiasradioreflejos.com.ar\/2021\/#website\"},\"primaryImageOfPage\":{\"@id\":\"https:\/\/www.noticiasradioreflejos.com.ar\/2021\/el-precio-de-la-carne-aumento-61-en-abril-que-cortes-subieron-mas\/#primaryimage\"},\"image\":{\"@id\":\"https:\/\/www.noticiasradioreflejos.com.ar\/2021\/el-precio-de-la-carne-aumento-61-en-abril-que-cortes-subieron-mas\/#primaryimage\"},\"thumbnailUrl\":\"https:\/\/www.noticiasradioreflejos.com.ar\/2021\/wp-content\/uploads\/2023\/08\/Carne.jpg\",\"datePublished\":\"2025-05-06T16:46:43+00:00\",\"author\":{\"@id\":\"https:\/\/www.noticiasradioreflejos.com.ar\/2021\/#\/schema\/person\/ad82545263dcc5ec0996818884fd5fb1\"},\"breadcrumb\":{\"@id\":\"https:\/\/www.noticiasradioreflejos.com.ar\/2021\/el-precio-de-la-carne-aumento-61-en-abril-que-cortes-subieron-mas\/#breadcrumb\"},\"inLanguage\":\"es\",\"potentialAction\":[{\"@type\":\"ReadAction\",\"target\":[\"https:\/\/www.noticiasradioreflejos.com.ar\/2021\/el-precio-de-la-carne-aumento-61-en-abril-que-cortes-subieron-mas\/\"]}]},{\"@type\":\"ImageObject\",\"inLanguage\":\"es\",\"@id\":\"https:\/\/www.noticiasradioreflejos.com.ar\/2021\/el-precio-de-la-carne-aumento-61-en-abril-que-cortes-subieron-mas\/#primaryimage\",\"url\":\"https:\/\/www.noticiasradioreflejos.com.ar\/2021\/wp-content\/uploads\/2023\/08\/Carne.jpg\",\"contentUrl\":\"https:\/\/www.noticiasradioreflejos.com.ar\/2021\/wp-content\/uploads\/2023\/08\/Carne.jpg\",\"width\":1200,\"height\":675},{\"@type\":\"BreadcrumbList\",\"@id\":\"https:\/\/www.noticiasradioreflejos.com.ar\/2021\/el-precio-de-la-carne-aumento-61-en-abril-que-cortes-subieron-mas\/#breadcrumb\",\"itemListElement\":[{\"@type\":\"ListItem\",\"position\":1,\"name\":\"Portada\",\"item\":\"https:\/\/www.noticiasradioreflejos.com.ar\/2021\/\"},{\"@type\":\"ListItem\",\"position\":2,\"name\":\"El precio de la carne aument\u00f3 6,1% en abril: qu\u00e9 cortes subieron m\u00e1s\"}]},{\"@type\":\"WebSite\",\"@id\":\"https:\/\/www.noticiasradioreflejos.com.ar\/2021\/#website\",\"url\":\"https:\/\/www.noticiasradioreflejos.com.ar\/2021\/\",\"name\":\"Noticias Radio Reflejos\",\"description\":\"Las noticias de mi comarca\",\"potentialAction\":[{\"@type\":\"SearchAction\",\"target\":{\"@type\":\"EntryPoint\",\"urlTemplate\":\"https:\/\/www.noticiasradioreflejos.com.ar\/2021\/?s={search_term_string}\"},\"query-input\":{\"@type\":\"PropertyValueSpecification\",\"valueRequired\":true,\"valueName\":\"search_term_string\"}}],\"inLanguage\":\"es\"},{\"@type\":\"Person\",\"@id\":\"https:\/\/www.noticiasradioreflejos.com.ar\/2021\/#\/schema\/person\/ad82545263dcc5ec0996818884fd5fb1\",\"name\":\"Arnaldo Botto\",\"image\":{\"@type\":\"ImageObject\",\"inLanguage\":\"es\",\"@id\":\"https:\/\/www.noticiasradioreflejos.com.ar\/2021\/#\/schema\/person\/image\/\",\"url\":\"https:\/\/secure.gravatar.com\/avatar\/55cb5e37c1efa326397366e6974cb338056df65cb50e7d64d1cf314e87504837?s=96&d=mm&r=g\",\"contentUrl\":\"https:\/\/secure.gravatar.com\/avatar\/55cb5e37c1efa326397366e6974cb338056df65cb50e7d64d1cf314e87504837?s=96&d=mm&r=g\",\"caption\":\"Arnaldo Botto\"},\"url\":\"https:\/\/www.noticiasradioreflejos.com.ar\/2021\/author\/arnaldo\/\"}]}<\/script>\n<!-- \/ Yoast SEO plugin. -->","yoast_head_json":{"title":"El precio de la carne aument\u00f3 6,1% en abril: qu\u00e9 cortes subieron m\u00e1s - Noticias Radio Reflejos","robots":{"index":"index","follow":"follow","max-snippet":"max-snippet:-1","max-image-preview":"max-image-preview:large","max-video-preview":"max-video-preview:-1"},"canonical":"https:\/\/www.noticiasradioreflejos.com.ar\/2021\/el-precio-de-la-carne-aumento-61-en-abril-que-cortes-subieron-mas\/","og_locale":"es_ES","og_type":"article","og_title":"El precio de la carne aument\u00f3 6,1% en abril: qu\u00e9 cortes subieron m\u00e1s - Noticias Radio Reflejos","og_description":"Son datos del Instituto de Promoci\u00f3n de la Carne Vacuna Argentina (IPCVA).","og_url":"https:\/\/www.noticiasradioreflejos.com.ar\/2021\/el-precio-de-la-carne-aumento-61-en-abril-que-cortes-subieron-mas\/","og_site_name":"Noticias Radio Reflejos","article_published_time":"2025-05-06T16:46:43+00:00","og_image":[{"width":1200,"height":675,"url":"https:\/\/www.noticiasradioreflejos.com.ar\/2021\/wp-content\/uploads\/2023\/08\/Carne.jpg","type":"image\/jpeg"}],"author":"Arnaldo Botto","twitter_card":"summary_large_image","schema":{"@context":"https:\/\/schema.org","@graph":[{"@type":"WebPage","@id":"https:\/\/www.noticiasradioreflejos.com.ar\/2021\/el-precio-de-la-carne-aumento-61-en-abril-que-cortes-subieron-mas\/","url":"https:\/\/www.noticiasradioreflejos.com.ar\/2021\/el-precio-de-la-carne-aumento-61-en-abril-que-cortes-subieron-mas\/","name":"El precio de la carne aument\u00f3 6,1% en abril: qu\u00e9 cortes subieron m\u00e1s - Noticias Radio Reflejos","isPartOf":{"@id":"https:\/\/www.noticiasradioreflejos.com.ar\/2021\/#website"},"primaryImageOfPage":{"@id":"https:\/\/www.noticiasradioreflejos.com.ar\/2021\/el-precio-de-la-carne-aumento-61-en-abril-que-cortes-subieron-mas\/#primaryimage"},"image":{"@id":"https:\/\/www.noticiasradioreflejos.com.ar\/2021\/el-precio-de-la-carne-aumento-61-en-abril-que-cortes-subieron-mas\/#primaryimage"},"thumbnailUrl":"https:\/\/www.noticiasradioreflejos.com.ar\/2021\/wp-content\/uploads\/2023\/08\/Carne.jpg","datePublished":"2025-05-06T16:46:43+00:00","author":{"@id":"https:\/\/www.noticiasradioreflejos.com.ar\/2021\/#\/schema\/person\/ad82545263dcc5ec0996818884fd5fb1"},"breadcrumb":{"@id":"https:\/\/www.noticiasradioreflejos.com.ar\/2021\/el-precio-de-la-carne-aumento-61-en-abril-que-cortes-subieron-mas\/#breadcrumb"},"inLanguage":"es","potentialAction":[{"@type":"ReadAction","target":["https:\/\/www.noticiasradioreflejos.com.ar\/2021\/el-precio-de-la-carne-aumento-61-en-abril-que-cortes-subieron-mas\/"]}]},{"@type":"ImageObject","inLanguage":"es","@id":"https:\/\/www.noticiasradioreflejos.com.ar\/2021\/el-precio-de-la-carne-aumento-61-en-abril-que-cortes-subieron-mas\/#primaryimage","url":"https:\/\/www.noticiasradioreflejos.com.ar\/2021\/wp-content\/uploads\/2023\/08\/Carne.jpg","contentUrl":"https:\/\/www.noticiasradioreflejos.com.ar\/2021\/wp-content\/uploads\/2023\/08\/Carne.jpg","width":1200,"height":675},{"@type":"BreadcrumbList","@id":"https:\/\/www.noticiasradioreflejos.com.ar\/2021\/el-precio-de-la-carne-aumento-61-en-abril-que-cortes-subieron-mas\/#breadcrumb","itemListElement":[{"@type":"ListItem","position":1,"name":"Portada","item":"https:\/\/www.noticiasradioreflejos.com.ar\/2021\/"},{"@type":"ListItem","position":2,"name":"El precio de la carne aument\u00f3 6,1% en abril: qu\u00e9 cortes subieron m\u00e1s"}]},{"@type":"WebSite","@id":"https:\/\/www.noticiasradioreflejos.com.ar\/2021\/#website","url":"https:\/\/www.noticiasradioreflejos.com.ar\/2021\/","name":"Noticias Radio Reflejos","description":"Las noticias de mi comarca","potentialAction":[{"@type":"SearchAction","target":{"@type":"EntryPoint","urlTemplate":"https:\/\/www.noticiasradioreflejos.com.ar\/2021\/?s={search_term_string}"},"query-input":{"@type":"PropertyValueSpecification","valueRequired":true,"valueName":"search_term_string"}}],"inLanguage":"es"},{"@type":"Person","@id":"https:\/\/www.noticiasradioreflejos.com.ar\/2021\/#\/schema\/person\/ad82545263dcc5ec0996818884fd5fb1","name":"Arnaldo Botto","image":{"@type":"ImageObject","inLanguage":"es","@id":"https:\/\/www.noticiasradioreflejos.com.ar\/2021\/#\/schema\/person\/image\/","url":"https:\/\/secure.gravatar.com\/avatar\/55cb5e37c1efa326397366e6974cb338056df65cb50e7d64d1cf314e87504837?s=96&d=mm&r=g","contentUrl":"https:\/\/secure.gravatar.com\/avatar\/55cb5e37c1efa326397366e6974cb338056df65cb50e7d64d1cf314e87504837?s=96&d=mm&r=g","caption":"Arnaldo Botto"},"url":"https:\/\/www.noticiasradioreflejos.com.ar\/2021\/author\/arnaldo\/"}]}},"_links":{"self":[{"href":"https:\/\/www.noticiasradioreflejos.com.ar\/2021\/wp-json\/wp\/v2\/posts\/116142","targetHints":{"allow":["GET"]}}],"collection":[{"href":"https:\/\/www.noticiasradioreflejos.com.ar\/2021\/wp-json\/wp\/v2\/posts"}],"about":[{"href":"https:\/\/www.noticiasradioreflejos.com.ar\/2021\/wp-json\/wp\/v2\/types\/post"}],"author":[{"embeddable":true,"href":"https:\/\/www.noticiasradioreflejos.com.ar\/2021\/wp-json\/wp\/v2\/users\/3"}],"replies":[{"embeddable":true,"href":"https:\/\/www.noticiasradioreflejos.com.ar\/2021\/wp-json\/wp\/v2\/comments?post=116142"}],"version-history":[{"count":1,"href":"https:\/\/www.noticiasradioreflejos.com.ar\/2021\/wp-json\/wp\/v2\/posts\/116142\/revisions"}],"predecessor-version":[{"id":116143,"href":"https:\/\/www.noticiasradioreflejos.com.ar\/2021\/wp-json\/wp\/v2\/posts\/116142\/revisions\/116143"}],"wp:featuredmedia":[{"embeddable":true,"href":"https:\/\/www.noticiasradioreflejos.com.ar\/2021\/wp-json\/wp\/v2\/media\/91696"}],"wp:attachment":[{"href":"https:\/\/www.noticiasradioreflejos.com.ar\/2021\/wp-json\/wp\/v2\/media?parent=116142"}],"wp:term":[{"taxonomy":"category","embeddable":true,"href":"https:\/\/www.noticiasradioreflejos.com.ar\/2021\/wp-json\/wp\/v2\/categories?post=116142"},{"taxonomy":"post_tag","embeddable":true,"href":"https:\/\/www.noticiasradioreflejos.com.ar\/2021\/wp-json\/wp\/v2\/tags?post=116142"}],"curies":[{"name":"wp","href":"https:\/\/api.w.org\/{rel}","templated":true}]}}