{"id":116134,"date":"2025-05-06T08:03:16","date_gmt":"2025-05-06T11:03:16","guid":{"rendered":"https:\/\/www.noticiasradioreflejos.com.ar\/2021\/?p=116134"},"modified":"2025-05-06T08:03:16","modified_gmt":"2025-05-06T11:03:16","slug":"la-cosecha-de-yerba-mate-cayo-mas-del-30-en-el-primer-trimestre-del-ano","status":"publish","type":"post","link":"https:\/\/www.noticiasradioreflejos.com.ar\/2021\/la-cosecha-de-yerba-mate-cayo-mas-del-30-en-el-primer-trimestre-del-ano\/","title":{"rendered":"La cosecha de yerba mate cay\u00f3 m\u00e1s del 30% en el primer trimestre del a\u00f1o"},"content":{"rendered":"<p>Los precios de venta no llegan a cubrir los de producci\u00f3n, producto de la inviabilidad econ\u00f3mica.<!--more--><strong>La producci\u00f3n de la yerba mate registr\u00f3 una ca\u00edda superior al 30% en el primer trimestre (enero- marzo) del 2025, en comparaci\u00f3n con el mismo per\u00edodo del a\u00f1o anterior.<\/strong><\/p>\n<div class=\"columns\" data-tadevel-template=\"web\/article-columns\">\n<div class=\"column-main\">\n<div class=\"article-body\" data-tadevel-template=\"web\/article-body\">\n<div class=\"article-body-content\">\n<p>La cosecha de yerba mate alcanz\u00f3 m\u00ednimos hist\u00f3ricos, y las zonas productoras de\u00a0<strong>Corrientes<\/strong>\u00a0y\u00a0<strong>Misiones<\/strong>, principales provincias que la producen,\u00a0<u>presentaron actividad inusual ya que los productores decidieron no cosechar, en consecuencia de la inviabilidad econ\u00f3mica.<\/u><\/p>\n<p><strong>Esto sucede ya que los precios actuales de la hoja verde rondan entre los $230 y $300 por kilo, y no llegan a cubrir los costos de la producci\u00f3n.<\/strong><\/p>\n<p><strong>La situaci\u00f3n empeora<\/strong>\u00a0debido a las condiciones de pago de los compradores, las cuales se concretan con plazos de 60 a 90 d\u00edas o en pagos de hasta 12 cuotas sin inter\u00e9s.<\/p>\n<p><strong>En cuanto a exportaciones, en lo que va del a\u00f1o tambi\u00e9n se registraron ca\u00eddas de entre el 15% y 16%.<\/strong><\/p>\n<p><u>Durante el 2024, el consumo de yerba mate no logr\u00f3 buenos n\u00fameros.<\/u><\/p>\n<p>Seg\u00fan el\u00a0<strong>Instituto Nacional de la Yerba Mate<\/strong>\u00a0(INYM),\u00a0<strong>las ventas internas cayeron 11%<\/strong>\u00a0y se comercializaron 238.042.303 kilos, lo que represent\u00f3 una disminuci\u00f3n de casi 25 millones de kilos en comparaci\u00f3n con el 2023.\u00a0<mark>Este nivel es el m\u00e1s bajo desde 2016.<\/mark><\/p>\n<p><u>Las exportaciones, por el lado contrario, fueron las \u00fanicas con luz verde<\/u>, ya que alcanzaron\u00a0<strong>r\u00e9cord durante el a\u00f1o pasado:<\/strong>\u00a0se exportaron 41.228.288 kilos, una suba de 13% con respecto al 2023.<\/p>\n<\/div>\n<\/div>\n<\/div>\n<\/div>\n","protected":false},"excerpt":{"rendered":"<p>Los precios de venta no llegan a cubrir los de producci\u00f3n, producto de la inviabilidad econ\u00f3mica.<\/p>\n","protected":false},"author":3,"featured_media":101016,"comment_status":"closed","ping_status":"closed","sticky":false,"template":"","format":"standard","meta":{"footnotes":""},"categories":[36],"tags":[],"class_list":["post-116134","post","type-post","status-publish","format-standard","has-post-thumbnail","hentry","category-economia"],"yoast_head":"<!-- This site is optimized with the Yoast SEO plugin v25.9 - https:\/\/yoast.com\/wordpress\/plugins\/seo\/ -->\n<title>La cosecha de yerba mate cay\u00f3 m\u00e1s del 30% en el primer trimestre del a\u00f1o - Noticias Radio Reflejos<\/title>\n<meta name=\"robots\" content=\"index, follow, max-snippet:-1, max-image-preview:large, max-video-preview:-1\" \/>\n<link rel=\"canonical\" href=\"https:\/\/www.noticiasradioreflejos.com.ar\/2021\/la-cosecha-de-yerba-mate-cayo-mas-del-30-en-el-primer-trimestre-del-ano\/\" \/>\n<meta property=\"og:locale\" content=\"es_ES\" \/>\n<meta property=\"og:type\" content=\"article\" \/>\n<meta property=\"og:title\" content=\"La cosecha de yerba mate cay\u00f3 m\u00e1s del 30% en el primer trimestre del a\u00f1o - Noticias Radio Reflejos\" \/>\n<meta property=\"og:description\" content=\"Los precios de venta no llegan a cubrir los de producci\u00f3n, producto de la inviabilidad econ\u00f3mica.\" \/>\n<meta property=\"og:url\" content=\"https:\/\/www.noticiasradioreflejos.com.ar\/2021\/la-cosecha-de-yerba-mate-cayo-mas-del-30-en-el-primer-trimestre-del-ano\/\" \/>\n<meta property=\"og:site_name\" content=\"Noticias Radio Reflejos\" \/>\n<meta property=\"article:published_time\" content=\"2025-05-06T11:03:16+00:00\" \/>\n<meta property=\"og:image\" content=\"https:\/\/www.noticiasradioreflejos.com.ar\/2021\/wp-content\/uploads\/2024\/04\/yerba-mate.png\" \/>\n\t<meta property=\"og:image:width\" content=\"1079\" \/>\n\t<meta property=\"og:image:height\" content=\"720\" \/>\n\t<meta property=\"og:image:type\" content=\"image\/png\" \/>\n<meta name=\"author\" content=\"Arnaldo Botto\" \/>\n<meta name=\"twitter:card\" content=\"summary_large_image\" \/>\n<script type=\"application\/ld+json\" class=\"yoast-schema-graph\">{\"@context\":\"https:\/\/schema.org\",\"@graph\":[{\"@type\":\"WebPage\",\"@id\":\"https:\/\/www.noticiasradioreflejos.com.ar\/2021\/la-cosecha-de-yerba-mate-cayo-mas-del-30-en-el-primer-trimestre-del-ano\/\",\"url\":\"https:\/\/www.noticiasradioreflejos.com.ar\/2021\/la-cosecha-de-yerba-mate-cayo-mas-del-30-en-el-primer-trimestre-del-ano\/\",\"name\":\"La cosecha de yerba mate cay\u00f3 m\u00e1s del 30% en el primer trimestre del a\u00f1o - Noticias Radio Reflejos\",\"isPartOf\":{\"@id\":\"https:\/\/www.noticiasradioreflejos.com.ar\/2021\/#website\"},\"primaryImageOfPage\":{\"@id\":\"https:\/\/www.noticiasradioreflejos.com.ar\/2021\/la-cosecha-de-yerba-mate-cayo-mas-del-30-en-el-primer-trimestre-del-ano\/#primaryimage\"},\"image\":{\"@id\":\"https:\/\/www.noticiasradioreflejos.com.ar\/2021\/la-cosecha-de-yerba-mate-cayo-mas-del-30-en-el-primer-trimestre-del-ano\/#primaryimage\"},\"thumbnailUrl\":\"https:\/\/www.noticiasradioreflejos.com.ar\/2021\/wp-content\/uploads\/2024\/04\/yerba-mate.png\",\"datePublished\":\"2025-05-06T11:03:16+00:00\",\"author\":{\"@id\":\"https:\/\/www.noticiasradioreflejos.com.ar\/2021\/#\/schema\/person\/ad82545263dcc5ec0996818884fd5fb1\"},\"breadcrumb\":{\"@id\":\"https:\/\/www.noticiasradioreflejos.com.ar\/2021\/la-cosecha-de-yerba-mate-cayo-mas-del-30-en-el-primer-trimestre-del-ano\/#breadcrumb\"},\"inLanguage\":\"es\",\"potentialAction\":[{\"@type\":\"ReadAction\",\"target\":[\"https:\/\/www.noticiasradioreflejos.com.ar\/2021\/la-cosecha-de-yerba-mate-cayo-mas-del-30-en-el-primer-trimestre-del-ano\/\"]}]},{\"@type\":\"ImageObject\",\"inLanguage\":\"es\",\"@id\":\"https:\/\/www.noticiasradioreflejos.com.ar\/2021\/la-cosecha-de-yerba-mate-cayo-mas-del-30-en-el-primer-trimestre-del-ano\/#primaryimage\",\"url\":\"https:\/\/www.noticiasradioreflejos.com.ar\/2021\/wp-content\/uploads\/2024\/04\/yerba-mate.png\",\"contentUrl\":\"https:\/\/www.noticiasradioreflejos.com.ar\/2021\/wp-content\/uploads\/2024\/04\/yerba-mate.png\",\"width\":1079,\"height\":720},{\"@type\":\"BreadcrumbList\",\"@id\":\"https:\/\/www.noticiasradioreflejos.com.ar\/2021\/la-cosecha-de-yerba-mate-cayo-mas-del-30-en-el-primer-trimestre-del-ano\/#breadcrumb\",\"itemListElement\":[{\"@type\":\"ListItem\",\"position\":1,\"name\":\"Portada\",\"item\":\"https:\/\/www.noticiasradioreflejos.com.ar\/2021\/\"},{\"@type\":\"ListItem\",\"position\":2,\"name\":\"La cosecha de yerba mate cay\u00f3 m\u00e1s del 30% en el primer trimestre del a\u00f1o\"}]},{\"@type\":\"WebSite\",\"@id\":\"https:\/\/www.noticiasradioreflejos.com.ar\/2021\/#website\",\"url\":\"https:\/\/www.noticiasradioreflejos.com.ar\/2021\/\",\"name\":\"Noticias Radio Reflejos\",\"description\":\"Las noticias de mi comarca\",\"potentialAction\":[{\"@type\":\"SearchAction\",\"target\":{\"@type\":\"EntryPoint\",\"urlTemplate\":\"https:\/\/www.noticiasradioreflejos.com.ar\/2021\/?s={search_term_string}\"},\"query-input\":{\"@type\":\"PropertyValueSpecification\",\"valueRequired\":true,\"valueName\":\"search_term_string\"}}],\"inLanguage\":\"es\"},{\"@type\":\"Person\",\"@id\":\"https:\/\/www.noticiasradioreflejos.com.ar\/2021\/#\/schema\/person\/ad82545263dcc5ec0996818884fd5fb1\",\"name\":\"Arnaldo Botto\",\"image\":{\"@type\":\"ImageObject\",\"inLanguage\":\"es\",\"@id\":\"https:\/\/www.noticiasradioreflejos.com.ar\/2021\/#\/schema\/person\/image\/\",\"url\":\"https:\/\/secure.gravatar.com\/avatar\/55cb5e37c1efa326397366e6974cb338056df65cb50e7d64d1cf314e87504837?s=96&d=mm&r=g\",\"contentUrl\":\"https:\/\/secure.gravatar.com\/avatar\/55cb5e37c1efa326397366e6974cb338056df65cb50e7d64d1cf314e87504837?s=96&d=mm&r=g\",\"caption\":\"Arnaldo Botto\"},\"url\":\"https:\/\/www.noticiasradioreflejos.com.ar\/2021\/author\/arnaldo\/\"}]}<\/script>\n<!-- \/ Yoast SEO plugin. -->","yoast_head_json":{"title":"La cosecha de yerba mate cay\u00f3 m\u00e1s del 30% en el primer trimestre del a\u00f1o - Noticias Radio Reflejos","robots":{"index":"index","follow":"follow","max-snippet":"max-snippet:-1","max-image-preview":"max-image-preview:large","max-video-preview":"max-video-preview:-1"},"canonical":"https:\/\/www.noticiasradioreflejos.com.ar\/2021\/la-cosecha-de-yerba-mate-cayo-mas-del-30-en-el-primer-trimestre-del-ano\/","og_locale":"es_ES","og_type":"article","og_title":"La cosecha de yerba mate cay\u00f3 m\u00e1s del 30% en el primer trimestre del a\u00f1o - Noticias Radio Reflejos","og_description":"Los precios de venta no llegan a cubrir los de producci\u00f3n, producto de la inviabilidad econ\u00f3mica.","og_url":"https:\/\/www.noticiasradioreflejos.com.ar\/2021\/la-cosecha-de-yerba-mate-cayo-mas-del-30-en-el-primer-trimestre-del-ano\/","og_site_name":"Noticias Radio Reflejos","article_published_time":"2025-05-06T11:03:16+00:00","og_image":[{"width":1079,"height":720,"url":"https:\/\/www.noticiasradioreflejos.com.ar\/2021\/wp-content\/uploads\/2024\/04\/yerba-mate.png","type":"image\/png"}],"author":"Arnaldo Botto","twitter_card":"summary_large_image","schema":{"@context":"https:\/\/schema.org","@graph":[{"@type":"WebPage","@id":"https:\/\/www.noticiasradioreflejos.com.ar\/2021\/la-cosecha-de-yerba-mate-cayo-mas-del-30-en-el-primer-trimestre-del-ano\/","url":"https:\/\/www.noticiasradioreflejos.com.ar\/2021\/la-cosecha-de-yerba-mate-cayo-mas-del-30-en-el-primer-trimestre-del-ano\/","name":"La cosecha de yerba mate cay\u00f3 m\u00e1s del 30% en el primer trimestre del a\u00f1o - Noticias Radio Reflejos","isPartOf":{"@id":"https:\/\/www.noticiasradioreflejos.com.ar\/2021\/#website"},"primaryImageOfPage":{"@id":"https:\/\/www.noticiasradioreflejos.com.ar\/2021\/la-cosecha-de-yerba-mate-cayo-mas-del-30-en-el-primer-trimestre-del-ano\/#primaryimage"},"image":{"@id":"https:\/\/www.noticiasradioreflejos.com.ar\/2021\/la-cosecha-de-yerba-mate-cayo-mas-del-30-en-el-primer-trimestre-del-ano\/#primaryimage"},"thumbnailUrl":"https:\/\/www.noticiasradioreflejos.com.ar\/2021\/wp-content\/uploads\/2024\/04\/yerba-mate.png","datePublished":"2025-05-06T11:03:16+00:00","author":{"@id":"https:\/\/www.noticiasradioreflejos.com.ar\/2021\/#\/schema\/person\/ad82545263dcc5ec0996818884fd5fb1"},"breadcrumb":{"@id":"https:\/\/www.noticiasradioreflejos.com.ar\/2021\/la-cosecha-de-yerba-mate-cayo-mas-del-30-en-el-primer-trimestre-del-ano\/#breadcrumb"},"inLanguage":"es","potentialAction":[{"@type":"ReadAction","target":["https:\/\/www.noticiasradioreflejos.com.ar\/2021\/la-cosecha-de-yerba-mate-cayo-mas-del-30-en-el-primer-trimestre-del-ano\/"]}]},{"@type":"ImageObject","inLanguage":"es","@id":"https:\/\/www.noticiasradioreflejos.com.ar\/2021\/la-cosecha-de-yerba-mate-cayo-mas-del-30-en-el-primer-trimestre-del-ano\/#primaryimage","url":"https:\/\/www.noticiasradioreflejos.com.ar\/2021\/wp-content\/uploads\/2024\/04\/yerba-mate.png","contentUrl":"https:\/\/www.noticiasradioreflejos.com.ar\/2021\/wp-content\/uploads\/2024\/04\/yerba-mate.png","width":1079,"height":720},{"@type":"BreadcrumbList","@id":"https:\/\/www.noticiasradioreflejos.com.ar\/2021\/la-cosecha-de-yerba-mate-cayo-mas-del-30-en-el-primer-trimestre-del-ano\/#breadcrumb","itemListElement":[{"@type":"ListItem","position":1,"name":"Portada","item":"https:\/\/www.noticiasradioreflejos.com.ar\/2021\/"},{"@type":"ListItem","position":2,"name":"La cosecha de yerba mate cay\u00f3 m\u00e1s del 30% en el primer trimestre del a\u00f1o"}]},{"@type":"WebSite","@id":"https:\/\/www.noticiasradioreflejos.com.ar\/2021\/#website","url":"https:\/\/www.noticiasradioreflejos.com.ar\/2021\/","name":"Noticias Radio Reflejos","description":"Las noticias de mi comarca","potentialAction":[{"@type":"SearchAction","target":{"@type":"EntryPoint","urlTemplate":"https:\/\/www.noticiasradioreflejos.com.ar\/2021\/?s={search_term_string}"},"query-input":{"@type":"PropertyValueSpecification","valueRequired":true,"valueName":"search_term_string"}}],"inLanguage":"es"},{"@type":"Person","@id":"https:\/\/www.noticiasradioreflejos.com.ar\/2021\/#\/schema\/person\/ad82545263dcc5ec0996818884fd5fb1","name":"Arnaldo Botto","image":{"@type":"ImageObject","inLanguage":"es","@id":"https:\/\/www.noticiasradioreflejos.com.ar\/2021\/#\/schema\/person\/image\/","url":"https:\/\/secure.gravatar.com\/avatar\/55cb5e37c1efa326397366e6974cb338056df65cb50e7d64d1cf314e87504837?s=96&d=mm&r=g","contentUrl":"https:\/\/secure.gravatar.com\/avatar\/55cb5e37c1efa326397366e6974cb338056df65cb50e7d64d1cf314e87504837?s=96&d=mm&r=g","caption":"Arnaldo Botto"},"url":"https:\/\/www.noticiasradioreflejos.com.ar\/2021\/author\/arnaldo\/"}]}},"_links":{"self":[{"href":"https:\/\/www.noticiasradioreflejos.com.ar\/2021\/wp-json\/wp\/v2\/posts\/116134","targetHints":{"allow":["GET"]}}],"collection":[{"href":"https:\/\/www.noticiasradioreflejos.com.ar\/2021\/wp-json\/wp\/v2\/posts"}],"about":[{"href":"https:\/\/www.noticiasradioreflejos.com.ar\/2021\/wp-json\/wp\/v2\/types\/post"}],"author":[{"embeddable":true,"href":"https:\/\/www.noticiasradioreflejos.com.ar\/2021\/wp-json\/wp\/v2\/users\/3"}],"replies":[{"embeddable":true,"href":"https:\/\/www.noticiasradioreflejos.com.ar\/2021\/wp-json\/wp\/v2\/comments?post=116134"}],"version-history":[{"count":1,"href":"https:\/\/www.noticiasradioreflejos.com.ar\/2021\/wp-json\/wp\/v2\/posts\/116134\/revisions"}],"predecessor-version":[{"id":116135,"href":"https:\/\/www.noticiasradioreflejos.com.ar\/2021\/wp-json\/wp\/v2\/posts\/116134\/revisions\/116135"}],"wp:featuredmedia":[{"embeddable":true,"href":"https:\/\/www.noticiasradioreflejos.com.ar\/2021\/wp-json\/wp\/v2\/media\/101016"}],"wp:attachment":[{"href":"https:\/\/www.noticiasradioreflejos.com.ar\/2021\/wp-json\/wp\/v2\/media?parent=116134"}],"wp:term":[{"taxonomy":"category","embeddable":true,"href":"https:\/\/www.noticiasradioreflejos.com.ar\/2021\/wp-json\/wp\/v2\/categories?post=116134"},{"taxonomy":"post_tag","embeddable":true,"href":"https:\/\/www.noticiasradioreflejos.com.ar\/2021\/wp-json\/wp\/v2\/tags?post=116134"}],"curies":[{"name":"wp","href":"https:\/\/api.w.org\/{rel}","templated":true}]}}