{"id":116131,"date":"2025-05-06T07:21:20","date_gmt":"2025-05-06T10:21:20","guid":{"rendered":"https:\/\/www.noticiasradioreflejos.com.ar\/2021\/?p=116131"},"modified":"2025-05-06T07:21:20","modified_gmt":"2025-05-06T10:21:20","slug":"dia-mundial-sin-dietas-por-que-se-celebra-el-6-de-mayo","status":"publish","type":"post","link":"https:\/\/www.noticiasradioreflejos.com.ar\/2021\/dia-mundial-sin-dietas-por-que-se-celebra-el-6-de-mayo\/","title":{"rendered":"D\u00eda mundial sin Dietas: \u00bfpor qu\u00e9 se celebra el 6 de mayo?"},"content":{"rendered":"<p>Un d\u00eda como hoy pero de 1992 Mary Evans Young dio voz a una causa urgente: alertar al mundo sobre las enfermedades provocadas por trastornos alimentarios.<!--more-->El <strong>D\u00eda Internacional sin Dietas\u00a0<\/strong>se celebra el\u00a0<strong>6 de mayo<\/strong> de cada a\u00f1o.\u00a0Es una fecha recordatoria para crear conciencia sobre el da\u00f1o f\u00edsico que corren las personas que se exponen a estrictos reg\u00edmenes diet\u00e9ticos, que inclusive pueden conducir a la muerte.<\/p>\n<p>&nbsp;<\/p>\n<p><span style=\"color: #1d1f20; font-size: 1.953em;\">Origen del D\u00eda Internacional sin Dietas<\/span><\/p>\n<p>El origen de esta importante fecha fue gracias a la feminista brit\u00e1nica Mary Evans Young, quien en el a\u00f1o 1992 decide emprender una lucha en contra de las empresas e industrias encargadas de promocionar el consumo de productos diet\u00e9ticos.<\/p>\n<p>As\u00edmismo, se transform\u00f3 en la principal portavoz de los des\u00f3rdenes alimenticios que afectan a las personas en todo el mundo, como por ejemplo la bulimia y la anorexia. Debido a esto, muchos grupos feministas de varios pa\u00edses se unieron a la causa y partir de ese momento se ha transformado en una celebraci\u00f3n importante a nivel mundial.<\/p>\n<p><span style=\"color: #1d1f20; font-size: 1.953em;\">\u00bfCu\u00e1les son las principales metas del D\u00eda Internacional sin Dietas?<\/span><\/p>\n<p>Lamentablemente, la sociedad actual se maneja con unos c\u00e1nones de belleza con los cuales mujeres y hombres tienen que luchar cada d\u00eda para, de cierta forma, encajar en ellos. Por esta raz\u00f3n, es importante que las personas entiendan la importancia de cuidar el aspecto f\u00edsico, pero sin caer en conductas negativas que puedan afectar la salud, como por ejemplo, someterse a rigurosas dietas, que a la larga pueden perjudicar la salud.<\/p>\n<p>En este sentido, el D\u00eda Internacional sin Dietas busca romper con estos estereotipos y entre sus metas est\u00e1n:<\/p>\n<p>&#8211; Crear conciencia entre la poblaci\u00f3n para eliminar la discriminaci\u00f3n hacia las personas que presentan problemas de sobrepeso.<\/p>\n<p>&#8211; Erradicar los c\u00e1nones o estereotipos de belleza.<\/p>\n<p>&#8211; Recordar a todas las v\u00edctimas que ha sufrido de enfermedades relacionadas con des\u00f3rdenes alimenticios.<\/p>\n<p>&#8211; Recordar a las personas que han quedado con secuelas o han perdido la vida por llevar a cabo cirug\u00edas para bajar de peso.<\/p>\n<p>&#8211; Concienciar de los peligros que representan el uso de productos que son usados para adelgazar, sin la debida supervisi\u00f3n m\u00e9dica.<\/p>\n<p>&#8211; Declarar una fecha libre de dietas y cualquier tipo de obsesi\u00f3n por el peso corporal.<\/p>\n<div class=\"content-container col-12 col-lg-8\">\n<div class=\"c-content\">\n<div class=\"partner-wrapper article-page__body-row\">\n<div class=\"second-col\">\n<figure><picture class=\"news-image\"><source srcset=\"https:\/\/static.eldiario.es\/clip\/2b086fa0-9998-4c88-9166-f2fcdc604dba_source-aspect-ratio_50p_1117116.webp\" type=\"image\/webp\" media=\"(max-width: 576px)\" \/><source srcset=\"https:\/\/static.eldiario.es\/clip\/2b086fa0-9998-4c88-9166-f2fcdc604dba_source-aspect-ratio_50p_1117116.jpg\" type=\"image\/jpg\" media=\"(max-width: 576px)\" \/><source srcset=\"https:\/\/static.eldiario.es\/clip\/2b086fa0-9998-4c88-9166-f2fcdc604dba_source-aspect-ratio_75p_1117116.webp\" type=\"image\/webp\" media=\"(max-width: 767px)\" \/><source srcset=\"https:\/\/static.eldiario.es\/clip\/2b086fa0-9998-4c88-9166-f2fcdc604dba_source-aspect-ratio_75p_1117116.jpg\" type=\"image\/jpg\" media=\"(max-width: 767px)\" \/><source srcset=\"https:\/\/static.eldiario.es\/clip\/2b086fa0-9998-4c88-9166-f2fcdc604dba_source-aspect-ratio_default_1117116.webp\" type=\"image\/webp\" media=\"(min-width: 768px)\" \/><source srcset=\"https:\/\/static.eldiario.es\/clip\/2b086fa0-9998-4c88-9166-f2fcdc604dba_source-aspect-ratio_default_1117116.jpg\" type=\"image\/jpg\" media=\"(min-width: 768px)\" \/><source srcset=\"https:\/\/static.eldiario.es\/clip\/2b086fa0-9998-4c88-9166-f2fcdc604dba_source-aspect-ratio_default_1117116.webp\" type=\"image\/webp\" \/><img decoding=\"async\" class=\"lazy entered loaded\" src=\"https:\/\/static.eldiario.es\/clip\/2b086fa0-9998-4c88-9166-f2fcdc604dba_source-aspect-ratio_default_1117116.jpg\" alt=\"\" data-src=\"https:\/\/static.eldiario.es\/clip\/2b086fa0-9998-4c88-9166-f2fcdc604dba_source-aspect-ratio_default_1117116.jpg\" data-ll-status=\"loaded\" \/><\/picture><figcaption class=\"image-footer\"><span class=\"title\">D\u00eda mundial sin dietas<\/span><\/figcaption><\/figure>\n<h4>El peligro de las dietas<\/h4>\n<p>La sociedad actual constantemente se encuentra bombardeada por la publicidad, donde se incentiva a las personas que para estar bien y con una figura perfecta es necesario someterse a rigurosas dietas. Esta idea se le ha vendido, sobre todo a la mujer y no hay nada m\u00e1s alejado de la realidad que esta creencia.<\/p>\n<p>Se habla de las dietas milagrosas, que podr\u00e1n, en un periodo de tiempo corto, hacer que las personas bajen de peso, sin embargo, esto puede traer serias consecuencias a la salud como la conocida bulimia o la anorexia, que son las principales causas de graves trastornos como v\u00f3mitos, p\u00e9rdida de apetito, ansiedad, depresi\u00f3n e inclusive provocar la muerte.<\/p>\n<p>\u00bfCu\u00e1les son las dietas que no deben ponerse en pr\u00e1ctica?<\/p>\n<p class=\"article-text\">Existen algunas dietas que las personas realizan para bajar de peso, pero que pueden ser contraproducentes, entre ellas est\u00e1n:<\/p>\n<div class=\"list\">\n<ol>\n<li>La Dieta Cero: Esta dieta consiste s\u00f3lo en la ingesta de l\u00edquidos y donde quedan totalmente prohibidos los alimentos s\u00f3lidos. Es llamada la dieta hipocal\u00f3rica. De acuerdo a los estudios realizados, la misma puede resultar muy peligrosa e incluso provocar una muerte s\u00fabita. Entre los s\u00edntomas que causa est\u00e1n los v\u00f3mitos, diarreas, arritmias y la falta de sue\u00f1o.<\/li>\n<li>La llamada Monodieta: Este tipo de dieta s\u00f3lo incluye la ingesta de un \u00fanico alimento durante el d\u00eda, es decir, si se elige las frutas o las verduras, s\u00f3lo una de ellas, por ejemplo las alcachofas o las patatas. El peligro de esta alimentaci\u00f3n, es que las personas no reciben los nutrientes que el cuerpo necesita y esto termina por da\u00f1ar la salud.<\/li>\n<\/ol>\n<\/div>\n<figure class=\"embed-container embed-container--type-youtube ratio\"><iframe loading=\"lazy\" id=\"527635113\" title=\"D\u00eda &quot;Sin dieta&quot;\" src=\"https:\/\/www.youtube.com\/embed\/NXecLfcjG-A?enablejsapi=1&amp;origin=https%3A%2F%2Fwww.eldiarioar.com\" width=\"100%\" height=\"366\" frameborder=\"0\" allowfullscreen=\"allowfullscreen\" data-gtm-yt-inspected-37=\"true\" data-gtm-yt-inspected-34399851_303=\"true\" data-gtm-yt-inspected-34399851_396=\"true\" data-mce-fragment=\"1\"><\/iframe><\/figure>\n<p><strong>Hollywood tambi\u00e9n busca destruir la \u201cgordofobia\u201d<\/strong><\/p>\n<p>&nbsp;<\/p>\n<p>Discriminar a otros por su talla o peso, es tan malo como rechazarlos por su religi\u00f3n, color de piel o g\u00e9nero. Esta es otras de las cosas que se pretende eliminar con la celebraci\u00f3n de este d\u00eda.<\/p>\n<ul>\n<li>Jonah Hill:\u00a0El estadista que ayudo a Brad Pitt a cambiar la historia del b\u00e9isbol en de Moneyball.<\/li>\n<li>Rebel Wilson:\u00a0Esta actriz c\u00f3mica ha dado la talla en pel\u00edculas como\u00a0Una noche en el museo 3, Dando la nota y Mejor&#8230;Solteras.<\/li>\n<li>Melissa McCarthy:\u00a0La protagonista de los\u00a0Cazafantasmas, es otra fiel hero\u00edna para las gorditas de todo el mundo.<\/li>\n<li>Jack Black:\u00a0No solo ha demostrado que los gorditos pueden triunfar, sino que ha gozado el hacerlo, tanto que hasta prest\u00f3 su voz para uno de las leyendas m\u00e1s pesadas de las artes marciales, por supuesto que hablamos de\u00a0Kung Fu Panda.<\/li>\n<li>Octavia Spencer:\u00a0Esta mujer es una prueba de que el talento viene en muchos colores y tama\u00f1os, as\u00ed lo ha demostrado en todos sus papeles como el de\u00a0Criadas y se\u00f1oras, as\u00ed como el de\u00a0Figuras ocultas.<\/li>\n<\/ul>\n<\/div>\n<p class=\"article-text\"><em>NB<\/em><\/p>\n<\/div>\n<\/div>\n<\/div>\n","protected":false},"excerpt":{"rendered":"<p>Un d\u00eda como hoy pero de 1992 Mary Evans Young dio voz a una causa urgente: alertar al mundo sobre las enfermedades provocadas por trastornos alimentarios.<\/p>\n","protected":false},"author":3,"featured_media":116132,"comment_status":"closed","ping_status":"closed","sticky":false,"template":"","format":"standard","meta":{"footnotes":""},"categories":[30,26],"tags":[],"class_list":["post-116131","post","type-post","status-publish","format-standard","has-post-thumbnail","hentry","category-salud","category-sociedad"],"yoast_head":"<!-- This site is optimized with the Yoast SEO plugin v25.9 - https:\/\/yoast.com\/wordpress\/plugins\/seo\/ -->\n<title>D\u00eda mundial sin Dietas: \u00bfpor qu\u00e9 se celebra el 6 de mayo? - Noticias Radio Reflejos<\/title>\n<meta name=\"robots\" content=\"index, follow, max-snippet:-1, max-image-preview:large, max-video-preview:-1\" \/>\n<link rel=\"canonical\" href=\"https:\/\/www.noticiasradioreflejos.com.ar\/2021\/dia-mundial-sin-dietas-por-que-se-celebra-el-6-de-mayo\/\" \/>\n<meta property=\"og:locale\" content=\"es_ES\" \/>\n<meta property=\"og:type\" content=\"article\" \/>\n<meta property=\"og:title\" content=\"D\u00eda mundial sin Dietas: \u00bfpor qu\u00e9 se celebra el 6 de mayo? - Noticias Radio Reflejos\" \/>\n<meta property=\"og:description\" content=\"Un d\u00eda como hoy pero de 1992 Mary Evans Young dio voz a una causa urgente: alertar al mundo sobre las enfermedades provocadas por trastornos alimentarios.\" \/>\n<meta property=\"og:url\" content=\"https:\/\/www.noticiasradioreflejos.com.ar\/2021\/dia-mundial-sin-dietas-por-que-se-celebra-el-6-de-mayo\/\" \/>\n<meta property=\"og:site_name\" content=\"Noticias Radio Reflejos\" \/>\n<meta property=\"article:published_time\" content=\"2025-05-06T10:21:20+00:00\" \/>\n<meta property=\"og:image\" content=\"https:\/\/www.noticiasradioreflejos.com.ar\/2021\/wp-content\/uploads\/2025\/05\/Sin-dieta.jpg\" \/>\n\t<meta property=\"og:image:width\" content=\"1200\" \/>\n\t<meta property=\"og:image:height\" content=\"675\" \/>\n\t<meta property=\"og:image:type\" content=\"image\/jpeg\" \/>\n<meta name=\"author\" content=\"Arnaldo Botto\" \/>\n<meta name=\"twitter:card\" content=\"summary_large_image\" \/>\n<script type=\"application\/ld+json\" class=\"yoast-schema-graph\">{\"@context\":\"https:\/\/schema.org\",\"@graph\":[{\"@type\":\"WebPage\",\"@id\":\"https:\/\/www.noticiasradioreflejos.com.ar\/2021\/dia-mundial-sin-dietas-por-que-se-celebra-el-6-de-mayo\/\",\"url\":\"https:\/\/www.noticiasradioreflejos.com.ar\/2021\/dia-mundial-sin-dietas-por-que-se-celebra-el-6-de-mayo\/\",\"name\":\"D\u00eda mundial sin Dietas: \u00bfpor qu\u00e9 se celebra el 6 de mayo? - Noticias Radio Reflejos\",\"isPartOf\":{\"@id\":\"https:\/\/www.noticiasradioreflejos.com.ar\/2021\/#website\"},\"primaryImageOfPage\":{\"@id\":\"https:\/\/www.noticiasradioreflejos.com.ar\/2021\/dia-mundial-sin-dietas-por-que-se-celebra-el-6-de-mayo\/#primaryimage\"},\"image\":{\"@id\":\"https:\/\/www.noticiasradioreflejos.com.ar\/2021\/dia-mundial-sin-dietas-por-que-se-celebra-el-6-de-mayo\/#primaryimage\"},\"thumbnailUrl\":\"https:\/\/www.noticiasradioreflejos.com.ar\/2021\/wp-content\/uploads\/2025\/05\/Sin-dieta.jpg\",\"datePublished\":\"2025-05-06T10:21:20+00:00\",\"author\":{\"@id\":\"https:\/\/www.noticiasradioreflejos.com.ar\/2021\/#\/schema\/person\/ad82545263dcc5ec0996818884fd5fb1\"},\"breadcrumb\":{\"@id\":\"https:\/\/www.noticiasradioreflejos.com.ar\/2021\/dia-mundial-sin-dietas-por-que-se-celebra-el-6-de-mayo\/#breadcrumb\"},\"inLanguage\":\"es\",\"potentialAction\":[{\"@type\":\"ReadAction\",\"target\":[\"https:\/\/www.noticiasradioreflejos.com.ar\/2021\/dia-mundial-sin-dietas-por-que-se-celebra-el-6-de-mayo\/\"]}]},{\"@type\":\"ImageObject\",\"inLanguage\":\"es\",\"@id\":\"https:\/\/www.noticiasradioreflejos.com.ar\/2021\/dia-mundial-sin-dietas-por-que-se-celebra-el-6-de-mayo\/#primaryimage\",\"url\":\"https:\/\/www.noticiasradioreflejos.com.ar\/2021\/wp-content\/uploads\/2025\/05\/Sin-dieta.jpg\",\"contentUrl\":\"https:\/\/www.noticiasradioreflejos.com.ar\/2021\/wp-content\/uploads\/2025\/05\/Sin-dieta.jpg\",\"width\":1200,\"height\":675},{\"@type\":\"BreadcrumbList\",\"@id\":\"https:\/\/www.noticiasradioreflejos.com.ar\/2021\/dia-mundial-sin-dietas-por-que-se-celebra-el-6-de-mayo\/#breadcrumb\",\"itemListElement\":[{\"@type\":\"ListItem\",\"position\":1,\"name\":\"Portada\",\"item\":\"https:\/\/www.noticiasradioreflejos.com.ar\/2021\/\"},{\"@type\":\"ListItem\",\"position\":2,\"name\":\"D\u00eda mundial sin Dietas: \u00bfpor qu\u00e9 se celebra el 6 de mayo?\"}]},{\"@type\":\"WebSite\",\"@id\":\"https:\/\/www.noticiasradioreflejos.com.ar\/2021\/#website\",\"url\":\"https:\/\/www.noticiasradioreflejos.com.ar\/2021\/\",\"name\":\"Noticias Radio Reflejos\",\"description\":\"Las noticias de mi comarca\",\"potentialAction\":[{\"@type\":\"SearchAction\",\"target\":{\"@type\":\"EntryPoint\",\"urlTemplate\":\"https:\/\/www.noticiasradioreflejos.com.ar\/2021\/?s={search_term_string}\"},\"query-input\":{\"@type\":\"PropertyValueSpecification\",\"valueRequired\":true,\"valueName\":\"search_term_string\"}}],\"inLanguage\":\"es\"},{\"@type\":\"Person\",\"@id\":\"https:\/\/www.noticiasradioreflejos.com.ar\/2021\/#\/schema\/person\/ad82545263dcc5ec0996818884fd5fb1\",\"name\":\"Arnaldo Botto\",\"image\":{\"@type\":\"ImageObject\",\"inLanguage\":\"es\",\"@id\":\"https:\/\/www.noticiasradioreflejos.com.ar\/2021\/#\/schema\/person\/image\/\",\"url\":\"https:\/\/secure.gravatar.com\/avatar\/55cb5e37c1efa326397366e6974cb338056df65cb50e7d64d1cf314e87504837?s=96&d=mm&r=g\",\"contentUrl\":\"https:\/\/secure.gravatar.com\/avatar\/55cb5e37c1efa326397366e6974cb338056df65cb50e7d64d1cf314e87504837?s=96&d=mm&r=g\",\"caption\":\"Arnaldo Botto\"},\"url\":\"https:\/\/www.noticiasradioreflejos.com.ar\/2021\/author\/arnaldo\/\"}]}<\/script>\n<!-- \/ Yoast SEO plugin. -->","yoast_head_json":{"title":"D\u00eda mundial sin Dietas: \u00bfpor qu\u00e9 se celebra el 6 de mayo? - Noticias Radio Reflejos","robots":{"index":"index","follow":"follow","max-snippet":"max-snippet:-1","max-image-preview":"max-image-preview:large","max-video-preview":"max-video-preview:-1"},"canonical":"https:\/\/www.noticiasradioreflejos.com.ar\/2021\/dia-mundial-sin-dietas-por-que-se-celebra-el-6-de-mayo\/","og_locale":"es_ES","og_type":"article","og_title":"D\u00eda mundial sin Dietas: \u00bfpor qu\u00e9 se celebra el 6 de mayo? - Noticias Radio Reflejos","og_description":"Un d\u00eda como hoy pero de 1992 Mary Evans Young dio voz a una causa urgente: alertar al mundo sobre las enfermedades provocadas por trastornos alimentarios.","og_url":"https:\/\/www.noticiasradioreflejos.com.ar\/2021\/dia-mundial-sin-dietas-por-que-se-celebra-el-6-de-mayo\/","og_site_name":"Noticias Radio Reflejos","article_published_time":"2025-05-06T10:21:20+00:00","og_image":[{"width":1200,"height":675,"url":"https:\/\/www.noticiasradioreflejos.com.ar\/2021\/wp-content\/uploads\/2025\/05\/Sin-dieta.jpg","type":"image\/jpeg"}],"author":"Arnaldo Botto","twitter_card":"summary_large_image","schema":{"@context":"https:\/\/schema.org","@graph":[{"@type":"WebPage","@id":"https:\/\/www.noticiasradioreflejos.com.ar\/2021\/dia-mundial-sin-dietas-por-que-se-celebra-el-6-de-mayo\/","url":"https:\/\/www.noticiasradioreflejos.com.ar\/2021\/dia-mundial-sin-dietas-por-que-se-celebra-el-6-de-mayo\/","name":"D\u00eda mundial sin Dietas: \u00bfpor qu\u00e9 se celebra el 6 de mayo? - Noticias Radio Reflejos","isPartOf":{"@id":"https:\/\/www.noticiasradioreflejos.com.ar\/2021\/#website"},"primaryImageOfPage":{"@id":"https:\/\/www.noticiasradioreflejos.com.ar\/2021\/dia-mundial-sin-dietas-por-que-se-celebra-el-6-de-mayo\/#primaryimage"},"image":{"@id":"https:\/\/www.noticiasradioreflejos.com.ar\/2021\/dia-mundial-sin-dietas-por-que-se-celebra-el-6-de-mayo\/#primaryimage"},"thumbnailUrl":"https:\/\/www.noticiasradioreflejos.com.ar\/2021\/wp-content\/uploads\/2025\/05\/Sin-dieta.jpg","datePublished":"2025-05-06T10:21:20+00:00","author":{"@id":"https:\/\/www.noticiasradioreflejos.com.ar\/2021\/#\/schema\/person\/ad82545263dcc5ec0996818884fd5fb1"},"breadcrumb":{"@id":"https:\/\/www.noticiasradioreflejos.com.ar\/2021\/dia-mundial-sin-dietas-por-que-se-celebra-el-6-de-mayo\/#breadcrumb"},"inLanguage":"es","potentialAction":[{"@type":"ReadAction","target":["https:\/\/www.noticiasradioreflejos.com.ar\/2021\/dia-mundial-sin-dietas-por-que-se-celebra-el-6-de-mayo\/"]}]},{"@type":"ImageObject","inLanguage":"es","@id":"https:\/\/www.noticiasradioreflejos.com.ar\/2021\/dia-mundial-sin-dietas-por-que-se-celebra-el-6-de-mayo\/#primaryimage","url":"https:\/\/www.noticiasradioreflejos.com.ar\/2021\/wp-content\/uploads\/2025\/05\/Sin-dieta.jpg","contentUrl":"https:\/\/www.noticiasradioreflejos.com.ar\/2021\/wp-content\/uploads\/2025\/05\/Sin-dieta.jpg","width":1200,"height":675},{"@type":"BreadcrumbList","@id":"https:\/\/www.noticiasradioreflejos.com.ar\/2021\/dia-mundial-sin-dietas-por-que-se-celebra-el-6-de-mayo\/#breadcrumb","itemListElement":[{"@type":"ListItem","position":1,"name":"Portada","item":"https:\/\/www.noticiasradioreflejos.com.ar\/2021\/"},{"@type":"ListItem","position":2,"name":"D\u00eda mundial sin Dietas: \u00bfpor qu\u00e9 se celebra el 6 de mayo?"}]},{"@type":"WebSite","@id":"https:\/\/www.noticiasradioreflejos.com.ar\/2021\/#website","url":"https:\/\/www.noticiasradioreflejos.com.ar\/2021\/","name":"Noticias Radio Reflejos","description":"Las noticias de mi comarca","potentialAction":[{"@type":"SearchAction","target":{"@type":"EntryPoint","urlTemplate":"https:\/\/www.noticiasradioreflejos.com.ar\/2021\/?s={search_term_string}"},"query-input":{"@type":"PropertyValueSpecification","valueRequired":true,"valueName":"search_term_string"}}],"inLanguage":"es"},{"@type":"Person","@id":"https:\/\/www.noticiasradioreflejos.com.ar\/2021\/#\/schema\/person\/ad82545263dcc5ec0996818884fd5fb1","name":"Arnaldo Botto","image":{"@type":"ImageObject","inLanguage":"es","@id":"https:\/\/www.noticiasradioreflejos.com.ar\/2021\/#\/schema\/person\/image\/","url":"https:\/\/secure.gravatar.com\/avatar\/55cb5e37c1efa326397366e6974cb338056df65cb50e7d64d1cf314e87504837?s=96&d=mm&r=g","contentUrl":"https:\/\/secure.gravatar.com\/avatar\/55cb5e37c1efa326397366e6974cb338056df65cb50e7d64d1cf314e87504837?s=96&d=mm&r=g","caption":"Arnaldo Botto"},"url":"https:\/\/www.noticiasradioreflejos.com.ar\/2021\/author\/arnaldo\/"}]}},"_links":{"self":[{"href":"https:\/\/www.noticiasradioreflejos.com.ar\/2021\/wp-json\/wp\/v2\/posts\/116131","targetHints":{"allow":["GET"]}}],"collection":[{"href":"https:\/\/www.noticiasradioreflejos.com.ar\/2021\/wp-json\/wp\/v2\/posts"}],"about":[{"href":"https:\/\/www.noticiasradioreflejos.com.ar\/2021\/wp-json\/wp\/v2\/types\/post"}],"author":[{"embeddable":true,"href":"https:\/\/www.noticiasradioreflejos.com.ar\/2021\/wp-json\/wp\/v2\/users\/3"}],"replies":[{"embeddable":true,"href":"https:\/\/www.noticiasradioreflejos.com.ar\/2021\/wp-json\/wp\/v2\/comments?post=116131"}],"version-history":[{"count":1,"href":"https:\/\/www.noticiasradioreflejos.com.ar\/2021\/wp-json\/wp\/v2\/posts\/116131\/revisions"}],"predecessor-version":[{"id":116133,"href":"https:\/\/www.noticiasradioreflejos.com.ar\/2021\/wp-json\/wp\/v2\/posts\/116131\/revisions\/116133"}],"wp:featuredmedia":[{"embeddable":true,"href":"https:\/\/www.noticiasradioreflejos.com.ar\/2021\/wp-json\/wp\/v2\/media\/116132"}],"wp:attachment":[{"href":"https:\/\/www.noticiasradioreflejos.com.ar\/2021\/wp-json\/wp\/v2\/media?parent=116131"}],"wp:term":[{"taxonomy":"category","embeddable":true,"href":"https:\/\/www.noticiasradioreflejos.com.ar\/2021\/wp-json\/wp\/v2\/categories?post=116131"},{"taxonomy":"post_tag","embeddable":true,"href":"https:\/\/www.noticiasradioreflejos.com.ar\/2021\/wp-json\/wp\/v2\/tags?post=116131"}],"curies":[{"name":"wp","href":"https:\/\/api.w.org\/{rel}","templated":true}]}}