{"id":116129,"date":"2025-05-06T07:14:40","date_gmt":"2025-05-06T10:14:40","guid":{"rendered":"https:\/\/www.noticiasradioreflejos.com.ar\/2021\/?p=116129"},"modified":"2025-05-06T07:14:40","modified_gmt":"2025-05-06T10:14:40","slug":"el-gobierno-califico-de-extorsivo-al-paro-de-la-uta","status":"publish","type":"post","link":"https:\/\/www.noticiasradioreflejos.com.ar\/2021\/el-gobierno-califico-de-extorsivo-al-paro-de-la-uta\/","title":{"rendered":"El Gobierno calific\u00f3 de \u201cextorsivo\u201d al paro de la UTA"},"content":{"rendered":"<p>A trav\u00e9s de un comunicado de la Secretar\u00eda de Transporte lanz\u00f3 fuertes cr\u00edticas a los tranviarios y advirti\u00f3 que habr\u00e1 sanciones.<!--more-->El Gobierno Nacional calific\u00f3 este lunes como \u201cparo extorsivo\u201d a la medida de fuerza decretada para este martes, por el t\u00e9rmino de 24 horas, de parte de la<strong>\u00a0Uni\u00f3n Tranviarios Automotor\u00a0<\/strong>(UTA) y se\u00f1al\u00f3 que\u00a0<strong>la decisi\u00f3n gremial \u201ctoma de rehenes\u201d a los pasajeros.<\/strong><\/p>\n<p>\u201cMa\u00f1ana martes 6 de mayo el gremio UTA (Uni\u00f3n Tranviarios Automotor)<strong>\u00a0decret\u00f3 un paro extorsivo por no haber recibido un aumento de sueldo del 40%<\/strong>, el cual supera ampliamente las pautas salariales de gobierno por lo que el gremio resolvi\u00f3 tomar de rehenes a los pasajeros y no prestar tareas luego de meses de negociaci\u00f3n\u201d, sostuvo la\u00a0<strong>Secretar\u00eda de Transporte<\/strong> mediante un comunicado difundido esta tarde.<\/p>\n<p>Asimismo, agreg\u00f3 que \u201cel gremio UTA rechaz\u00f3 el aumento ofrecido por las empresas luego de m\u00faltiples negociaciones en la Secretar\u00eda de Trabajo\u201d y detall\u00f3 que<strong> \u201cel paro afecta a las l\u00edneas de colectivo del AMBA, a las 103 l\u00edneas de jurisdicci\u00f3n nacional que circulan en el AMBA, a las 31 de CABA que circulan por la ciudad y a las 102 de Provincia de Buenos Aires\u201d.<\/strong><\/p>\n<p>Aclar\u00f3 que \u201chay l\u00edneas de colectivo que no acatar\u00e1n la medida del paro\u201d y detall\u00f3: \u201cEstas empresas son el grupo Metropol y Dota, a la vez que otras empresas lo est\u00e1n definiendo. Se espera que m\u00e1s del 50% de las empresas de transporte no acate el paro\u201d.<\/p>\n<p>Todos los d\u00edas circulan en el AMBA en colectivo m\u00e1s de 4,5 millones de personas, se hacen m\u00e1s de 9 millones de viajes en el \u00e1rea metropolitana de Buenos Aires y circulan por d\u00eda alrededor de 15 mil unidades.<\/p>\n<p>El Gobierno advirti\u00f3 adem\u00e1s que \u201c<strong>se fiscalizar\u00e1 que se cumpla con las prestaciones m\u00ednimas de servicio de colectivos el d\u00eda de ma\u00f1ana<\/strong>, por tratarse el transporte p\u00fablico de un servicio esencial\u201d y advirti\u00f3 que \u201cen caso que las l\u00edneas no presten el servicio de la manera correspondiente se intimar\u00e1 a las empresas a que aseguren el servicio m\u00ednimo (al 50% de capacidad) de manera regular\u201d.<\/p>\n<p>\u201cAsimismo, se iniciar\u00e1 el procedimiento previsto por la resoluci\u00f3n 212 que establece la facultad de descontarle el d\u00eda de subsidio a las l\u00edneas y evaluar la vigencia de permiso que habilita el servicio\u201d, cerr\u00f3.<\/p>\n<p>&nbsp;<\/p>\n<p><strong><em>MM con informaci\u00f3n de la agencia NA.<\/em><\/strong><\/p>\n","protected":false},"excerpt":{"rendered":"<p>A trav\u00e9s de un comunicado de la Secretar\u00eda de Transporte lanz\u00f3 fuertes cr\u00edticas a los tranviarios y advirti\u00f3 que habr\u00e1 sanciones.<\/p>\n","protected":false},"author":3,"featured_media":102354,"comment_status":"closed","ping_status":"closed","sticky":false,"template":"","format":"standard","meta":{"footnotes":""},"categories":[24],"tags":[],"class_list":["post-116129","post","type-post","status-publish","format-standard","has-post-thumbnail","hentry","category-politica"],"yoast_head":"<!-- This site is optimized with the Yoast SEO plugin v25.9 - https:\/\/yoast.com\/wordpress\/plugins\/seo\/ -->\n<title>El Gobierno calific\u00f3 de \u201cextorsivo\u201d al paro de la UTA - Noticias Radio Reflejos<\/title>\n<meta name=\"robots\" content=\"index, follow, max-snippet:-1, max-image-preview:large, max-video-preview:-1\" \/>\n<link rel=\"canonical\" href=\"https:\/\/www.noticiasradioreflejos.com.ar\/2021\/el-gobierno-califico-de-extorsivo-al-paro-de-la-uta\/\" \/>\n<meta property=\"og:locale\" content=\"es_ES\" \/>\n<meta property=\"og:type\" content=\"article\" \/>\n<meta property=\"og:title\" content=\"El Gobierno calific\u00f3 de \u201cextorsivo\u201d al paro de la UTA - Noticias Radio Reflejos\" \/>\n<meta property=\"og:description\" content=\"A trav\u00e9s de un comunicado de la Secretar\u00eda de Transporte lanz\u00f3 fuertes cr\u00edticas a los tranviarios y advirti\u00f3 que habr\u00e1 sanciones.\" \/>\n<meta property=\"og:url\" content=\"https:\/\/www.noticiasradioreflejos.com.ar\/2021\/el-gobierno-califico-de-extorsivo-al-paro-de-la-uta\/\" \/>\n<meta property=\"og:site_name\" content=\"Noticias Radio Reflejos\" \/>\n<meta property=\"article:published_time\" content=\"2025-05-06T10:14:40+00:00\" \/>\n<meta property=\"og:image\" content=\"https:\/\/www.noticiasradioreflejos.com.ar\/2021\/wp-content\/uploads\/2024\/05\/Paro-General.jpg\" \/>\n\t<meta property=\"og:image:width\" content=\"1440\" \/>\n\t<meta property=\"og:image:height\" content=\"810\" \/>\n\t<meta property=\"og:image:type\" content=\"image\/jpeg\" \/>\n<meta name=\"author\" content=\"Arnaldo Botto\" \/>\n<meta name=\"twitter:card\" content=\"summary_large_image\" \/>\n<script type=\"application\/ld+json\" class=\"yoast-schema-graph\">{\"@context\":\"https:\/\/schema.org\",\"@graph\":[{\"@type\":\"WebPage\",\"@id\":\"https:\/\/www.noticiasradioreflejos.com.ar\/2021\/el-gobierno-califico-de-extorsivo-al-paro-de-la-uta\/\",\"url\":\"https:\/\/www.noticiasradioreflejos.com.ar\/2021\/el-gobierno-califico-de-extorsivo-al-paro-de-la-uta\/\",\"name\":\"El Gobierno calific\u00f3 de \u201cextorsivo\u201d al paro de la UTA - Noticias Radio Reflejos\",\"isPartOf\":{\"@id\":\"https:\/\/www.noticiasradioreflejos.com.ar\/2021\/#website\"},\"primaryImageOfPage\":{\"@id\":\"https:\/\/www.noticiasradioreflejos.com.ar\/2021\/el-gobierno-califico-de-extorsivo-al-paro-de-la-uta\/#primaryimage\"},\"image\":{\"@id\":\"https:\/\/www.noticiasradioreflejos.com.ar\/2021\/el-gobierno-califico-de-extorsivo-al-paro-de-la-uta\/#primaryimage\"},\"thumbnailUrl\":\"https:\/\/www.noticiasradioreflejos.com.ar\/2021\/wp-content\/uploads\/2024\/05\/Paro-General.jpg\",\"datePublished\":\"2025-05-06T10:14:40+00:00\",\"author\":{\"@id\":\"https:\/\/www.noticiasradioreflejos.com.ar\/2021\/#\/schema\/person\/ad82545263dcc5ec0996818884fd5fb1\"},\"breadcrumb\":{\"@id\":\"https:\/\/www.noticiasradioreflejos.com.ar\/2021\/el-gobierno-califico-de-extorsivo-al-paro-de-la-uta\/#breadcrumb\"},\"inLanguage\":\"es\",\"potentialAction\":[{\"@type\":\"ReadAction\",\"target\":[\"https:\/\/www.noticiasradioreflejos.com.ar\/2021\/el-gobierno-califico-de-extorsivo-al-paro-de-la-uta\/\"]}]},{\"@type\":\"ImageObject\",\"inLanguage\":\"es\",\"@id\":\"https:\/\/www.noticiasradioreflejos.com.ar\/2021\/el-gobierno-califico-de-extorsivo-al-paro-de-la-uta\/#primaryimage\",\"url\":\"https:\/\/www.noticiasradioreflejos.com.ar\/2021\/wp-content\/uploads\/2024\/05\/Paro-General.jpg\",\"contentUrl\":\"https:\/\/www.noticiasradioreflejos.com.ar\/2021\/wp-content\/uploads\/2024\/05\/Paro-General.jpg\",\"width\":1440,\"height\":810},{\"@type\":\"BreadcrumbList\",\"@id\":\"https:\/\/www.noticiasradioreflejos.com.ar\/2021\/el-gobierno-califico-de-extorsivo-al-paro-de-la-uta\/#breadcrumb\",\"itemListElement\":[{\"@type\":\"ListItem\",\"position\":1,\"name\":\"Portada\",\"item\":\"https:\/\/www.noticiasradioreflejos.com.ar\/2021\/\"},{\"@type\":\"ListItem\",\"position\":2,\"name\":\"El Gobierno calific\u00f3 de \u201cextorsivo\u201d al paro de la UTA\"}]},{\"@type\":\"WebSite\",\"@id\":\"https:\/\/www.noticiasradioreflejos.com.ar\/2021\/#website\",\"url\":\"https:\/\/www.noticiasradioreflejos.com.ar\/2021\/\",\"name\":\"Noticias Radio Reflejos\",\"description\":\"Las noticias de mi comarca\",\"potentialAction\":[{\"@type\":\"SearchAction\",\"target\":{\"@type\":\"EntryPoint\",\"urlTemplate\":\"https:\/\/www.noticiasradioreflejos.com.ar\/2021\/?s={search_term_string}\"},\"query-input\":{\"@type\":\"PropertyValueSpecification\",\"valueRequired\":true,\"valueName\":\"search_term_string\"}}],\"inLanguage\":\"es\"},{\"@type\":\"Person\",\"@id\":\"https:\/\/www.noticiasradioreflejos.com.ar\/2021\/#\/schema\/person\/ad82545263dcc5ec0996818884fd5fb1\",\"name\":\"Arnaldo Botto\",\"image\":{\"@type\":\"ImageObject\",\"inLanguage\":\"es\",\"@id\":\"https:\/\/www.noticiasradioreflejos.com.ar\/2021\/#\/schema\/person\/image\/\",\"url\":\"https:\/\/secure.gravatar.com\/avatar\/55cb5e37c1efa326397366e6974cb338056df65cb50e7d64d1cf314e87504837?s=96&d=mm&r=g\",\"contentUrl\":\"https:\/\/secure.gravatar.com\/avatar\/55cb5e37c1efa326397366e6974cb338056df65cb50e7d64d1cf314e87504837?s=96&d=mm&r=g\",\"caption\":\"Arnaldo Botto\"},\"url\":\"https:\/\/www.noticiasradioreflejos.com.ar\/2021\/author\/arnaldo\/\"}]}<\/script>\n<!-- \/ Yoast SEO plugin. -->","yoast_head_json":{"title":"El Gobierno calific\u00f3 de \u201cextorsivo\u201d al paro de la UTA - Noticias Radio Reflejos","robots":{"index":"index","follow":"follow","max-snippet":"max-snippet:-1","max-image-preview":"max-image-preview:large","max-video-preview":"max-video-preview:-1"},"canonical":"https:\/\/www.noticiasradioreflejos.com.ar\/2021\/el-gobierno-califico-de-extorsivo-al-paro-de-la-uta\/","og_locale":"es_ES","og_type":"article","og_title":"El Gobierno calific\u00f3 de \u201cextorsivo\u201d al paro de la UTA - Noticias Radio Reflejos","og_description":"A trav\u00e9s de un comunicado de la Secretar\u00eda de Transporte lanz\u00f3 fuertes cr\u00edticas a los tranviarios y advirti\u00f3 que habr\u00e1 sanciones.","og_url":"https:\/\/www.noticiasradioreflejos.com.ar\/2021\/el-gobierno-califico-de-extorsivo-al-paro-de-la-uta\/","og_site_name":"Noticias Radio Reflejos","article_published_time":"2025-05-06T10:14:40+00:00","og_image":[{"width":1440,"height":810,"url":"https:\/\/www.noticiasradioreflejos.com.ar\/2021\/wp-content\/uploads\/2024\/05\/Paro-General.jpg","type":"image\/jpeg"}],"author":"Arnaldo Botto","twitter_card":"summary_large_image","schema":{"@context":"https:\/\/schema.org","@graph":[{"@type":"WebPage","@id":"https:\/\/www.noticiasradioreflejos.com.ar\/2021\/el-gobierno-califico-de-extorsivo-al-paro-de-la-uta\/","url":"https:\/\/www.noticiasradioreflejos.com.ar\/2021\/el-gobierno-califico-de-extorsivo-al-paro-de-la-uta\/","name":"El Gobierno calific\u00f3 de \u201cextorsivo\u201d al paro de la UTA - Noticias Radio Reflejos","isPartOf":{"@id":"https:\/\/www.noticiasradioreflejos.com.ar\/2021\/#website"},"primaryImageOfPage":{"@id":"https:\/\/www.noticiasradioreflejos.com.ar\/2021\/el-gobierno-califico-de-extorsivo-al-paro-de-la-uta\/#primaryimage"},"image":{"@id":"https:\/\/www.noticiasradioreflejos.com.ar\/2021\/el-gobierno-califico-de-extorsivo-al-paro-de-la-uta\/#primaryimage"},"thumbnailUrl":"https:\/\/www.noticiasradioreflejos.com.ar\/2021\/wp-content\/uploads\/2024\/05\/Paro-General.jpg","datePublished":"2025-05-06T10:14:40+00:00","author":{"@id":"https:\/\/www.noticiasradioreflejos.com.ar\/2021\/#\/schema\/person\/ad82545263dcc5ec0996818884fd5fb1"},"breadcrumb":{"@id":"https:\/\/www.noticiasradioreflejos.com.ar\/2021\/el-gobierno-califico-de-extorsivo-al-paro-de-la-uta\/#breadcrumb"},"inLanguage":"es","potentialAction":[{"@type":"ReadAction","target":["https:\/\/www.noticiasradioreflejos.com.ar\/2021\/el-gobierno-califico-de-extorsivo-al-paro-de-la-uta\/"]}]},{"@type":"ImageObject","inLanguage":"es","@id":"https:\/\/www.noticiasradioreflejos.com.ar\/2021\/el-gobierno-califico-de-extorsivo-al-paro-de-la-uta\/#primaryimage","url":"https:\/\/www.noticiasradioreflejos.com.ar\/2021\/wp-content\/uploads\/2024\/05\/Paro-General.jpg","contentUrl":"https:\/\/www.noticiasradioreflejos.com.ar\/2021\/wp-content\/uploads\/2024\/05\/Paro-General.jpg","width":1440,"height":810},{"@type":"BreadcrumbList","@id":"https:\/\/www.noticiasradioreflejos.com.ar\/2021\/el-gobierno-califico-de-extorsivo-al-paro-de-la-uta\/#breadcrumb","itemListElement":[{"@type":"ListItem","position":1,"name":"Portada","item":"https:\/\/www.noticiasradioreflejos.com.ar\/2021\/"},{"@type":"ListItem","position":2,"name":"El Gobierno calific\u00f3 de \u201cextorsivo\u201d al paro de la UTA"}]},{"@type":"WebSite","@id":"https:\/\/www.noticiasradioreflejos.com.ar\/2021\/#website","url":"https:\/\/www.noticiasradioreflejos.com.ar\/2021\/","name":"Noticias Radio Reflejos","description":"Las noticias de mi comarca","potentialAction":[{"@type":"SearchAction","target":{"@type":"EntryPoint","urlTemplate":"https:\/\/www.noticiasradioreflejos.com.ar\/2021\/?s={search_term_string}"},"query-input":{"@type":"PropertyValueSpecification","valueRequired":true,"valueName":"search_term_string"}}],"inLanguage":"es"},{"@type":"Person","@id":"https:\/\/www.noticiasradioreflejos.com.ar\/2021\/#\/schema\/person\/ad82545263dcc5ec0996818884fd5fb1","name":"Arnaldo Botto","image":{"@type":"ImageObject","inLanguage":"es","@id":"https:\/\/www.noticiasradioreflejos.com.ar\/2021\/#\/schema\/person\/image\/","url":"https:\/\/secure.gravatar.com\/avatar\/55cb5e37c1efa326397366e6974cb338056df65cb50e7d64d1cf314e87504837?s=96&d=mm&r=g","contentUrl":"https:\/\/secure.gravatar.com\/avatar\/55cb5e37c1efa326397366e6974cb338056df65cb50e7d64d1cf314e87504837?s=96&d=mm&r=g","caption":"Arnaldo Botto"},"url":"https:\/\/www.noticiasradioreflejos.com.ar\/2021\/author\/arnaldo\/"}]}},"_links":{"self":[{"href":"https:\/\/www.noticiasradioreflejos.com.ar\/2021\/wp-json\/wp\/v2\/posts\/116129","targetHints":{"allow":["GET"]}}],"collection":[{"href":"https:\/\/www.noticiasradioreflejos.com.ar\/2021\/wp-json\/wp\/v2\/posts"}],"about":[{"href":"https:\/\/www.noticiasradioreflejos.com.ar\/2021\/wp-json\/wp\/v2\/types\/post"}],"author":[{"embeddable":true,"href":"https:\/\/www.noticiasradioreflejos.com.ar\/2021\/wp-json\/wp\/v2\/users\/3"}],"replies":[{"embeddable":true,"href":"https:\/\/www.noticiasradioreflejos.com.ar\/2021\/wp-json\/wp\/v2\/comments?post=116129"}],"version-history":[{"count":1,"href":"https:\/\/www.noticiasradioreflejos.com.ar\/2021\/wp-json\/wp\/v2\/posts\/116129\/revisions"}],"predecessor-version":[{"id":116130,"href":"https:\/\/www.noticiasradioreflejos.com.ar\/2021\/wp-json\/wp\/v2\/posts\/116129\/revisions\/116130"}],"wp:featuredmedia":[{"embeddable":true,"href":"https:\/\/www.noticiasradioreflejos.com.ar\/2021\/wp-json\/wp\/v2\/media\/102354"}],"wp:attachment":[{"href":"https:\/\/www.noticiasradioreflejos.com.ar\/2021\/wp-json\/wp\/v2\/media?parent=116129"}],"wp:term":[{"taxonomy":"category","embeddable":true,"href":"https:\/\/www.noticiasradioreflejos.com.ar\/2021\/wp-json\/wp\/v2\/categories?post=116129"},{"taxonomy":"post_tag","embeddable":true,"href":"https:\/\/www.noticiasradioreflejos.com.ar\/2021\/wp-json\/wp\/v2\/tags?post=116129"}],"curies":[{"name":"wp","href":"https:\/\/api.w.org\/{rel}","templated":true}]}}