{"id":116124,"date":"2025-05-06T07:08:07","date_gmt":"2025-05-06T10:08:07","guid":{"rendered":"https:\/\/www.noticiasradioreflejos.com.ar\/2021\/?p=116124"},"modified":"2025-05-06T07:08:07","modified_gmt":"2025-05-06T10:08:07","slug":"el-paro-de-uta-afecta-tambien-a-la-comarca-serrana","status":"publish","type":"post","link":"https:\/\/www.noticiasradioreflejos.com.ar\/2021\/el-paro-de-uta-afecta-tambien-a-la-comarca-serrana\/","title":{"rendered":"El paro de UTA afecta tambi\u00e9n a la comarca serrana."},"content":{"rendered":"<div class=\"imagen-copete-container\">\n<p class=\"noticia__copete\"><strong>La empresa V\u00eda 51<\/strong> no circular\u00e1 durante este martes. El gremio y las c\u00e1maras empresarias se reunieron en la Secretar\u00eda de Trabajo y no hubo acuerdo. La medida de fuerza afectar\u00e1 a los servicios de todo el pa\u00eds.<\/p>\n<div class=\"noticia__imagen\">\n<div class=\"noticia__thumb\"><\/div>\n<\/div>\n<\/div>\n<p><!--more--><\/p>\n<div class=\"noticia-main-container\">\n<div class=\"noticia__rrss flex items-center gap-6\">El Gobierno se reuni\u00f3 con la Uni\u00f3n Tranviarios Automotor (UTA) y las c\u00e1maras de transporte para intentar desactivar el paro de colectivos, pero no hubo acuerdo, por lo que este martes no habr\u00e1 transporte p\u00fablico por 24 horas en todo el pa\u00eds, incluida Bah\u00eda Blanca.<\/div>\n<div class=\"noticia__desarrollo\">\n<p>\u201cEst\u00e1 totalmente ratificada la media de fuerza y aclaro que es a nivel nacional en todo el pa\u00eds\u201d, afirmaron a\u00a0TN\u00a0desde el gremio.<\/p>\n<p>El sector de los trabajadores<strong>\u00a0ped\u00eda elevar el salario b\u00e1sico de $1,2 millones a $1,7 millones,\u00a0<\/strong>pero los\u00a0<strong>empresarios\u00a0<\/strong>argumentaron que no pueden ofrecer mejoras si no se<strong>\u00a0actualizan los ingresos<\/strong>\u00a0para cubrir la estructura de costos.<\/p>\n<p>Tras el vencimiento de la conciliaci\u00f3n obligatoria, el 30 de abril, la UTA anunci\u00f3 una medida de fuerza para este martes por no haber alcanzado un acuerdo con las c\u00e1maras del sector.<\/p>\n<p>En la reuni\u00f3n paritaria de la semana pasada, el sector empresario ratific\u00f3 la propuesta del encuentro anterior:<\/p>\n<ul class=\"wp-block-list\">\n<li>Pago de una<strong>\u00a0gratificaci\u00f3n extraordinaria, por \u00fanica vez,<\/strong>\u00a0de car\u00e1cter no regular ni habitual, de\u00a0<strong>$40.000<\/strong>, a abonarse el 26 de mayo;\u00a0<strong>$50.000<\/strong>, el 16 de junio, y<strong>\u00a0$70.000<\/strong>, el 15 de julio.<\/li>\n<li>Un nuevo\u00a0<strong>salario b\u00e1sico<\/strong>\u00a0conformado, a partir del 1\u00b0 de julio, de\u00a0<strong>$1.270.000<\/strong>; e igual incremento proporcional para el rubro \u201cvi\u00e1ticos\u201d.<\/li>\n<\/ul>\n<p>Sin embargo, aclar\u00f3 que \u201cpara afrontar estos compromisos salariales, se requerir\u00e1 que las autoridades jurisdiccionales de transporte<strong>\u00a0actualicen la estructura de costos salariales y no salariales en forma completa y oportuna\u00a0<\/strong>contemplando las pautas salariales que se hubieren acordado y las dem\u00e1s variables no salariales con valores ajustados a la realidad del mercado y efect\u00faen los pagos correspondientes en tiempo y forma\u201d.<\/p>\n<p>\u201cLa falta de ofrecimiento de una mejora por parte de nuestra c\u00e1mara tiene su origen en la<strong>\u00a0negativa de las autoridades de transporte de dar garant\u00eda y certeza, con pautas concretas, sobre\u00a0<\/strong>la provisi\u00f3n en tiempo y forma de los\u00a0<strong>recursos\u00a0<\/strong>necesarios para afrontar los mayores costos emergentes de cualquier acuerdo al que pueda arribarse, poniendo de manifiesto que el sector se encuentra arrastrando una situaci\u00f3n de severo d\u00e9ficit de ingresos y descapitalizaci\u00f3n, circunstancia que ha sido reiteradamente planteada a las autoridades de toda las jurisdicciones\u201d, explicaron.<\/p>\n<p>Seg\u00fan los empresarios, el sector tiene un\u00a0<strong>40% de d\u00e9ficit en la estructura de costos<\/strong>, \u201ccon l\u00edneas de jurisdicci\u00f3n nacional con tarifas desactualizadas comparativamente con la provincia de Buenos Aires y CABA\u201d.<\/p>\n<\/div>\n<p><strong>Con info de Frente a Cano<\/strong><\/p>\n<div class=\"noticia__desarrollo\">\n<p>&nbsp;<\/p>\n<\/div>\n<\/div>\n","protected":false},"excerpt":{"rendered":"<p>La empresa V\u00eda 51 no circular\u00e1 durante este martes. El gremio y las c\u00e1maras empresarias se reunieron en la Secretar\u00eda de Trabajo y no hubo acuerdo. La medida de fuerza afectar\u00e1 a los servicios de todo el pa\u00eds.<\/p>\n","protected":false},"author":3,"featured_media":116127,"comment_status":"closed","ping_status":"closed","sticky":false,"template":"","format":"standard","meta":{"footnotes":""},"categories":[26],"tags":[48],"class_list":["post-116124","post","type-post","status-publish","format-standard","has-post-thumbnail","hentry","category-sociedad","tag-destacada"],"yoast_head":"<!-- This site is optimized with the Yoast SEO plugin v25.9 - https:\/\/yoast.com\/wordpress\/plugins\/seo\/ -->\n<title>El paro de UTA afecta tambi\u00e9n a la comarca serrana. - Noticias Radio Reflejos<\/title>\n<meta name=\"robots\" content=\"index, follow, max-snippet:-1, max-image-preview:large, max-video-preview:-1\" \/>\n<link rel=\"canonical\" href=\"https:\/\/www.noticiasradioreflejos.com.ar\/2021\/el-paro-de-uta-afecta-tambien-a-la-comarca-serrana\/\" \/>\n<meta property=\"og:locale\" content=\"es_ES\" \/>\n<meta property=\"og:type\" content=\"article\" \/>\n<meta property=\"og:title\" content=\"El paro de UTA afecta tambi\u00e9n a la comarca serrana. - Noticias Radio Reflejos\" \/>\n<meta property=\"og:description\" content=\"La empresa V\u00eda 51 no circular\u00e1 durante este martes. El gremio y las c\u00e1maras empresarias se reunieron en la Secretar\u00eda de Trabajo y no hubo acuerdo. La medida de fuerza afectar\u00e1 a los servicios de todo el pa\u00eds.\" \/>\n<meta property=\"og:url\" content=\"https:\/\/www.noticiasradioreflejos.com.ar\/2021\/el-paro-de-uta-afecta-tambien-a-la-comarca-serrana\/\" \/>\n<meta property=\"og:site_name\" content=\"Noticias Radio Reflejos\" \/>\n<meta property=\"article:published_time\" content=\"2025-05-06T10:08:07+00:00\" \/>\n<meta property=\"og:image\" content=\"https:\/\/www.noticiasradioreflejos.com.ar\/2021\/wp-content\/uploads\/2025\/05\/colectivo-vaciowebp.jpg\" \/>\n\t<meta property=\"og:image:width\" content=\"1000\" \/>\n\t<meta property=\"og:image:height\" content=\"662\" \/>\n\t<meta property=\"og:image:type\" content=\"image\/jpeg\" \/>\n<meta name=\"author\" content=\"Arnaldo Botto\" \/>\n<meta name=\"twitter:card\" content=\"summary_large_image\" \/>\n<script type=\"application\/ld+json\" class=\"yoast-schema-graph\">{\"@context\":\"https:\/\/schema.org\",\"@graph\":[{\"@type\":\"WebPage\",\"@id\":\"https:\/\/www.noticiasradioreflejos.com.ar\/2021\/el-paro-de-uta-afecta-tambien-a-la-comarca-serrana\/\",\"url\":\"https:\/\/www.noticiasradioreflejos.com.ar\/2021\/el-paro-de-uta-afecta-tambien-a-la-comarca-serrana\/\",\"name\":\"El paro de UTA afecta tambi\u00e9n a la comarca serrana. - Noticias Radio Reflejos\",\"isPartOf\":{\"@id\":\"https:\/\/www.noticiasradioreflejos.com.ar\/2021\/#website\"},\"primaryImageOfPage\":{\"@id\":\"https:\/\/www.noticiasradioreflejos.com.ar\/2021\/el-paro-de-uta-afecta-tambien-a-la-comarca-serrana\/#primaryimage\"},\"image\":{\"@id\":\"https:\/\/www.noticiasradioreflejos.com.ar\/2021\/el-paro-de-uta-afecta-tambien-a-la-comarca-serrana\/#primaryimage\"},\"thumbnailUrl\":\"https:\/\/www.noticiasradioreflejos.com.ar\/2021\/wp-content\/uploads\/2025\/05\/colectivo-vaciowebp.jpg\",\"datePublished\":\"2025-05-06T10:08:07+00:00\",\"author\":{\"@id\":\"https:\/\/www.noticiasradioreflejos.com.ar\/2021\/#\/schema\/person\/ad82545263dcc5ec0996818884fd5fb1\"},\"breadcrumb\":{\"@id\":\"https:\/\/www.noticiasradioreflejos.com.ar\/2021\/el-paro-de-uta-afecta-tambien-a-la-comarca-serrana\/#breadcrumb\"},\"inLanguage\":\"es\",\"potentialAction\":[{\"@type\":\"ReadAction\",\"target\":[\"https:\/\/www.noticiasradioreflejos.com.ar\/2021\/el-paro-de-uta-afecta-tambien-a-la-comarca-serrana\/\"]}]},{\"@type\":\"ImageObject\",\"inLanguage\":\"es\",\"@id\":\"https:\/\/www.noticiasradioreflejos.com.ar\/2021\/el-paro-de-uta-afecta-tambien-a-la-comarca-serrana\/#primaryimage\",\"url\":\"https:\/\/www.noticiasradioreflejos.com.ar\/2021\/wp-content\/uploads\/2025\/05\/colectivo-vaciowebp.jpg\",\"contentUrl\":\"https:\/\/www.noticiasradioreflejos.com.ar\/2021\/wp-content\/uploads\/2025\/05\/colectivo-vaciowebp.jpg\",\"width\":1000,\"height\":662},{\"@type\":\"BreadcrumbList\",\"@id\":\"https:\/\/www.noticiasradioreflejos.com.ar\/2021\/el-paro-de-uta-afecta-tambien-a-la-comarca-serrana\/#breadcrumb\",\"itemListElement\":[{\"@type\":\"ListItem\",\"position\":1,\"name\":\"Portada\",\"item\":\"https:\/\/www.noticiasradioreflejos.com.ar\/2021\/\"},{\"@type\":\"ListItem\",\"position\":2,\"name\":\"El paro de UTA afecta tambi\u00e9n a la comarca serrana.\"}]},{\"@type\":\"WebSite\",\"@id\":\"https:\/\/www.noticiasradioreflejos.com.ar\/2021\/#website\",\"url\":\"https:\/\/www.noticiasradioreflejos.com.ar\/2021\/\",\"name\":\"Noticias Radio Reflejos\",\"description\":\"Las noticias de mi comarca\",\"potentialAction\":[{\"@type\":\"SearchAction\",\"target\":{\"@type\":\"EntryPoint\",\"urlTemplate\":\"https:\/\/www.noticiasradioreflejos.com.ar\/2021\/?s={search_term_string}\"},\"query-input\":{\"@type\":\"PropertyValueSpecification\",\"valueRequired\":true,\"valueName\":\"search_term_string\"}}],\"inLanguage\":\"es\"},{\"@type\":\"Person\",\"@id\":\"https:\/\/www.noticiasradioreflejos.com.ar\/2021\/#\/schema\/person\/ad82545263dcc5ec0996818884fd5fb1\",\"name\":\"Arnaldo Botto\",\"image\":{\"@type\":\"ImageObject\",\"inLanguage\":\"es\",\"@id\":\"https:\/\/www.noticiasradioreflejos.com.ar\/2021\/#\/schema\/person\/image\/\",\"url\":\"https:\/\/secure.gravatar.com\/avatar\/55cb5e37c1efa326397366e6974cb338056df65cb50e7d64d1cf314e87504837?s=96&d=mm&r=g\",\"contentUrl\":\"https:\/\/secure.gravatar.com\/avatar\/55cb5e37c1efa326397366e6974cb338056df65cb50e7d64d1cf314e87504837?s=96&d=mm&r=g\",\"caption\":\"Arnaldo Botto\"},\"url\":\"https:\/\/www.noticiasradioreflejos.com.ar\/2021\/author\/arnaldo\/\"}]}<\/script>\n<!-- \/ Yoast SEO plugin. -->","yoast_head_json":{"title":"El paro de UTA afecta tambi\u00e9n a la comarca serrana. - Noticias Radio Reflejos","robots":{"index":"index","follow":"follow","max-snippet":"max-snippet:-1","max-image-preview":"max-image-preview:large","max-video-preview":"max-video-preview:-1"},"canonical":"https:\/\/www.noticiasradioreflejos.com.ar\/2021\/el-paro-de-uta-afecta-tambien-a-la-comarca-serrana\/","og_locale":"es_ES","og_type":"article","og_title":"El paro de UTA afecta tambi\u00e9n a la comarca serrana. - Noticias Radio Reflejos","og_description":"La empresa V\u00eda 51 no circular\u00e1 durante este martes. El gremio y las c\u00e1maras empresarias se reunieron en la Secretar\u00eda de Trabajo y no hubo acuerdo. La medida de fuerza afectar\u00e1 a los servicios de todo el pa\u00eds.","og_url":"https:\/\/www.noticiasradioreflejos.com.ar\/2021\/el-paro-de-uta-afecta-tambien-a-la-comarca-serrana\/","og_site_name":"Noticias Radio Reflejos","article_published_time":"2025-05-06T10:08:07+00:00","og_image":[{"width":1000,"height":662,"url":"https:\/\/www.noticiasradioreflejos.com.ar\/2021\/wp-content\/uploads\/2025\/05\/colectivo-vaciowebp.jpg","type":"image\/jpeg"}],"author":"Arnaldo Botto","twitter_card":"summary_large_image","schema":{"@context":"https:\/\/schema.org","@graph":[{"@type":"WebPage","@id":"https:\/\/www.noticiasradioreflejos.com.ar\/2021\/el-paro-de-uta-afecta-tambien-a-la-comarca-serrana\/","url":"https:\/\/www.noticiasradioreflejos.com.ar\/2021\/el-paro-de-uta-afecta-tambien-a-la-comarca-serrana\/","name":"El paro de UTA afecta tambi\u00e9n a la comarca serrana. - Noticias Radio Reflejos","isPartOf":{"@id":"https:\/\/www.noticiasradioreflejos.com.ar\/2021\/#website"},"primaryImageOfPage":{"@id":"https:\/\/www.noticiasradioreflejos.com.ar\/2021\/el-paro-de-uta-afecta-tambien-a-la-comarca-serrana\/#primaryimage"},"image":{"@id":"https:\/\/www.noticiasradioreflejos.com.ar\/2021\/el-paro-de-uta-afecta-tambien-a-la-comarca-serrana\/#primaryimage"},"thumbnailUrl":"https:\/\/www.noticiasradioreflejos.com.ar\/2021\/wp-content\/uploads\/2025\/05\/colectivo-vaciowebp.jpg","datePublished":"2025-05-06T10:08:07+00:00","author":{"@id":"https:\/\/www.noticiasradioreflejos.com.ar\/2021\/#\/schema\/person\/ad82545263dcc5ec0996818884fd5fb1"},"breadcrumb":{"@id":"https:\/\/www.noticiasradioreflejos.com.ar\/2021\/el-paro-de-uta-afecta-tambien-a-la-comarca-serrana\/#breadcrumb"},"inLanguage":"es","potentialAction":[{"@type":"ReadAction","target":["https:\/\/www.noticiasradioreflejos.com.ar\/2021\/el-paro-de-uta-afecta-tambien-a-la-comarca-serrana\/"]}]},{"@type":"ImageObject","inLanguage":"es","@id":"https:\/\/www.noticiasradioreflejos.com.ar\/2021\/el-paro-de-uta-afecta-tambien-a-la-comarca-serrana\/#primaryimage","url":"https:\/\/www.noticiasradioreflejos.com.ar\/2021\/wp-content\/uploads\/2025\/05\/colectivo-vaciowebp.jpg","contentUrl":"https:\/\/www.noticiasradioreflejos.com.ar\/2021\/wp-content\/uploads\/2025\/05\/colectivo-vaciowebp.jpg","width":1000,"height":662},{"@type":"BreadcrumbList","@id":"https:\/\/www.noticiasradioreflejos.com.ar\/2021\/el-paro-de-uta-afecta-tambien-a-la-comarca-serrana\/#breadcrumb","itemListElement":[{"@type":"ListItem","position":1,"name":"Portada","item":"https:\/\/www.noticiasradioreflejos.com.ar\/2021\/"},{"@type":"ListItem","position":2,"name":"El paro de UTA afecta tambi\u00e9n a la comarca serrana."}]},{"@type":"WebSite","@id":"https:\/\/www.noticiasradioreflejos.com.ar\/2021\/#website","url":"https:\/\/www.noticiasradioreflejos.com.ar\/2021\/","name":"Noticias Radio Reflejos","description":"Las noticias de mi comarca","potentialAction":[{"@type":"SearchAction","target":{"@type":"EntryPoint","urlTemplate":"https:\/\/www.noticiasradioreflejos.com.ar\/2021\/?s={search_term_string}"},"query-input":{"@type":"PropertyValueSpecification","valueRequired":true,"valueName":"search_term_string"}}],"inLanguage":"es"},{"@type":"Person","@id":"https:\/\/www.noticiasradioreflejos.com.ar\/2021\/#\/schema\/person\/ad82545263dcc5ec0996818884fd5fb1","name":"Arnaldo Botto","image":{"@type":"ImageObject","inLanguage":"es","@id":"https:\/\/www.noticiasradioreflejos.com.ar\/2021\/#\/schema\/person\/image\/","url":"https:\/\/secure.gravatar.com\/avatar\/55cb5e37c1efa326397366e6974cb338056df65cb50e7d64d1cf314e87504837?s=96&d=mm&r=g","contentUrl":"https:\/\/secure.gravatar.com\/avatar\/55cb5e37c1efa326397366e6974cb338056df65cb50e7d64d1cf314e87504837?s=96&d=mm&r=g","caption":"Arnaldo Botto"},"url":"https:\/\/www.noticiasradioreflejos.com.ar\/2021\/author\/arnaldo\/"}]}},"_links":{"self":[{"href":"https:\/\/www.noticiasradioreflejos.com.ar\/2021\/wp-json\/wp\/v2\/posts\/116124","targetHints":{"allow":["GET"]}}],"collection":[{"href":"https:\/\/www.noticiasradioreflejos.com.ar\/2021\/wp-json\/wp\/v2\/posts"}],"about":[{"href":"https:\/\/www.noticiasradioreflejos.com.ar\/2021\/wp-json\/wp\/v2\/types\/post"}],"author":[{"embeddable":true,"href":"https:\/\/www.noticiasradioreflejos.com.ar\/2021\/wp-json\/wp\/v2\/users\/3"}],"replies":[{"embeddable":true,"href":"https:\/\/www.noticiasradioreflejos.com.ar\/2021\/wp-json\/wp\/v2\/comments?post=116124"}],"version-history":[{"count":1,"href":"https:\/\/www.noticiasradioreflejos.com.ar\/2021\/wp-json\/wp\/v2\/posts\/116124\/revisions"}],"predecessor-version":[{"id":116128,"href":"https:\/\/www.noticiasradioreflejos.com.ar\/2021\/wp-json\/wp\/v2\/posts\/116124\/revisions\/116128"}],"wp:featuredmedia":[{"embeddable":true,"href":"https:\/\/www.noticiasradioreflejos.com.ar\/2021\/wp-json\/wp\/v2\/media\/116127"}],"wp:attachment":[{"href":"https:\/\/www.noticiasradioreflejos.com.ar\/2021\/wp-json\/wp\/v2\/media?parent=116124"}],"wp:term":[{"taxonomy":"category","embeddable":true,"href":"https:\/\/www.noticiasradioreflejos.com.ar\/2021\/wp-json\/wp\/v2\/categories?post=116124"},{"taxonomy":"post_tag","embeddable":true,"href":"https:\/\/www.noticiasradioreflejos.com.ar\/2021\/wp-json\/wp\/v2\/tags?post=116124"}],"curies":[{"name":"wp","href":"https:\/\/api.w.org\/{rel}","templated":true}]}}