{"id":116111,"date":"2025-05-05T17:42:04","date_gmt":"2025-05-05T20:42:04","guid":{"rendered":"https:\/\/www.noticiasradioreflejos.com.ar\/2021\/?p=116111"},"modified":"2025-05-06T10:55:44","modified_gmt":"2025-05-06T13:55:44","slug":"sergio-bordoni-por-ahora-no-vamos-a-recortar-nada-le-daremos-prioridad-a-salud-y-a-educacion","status":"publish","type":"post","link":"https:\/\/www.noticiasradioreflejos.com.ar\/2021\/sergio-bordoni-por-ahora-no-vamos-a-recortar-nada-le-daremos-prioridad-a-salud-y-a-educacion\/","title":{"rendered":"Sergio Bordoni: \u201cPor ahora no vamos a recortar nada. Le daremos prioridad a salud y a educaci\u00f3n"},"content":{"rendered":"<p>Luego de la noticia de la baja en la Coparticipaci\u00f3n entre la Naci\u00f3n y las Provincias, esta ma\u00f1ana conversamos con Sergio Bordoni, Intendente de Tornquist, para que nos cuente c\u00f3mo esto repercute en el Municipio.<!--more--><\/p>\n<p><strong>Balance del fin de semana largo<\/strong><\/p>\n<p>\u201cEstos fines de semana largo que nos han tocado, han acompa\u00f1ado mucho al turismo. Bienvenido sean para la Comarca\u201d menciona Bordoni al comenzar la nota, haciendo balance por el fin de semana largo por el D\u00eda de los Trabajadores.<\/p>\n<p>&nbsp;<\/p>\n<p><strong>Baja en la Coparticipaci\u00f3n\u00a0<\/strong><\/p>\n<p>En cuanto al recorte y baja de coparticipaci\u00f3n, Sergio comenta: \u201cA nosotros nos signific\u00f3 una baja de 300 millones de pesos la baja de la Coparticipaci\u00f3n\u201d. El Intendente menciona que por el momento no se tomar\u00e1n medidas extremas, como el congelamiento de salarios, por el momento. \u201cEsto era cr\u00f3nica de una muerte anunciada\u201d.<\/p>\n<p>\u201cPuede ser por la recaudaci\u00f3n pero tambi\u00e9n es cierto que la Naci\u00f3n deja de enviar dinero que corresponde por la Ley de Coparticipaci\u00f3n\u201d explica las razones de las bajas de ingresos por la Naci\u00f3n.<\/p>\n<p>\u201cPor ahora no vamos a recortar nada. Vamos a reunirnos con el gabinete para s\u00f3lo hacer gastos necesarios. Tal vez tengamos que empezar a recortarnos, pero por el momento le daremos prioridad a salud y a educaci\u00f3n\u201d explica cu\u00e1les ser\u00e1n las estrategias para que el Municipio no sienta tanto esta baja de ingresos. Con respecto al pago de los aguinaldos, el Intendente menciona que el dinero de los mismos ya estar\u00eda reservado.<\/p>\n<p>&nbsp;<\/p>\n<p><strong>El cambio que se viene en Saldungaray<\/strong><\/p>\n<p>\u00abDaniel Etcheber va a ser el nuevo delegado de Saldungaray\u00bb anunci\u00f3 el Intendente, haciendo referencia a la salida de Rohlmann de su puesto. \u00abHace un tiempito \u00e9l quer\u00eda mejorar sus n\u00fameros, pero no podemos lamentablemente. Los sueldos que tenemos se basan por Estatuto Municipal, y \u00e9l necesitaba abocarse m\u00e1s de lleno para mejorar la parte econ\u00f3mica que a todos nos est\u00e1 afectando. Agradecido al trabajo que hizo \u00abTiyo\u00bb en la Delegaci\u00f3n\u00bb.<\/p>\n<p>&nbsp;<\/p>\n<p><iframe loading=\"lazy\" src=\"https:\/\/w.soundcloud.com\/player\/?url=https%3A\/\/api.soundcloud.com\/tracks\/2090430927&amp;color=%23ff5500&amp;auto_play=false&amp;hide_related=false&amp;show_comments=true&amp;show_user=true&amp;show_reposts=false&amp;show_teaser=true\" width=\"100%\" height=\"166\" frameborder=\"no\" scrolling=\"no\"><\/iframe><\/p>\n<div style=\"font-size: 10px; color: #cccccc; line-break: anywhere; word-break: normal; overflow: hidden; white-space: nowrap; text-overflow: ellipsis; font-family: Interstate,Lucida Grande,Lucida Sans Unicode,Lucida Sans,Garuda,Verdana,Tahoma,sans-serif; font-weight: 100;\"><a style=\"color: #cccccc; text-decoration: none;\" title=\"fmreflejos 103.7\" href=\"https:\/\/soundcloud.com\/fmreflejos-103-7\" target=\"_blank\" rel=\"noopener\">fmreflejos 103.7<\/a> \u00b7 <a style=\"color: #cccccc; text-decoration: none;\" title=\"Sergio Bordoni 05-05\" href=\"https:\/\/soundcloud.com\/fmreflejos-103-7\/sergio-bordoni-05-05\" target=\"_blank\" rel=\"noopener\">Sergio Bordoni 05-05<\/a><\/div>\n","protected":false},"excerpt":{"rendered":"<p>Luego de la noticia de la baja en la Coparticipaci\u00f3n entre la Naci\u00f3n y las Provincias, esta ma\u00f1ana conversamos con Sergio Bordoni, Intendente de Tornquist, para que nos cuente c\u00f3mo esto repercute en el Municipio.<\/p>\n","protected":false},"author":3,"featured_media":111090,"comment_status":"closed","ping_status":"closed","sticky":false,"template":"","format":"standard","meta":{"footnotes":""},"categories":[28],"tags":[48],"class_list":["post-116111","post","type-post","status-publish","format-standard","has-post-thumbnail","hentry","category-municipales","tag-destacada"],"yoast_head":"<!-- This site is optimized with the Yoast SEO plugin v25.9 - https:\/\/yoast.com\/wordpress\/plugins\/seo\/ -->\n<title>Sergio Bordoni: \u201cPor ahora no vamos a recortar nada. Le daremos prioridad a salud y a educaci\u00f3n - Noticias Radio Reflejos<\/title>\n<meta name=\"robots\" content=\"index, follow, max-snippet:-1, max-image-preview:large, max-video-preview:-1\" \/>\n<link rel=\"canonical\" href=\"https:\/\/www.noticiasradioreflejos.com.ar\/2021\/sergio-bordoni-por-ahora-no-vamos-a-recortar-nada-le-daremos-prioridad-a-salud-y-a-educacion\/\" \/>\n<meta property=\"og:locale\" content=\"es_ES\" \/>\n<meta property=\"og:type\" content=\"article\" \/>\n<meta property=\"og:title\" content=\"Sergio Bordoni: \u201cPor ahora no vamos a recortar nada. Le daremos prioridad a salud y a educaci\u00f3n - Noticias Radio Reflejos\" \/>\n<meta property=\"og:description\" content=\"Luego de la noticia de la baja en la Coparticipaci\u00f3n entre la Naci\u00f3n y las Provincias, esta ma\u00f1ana conversamos con Sergio Bordoni, Intendente de Tornquist, para que nos cuente c\u00f3mo esto repercute en el Municipio.\" \/>\n<meta property=\"og:url\" content=\"https:\/\/www.noticiasradioreflejos.com.ar\/2021\/sergio-bordoni-por-ahora-no-vamos-a-recortar-nada-le-daremos-prioridad-a-salud-y-a-educacion\/\" \/>\n<meta property=\"og:site_name\" content=\"Noticias Radio Reflejos\" \/>\n<meta property=\"article:published_time\" content=\"2025-05-05T20:42:04+00:00\" \/>\n<meta property=\"article:modified_time\" content=\"2025-05-06T13:55:44+00:00\" \/>\n<meta property=\"og:image\" content=\"https:\/\/www.noticiasradioreflejos.com.ar\/2021\/wp-content\/uploads\/2024\/12\/Sergio-bordoni-1.jpg\" \/>\n\t<meta property=\"og:image:width\" content=\"932\" \/>\n\t<meta property=\"og:image:height\" content=\"612\" \/>\n\t<meta property=\"og:image:type\" content=\"image\/jpeg\" \/>\n<meta name=\"author\" content=\"Arnaldo Botto\" \/>\n<meta name=\"twitter:card\" content=\"summary_large_image\" \/>\n<script type=\"application\/ld+json\" class=\"yoast-schema-graph\">{\"@context\":\"https:\/\/schema.org\",\"@graph\":[{\"@type\":\"WebPage\",\"@id\":\"https:\/\/www.noticiasradioreflejos.com.ar\/2021\/sergio-bordoni-por-ahora-no-vamos-a-recortar-nada-le-daremos-prioridad-a-salud-y-a-educacion\/\",\"url\":\"https:\/\/www.noticiasradioreflejos.com.ar\/2021\/sergio-bordoni-por-ahora-no-vamos-a-recortar-nada-le-daremos-prioridad-a-salud-y-a-educacion\/\",\"name\":\"Sergio Bordoni: \u201cPor ahora no vamos a recortar nada. Le daremos prioridad a salud y a educaci\u00f3n - Noticias Radio Reflejos\",\"isPartOf\":{\"@id\":\"https:\/\/www.noticiasradioreflejos.com.ar\/2021\/#website\"},\"primaryImageOfPage\":{\"@id\":\"https:\/\/www.noticiasradioreflejos.com.ar\/2021\/sergio-bordoni-por-ahora-no-vamos-a-recortar-nada-le-daremos-prioridad-a-salud-y-a-educacion\/#primaryimage\"},\"image\":{\"@id\":\"https:\/\/www.noticiasradioreflejos.com.ar\/2021\/sergio-bordoni-por-ahora-no-vamos-a-recortar-nada-le-daremos-prioridad-a-salud-y-a-educacion\/#primaryimage\"},\"thumbnailUrl\":\"https:\/\/www.noticiasradioreflejos.com.ar\/2021\/wp-content\/uploads\/2024\/12\/Sergio-bordoni-1.jpg\",\"datePublished\":\"2025-05-05T20:42:04+00:00\",\"dateModified\":\"2025-05-06T13:55:44+00:00\",\"author\":{\"@id\":\"https:\/\/www.noticiasradioreflejos.com.ar\/2021\/#\/schema\/person\/ad82545263dcc5ec0996818884fd5fb1\"},\"breadcrumb\":{\"@id\":\"https:\/\/www.noticiasradioreflejos.com.ar\/2021\/sergio-bordoni-por-ahora-no-vamos-a-recortar-nada-le-daremos-prioridad-a-salud-y-a-educacion\/#breadcrumb\"},\"inLanguage\":\"es\",\"potentialAction\":[{\"@type\":\"ReadAction\",\"target\":[\"https:\/\/www.noticiasradioreflejos.com.ar\/2021\/sergio-bordoni-por-ahora-no-vamos-a-recortar-nada-le-daremos-prioridad-a-salud-y-a-educacion\/\"]}]},{\"@type\":\"ImageObject\",\"inLanguage\":\"es\",\"@id\":\"https:\/\/www.noticiasradioreflejos.com.ar\/2021\/sergio-bordoni-por-ahora-no-vamos-a-recortar-nada-le-daremos-prioridad-a-salud-y-a-educacion\/#primaryimage\",\"url\":\"https:\/\/www.noticiasradioreflejos.com.ar\/2021\/wp-content\/uploads\/2024\/12\/Sergio-bordoni-1.jpg\",\"contentUrl\":\"https:\/\/www.noticiasradioreflejos.com.ar\/2021\/wp-content\/uploads\/2024\/12\/Sergio-bordoni-1.jpg\",\"width\":932,\"height\":612},{\"@type\":\"BreadcrumbList\",\"@id\":\"https:\/\/www.noticiasradioreflejos.com.ar\/2021\/sergio-bordoni-por-ahora-no-vamos-a-recortar-nada-le-daremos-prioridad-a-salud-y-a-educacion\/#breadcrumb\",\"itemListElement\":[{\"@type\":\"ListItem\",\"position\":1,\"name\":\"Portada\",\"item\":\"https:\/\/www.noticiasradioreflejos.com.ar\/2021\/\"},{\"@type\":\"ListItem\",\"position\":2,\"name\":\"Sergio Bordoni: \u201cPor ahora no vamos a recortar nada. Le daremos prioridad a salud y a educaci\u00f3n\"}]},{\"@type\":\"WebSite\",\"@id\":\"https:\/\/www.noticiasradioreflejos.com.ar\/2021\/#website\",\"url\":\"https:\/\/www.noticiasradioreflejos.com.ar\/2021\/\",\"name\":\"Noticias Radio Reflejos\",\"description\":\"Las noticias de mi comarca\",\"potentialAction\":[{\"@type\":\"SearchAction\",\"target\":{\"@type\":\"EntryPoint\",\"urlTemplate\":\"https:\/\/www.noticiasradioreflejos.com.ar\/2021\/?s={search_term_string}\"},\"query-input\":{\"@type\":\"PropertyValueSpecification\",\"valueRequired\":true,\"valueName\":\"search_term_string\"}}],\"inLanguage\":\"es\"},{\"@type\":\"Person\",\"@id\":\"https:\/\/www.noticiasradioreflejos.com.ar\/2021\/#\/schema\/person\/ad82545263dcc5ec0996818884fd5fb1\",\"name\":\"Arnaldo Botto\",\"image\":{\"@type\":\"ImageObject\",\"inLanguage\":\"es\",\"@id\":\"https:\/\/www.noticiasradioreflejos.com.ar\/2021\/#\/schema\/person\/image\/\",\"url\":\"https:\/\/secure.gravatar.com\/avatar\/55cb5e37c1efa326397366e6974cb338056df65cb50e7d64d1cf314e87504837?s=96&d=mm&r=g\",\"contentUrl\":\"https:\/\/secure.gravatar.com\/avatar\/55cb5e37c1efa326397366e6974cb338056df65cb50e7d64d1cf314e87504837?s=96&d=mm&r=g\",\"caption\":\"Arnaldo Botto\"},\"url\":\"https:\/\/www.noticiasradioreflejos.com.ar\/2021\/author\/arnaldo\/\"}]}<\/script>\n<!-- \/ Yoast SEO plugin. -->","yoast_head_json":{"title":"Sergio Bordoni: \u201cPor ahora no vamos a recortar nada. Le daremos prioridad a salud y a educaci\u00f3n - Noticias Radio Reflejos","robots":{"index":"index","follow":"follow","max-snippet":"max-snippet:-1","max-image-preview":"max-image-preview:large","max-video-preview":"max-video-preview:-1"},"canonical":"https:\/\/www.noticiasradioreflejos.com.ar\/2021\/sergio-bordoni-por-ahora-no-vamos-a-recortar-nada-le-daremos-prioridad-a-salud-y-a-educacion\/","og_locale":"es_ES","og_type":"article","og_title":"Sergio Bordoni: \u201cPor ahora no vamos a recortar nada. Le daremos prioridad a salud y a educaci\u00f3n - Noticias Radio Reflejos","og_description":"Luego de la noticia de la baja en la Coparticipaci\u00f3n entre la Naci\u00f3n y las Provincias, esta ma\u00f1ana conversamos con Sergio Bordoni, Intendente de Tornquist, para que nos cuente c\u00f3mo esto repercute en el Municipio.","og_url":"https:\/\/www.noticiasradioreflejos.com.ar\/2021\/sergio-bordoni-por-ahora-no-vamos-a-recortar-nada-le-daremos-prioridad-a-salud-y-a-educacion\/","og_site_name":"Noticias Radio Reflejos","article_published_time":"2025-05-05T20:42:04+00:00","article_modified_time":"2025-05-06T13:55:44+00:00","og_image":[{"width":932,"height":612,"url":"https:\/\/www.noticiasradioreflejos.com.ar\/2021\/wp-content\/uploads\/2024\/12\/Sergio-bordoni-1.jpg","type":"image\/jpeg"}],"author":"Arnaldo Botto","twitter_card":"summary_large_image","schema":{"@context":"https:\/\/schema.org","@graph":[{"@type":"WebPage","@id":"https:\/\/www.noticiasradioreflejos.com.ar\/2021\/sergio-bordoni-por-ahora-no-vamos-a-recortar-nada-le-daremos-prioridad-a-salud-y-a-educacion\/","url":"https:\/\/www.noticiasradioreflejos.com.ar\/2021\/sergio-bordoni-por-ahora-no-vamos-a-recortar-nada-le-daremos-prioridad-a-salud-y-a-educacion\/","name":"Sergio Bordoni: \u201cPor ahora no vamos a recortar nada. Le daremos prioridad a salud y a educaci\u00f3n - Noticias Radio Reflejos","isPartOf":{"@id":"https:\/\/www.noticiasradioreflejos.com.ar\/2021\/#website"},"primaryImageOfPage":{"@id":"https:\/\/www.noticiasradioreflejos.com.ar\/2021\/sergio-bordoni-por-ahora-no-vamos-a-recortar-nada-le-daremos-prioridad-a-salud-y-a-educacion\/#primaryimage"},"image":{"@id":"https:\/\/www.noticiasradioreflejos.com.ar\/2021\/sergio-bordoni-por-ahora-no-vamos-a-recortar-nada-le-daremos-prioridad-a-salud-y-a-educacion\/#primaryimage"},"thumbnailUrl":"https:\/\/www.noticiasradioreflejos.com.ar\/2021\/wp-content\/uploads\/2024\/12\/Sergio-bordoni-1.jpg","datePublished":"2025-05-05T20:42:04+00:00","dateModified":"2025-05-06T13:55:44+00:00","author":{"@id":"https:\/\/www.noticiasradioreflejos.com.ar\/2021\/#\/schema\/person\/ad82545263dcc5ec0996818884fd5fb1"},"breadcrumb":{"@id":"https:\/\/www.noticiasradioreflejos.com.ar\/2021\/sergio-bordoni-por-ahora-no-vamos-a-recortar-nada-le-daremos-prioridad-a-salud-y-a-educacion\/#breadcrumb"},"inLanguage":"es","potentialAction":[{"@type":"ReadAction","target":["https:\/\/www.noticiasradioreflejos.com.ar\/2021\/sergio-bordoni-por-ahora-no-vamos-a-recortar-nada-le-daremos-prioridad-a-salud-y-a-educacion\/"]}]},{"@type":"ImageObject","inLanguage":"es","@id":"https:\/\/www.noticiasradioreflejos.com.ar\/2021\/sergio-bordoni-por-ahora-no-vamos-a-recortar-nada-le-daremos-prioridad-a-salud-y-a-educacion\/#primaryimage","url":"https:\/\/www.noticiasradioreflejos.com.ar\/2021\/wp-content\/uploads\/2024\/12\/Sergio-bordoni-1.jpg","contentUrl":"https:\/\/www.noticiasradioreflejos.com.ar\/2021\/wp-content\/uploads\/2024\/12\/Sergio-bordoni-1.jpg","width":932,"height":612},{"@type":"BreadcrumbList","@id":"https:\/\/www.noticiasradioreflejos.com.ar\/2021\/sergio-bordoni-por-ahora-no-vamos-a-recortar-nada-le-daremos-prioridad-a-salud-y-a-educacion\/#breadcrumb","itemListElement":[{"@type":"ListItem","position":1,"name":"Portada","item":"https:\/\/www.noticiasradioreflejos.com.ar\/2021\/"},{"@type":"ListItem","position":2,"name":"Sergio Bordoni: \u201cPor ahora no vamos a recortar nada. Le daremos prioridad a salud y a educaci\u00f3n"}]},{"@type":"WebSite","@id":"https:\/\/www.noticiasradioreflejos.com.ar\/2021\/#website","url":"https:\/\/www.noticiasradioreflejos.com.ar\/2021\/","name":"Noticias Radio Reflejos","description":"Las noticias de mi comarca","potentialAction":[{"@type":"SearchAction","target":{"@type":"EntryPoint","urlTemplate":"https:\/\/www.noticiasradioreflejos.com.ar\/2021\/?s={search_term_string}"},"query-input":{"@type":"PropertyValueSpecification","valueRequired":true,"valueName":"search_term_string"}}],"inLanguage":"es"},{"@type":"Person","@id":"https:\/\/www.noticiasradioreflejos.com.ar\/2021\/#\/schema\/person\/ad82545263dcc5ec0996818884fd5fb1","name":"Arnaldo Botto","image":{"@type":"ImageObject","inLanguage":"es","@id":"https:\/\/www.noticiasradioreflejos.com.ar\/2021\/#\/schema\/person\/image\/","url":"https:\/\/secure.gravatar.com\/avatar\/55cb5e37c1efa326397366e6974cb338056df65cb50e7d64d1cf314e87504837?s=96&d=mm&r=g","contentUrl":"https:\/\/secure.gravatar.com\/avatar\/55cb5e37c1efa326397366e6974cb338056df65cb50e7d64d1cf314e87504837?s=96&d=mm&r=g","caption":"Arnaldo Botto"},"url":"https:\/\/www.noticiasradioreflejos.com.ar\/2021\/author\/arnaldo\/"}]}},"_links":{"self":[{"href":"https:\/\/www.noticiasradioreflejos.com.ar\/2021\/wp-json\/wp\/v2\/posts\/116111","targetHints":{"allow":["GET"]}}],"collection":[{"href":"https:\/\/www.noticiasradioreflejos.com.ar\/2021\/wp-json\/wp\/v2\/posts"}],"about":[{"href":"https:\/\/www.noticiasradioreflejos.com.ar\/2021\/wp-json\/wp\/v2\/types\/post"}],"author":[{"embeddable":true,"href":"https:\/\/www.noticiasradioreflejos.com.ar\/2021\/wp-json\/wp\/v2\/users\/3"}],"replies":[{"embeddable":true,"href":"https:\/\/www.noticiasradioreflejos.com.ar\/2021\/wp-json\/wp\/v2\/comments?post=116111"}],"version-history":[{"count":5,"href":"https:\/\/www.noticiasradioreflejos.com.ar\/2021\/wp-json\/wp\/v2\/posts\/116111\/revisions"}],"predecessor-version":[{"id":116122,"href":"https:\/\/www.noticiasradioreflejos.com.ar\/2021\/wp-json\/wp\/v2\/posts\/116111\/revisions\/116122"}],"wp:featuredmedia":[{"embeddable":true,"href":"https:\/\/www.noticiasradioreflejos.com.ar\/2021\/wp-json\/wp\/v2\/media\/111090"}],"wp:attachment":[{"href":"https:\/\/www.noticiasradioreflejos.com.ar\/2021\/wp-json\/wp\/v2\/media?parent=116111"}],"wp:term":[{"taxonomy":"category","embeddable":true,"href":"https:\/\/www.noticiasradioreflejos.com.ar\/2021\/wp-json\/wp\/v2\/categories?post=116111"},{"taxonomy":"post_tag","embeddable":true,"href":"https:\/\/www.noticiasradioreflejos.com.ar\/2021\/wp-json\/wp\/v2\/tags?post=116111"}],"curies":[{"name":"wp","href":"https:\/\/api.w.org\/{rel}","templated":true}]}}