{"id":11605,"date":"2017-06-25T10:54:16","date_gmt":"2017-06-25T13:54:16","guid":{"rendered":"http:\/\/www.noticiasradioreflejos.com.ar\/noticias\/?p=11605"},"modified":"2017-06-25T10:54:16","modified_gmt":"2017-06-25T13:54:16","slug":"en-tornquist-habra-5-listas-con-precandidatos-a-concejales-para-las-paso","status":"publish","type":"post","link":"https:\/\/www.noticiasradioreflejos.com.ar\/2021\/en-tornquist-habra-5-listas-con-precandidatos-a-concejales-para-las-paso\/","title":{"rendered":"En Tornquist, habr\u00e1 5 listas con precandidatos a concejales para las PASO.."},"content":{"rendered":"<p>Los partidos pol\u00edticos cerraron anoche sus listas de precandidatos para concejales y para los diputados de la Sexta Secci\u00f3n electoral de la Provincia de cara a las PASO del 13 de agosto.<br \/>\nLos espacios ten\u00edan tiempo hasta las 23:59 para presentar los documentos con las precandidaturas ya sea para las internas partidarias o para lograr el 1,5 % de los votos del padr\u00f3n y poder competir en las generales de octubre.<!--more--><br \/>\nEn Tornquist 5 listas llevan sus precandidatos a las PASO.<br \/>\nEn Bah\u00eda Blanca la sorpresa la dio el legislador Marcelo Feli\u00fa, que ser\u00e1 precandidato a concejal por Cumplir, el espacio que lidera Florencio Randazzo.<br \/>\nEn Tornquist, el oficialismo, Cambiemos, llevar\u00e1 como primera candidata a concejal a la edil Noelia Baier, seguida por Jos\u00e9 Fonfr\u00eda (vicepresidente del comit\u00e9 UCR de Saldungaray), Viviana Montibeller y Cristian Raising.<br \/>\nPor el lado del Frente Justicialista, la lista la encabezar\u00e1 la consejera escolar Laura Rosatelli, seguida por el entrenador de f\u00fatbol Fernando \u201cMandingo\u201d Rojas y Adriana Nielsen.<br \/>\nLa lista de 1Pa\u00eds, en tanto, ser\u00e1 liderada por el comerciante local Oscar Scharff, seguido por Maria Bel\u00e9n Lambichi y Mauricio Kees.<br \/>\nEl kirchnerismo (Unidad Ciudadana) llevar\u00e1 como cabeza de lista al veterano dirigente justicialista Carlos Quiroz, acompa\u00f1ado por Marcela G\u00f3mez y Rub\u00e9n Testa.<br \/>\nPor \u00faltimo, por el Frente de Izquierda se postular\u00e1n Irene Antognoli, Ignacio Etallo y Marga Chiavachi.<br \/>\nFuente: lanueva.com<\/p>\n","protected":false},"excerpt":{"rendered":"<p>Los partidos pol\u00edticos cerraron anoche sus listas de precandidatos para concejales y para los diputados de la Sexta Secci\u00f3n electoral de la Provincia de cara a las PASO del 13 de agosto. Los espacios ten\u00edan tiempo hasta las 23:59 para presentar los documentos con las precandidaturas ya sea para las internas partidarias o para lograr [&hellip;]<\/p>\n","protected":false},"author":3,"featured_media":0,"comment_status":"closed","ping_status":"open","sticky":false,"template":"","format":"standard","meta":{"footnotes":""},"categories":[24],"tags":[],"class_list":["post-11605","post","type-post","status-publish","format-standard","hentry","category-politica"],"yoast_head":"<!-- This site is optimized with the Yoast SEO plugin v25.9 - https:\/\/yoast.com\/wordpress\/plugins\/seo\/ -->\n<title>En Tornquist, habr\u00e1 5 listas con precandidatos a concejales para las PASO.. - Noticias Radio Reflejos<\/title>\n<meta name=\"robots\" content=\"index, follow, max-snippet:-1, max-image-preview:large, max-video-preview:-1\" \/>\n<link rel=\"canonical\" href=\"https:\/\/www.noticiasradioreflejos.com.ar\/2021\/en-tornquist-habra-5-listas-con-precandidatos-a-concejales-para-las-paso\/\" \/>\n<meta property=\"og:locale\" content=\"es_ES\" \/>\n<meta property=\"og:type\" content=\"article\" \/>\n<meta property=\"og:title\" content=\"En Tornquist, habr\u00e1 5 listas con precandidatos a concejales para las PASO.. - Noticias Radio Reflejos\" \/>\n<meta property=\"og:description\" content=\"Los partidos pol\u00edticos cerraron anoche sus listas de precandidatos para concejales y para los diputados de la Sexta Secci\u00f3n electoral de la Provincia de cara a las PASO del 13 de agosto. Los espacios ten\u00edan tiempo hasta las 23:59 para presentar los documentos con las precandidaturas ya sea para las internas partidarias o para lograr [&hellip;]\" \/>\n<meta property=\"og:url\" content=\"https:\/\/www.noticiasradioreflejos.com.ar\/2021\/en-tornquist-habra-5-listas-con-precandidatos-a-concejales-para-las-paso\/\" \/>\n<meta property=\"og:site_name\" content=\"Noticias Radio Reflejos\" \/>\n<meta property=\"article:published_time\" content=\"2017-06-25T13:54:16+00:00\" \/>\n<meta property=\"og:image\" content=\"https:\/\/www.noticiasradioreflejos.com.ar\/2021\/wp-content\/uploads\/2021\/07\/logosol300x200.png\" \/>\n\t<meta property=\"og:image:width\" content=\"300\" \/>\n\t<meta property=\"og:image:height\" content=\"200\" \/>\n\t<meta property=\"og:image:type\" content=\"image\/png\" \/>\n<meta name=\"author\" content=\"Arnaldo Botto\" \/>\n<meta name=\"twitter:card\" content=\"summary_large_image\" \/>\n<script type=\"application\/ld+json\" class=\"yoast-schema-graph\">{\"@context\":\"https:\/\/schema.org\",\"@graph\":[{\"@type\":\"WebPage\",\"@id\":\"https:\/\/www.noticiasradioreflejos.com.ar\/2021\/en-tornquist-habra-5-listas-con-precandidatos-a-concejales-para-las-paso\/\",\"url\":\"https:\/\/www.noticiasradioreflejos.com.ar\/2021\/en-tornquist-habra-5-listas-con-precandidatos-a-concejales-para-las-paso\/\",\"name\":\"En Tornquist, habr\u00e1 5 listas con precandidatos a concejales para las PASO.. - Noticias Radio Reflejos\",\"isPartOf\":{\"@id\":\"https:\/\/www.noticiasradioreflejos.com.ar\/2021\/#website\"},\"datePublished\":\"2017-06-25T13:54:16+00:00\",\"author\":{\"@id\":\"https:\/\/www.noticiasradioreflejos.com.ar\/2021\/#\/schema\/person\/ad82545263dcc5ec0996818884fd5fb1\"},\"breadcrumb\":{\"@id\":\"https:\/\/www.noticiasradioreflejos.com.ar\/2021\/en-tornquist-habra-5-listas-con-precandidatos-a-concejales-para-las-paso\/#breadcrumb\"},\"inLanguage\":\"es\",\"potentialAction\":[{\"@type\":\"ReadAction\",\"target\":[\"https:\/\/www.noticiasradioreflejos.com.ar\/2021\/en-tornquist-habra-5-listas-con-precandidatos-a-concejales-para-las-paso\/\"]}]},{\"@type\":\"BreadcrumbList\",\"@id\":\"https:\/\/www.noticiasradioreflejos.com.ar\/2021\/en-tornquist-habra-5-listas-con-precandidatos-a-concejales-para-las-paso\/#breadcrumb\",\"itemListElement\":[{\"@type\":\"ListItem\",\"position\":1,\"name\":\"Portada\",\"item\":\"https:\/\/www.noticiasradioreflejos.com.ar\/2021\/\"},{\"@type\":\"ListItem\",\"position\":2,\"name\":\"En Tornquist, habr\u00e1 5 listas con precandidatos a concejales para las PASO..\"}]},{\"@type\":\"WebSite\",\"@id\":\"https:\/\/www.noticiasradioreflejos.com.ar\/2021\/#website\",\"url\":\"https:\/\/www.noticiasradioreflejos.com.ar\/2021\/\",\"name\":\"Noticias Radio Reflejos\",\"description\":\"Las noticias de mi comarca\",\"potentialAction\":[{\"@type\":\"SearchAction\",\"target\":{\"@type\":\"EntryPoint\",\"urlTemplate\":\"https:\/\/www.noticiasradioreflejos.com.ar\/2021\/?s={search_term_string}\"},\"query-input\":{\"@type\":\"PropertyValueSpecification\",\"valueRequired\":true,\"valueName\":\"search_term_string\"}}],\"inLanguage\":\"es\"},{\"@type\":\"Person\",\"@id\":\"https:\/\/www.noticiasradioreflejos.com.ar\/2021\/#\/schema\/person\/ad82545263dcc5ec0996818884fd5fb1\",\"name\":\"Arnaldo Botto\",\"image\":{\"@type\":\"ImageObject\",\"inLanguage\":\"es\",\"@id\":\"https:\/\/www.noticiasradioreflejos.com.ar\/2021\/#\/schema\/person\/image\/\",\"url\":\"https:\/\/secure.gravatar.com\/avatar\/55cb5e37c1efa326397366e6974cb338056df65cb50e7d64d1cf314e87504837?s=96&d=mm&r=g\",\"contentUrl\":\"https:\/\/secure.gravatar.com\/avatar\/55cb5e37c1efa326397366e6974cb338056df65cb50e7d64d1cf314e87504837?s=96&d=mm&r=g\",\"caption\":\"Arnaldo Botto\"},\"url\":\"https:\/\/www.noticiasradioreflejos.com.ar\/2021\/author\/arnaldo\/\"}]}<\/script>\n<!-- \/ Yoast SEO plugin. -->","yoast_head_json":{"title":"En Tornquist, habr\u00e1 5 listas con precandidatos a concejales para las PASO.. - Noticias Radio Reflejos","robots":{"index":"index","follow":"follow","max-snippet":"max-snippet:-1","max-image-preview":"max-image-preview:large","max-video-preview":"max-video-preview:-1"},"canonical":"https:\/\/www.noticiasradioreflejos.com.ar\/2021\/en-tornquist-habra-5-listas-con-precandidatos-a-concejales-para-las-paso\/","og_locale":"es_ES","og_type":"article","og_title":"En Tornquist, habr\u00e1 5 listas con precandidatos a concejales para las PASO.. - Noticias Radio Reflejos","og_description":"Los partidos pol\u00edticos cerraron anoche sus listas de precandidatos para concejales y para los diputados de la Sexta Secci\u00f3n electoral de la Provincia de cara a las PASO del 13 de agosto. Los espacios ten\u00edan tiempo hasta las 23:59 para presentar los documentos con las precandidaturas ya sea para las internas partidarias o para lograr [&hellip;]","og_url":"https:\/\/www.noticiasradioreflejos.com.ar\/2021\/en-tornquist-habra-5-listas-con-precandidatos-a-concejales-para-las-paso\/","og_site_name":"Noticias Radio Reflejos","article_published_time":"2017-06-25T13:54:16+00:00","og_image":[{"width":300,"height":200,"url":"https:\/\/www.noticiasradioreflejos.com.ar\/2021\/wp-content\/uploads\/2021\/07\/logosol300x200.png","type":"image\/png"}],"author":"Arnaldo Botto","twitter_card":"summary_large_image","schema":{"@context":"https:\/\/schema.org","@graph":[{"@type":"WebPage","@id":"https:\/\/www.noticiasradioreflejos.com.ar\/2021\/en-tornquist-habra-5-listas-con-precandidatos-a-concejales-para-las-paso\/","url":"https:\/\/www.noticiasradioreflejos.com.ar\/2021\/en-tornquist-habra-5-listas-con-precandidatos-a-concejales-para-las-paso\/","name":"En Tornquist, habr\u00e1 5 listas con precandidatos a concejales para las PASO.. - Noticias Radio Reflejos","isPartOf":{"@id":"https:\/\/www.noticiasradioreflejos.com.ar\/2021\/#website"},"datePublished":"2017-06-25T13:54:16+00:00","author":{"@id":"https:\/\/www.noticiasradioreflejos.com.ar\/2021\/#\/schema\/person\/ad82545263dcc5ec0996818884fd5fb1"},"breadcrumb":{"@id":"https:\/\/www.noticiasradioreflejos.com.ar\/2021\/en-tornquist-habra-5-listas-con-precandidatos-a-concejales-para-las-paso\/#breadcrumb"},"inLanguage":"es","potentialAction":[{"@type":"ReadAction","target":["https:\/\/www.noticiasradioreflejos.com.ar\/2021\/en-tornquist-habra-5-listas-con-precandidatos-a-concejales-para-las-paso\/"]}]},{"@type":"BreadcrumbList","@id":"https:\/\/www.noticiasradioreflejos.com.ar\/2021\/en-tornquist-habra-5-listas-con-precandidatos-a-concejales-para-las-paso\/#breadcrumb","itemListElement":[{"@type":"ListItem","position":1,"name":"Portada","item":"https:\/\/www.noticiasradioreflejos.com.ar\/2021\/"},{"@type":"ListItem","position":2,"name":"En Tornquist, habr\u00e1 5 listas con precandidatos a concejales para las PASO.."}]},{"@type":"WebSite","@id":"https:\/\/www.noticiasradioreflejos.com.ar\/2021\/#website","url":"https:\/\/www.noticiasradioreflejos.com.ar\/2021\/","name":"Noticias Radio Reflejos","description":"Las noticias de mi comarca","potentialAction":[{"@type":"SearchAction","target":{"@type":"EntryPoint","urlTemplate":"https:\/\/www.noticiasradioreflejos.com.ar\/2021\/?s={search_term_string}"},"query-input":{"@type":"PropertyValueSpecification","valueRequired":true,"valueName":"search_term_string"}}],"inLanguage":"es"},{"@type":"Person","@id":"https:\/\/www.noticiasradioreflejos.com.ar\/2021\/#\/schema\/person\/ad82545263dcc5ec0996818884fd5fb1","name":"Arnaldo Botto","image":{"@type":"ImageObject","inLanguage":"es","@id":"https:\/\/www.noticiasradioreflejos.com.ar\/2021\/#\/schema\/person\/image\/","url":"https:\/\/secure.gravatar.com\/avatar\/55cb5e37c1efa326397366e6974cb338056df65cb50e7d64d1cf314e87504837?s=96&d=mm&r=g","contentUrl":"https:\/\/secure.gravatar.com\/avatar\/55cb5e37c1efa326397366e6974cb338056df65cb50e7d64d1cf314e87504837?s=96&d=mm&r=g","caption":"Arnaldo Botto"},"url":"https:\/\/www.noticiasradioreflejos.com.ar\/2021\/author\/arnaldo\/"}]}},"_links":{"self":[{"href":"https:\/\/www.noticiasradioreflejos.com.ar\/2021\/wp-json\/wp\/v2\/posts\/11605","targetHints":{"allow":["GET"]}}],"collection":[{"href":"https:\/\/www.noticiasradioreflejos.com.ar\/2021\/wp-json\/wp\/v2\/posts"}],"about":[{"href":"https:\/\/www.noticiasradioreflejos.com.ar\/2021\/wp-json\/wp\/v2\/types\/post"}],"author":[{"embeddable":true,"href":"https:\/\/www.noticiasradioreflejos.com.ar\/2021\/wp-json\/wp\/v2\/users\/3"}],"replies":[{"embeddable":true,"href":"https:\/\/www.noticiasradioreflejos.com.ar\/2021\/wp-json\/wp\/v2\/comments?post=11605"}],"version-history":[{"count":0,"href":"https:\/\/www.noticiasradioreflejos.com.ar\/2021\/wp-json\/wp\/v2\/posts\/11605\/revisions"}],"wp:attachment":[{"href":"https:\/\/www.noticiasradioreflejos.com.ar\/2021\/wp-json\/wp\/v2\/media?parent=11605"}],"wp:term":[{"taxonomy":"category","embeddable":true,"href":"https:\/\/www.noticiasradioreflejos.com.ar\/2021\/wp-json\/wp\/v2\/categories?post=11605"},{"taxonomy":"post_tag","embeddable":true,"href":"https:\/\/www.noticiasradioreflejos.com.ar\/2021\/wp-json\/wp\/v2\/tags?post=11605"}],"curies":[{"name":"wp","href":"https:\/\/api.w.org\/{rel}","templated":true}]}}