{"id":115938,"date":"2025-04-30T18:35:21","date_gmt":"2025-04-30T21:35:21","guid":{"rendered":"https:\/\/www.noticiasradioreflejos.com.ar\/2021\/?p=115938"},"modified":"2025-04-30T18:35:21","modified_gmt":"2025-04-30T21:35:21","slug":"conducia-borracho-y-atropello-a-una-joven-y-a-su-madre","status":"publish","type":"post","link":"https:\/\/www.noticiasradioreflejos.com.ar\/2021\/conducia-borracho-y-atropello-a-una-joven-y-a-su-madre\/","title":{"rendered":"Conduc\u00eda borracho y atropell\u00f3 a una joven y a su madre"},"content":{"rendered":"<p>Ocurri\u00f3 el s\u00e1bado pasado en Berazategui, Pcia. de Buenos Aires.\u00a0<strong>Brisa Vaccarini (16 a\u00f1os) caminaba junto a su madre, M\u00f3nica y su hermano, Lautaro<\/strong>, a comprar, para festejar el cumplea\u00f1os de su pap\u00e1.<\/p>\n<p><!--more--><\/p>\n<p>Pero\u00a0<strong>un\u00a0conductor altamente alcoholizado, ten\u00eda 2.4 g\/l de alcohol en sangre, perdi\u00f3<\/strong>\u00a0el control de la camioneta que conduc\u00eda,\u00a0<strong>se subi\u00f3 a la vereda<\/strong>\u00a0y<strong>\u00a0atropell\u00f3 a la adolescente y a su mam\u00e1.\u00a0<\/strong>Brisa muri\u00f3 en el acto y su mam\u00e1 result\u00f3 gravemente herida.\u00a0 La vida de la joven Brisa se apag\u00f3 para siempre por la irresponsabilidad de<strong>\u00a0un alcoh\u00f3lico, Javier Gonz\u00e1lez (43), que se subi\u00f3 a la camioneta de un cliente para salir borracho a matar<\/strong>.*<\/p>\n<p>Pero\u00a0<strong>no es el \u00fanico responsable<\/strong>.\u00a0<strong>En la Pcia. de Buenos Aires<\/strong>\u00a0se aprob\u00f3 la Ley de Alcohol 0 para todos los conductores de veh\u00edculos, pero<strong>\u00a0son escasos los controles de alcoholemia y las sanciones a los infractores. Las autoridades son tambi\u00e9n responsables de estos hechos\u00a0<\/strong>al no hacer cumplir las normas en calles y rutas.<\/p>\n","protected":false},"excerpt":{"rendered":"<p>Ocurri\u00f3 el s\u00e1bado pasado en Berazategui, Pcia. de Buenos Aires.\u00a0Brisa Vaccarini (16 a\u00f1os) caminaba junto a su madre, M\u00f3nica y su hermano, Lautaro, a comprar, para festejar el cumplea\u00f1os de su pap\u00e1.<\/p>\n","protected":false},"author":3,"featured_media":115939,"comment_status":"closed","ping_status":"closed","sticky":false,"template":"","format":"standard","meta":{"footnotes":""},"categories":[29],"tags":[],"class_list":["post-115938","post","type-post","status-publish","format-standard","has-post-thumbnail","hentry","category-policiales"],"yoast_head":"<!-- This site is optimized with the Yoast SEO plugin v25.9 - https:\/\/yoast.com\/wordpress\/plugins\/seo\/ -->\n<title>Conduc\u00eda borracho y atropell\u00f3 a una joven y a su madre - Noticias Radio Reflejos<\/title>\n<meta name=\"robots\" content=\"index, follow, max-snippet:-1, max-image-preview:large, max-video-preview:-1\" \/>\n<link rel=\"canonical\" href=\"https:\/\/www.noticiasradioreflejos.com.ar\/2021\/conducia-borracho-y-atropello-a-una-joven-y-a-su-madre\/\" \/>\n<meta property=\"og:locale\" content=\"es_ES\" \/>\n<meta property=\"og:type\" content=\"article\" \/>\n<meta property=\"og:title\" content=\"Conduc\u00eda borracho y atropell\u00f3 a una joven y a su madre - Noticias Radio Reflejos\" \/>\n<meta property=\"og:description\" content=\"Ocurri\u00f3 el s\u00e1bado pasado en Berazategui, Pcia. de Buenos Aires.\u00a0Brisa Vaccarini (16 a\u00f1os) caminaba junto a su madre, M\u00f3nica y su hermano, Lautaro, a comprar, para festejar el cumplea\u00f1os de su pap\u00e1.\" \/>\n<meta property=\"og:url\" content=\"https:\/\/www.noticiasradioreflejos.com.ar\/2021\/conducia-borracho-y-atropello-a-una-joven-y-a-su-madre\/\" \/>\n<meta property=\"og:site_name\" content=\"Noticias Radio Reflejos\" \/>\n<meta property=\"article:published_time\" content=\"2025-04-30T21:35:21+00:00\" \/>\n<meta property=\"og:image\" content=\"https:\/\/www.noticiasradioreflejos.com.ar\/2021\/wp-content\/uploads\/2025\/04\/choque-borracho.jpg\" \/>\n\t<meta property=\"og:image:width\" content=\"900\" \/>\n\t<meta property=\"og:image:height\" content=\"503\" \/>\n\t<meta property=\"og:image:type\" content=\"image\/jpeg\" \/>\n<meta name=\"author\" content=\"Arnaldo Botto\" \/>\n<meta name=\"twitter:card\" content=\"summary_large_image\" \/>\n<script type=\"application\/ld+json\" class=\"yoast-schema-graph\">{\"@context\":\"https:\/\/schema.org\",\"@graph\":[{\"@type\":\"WebPage\",\"@id\":\"https:\/\/www.noticiasradioreflejos.com.ar\/2021\/conducia-borracho-y-atropello-a-una-joven-y-a-su-madre\/\",\"url\":\"https:\/\/www.noticiasradioreflejos.com.ar\/2021\/conducia-borracho-y-atropello-a-una-joven-y-a-su-madre\/\",\"name\":\"Conduc\u00eda borracho y atropell\u00f3 a una joven y a su madre - Noticias Radio Reflejos\",\"isPartOf\":{\"@id\":\"https:\/\/www.noticiasradioreflejos.com.ar\/2021\/#website\"},\"primaryImageOfPage\":{\"@id\":\"https:\/\/www.noticiasradioreflejos.com.ar\/2021\/conducia-borracho-y-atropello-a-una-joven-y-a-su-madre\/#primaryimage\"},\"image\":{\"@id\":\"https:\/\/www.noticiasradioreflejos.com.ar\/2021\/conducia-borracho-y-atropello-a-una-joven-y-a-su-madre\/#primaryimage\"},\"thumbnailUrl\":\"https:\/\/www.noticiasradioreflejos.com.ar\/2021\/wp-content\/uploads\/2025\/04\/choque-borracho.jpg\",\"datePublished\":\"2025-04-30T21:35:21+00:00\",\"author\":{\"@id\":\"https:\/\/www.noticiasradioreflejos.com.ar\/2021\/#\/schema\/person\/ad82545263dcc5ec0996818884fd5fb1\"},\"breadcrumb\":{\"@id\":\"https:\/\/www.noticiasradioreflejos.com.ar\/2021\/conducia-borracho-y-atropello-a-una-joven-y-a-su-madre\/#breadcrumb\"},\"inLanguage\":\"es\",\"potentialAction\":[{\"@type\":\"ReadAction\",\"target\":[\"https:\/\/www.noticiasradioreflejos.com.ar\/2021\/conducia-borracho-y-atropello-a-una-joven-y-a-su-madre\/\"]}]},{\"@type\":\"ImageObject\",\"inLanguage\":\"es\",\"@id\":\"https:\/\/www.noticiasradioreflejos.com.ar\/2021\/conducia-borracho-y-atropello-a-una-joven-y-a-su-madre\/#primaryimage\",\"url\":\"https:\/\/www.noticiasradioreflejos.com.ar\/2021\/wp-content\/uploads\/2025\/04\/choque-borracho.jpg\",\"contentUrl\":\"https:\/\/www.noticiasradioreflejos.com.ar\/2021\/wp-content\/uploads\/2025\/04\/choque-borracho.jpg\",\"width\":900,\"height\":503},{\"@type\":\"BreadcrumbList\",\"@id\":\"https:\/\/www.noticiasradioreflejos.com.ar\/2021\/conducia-borracho-y-atropello-a-una-joven-y-a-su-madre\/#breadcrumb\",\"itemListElement\":[{\"@type\":\"ListItem\",\"position\":1,\"name\":\"Portada\",\"item\":\"https:\/\/www.noticiasradioreflejos.com.ar\/2021\/\"},{\"@type\":\"ListItem\",\"position\":2,\"name\":\"Conduc\u00eda borracho y atropell\u00f3 a una joven y a su madre\"}]},{\"@type\":\"WebSite\",\"@id\":\"https:\/\/www.noticiasradioreflejos.com.ar\/2021\/#website\",\"url\":\"https:\/\/www.noticiasradioreflejos.com.ar\/2021\/\",\"name\":\"Noticias Radio Reflejos\",\"description\":\"Las noticias de mi comarca\",\"potentialAction\":[{\"@type\":\"SearchAction\",\"target\":{\"@type\":\"EntryPoint\",\"urlTemplate\":\"https:\/\/www.noticiasradioreflejos.com.ar\/2021\/?s={search_term_string}\"},\"query-input\":{\"@type\":\"PropertyValueSpecification\",\"valueRequired\":true,\"valueName\":\"search_term_string\"}}],\"inLanguage\":\"es\"},{\"@type\":\"Person\",\"@id\":\"https:\/\/www.noticiasradioreflejos.com.ar\/2021\/#\/schema\/person\/ad82545263dcc5ec0996818884fd5fb1\",\"name\":\"Arnaldo Botto\",\"image\":{\"@type\":\"ImageObject\",\"inLanguage\":\"es\",\"@id\":\"https:\/\/www.noticiasradioreflejos.com.ar\/2021\/#\/schema\/person\/image\/\",\"url\":\"https:\/\/secure.gravatar.com\/avatar\/55cb5e37c1efa326397366e6974cb338056df65cb50e7d64d1cf314e87504837?s=96&d=mm&r=g\",\"contentUrl\":\"https:\/\/secure.gravatar.com\/avatar\/55cb5e37c1efa326397366e6974cb338056df65cb50e7d64d1cf314e87504837?s=96&d=mm&r=g\",\"caption\":\"Arnaldo Botto\"},\"url\":\"https:\/\/www.noticiasradioreflejos.com.ar\/2021\/author\/arnaldo\/\"}]}<\/script>\n<!-- \/ Yoast SEO plugin. -->","yoast_head_json":{"title":"Conduc\u00eda borracho y atropell\u00f3 a una joven y a su madre - Noticias Radio Reflejos","robots":{"index":"index","follow":"follow","max-snippet":"max-snippet:-1","max-image-preview":"max-image-preview:large","max-video-preview":"max-video-preview:-1"},"canonical":"https:\/\/www.noticiasradioreflejos.com.ar\/2021\/conducia-borracho-y-atropello-a-una-joven-y-a-su-madre\/","og_locale":"es_ES","og_type":"article","og_title":"Conduc\u00eda borracho y atropell\u00f3 a una joven y a su madre - Noticias Radio Reflejos","og_description":"Ocurri\u00f3 el s\u00e1bado pasado en Berazategui, Pcia. de Buenos Aires.\u00a0Brisa Vaccarini (16 a\u00f1os) caminaba junto a su madre, M\u00f3nica y su hermano, Lautaro, a comprar, para festejar el cumplea\u00f1os de su pap\u00e1.","og_url":"https:\/\/www.noticiasradioreflejos.com.ar\/2021\/conducia-borracho-y-atropello-a-una-joven-y-a-su-madre\/","og_site_name":"Noticias Radio Reflejos","article_published_time":"2025-04-30T21:35:21+00:00","og_image":[{"width":900,"height":503,"url":"https:\/\/www.noticiasradioreflejos.com.ar\/2021\/wp-content\/uploads\/2025\/04\/choque-borracho.jpg","type":"image\/jpeg"}],"author":"Arnaldo Botto","twitter_card":"summary_large_image","schema":{"@context":"https:\/\/schema.org","@graph":[{"@type":"WebPage","@id":"https:\/\/www.noticiasradioreflejos.com.ar\/2021\/conducia-borracho-y-atropello-a-una-joven-y-a-su-madre\/","url":"https:\/\/www.noticiasradioreflejos.com.ar\/2021\/conducia-borracho-y-atropello-a-una-joven-y-a-su-madre\/","name":"Conduc\u00eda borracho y atropell\u00f3 a una joven y a su madre - Noticias Radio Reflejos","isPartOf":{"@id":"https:\/\/www.noticiasradioreflejos.com.ar\/2021\/#website"},"primaryImageOfPage":{"@id":"https:\/\/www.noticiasradioreflejos.com.ar\/2021\/conducia-borracho-y-atropello-a-una-joven-y-a-su-madre\/#primaryimage"},"image":{"@id":"https:\/\/www.noticiasradioreflejos.com.ar\/2021\/conducia-borracho-y-atropello-a-una-joven-y-a-su-madre\/#primaryimage"},"thumbnailUrl":"https:\/\/www.noticiasradioreflejos.com.ar\/2021\/wp-content\/uploads\/2025\/04\/choque-borracho.jpg","datePublished":"2025-04-30T21:35:21+00:00","author":{"@id":"https:\/\/www.noticiasradioreflejos.com.ar\/2021\/#\/schema\/person\/ad82545263dcc5ec0996818884fd5fb1"},"breadcrumb":{"@id":"https:\/\/www.noticiasradioreflejos.com.ar\/2021\/conducia-borracho-y-atropello-a-una-joven-y-a-su-madre\/#breadcrumb"},"inLanguage":"es","potentialAction":[{"@type":"ReadAction","target":["https:\/\/www.noticiasradioreflejos.com.ar\/2021\/conducia-borracho-y-atropello-a-una-joven-y-a-su-madre\/"]}]},{"@type":"ImageObject","inLanguage":"es","@id":"https:\/\/www.noticiasradioreflejos.com.ar\/2021\/conducia-borracho-y-atropello-a-una-joven-y-a-su-madre\/#primaryimage","url":"https:\/\/www.noticiasradioreflejos.com.ar\/2021\/wp-content\/uploads\/2025\/04\/choque-borracho.jpg","contentUrl":"https:\/\/www.noticiasradioreflejos.com.ar\/2021\/wp-content\/uploads\/2025\/04\/choque-borracho.jpg","width":900,"height":503},{"@type":"BreadcrumbList","@id":"https:\/\/www.noticiasradioreflejos.com.ar\/2021\/conducia-borracho-y-atropello-a-una-joven-y-a-su-madre\/#breadcrumb","itemListElement":[{"@type":"ListItem","position":1,"name":"Portada","item":"https:\/\/www.noticiasradioreflejos.com.ar\/2021\/"},{"@type":"ListItem","position":2,"name":"Conduc\u00eda borracho y atropell\u00f3 a una joven y a su madre"}]},{"@type":"WebSite","@id":"https:\/\/www.noticiasradioreflejos.com.ar\/2021\/#website","url":"https:\/\/www.noticiasradioreflejos.com.ar\/2021\/","name":"Noticias Radio Reflejos","description":"Las noticias de mi comarca","potentialAction":[{"@type":"SearchAction","target":{"@type":"EntryPoint","urlTemplate":"https:\/\/www.noticiasradioreflejos.com.ar\/2021\/?s={search_term_string}"},"query-input":{"@type":"PropertyValueSpecification","valueRequired":true,"valueName":"search_term_string"}}],"inLanguage":"es"},{"@type":"Person","@id":"https:\/\/www.noticiasradioreflejos.com.ar\/2021\/#\/schema\/person\/ad82545263dcc5ec0996818884fd5fb1","name":"Arnaldo Botto","image":{"@type":"ImageObject","inLanguage":"es","@id":"https:\/\/www.noticiasradioreflejos.com.ar\/2021\/#\/schema\/person\/image\/","url":"https:\/\/secure.gravatar.com\/avatar\/55cb5e37c1efa326397366e6974cb338056df65cb50e7d64d1cf314e87504837?s=96&d=mm&r=g","contentUrl":"https:\/\/secure.gravatar.com\/avatar\/55cb5e37c1efa326397366e6974cb338056df65cb50e7d64d1cf314e87504837?s=96&d=mm&r=g","caption":"Arnaldo Botto"},"url":"https:\/\/www.noticiasradioreflejos.com.ar\/2021\/author\/arnaldo\/"}]}},"_links":{"self":[{"href":"https:\/\/www.noticiasradioreflejos.com.ar\/2021\/wp-json\/wp\/v2\/posts\/115938","targetHints":{"allow":["GET"]}}],"collection":[{"href":"https:\/\/www.noticiasradioreflejos.com.ar\/2021\/wp-json\/wp\/v2\/posts"}],"about":[{"href":"https:\/\/www.noticiasradioreflejos.com.ar\/2021\/wp-json\/wp\/v2\/types\/post"}],"author":[{"embeddable":true,"href":"https:\/\/www.noticiasradioreflejos.com.ar\/2021\/wp-json\/wp\/v2\/users\/3"}],"replies":[{"embeddable":true,"href":"https:\/\/www.noticiasradioreflejos.com.ar\/2021\/wp-json\/wp\/v2\/comments?post=115938"}],"version-history":[{"count":1,"href":"https:\/\/www.noticiasradioreflejos.com.ar\/2021\/wp-json\/wp\/v2\/posts\/115938\/revisions"}],"predecessor-version":[{"id":115940,"href":"https:\/\/www.noticiasradioreflejos.com.ar\/2021\/wp-json\/wp\/v2\/posts\/115938\/revisions\/115940"}],"wp:featuredmedia":[{"embeddable":true,"href":"https:\/\/www.noticiasradioreflejos.com.ar\/2021\/wp-json\/wp\/v2\/media\/115939"}],"wp:attachment":[{"href":"https:\/\/www.noticiasradioreflejos.com.ar\/2021\/wp-json\/wp\/v2\/media?parent=115938"}],"wp:term":[{"taxonomy":"category","embeddable":true,"href":"https:\/\/www.noticiasradioreflejos.com.ar\/2021\/wp-json\/wp\/v2\/categories?post=115938"},{"taxonomy":"post_tag","embeddable":true,"href":"https:\/\/www.noticiasradioreflejos.com.ar\/2021\/wp-json\/wp\/v2\/tags?post=115938"}],"curies":[{"name":"wp","href":"https:\/\/api.w.org\/{rel}","templated":true}]}}