{"id":115886,"date":"2025-04-29T15:35:17","date_gmt":"2025-04-29T18:35:17","guid":{"rendered":"https:\/\/www.noticiasradioreflejos.com.ar\/2021\/?p=115886"},"modified":"2025-04-29T15:35:17","modified_gmt":"2025-04-29T18:35:17","slug":"produccion-abierta-la-convocatoria-a-la-linea-de-financiamiento-para-implantacion-de-pasturas","status":"publish","type":"post","link":"https:\/\/www.noticiasradioreflejos.com.ar\/2021\/produccion-abierta-la-convocatoria-a-la-linea-de-financiamiento-para-implantacion-de-pasturas\/","title":{"rendered":"Producci\u00f3n: Abierta la convocatoria a la l\u00ednea de financiamiento para implantaci\u00f3n de pasturas"},"content":{"rendered":"<p>La Secretar\u00eda de Ambiente y Desarrollo Productivo de Tornquist Municipio, informa que se encuentra abierta la convocatoria a la cuarta etapa de la L\u00ednea de Financiamiento para Implantaci\u00f3n de Pasturas en el Sudoeste Bonaerense 2025.<!--more--><\/p>\n<p><a data-flickr-embed=\"true\" href=\"https:\/\/www.flickr.com\/photos\/182279889@N02\/54485488749\/in\/dateposted-public\/\" title=\"Program pastizales\"><img loading=\"lazy\" decoding=\"async\" src=\"https:\/\/live.staticflickr.com\/65535\/54485488749_881a589c1f.jpg\" width=\"367\" height=\"500\" alt=\"Program pastizales\"\/><\/a><script async src=\"\/\/embedr.flickr.com\/assets\/client-code.js\" charset=\"utf-8\"><\/script><\/p>\n<p>La iniciativa del Ministerio de Desarrollo Agrario, est\u00e1 destinada a productoras y productores ganaderos bovinos que cuenten con hasta 400 vientres bovinos y quieran aumentar el recurso forrajero a trav\u00e9s de la implantaci\u00f3n de pasturas perennes. <\/p>\n<p>El plazo de devoluci\u00f3n del cr\u00e9dito es de 48 meses, con cuotas semestrales, con una tasa de inter\u00e9s de 0%, indexada a valor producto del \u00cdndice de Mercado Agroganadero; y un periodo de gracia de 6 meses, con el primer pago al a\u00f1o del desembolso.<\/p>\n<p>Las inscripciones se realizan en el siguiente link: <a href=\"https:\/\/mi.mda.gba.gob.ar\" target=\"_blank\">https:\/\/mi.mda.gba.gob.ar<\/a>.<\/p>\n<p>Por consultas, comunicarse con la Secretar\u00eda de Ambiente y Desarrollo Productivo, de lunes a viernes de 8 a 14 hs en San Mart\u00edn 268 (Tornquist) o al 291 4941435.<\/p>\n","protected":false},"excerpt":{"rendered":"<p>La Secretar\u00eda de Ambiente y Desarrollo Productivo de Tornquist Municipio, informa que se encuentra abierta la convocatoria a la cuarta etapa de la L\u00ednea de Financiamiento para Implantaci\u00f3n de Pasturas en el Sudoeste Bonaerense 2025.<\/p>\n","protected":false},"author":3,"featured_media":115887,"comment_status":"closed","ping_status":"closed","sticky":false,"template":"","format":"standard","meta":{"footnotes":""},"categories":[28],"tags":[],"class_list":["post-115886","post","type-post","status-publish","format-standard","has-post-thumbnail","hentry","category-municipales"],"yoast_head":"<!-- This site is optimized with the Yoast SEO plugin v25.9 - https:\/\/yoast.com\/wordpress\/plugins\/seo\/ -->\n<title>Producci\u00f3n: Abierta la convocatoria a la l\u00ednea de financiamiento para implantaci\u00f3n de pasturas - Noticias Radio Reflejos<\/title>\n<meta name=\"robots\" content=\"index, follow, max-snippet:-1, max-image-preview:large, max-video-preview:-1\" \/>\n<link rel=\"canonical\" href=\"https:\/\/www.noticiasradioreflejos.com.ar\/2021\/produccion-abierta-la-convocatoria-a-la-linea-de-financiamiento-para-implantacion-de-pasturas\/\" \/>\n<meta property=\"og:locale\" content=\"es_ES\" \/>\n<meta property=\"og:type\" content=\"article\" \/>\n<meta property=\"og:title\" content=\"Producci\u00f3n: Abierta la convocatoria a la l\u00ednea de financiamiento para implantaci\u00f3n de pasturas - Noticias Radio Reflejos\" \/>\n<meta property=\"og:description\" content=\"La Secretar\u00eda de Ambiente y Desarrollo Productivo de Tornquist Municipio, informa que se encuentra abierta la convocatoria a la cuarta etapa de la L\u00ednea de Financiamiento para Implantaci\u00f3n de Pasturas en el Sudoeste Bonaerense 2025.\" \/>\n<meta property=\"og:url\" content=\"https:\/\/www.noticiasradioreflejos.com.ar\/2021\/produccion-abierta-la-convocatoria-a-la-linea-de-financiamiento-para-implantacion-de-pasturas\/\" \/>\n<meta property=\"og:site_name\" content=\"Noticias Radio Reflejos\" \/>\n<meta property=\"article:published_time\" content=\"2025-04-29T18:35:17+00:00\" \/>\n<meta property=\"og:image\" content=\"https:\/\/www.noticiasradioreflejos.com.ar\/2021\/wp-content\/uploads\/2025\/04\/pasturas.jpg\" \/>\n\t<meta property=\"og:image:width\" content=\"1350\" \/>\n\t<meta property=\"og:image:height\" content=\"675\" \/>\n\t<meta property=\"og:image:type\" content=\"image\/jpeg\" \/>\n<meta name=\"author\" content=\"Arnaldo Botto\" \/>\n<meta name=\"twitter:card\" content=\"summary_large_image\" \/>\n<script type=\"application\/ld+json\" class=\"yoast-schema-graph\">{\"@context\":\"https:\/\/schema.org\",\"@graph\":[{\"@type\":\"WebPage\",\"@id\":\"https:\/\/www.noticiasradioreflejos.com.ar\/2021\/produccion-abierta-la-convocatoria-a-la-linea-de-financiamiento-para-implantacion-de-pasturas\/\",\"url\":\"https:\/\/www.noticiasradioreflejos.com.ar\/2021\/produccion-abierta-la-convocatoria-a-la-linea-de-financiamiento-para-implantacion-de-pasturas\/\",\"name\":\"Producci\u00f3n: Abierta la convocatoria a la l\u00ednea de financiamiento para implantaci\u00f3n de pasturas - Noticias Radio Reflejos\",\"isPartOf\":{\"@id\":\"https:\/\/www.noticiasradioreflejos.com.ar\/2021\/#website\"},\"primaryImageOfPage\":{\"@id\":\"https:\/\/www.noticiasradioreflejos.com.ar\/2021\/produccion-abierta-la-convocatoria-a-la-linea-de-financiamiento-para-implantacion-de-pasturas\/#primaryimage\"},\"image\":{\"@id\":\"https:\/\/www.noticiasradioreflejos.com.ar\/2021\/produccion-abierta-la-convocatoria-a-la-linea-de-financiamiento-para-implantacion-de-pasturas\/#primaryimage\"},\"thumbnailUrl\":\"https:\/\/www.noticiasradioreflejos.com.ar\/2021\/wp-content\/uploads\/2025\/04\/pasturas.jpg\",\"datePublished\":\"2025-04-29T18:35:17+00:00\",\"author\":{\"@id\":\"https:\/\/www.noticiasradioreflejos.com.ar\/2021\/#\/schema\/person\/ad82545263dcc5ec0996818884fd5fb1\"},\"breadcrumb\":{\"@id\":\"https:\/\/www.noticiasradioreflejos.com.ar\/2021\/produccion-abierta-la-convocatoria-a-la-linea-de-financiamiento-para-implantacion-de-pasturas\/#breadcrumb\"},\"inLanguage\":\"es\",\"potentialAction\":[{\"@type\":\"ReadAction\",\"target\":[\"https:\/\/www.noticiasradioreflejos.com.ar\/2021\/produccion-abierta-la-convocatoria-a-la-linea-de-financiamiento-para-implantacion-de-pasturas\/\"]}]},{\"@type\":\"ImageObject\",\"inLanguage\":\"es\",\"@id\":\"https:\/\/www.noticiasradioreflejos.com.ar\/2021\/produccion-abierta-la-convocatoria-a-la-linea-de-financiamiento-para-implantacion-de-pasturas\/#primaryimage\",\"url\":\"https:\/\/www.noticiasradioreflejos.com.ar\/2021\/wp-content\/uploads\/2025\/04\/pasturas.jpg\",\"contentUrl\":\"https:\/\/www.noticiasradioreflejos.com.ar\/2021\/wp-content\/uploads\/2025\/04\/pasturas.jpg\",\"width\":1350,\"height\":675},{\"@type\":\"BreadcrumbList\",\"@id\":\"https:\/\/www.noticiasradioreflejos.com.ar\/2021\/produccion-abierta-la-convocatoria-a-la-linea-de-financiamiento-para-implantacion-de-pasturas\/#breadcrumb\",\"itemListElement\":[{\"@type\":\"ListItem\",\"position\":1,\"name\":\"Portada\",\"item\":\"https:\/\/www.noticiasradioreflejos.com.ar\/2021\/\"},{\"@type\":\"ListItem\",\"position\":2,\"name\":\"Producci\u00f3n: Abierta la convocatoria a la l\u00ednea de financiamiento para implantaci\u00f3n de pasturas\"}]},{\"@type\":\"WebSite\",\"@id\":\"https:\/\/www.noticiasradioreflejos.com.ar\/2021\/#website\",\"url\":\"https:\/\/www.noticiasradioreflejos.com.ar\/2021\/\",\"name\":\"Noticias Radio Reflejos\",\"description\":\"Las noticias de mi comarca\",\"potentialAction\":[{\"@type\":\"SearchAction\",\"target\":{\"@type\":\"EntryPoint\",\"urlTemplate\":\"https:\/\/www.noticiasradioreflejos.com.ar\/2021\/?s={search_term_string}\"},\"query-input\":{\"@type\":\"PropertyValueSpecification\",\"valueRequired\":true,\"valueName\":\"search_term_string\"}}],\"inLanguage\":\"es\"},{\"@type\":\"Person\",\"@id\":\"https:\/\/www.noticiasradioreflejos.com.ar\/2021\/#\/schema\/person\/ad82545263dcc5ec0996818884fd5fb1\",\"name\":\"Arnaldo Botto\",\"image\":{\"@type\":\"ImageObject\",\"inLanguage\":\"es\",\"@id\":\"https:\/\/www.noticiasradioreflejos.com.ar\/2021\/#\/schema\/person\/image\/\",\"url\":\"https:\/\/secure.gravatar.com\/avatar\/55cb5e37c1efa326397366e6974cb338056df65cb50e7d64d1cf314e87504837?s=96&d=mm&r=g\",\"contentUrl\":\"https:\/\/secure.gravatar.com\/avatar\/55cb5e37c1efa326397366e6974cb338056df65cb50e7d64d1cf314e87504837?s=96&d=mm&r=g\",\"caption\":\"Arnaldo Botto\"},\"url\":\"https:\/\/www.noticiasradioreflejos.com.ar\/2021\/author\/arnaldo\/\"}]}<\/script>\n<!-- \/ Yoast SEO plugin. -->","yoast_head_json":{"title":"Producci\u00f3n: Abierta la convocatoria a la l\u00ednea de financiamiento para implantaci\u00f3n de pasturas - Noticias Radio Reflejos","robots":{"index":"index","follow":"follow","max-snippet":"max-snippet:-1","max-image-preview":"max-image-preview:large","max-video-preview":"max-video-preview:-1"},"canonical":"https:\/\/www.noticiasradioreflejos.com.ar\/2021\/produccion-abierta-la-convocatoria-a-la-linea-de-financiamiento-para-implantacion-de-pasturas\/","og_locale":"es_ES","og_type":"article","og_title":"Producci\u00f3n: Abierta la convocatoria a la l\u00ednea de financiamiento para implantaci\u00f3n de pasturas - Noticias Radio Reflejos","og_description":"La Secretar\u00eda de Ambiente y Desarrollo Productivo de Tornquist Municipio, informa que se encuentra abierta la convocatoria a la cuarta etapa de la L\u00ednea de Financiamiento para Implantaci\u00f3n de Pasturas en el Sudoeste Bonaerense 2025.","og_url":"https:\/\/www.noticiasradioreflejos.com.ar\/2021\/produccion-abierta-la-convocatoria-a-la-linea-de-financiamiento-para-implantacion-de-pasturas\/","og_site_name":"Noticias Radio Reflejos","article_published_time":"2025-04-29T18:35:17+00:00","og_image":[{"width":1350,"height":675,"url":"https:\/\/www.noticiasradioreflejos.com.ar\/2021\/wp-content\/uploads\/2025\/04\/pasturas.jpg","type":"image\/jpeg"}],"author":"Arnaldo Botto","twitter_card":"summary_large_image","schema":{"@context":"https:\/\/schema.org","@graph":[{"@type":"WebPage","@id":"https:\/\/www.noticiasradioreflejos.com.ar\/2021\/produccion-abierta-la-convocatoria-a-la-linea-de-financiamiento-para-implantacion-de-pasturas\/","url":"https:\/\/www.noticiasradioreflejos.com.ar\/2021\/produccion-abierta-la-convocatoria-a-la-linea-de-financiamiento-para-implantacion-de-pasturas\/","name":"Producci\u00f3n: Abierta la convocatoria a la l\u00ednea de financiamiento para implantaci\u00f3n de pasturas - Noticias Radio Reflejos","isPartOf":{"@id":"https:\/\/www.noticiasradioreflejos.com.ar\/2021\/#website"},"primaryImageOfPage":{"@id":"https:\/\/www.noticiasradioreflejos.com.ar\/2021\/produccion-abierta-la-convocatoria-a-la-linea-de-financiamiento-para-implantacion-de-pasturas\/#primaryimage"},"image":{"@id":"https:\/\/www.noticiasradioreflejos.com.ar\/2021\/produccion-abierta-la-convocatoria-a-la-linea-de-financiamiento-para-implantacion-de-pasturas\/#primaryimage"},"thumbnailUrl":"https:\/\/www.noticiasradioreflejos.com.ar\/2021\/wp-content\/uploads\/2025\/04\/pasturas.jpg","datePublished":"2025-04-29T18:35:17+00:00","author":{"@id":"https:\/\/www.noticiasradioreflejos.com.ar\/2021\/#\/schema\/person\/ad82545263dcc5ec0996818884fd5fb1"},"breadcrumb":{"@id":"https:\/\/www.noticiasradioreflejos.com.ar\/2021\/produccion-abierta-la-convocatoria-a-la-linea-de-financiamiento-para-implantacion-de-pasturas\/#breadcrumb"},"inLanguage":"es","potentialAction":[{"@type":"ReadAction","target":["https:\/\/www.noticiasradioreflejos.com.ar\/2021\/produccion-abierta-la-convocatoria-a-la-linea-de-financiamiento-para-implantacion-de-pasturas\/"]}]},{"@type":"ImageObject","inLanguage":"es","@id":"https:\/\/www.noticiasradioreflejos.com.ar\/2021\/produccion-abierta-la-convocatoria-a-la-linea-de-financiamiento-para-implantacion-de-pasturas\/#primaryimage","url":"https:\/\/www.noticiasradioreflejos.com.ar\/2021\/wp-content\/uploads\/2025\/04\/pasturas.jpg","contentUrl":"https:\/\/www.noticiasradioreflejos.com.ar\/2021\/wp-content\/uploads\/2025\/04\/pasturas.jpg","width":1350,"height":675},{"@type":"BreadcrumbList","@id":"https:\/\/www.noticiasradioreflejos.com.ar\/2021\/produccion-abierta-la-convocatoria-a-la-linea-de-financiamiento-para-implantacion-de-pasturas\/#breadcrumb","itemListElement":[{"@type":"ListItem","position":1,"name":"Portada","item":"https:\/\/www.noticiasradioreflejos.com.ar\/2021\/"},{"@type":"ListItem","position":2,"name":"Producci\u00f3n: Abierta la convocatoria a la l\u00ednea de financiamiento para implantaci\u00f3n de pasturas"}]},{"@type":"WebSite","@id":"https:\/\/www.noticiasradioreflejos.com.ar\/2021\/#website","url":"https:\/\/www.noticiasradioreflejos.com.ar\/2021\/","name":"Noticias Radio Reflejos","description":"Las noticias de mi comarca","potentialAction":[{"@type":"SearchAction","target":{"@type":"EntryPoint","urlTemplate":"https:\/\/www.noticiasradioreflejos.com.ar\/2021\/?s={search_term_string}"},"query-input":{"@type":"PropertyValueSpecification","valueRequired":true,"valueName":"search_term_string"}}],"inLanguage":"es"},{"@type":"Person","@id":"https:\/\/www.noticiasradioreflejos.com.ar\/2021\/#\/schema\/person\/ad82545263dcc5ec0996818884fd5fb1","name":"Arnaldo Botto","image":{"@type":"ImageObject","inLanguage":"es","@id":"https:\/\/www.noticiasradioreflejos.com.ar\/2021\/#\/schema\/person\/image\/","url":"https:\/\/secure.gravatar.com\/avatar\/55cb5e37c1efa326397366e6974cb338056df65cb50e7d64d1cf314e87504837?s=96&d=mm&r=g","contentUrl":"https:\/\/secure.gravatar.com\/avatar\/55cb5e37c1efa326397366e6974cb338056df65cb50e7d64d1cf314e87504837?s=96&d=mm&r=g","caption":"Arnaldo Botto"},"url":"https:\/\/www.noticiasradioreflejos.com.ar\/2021\/author\/arnaldo\/"}]}},"_links":{"self":[{"href":"https:\/\/www.noticiasradioreflejos.com.ar\/2021\/wp-json\/wp\/v2\/posts\/115886","targetHints":{"allow":["GET"]}}],"collection":[{"href":"https:\/\/www.noticiasradioreflejos.com.ar\/2021\/wp-json\/wp\/v2\/posts"}],"about":[{"href":"https:\/\/www.noticiasradioreflejos.com.ar\/2021\/wp-json\/wp\/v2\/types\/post"}],"author":[{"embeddable":true,"href":"https:\/\/www.noticiasradioreflejos.com.ar\/2021\/wp-json\/wp\/v2\/users\/3"}],"replies":[{"embeddable":true,"href":"https:\/\/www.noticiasradioreflejos.com.ar\/2021\/wp-json\/wp\/v2\/comments?post=115886"}],"version-history":[{"count":1,"href":"https:\/\/www.noticiasradioreflejos.com.ar\/2021\/wp-json\/wp\/v2\/posts\/115886\/revisions"}],"predecessor-version":[{"id":115888,"href":"https:\/\/www.noticiasradioreflejos.com.ar\/2021\/wp-json\/wp\/v2\/posts\/115886\/revisions\/115888"}],"wp:featuredmedia":[{"embeddable":true,"href":"https:\/\/www.noticiasradioreflejos.com.ar\/2021\/wp-json\/wp\/v2\/media\/115887"}],"wp:attachment":[{"href":"https:\/\/www.noticiasradioreflejos.com.ar\/2021\/wp-json\/wp\/v2\/media?parent=115886"}],"wp:term":[{"taxonomy":"category","embeddable":true,"href":"https:\/\/www.noticiasradioreflejos.com.ar\/2021\/wp-json\/wp\/v2\/categories?post=115886"},{"taxonomy":"post_tag","embeddable":true,"href":"https:\/\/www.noticiasradioreflejos.com.ar\/2021\/wp-json\/wp\/v2\/tags?post=115886"}],"curies":[{"name":"wp","href":"https:\/\/api.w.org\/{rel}","templated":true}]}}