{"id":11588,"date":"2017-06-24T11:29:21","date_gmt":"2017-06-24T14:29:21","guid":{"rendered":"http:\/\/www.noticiasradioreflejos.com.ar\/noticias\/?p=11588"},"modified":"2017-06-24T11:29:21","modified_gmt":"2017-06-24T14:29:21","slug":"unidad-ciudafadna-para-volver-a-tener-futuro","status":"publish","type":"post","link":"https:\/\/www.noticiasradioreflejos.com.ar\/2021\/unidad-ciudafadna-para-volver-a-tener-futuro\/","title":{"rendered":"&quot;Unidad Ciudadana&quot; Para volver a tener futuro."},"content":{"rendered":"<p><a href=\"http:\/\/www.noticiasradioreflejos.com.ar\/noticias\/wp-content\/uploads\/2017\/06\/Presentaci\u00f3n1.jpg\"><img loading=\"lazy\" decoding=\"async\" class=\"alignleft size-full wp-image-11589\" src=\"http:\/\/www.noticiasradioreflejos.com.ar\/noticias\/wp-content\/uploads\/2017\/06\/Presentaci\u00f3n1.jpg\" alt=\"Presentaci\u00f3n1\" width=\"960\" height=\"720\" \/><\/a>Nos convoca la patria. Nos convocan la cruda realidad social que padecemos y la palabra y el compromiso de Cristina que nos llama a organizarnos y a ser parte de un movimiento pol\u00edtico donde lo importante es el pueblo, donde lo importante son los que sufren, los que necesitan, los comerciantes que tienen que levantar la persiana todos los d\u00edas, los empresarios que tienen que dar trabajo y poder pagar salarios.<!--more--><br \/>\nY nosotros decimos presente asumiendo la responsabilidad de no permanecer indiferentes antes el avance de la crueldad del modelo neoliberal que condena a nuestro pueblo a la desocupaci\u00f3n, el hambre, la desesperanza.<br \/>\nNo hace demasiado tiempo \u00e9ramos un pa\u00eds en marcha hacia un desarrollo \u00f3ptimo, desendeudado, con la gente trabajando, estudiando, investigando, viajando, consumiendo, so\u00f1ando que el ma\u00f1ana pod\u00eda ser a\u00fan mejor. El estado, al servicio del bien com\u00fan y de la ampliaci\u00f3n de derechos en todos los aspectos de la vida, concret\u00e1bamos cada d\u00eda un orden social m\u00e1s justo, m\u00e1s equitativo, m\u00e1s inclusivo.<br \/>\nEn apenas un a\u00f1o y medio hemos perdido casi todo.<br \/>\nDecimos presente y con compa\u00f1eros peronistas, socialistas, radicales, independientes, construimos la lista de Unidad Ciudadana en el distrito de Tornquist, para seguir trabajando del mismo modo que lo venimos haciendo desde el momento en que nos constituimos en Frente Popular \u201c25 de febrero\u201d y es esta conducta que ya demostramos la que tendr\u00e1 derecho a exigirnos el vecino que decida elegirnos.<br \/>\nEl pueblo argentino est\u00e1 parado expectante frente a la oportunidad hist\u00f3rica de derrotar a este proyecto antinacional que aparta al estado del cumplimiento de sus funciones esenciales y sabe que tiene la llave que abrir\u00e1 las puertas de la inclusi\u00f3n social, de la regulaci\u00f3n de la econom\u00eda, de la defensa de la independencia econ\u00f3mica y la soberan\u00eda pol\u00edtica, territorial, energ\u00e9tica y comunicacional de la naci\u00f3n.<br \/>\nDecimos presente con la convicci\u00f3n de que unidos vamos a retomar el rumbo perdido y construiremos un mejor futuro para todos los vecinos de nuestro distrito, de nuestra provincia y de nuestra querida Patria, porque seremos capaces de unir voluntades y energ\u00eda para \u201ctomar en nuestras manos los hilos de los destinos que cambian rumbos y cursos como lo han hecho todos los pueblos desde viejos tiempos\u00bb.<\/p>\n","protected":false},"excerpt":{"rendered":"<p>Nos convoca la patria. Nos convocan la cruda realidad social que padecemos y la palabra y el compromiso de Cristina que nos llama a organizarnos y a ser parte de un movimiento pol\u00edtico donde lo importante es el pueblo, donde lo importante son los que sufren, los que necesitan, los comerciantes que tienen que levantar [&hellip;]<\/p>\n","protected":false},"author":3,"featured_media":0,"comment_status":"closed","ping_status":"open","sticky":false,"template":"","format":"standard","meta":{"footnotes":""},"categories":[24],"tags":[],"class_list":["post-11588","post","type-post","status-publish","format-standard","hentry","category-politica"],"yoast_head":"<!-- This site is optimized with the Yoast SEO plugin v25.9 - https:\/\/yoast.com\/wordpress\/plugins\/seo\/ -->\n<title>&quot;Unidad Ciudadana&quot; Para volver a tener futuro. - Noticias Radio Reflejos<\/title>\n<meta name=\"robots\" content=\"index, follow, max-snippet:-1, max-image-preview:large, max-video-preview:-1\" \/>\n<link rel=\"canonical\" href=\"https:\/\/www.noticiasradioreflejos.com.ar\/2021\/unidad-ciudafadna-para-volver-a-tener-futuro\/\" \/>\n<meta property=\"og:locale\" content=\"es_ES\" \/>\n<meta property=\"og:type\" content=\"article\" \/>\n<meta property=\"og:title\" content=\"&quot;Unidad Ciudadana&quot; Para volver a tener futuro. - Noticias Radio Reflejos\" \/>\n<meta property=\"og:description\" content=\"Nos convoca la patria. Nos convocan la cruda realidad social que padecemos y la palabra y el compromiso de Cristina que nos llama a organizarnos y a ser parte de un movimiento pol\u00edtico donde lo importante es el pueblo, donde lo importante son los que sufren, los que necesitan, los comerciantes que tienen que levantar [&hellip;]\" \/>\n<meta property=\"og:url\" content=\"https:\/\/www.noticiasradioreflejos.com.ar\/2021\/unidad-ciudafadna-para-volver-a-tener-futuro\/\" \/>\n<meta property=\"og:site_name\" content=\"Noticias Radio Reflejos\" \/>\n<meta property=\"article:published_time\" content=\"2017-06-24T14:29:21+00:00\" \/>\n<meta property=\"og:image\" content=\"https:\/\/www.noticiasradioreflejos.com.ar\/2021\/wp-content\/uploads\/2021\/07\/logosol300x200.png\" \/>\n\t<meta property=\"og:image:width\" content=\"300\" \/>\n\t<meta property=\"og:image:height\" content=\"200\" \/>\n\t<meta property=\"og:image:type\" content=\"image\/png\" \/>\n<meta name=\"author\" content=\"Arnaldo Botto\" \/>\n<meta name=\"twitter:card\" content=\"summary_large_image\" \/>\n<script type=\"application\/ld+json\" class=\"yoast-schema-graph\">{\"@context\":\"https:\/\/schema.org\",\"@graph\":[{\"@type\":\"WebPage\",\"@id\":\"https:\/\/www.noticiasradioreflejos.com.ar\/2021\/unidad-ciudafadna-para-volver-a-tener-futuro\/\",\"url\":\"https:\/\/www.noticiasradioreflejos.com.ar\/2021\/unidad-ciudafadna-para-volver-a-tener-futuro\/\",\"name\":\"&quot;Unidad Ciudadana&quot; Para volver a tener futuro. - Noticias Radio Reflejos\",\"isPartOf\":{\"@id\":\"https:\/\/www.noticiasradioreflejos.com.ar\/2021\/#website\"},\"datePublished\":\"2017-06-24T14:29:21+00:00\",\"author\":{\"@id\":\"https:\/\/www.noticiasradioreflejos.com.ar\/2021\/#\/schema\/person\/ad82545263dcc5ec0996818884fd5fb1\"},\"breadcrumb\":{\"@id\":\"https:\/\/www.noticiasradioreflejos.com.ar\/2021\/unidad-ciudafadna-para-volver-a-tener-futuro\/#breadcrumb\"},\"inLanguage\":\"es\",\"potentialAction\":[{\"@type\":\"ReadAction\",\"target\":[\"https:\/\/www.noticiasradioreflejos.com.ar\/2021\/unidad-ciudafadna-para-volver-a-tener-futuro\/\"]}]},{\"@type\":\"BreadcrumbList\",\"@id\":\"https:\/\/www.noticiasradioreflejos.com.ar\/2021\/unidad-ciudafadna-para-volver-a-tener-futuro\/#breadcrumb\",\"itemListElement\":[{\"@type\":\"ListItem\",\"position\":1,\"name\":\"Portada\",\"item\":\"https:\/\/www.noticiasradioreflejos.com.ar\/2021\/\"},{\"@type\":\"ListItem\",\"position\":2,\"name\":\"&quot;Unidad Ciudadana&quot; Para volver a tener futuro.\"}]},{\"@type\":\"WebSite\",\"@id\":\"https:\/\/www.noticiasradioreflejos.com.ar\/2021\/#website\",\"url\":\"https:\/\/www.noticiasradioreflejos.com.ar\/2021\/\",\"name\":\"Noticias Radio Reflejos\",\"description\":\"Las noticias de mi comarca\",\"potentialAction\":[{\"@type\":\"SearchAction\",\"target\":{\"@type\":\"EntryPoint\",\"urlTemplate\":\"https:\/\/www.noticiasradioreflejos.com.ar\/2021\/?s={search_term_string}\"},\"query-input\":{\"@type\":\"PropertyValueSpecification\",\"valueRequired\":true,\"valueName\":\"search_term_string\"}}],\"inLanguage\":\"es\"},{\"@type\":\"Person\",\"@id\":\"https:\/\/www.noticiasradioreflejos.com.ar\/2021\/#\/schema\/person\/ad82545263dcc5ec0996818884fd5fb1\",\"name\":\"Arnaldo Botto\",\"image\":{\"@type\":\"ImageObject\",\"inLanguage\":\"es\",\"@id\":\"https:\/\/www.noticiasradioreflejos.com.ar\/2021\/#\/schema\/person\/image\/\",\"url\":\"https:\/\/secure.gravatar.com\/avatar\/55cb5e37c1efa326397366e6974cb338056df65cb50e7d64d1cf314e87504837?s=96&d=mm&r=g\",\"contentUrl\":\"https:\/\/secure.gravatar.com\/avatar\/55cb5e37c1efa326397366e6974cb338056df65cb50e7d64d1cf314e87504837?s=96&d=mm&r=g\",\"caption\":\"Arnaldo Botto\"},\"url\":\"https:\/\/www.noticiasradioreflejos.com.ar\/2021\/author\/arnaldo\/\"}]}<\/script>\n<!-- \/ Yoast SEO plugin. -->","yoast_head_json":{"title":"&quot;Unidad Ciudadana&quot; Para volver a tener futuro. - Noticias Radio Reflejos","robots":{"index":"index","follow":"follow","max-snippet":"max-snippet:-1","max-image-preview":"max-image-preview:large","max-video-preview":"max-video-preview:-1"},"canonical":"https:\/\/www.noticiasradioreflejos.com.ar\/2021\/unidad-ciudafadna-para-volver-a-tener-futuro\/","og_locale":"es_ES","og_type":"article","og_title":"&quot;Unidad Ciudadana&quot; Para volver a tener futuro. - Noticias Radio Reflejos","og_description":"Nos convoca la patria. Nos convocan la cruda realidad social que padecemos y la palabra y el compromiso de Cristina que nos llama a organizarnos y a ser parte de un movimiento pol\u00edtico donde lo importante es el pueblo, donde lo importante son los que sufren, los que necesitan, los comerciantes que tienen que levantar [&hellip;]","og_url":"https:\/\/www.noticiasradioreflejos.com.ar\/2021\/unidad-ciudafadna-para-volver-a-tener-futuro\/","og_site_name":"Noticias Radio Reflejos","article_published_time":"2017-06-24T14:29:21+00:00","og_image":[{"width":300,"height":200,"url":"https:\/\/www.noticiasradioreflejos.com.ar\/2021\/wp-content\/uploads\/2021\/07\/logosol300x200.png","type":"image\/png"}],"author":"Arnaldo Botto","twitter_card":"summary_large_image","schema":{"@context":"https:\/\/schema.org","@graph":[{"@type":"WebPage","@id":"https:\/\/www.noticiasradioreflejos.com.ar\/2021\/unidad-ciudafadna-para-volver-a-tener-futuro\/","url":"https:\/\/www.noticiasradioreflejos.com.ar\/2021\/unidad-ciudafadna-para-volver-a-tener-futuro\/","name":"&quot;Unidad Ciudadana&quot; Para volver a tener futuro. - Noticias Radio Reflejos","isPartOf":{"@id":"https:\/\/www.noticiasradioreflejos.com.ar\/2021\/#website"},"datePublished":"2017-06-24T14:29:21+00:00","author":{"@id":"https:\/\/www.noticiasradioreflejos.com.ar\/2021\/#\/schema\/person\/ad82545263dcc5ec0996818884fd5fb1"},"breadcrumb":{"@id":"https:\/\/www.noticiasradioreflejos.com.ar\/2021\/unidad-ciudafadna-para-volver-a-tener-futuro\/#breadcrumb"},"inLanguage":"es","potentialAction":[{"@type":"ReadAction","target":["https:\/\/www.noticiasradioreflejos.com.ar\/2021\/unidad-ciudafadna-para-volver-a-tener-futuro\/"]}]},{"@type":"BreadcrumbList","@id":"https:\/\/www.noticiasradioreflejos.com.ar\/2021\/unidad-ciudafadna-para-volver-a-tener-futuro\/#breadcrumb","itemListElement":[{"@type":"ListItem","position":1,"name":"Portada","item":"https:\/\/www.noticiasradioreflejos.com.ar\/2021\/"},{"@type":"ListItem","position":2,"name":"&quot;Unidad Ciudadana&quot; Para volver a tener futuro."}]},{"@type":"WebSite","@id":"https:\/\/www.noticiasradioreflejos.com.ar\/2021\/#website","url":"https:\/\/www.noticiasradioreflejos.com.ar\/2021\/","name":"Noticias Radio Reflejos","description":"Las noticias de mi comarca","potentialAction":[{"@type":"SearchAction","target":{"@type":"EntryPoint","urlTemplate":"https:\/\/www.noticiasradioreflejos.com.ar\/2021\/?s={search_term_string}"},"query-input":{"@type":"PropertyValueSpecification","valueRequired":true,"valueName":"search_term_string"}}],"inLanguage":"es"},{"@type":"Person","@id":"https:\/\/www.noticiasradioreflejos.com.ar\/2021\/#\/schema\/person\/ad82545263dcc5ec0996818884fd5fb1","name":"Arnaldo Botto","image":{"@type":"ImageObject","inLanguage":"es","@id":"https:\/\/www.noticiasradioreflejos.com.ar\/2021\/#\/schema\/person\/image\/","url":"https:\/\/secure.gravatar.com\/avatar\/55cb5e37c1efa326397366e6974cb338056df65cb50e7d64d1cf314e87504837?s=96&d=mm&r=g","contentUrl":"https:\/\/secure.gravatar.com\/avatar\/55cb5e37c1efa326397366e6974cb338056df65cb50e7d64d1cf314e87504837?s=96&d=mm&r=g","caption":"Arnaldo Botto"},"url":"https:\/\/www.noticiasradioreflejos.com.ar\/2021\/author\/arnaldo\/"}]}},"_links":{"self":[{"href":"https:\/\/www.noticiasradioreflejos.com.ar\/2021\/wp-json\/wp\/v2\/posts\/11588","targetHints":{"allow":["GET"]}}],"collection":[{"href":"https:\/\/www.noticiasradioreflejos.com.ar\/2021\/wp-json\/wp\/v2\/posts"}],"about":[{"href":"https:\/\/www.noticiasradioreflejos.com.ar\/2021\/wp-json\/wp\/v2\/types\/post"}],"author":[{"embeddable":true,"href":"https:\/\/www.noticiasradioreflejos.com.ar\/2021\/wp-json\/wp\/v2\/users\/3"}],"replies":[{"embeddable":true,"href":"https:\/\/www.noticiasradioreflejos.com.ar\/2021\/wp-json\/wp\/v2\/comments?post=11588"}],"version-history":[{"count":0,"href":"https:\/\/www.noticiasradioreflejos.com.ar\/2021\/wp-json\/wp\/v2\/posts\/11588\/revisions"}],"wp:attachment":[{"href":"https:\/\/www.noticiasradioreflejos.com.ar\/2021\/wp-json\/wp\/v2\/media?parent=11588"}],"wp:term":[{"taxonomy":"category","embeddable":true,"href":"https:\/\/www.noticiasradioreflejos.com.ar\/2021\/wp-json\/wp\/v2\/categories?post=11588"},{"taxonomy":"post_tag","embeddable":true,"href":"https:\/\/www.noticiasradioreflejos.com.ar\/2021\/wp-json\/wp\/v2\/tags?post=11588"}],"curies":[{"name":"wp","href":"https:\/\/api.w.org\/{rel}","templated":true}]}}