{"id":11579,"date":"2017-06-23T17:00:51","date_gmt":"2017-06-23T20:00:51","guid":{"rendered":"http:\/\/www.noticiasradioreflejos.com.ar\/noticias\/?p=11579"},"modified":"2017-06-23T17:00:51","modified_gmt":"2017-06-23T20:00:51","slug":"los-docentes-bonaerenses-definen-plan-de-lucha","status":"publish","type":"post","link":"https:\/\/www.noticiasradioreflejos.com.ar\/2021\/los-docentes-bonaerenses-definen-plan-de-lucha\/","title":{"rendered":"Los docentes Bonaerenses definen plan de lucha."},"content":{"rendered":"<p>El Frente de Unidad Docente Bonaerense, reunido en el d\u00eda de la fecha, expresa que ante la falta de respuestas del Gobierno Provincial, la semana pr\u00f3xima debatir\u00e1 con todos los Docentes bonaerenses, a trav\u00e9s de reuniones de Delegados, asambleas y Congresos, la continuidad del plan de lucha. Las mismas incluyen paros, movilizaciones, jornadas de protesta, campa\u00f1as de denuncia, etc.<!--more--><br \/>\nAnte la incapacidad del Gobierno de la provincia de Buenos Aires de resolver no s\u00f3lo la situaci\u00f3n salarial sino de condiciones de trabajo de los Docentes, la Gobernadora Mar\u00eda Eugenia Vidal y el Director General de Cultura y Educaci\u00f3n, Alejandro Finocchiaro, han demostrado su desprecio y maltrato a los Docentes bonaerenses someti\u00e9ndolos a un congelamiento del salario durante 11 meses.<br \/>\nDesde el FUDB no vamos a permitir que avancen contra nuestros derechos como Trabajadores de la Educaci\u00f3n, que el Gobierno Provincial y sus funcionarios se hagan cargo de sus responsabilidades y den respuestas concretas a la Educaci\u00f3n bonaerense.<br \/>\nLa Plata, 23 de junio de 2017<br \/>\nAMET \u2013 FEB \u2013 SADOP \u2013 SUTEBA \u2013 UDA \u2013 UDOCBA<\/p>\n","protected":false},"excerpt":{"rendered":"<p>El Frente de Unidad Docente Bonaerense, reunido en el d\u00eda de la fecha, expresa que ante la falta de respuestas del Gobierno Provincial, la semana pr\u00f3xima debatir\u00e1 con todos los Docentes bonaerenses, a trav\u00e9s de reuniones de Delegados, asambleas y Congresos, la continuidad del plan de lucha. Las mismas incluyen paros, movilizaciones, jornadas de protesta, [&hellip;]<\/p>\n","protected":false},"author":3,"featured_media":0,"comment_status":"closed","ping_status":"open","sticky":false,"template":"","format":"standard","meta":{"footnotes":""},"categories":[34],"tags":[],"class_list":["post-11579","post","type-post","status-publish","format-standard","hentry","category-educacion"],"yoast_head":"<!-- This site is optimized with the Yoast SEO plugin v25.9 - https:\/\/yoast.com\/wordpress\/plugins\/seo\/ -->\n<title>Los docentes Bonaerenses definen plan de lucha. - Noticias Radio Reflejos<\/title>\n<meta name=\"robots\" content=\"index, follow, max-snippet:-1, max-image-preview:large, max-video-preview:-1\" \/>\n<link rel=\"canonical\" href=\"https:\/\/www.noticiasradioreflejos.com.ar\/2021\/los-docentes-bonaerenses-definen-plan-de-lucha\/\" \/>\n<meta property=\"og:locale\" content=\"es_ES\" \/>\n<meta property=\"og:type\" content=\"article\" \/>\n<meta property=\"og:title\" content=\"Los docentes Bonaerenses definen plan de lucha. - Noticias Radio Reflejos\" \/>\n<meta property=\"og:description\" content=\"El Frente de Unidad Docente Bonaerense, reunido en el d\u00eda de la fecha, expresa que ante la falta de respuestas del Gobierno Provincial, la semana pr\u00f3xima debatir\u00e1 con todos los Docentes bonaerenses, a trav\u00e9s de reuniones de Delegados, asambleas y Congresos, la continuidad del plan de lucha. Las mismas incluyen paros, movilizaciones, jornadas de protesta, [&hellip;]\" \/>\n<meta property=\"og:url\" content=\"https:\/\/www.noticiasradioreflejos.com.ar\/2021\/los-docentes-bonaerenses-definen-plan-de-lucha\/\" \/>\n<meta property=\"og:site_name\" content=\"Noticias Radio Reflejos\" \/>\n<meta property=\"article:published_time\" content=\"2017-06-23T20:00:51+00:00\" \/>\n<meta property=\"og:image\" content=\"https:\/\/www.noticiasradioreflejos.com.ar\/2021\/wp-content\/uploads\/2021\/07\/logosol300x200.png\" \/>\n\t<meta property=\"og:image:width\" content=\"300\" \/>\n\t<meta property=\"og:image:height\" content=\"200\" \/>\n\t<meta property=\"og:image:type\" content=\"image\/png\" \/>\n<meta name=\"author\" content=\"Arnaldo Botto\" \/>\n<meta name=\"twitter:card\" content=\"summary_large_image\" \/>\n<script type=\"application\/ld+json\" class=\"yoast-schema-graph\">{\"@context\":\"https:\/\/schema.org\",\"@graph\":[{\"@type\":\"WebPage\",\"@id\":\"https:\/\/www.noticiasradioreflejos.com.ar\/2021\/los-docentes-bonaerenses-definen-plan-de-lucha\/\",\"url\":\"https:\/\/www.noticiasradioreflejos.com.ar\/2021\/los-docentes-bonaerenses-definen-plan-de-lucha\/\",\"name\":\"Los docentes Bonaerenses definen plan de lucha. - Noticias Radio Reflejos\",\"isPartOf\":{\"@id\":\"https:\/\/www.noticiasradioreflejos.com.ar\/2021\/#website\"},\"datePublished\":\"2017-06-23T20:00:51+00:00\",\"author\":{\"@id\":\"https:\/\/www.noticiasradioreflejos.com.ar\/2021\/#\/schema\/person\/ad82545263dcc5ec0996818884fd5fb1\"},\"breadcrumb\":{\"@id\":\"https:\/\/www.noticiasradioreflejos.com.ar\/2021\/los-docentes-bonaerenses-definen-plan-de-lucha\/#breadcrumb\"},\"inLanguage\":\"es\",\"potentialAction\":[{\"@type\":\"ReadAction\",\"target\":[\"https:\/\/www.noticiasradioreflejos.com.ar\/2021\/los-docentes-bonaerenses-definen-plan-de-lucha\/\"]}]},{\"@type\":\"BreadcrumbList\",\"@id\":\"https:\/\/www.noticiasradioreflejos.com.ar\/2021\/los-docentes-bonaerenses-definen-plan-de-lucha\/#breadcrumb\",\"itemListElement\":[{\"@type\":\"ListItem\",\"position\":1,\"name\":\"Portada\",\"item\":\"https:\/\/www.noticiasradioreflejos.com.ar\/2021\/\"},{\"@type\":\"ListItem\",\"position\":2,\"name\":\"Los docentes Bonaerenses definen plan de lucha.\"}]},{\"@type\":\"WebSite\",\"@id\":\"https:\/\/www.noticiasradioreflejos.com.ar\/2021\/#website\",\"url\":\"https:\/\/www.noticiasradioreflejos.com.ar\/2021\/\",\"name\":\"Noticias Radio Reflejos\",\"description\":\"Las noticias de mi comarca\",\"potentialAction\":[{\"@type\":\"SearchAction\",\"target\":{\"@type\":\"EntryPoint\",\"urlTemplate\":\"https:\/\/www.noticiasradioreflejos.com.ar\/2021\/?s={search_term_string}\"},\"query-input\":{\"@type\":\"PropertyValueSpecification\",\"valueRequired\":true,\"valueName\":\"search_term_string\"}}],\"inLanguage\":\"es\"},{\"@type\":\"Person\",\"@id\":\"https:\/\/www.noticiasradioreflejos.com.ar\/2021\/#\/schema\/person\/ad82545263dcc5ec0996818884fd5fb1\",\"name\":\"Arnaldo Botto\",\"image\":{\"@type\":\"ImageObject\",\"inLanguage\":\"es\",\"@id\":\"https:\/\/www.noticiasradioreflejos.com.ar\/2021\/#\/schema\/person\/image\/\",\"url\":\"https:\/\/secure.gravatar.com\/avatar\/55cb5e37c1efa326397366e6974cb338056df65cb50e7d64d1cf314e87504837?s=96&d=mm&r=g\",\"contentUrl\":\"https:\/\/secure.gravatar.com\/avatar\/55cb5e37c1efa326397366e6974cb338056df65cb50e7d64d1cf314e87504837?s=96&d=mm&r=g\",\"caption\":\"Arnaldo Botto\"},\"url\":\"https:\/\/www.noticiasradioreflejos.com.ar\/2021\/author\/arnaldo\/\"}]}<\/script>\n<!-- \/ Yoast SEO plugin. -->","yoast_head_json":{"title":"Los docentes Bonaerenses definen plan de lucha. - Noticias Radio Reflejos","robots":{"index":"index","follow":"follow","max-snippet":"max-snippet:-1","max-image-preview":"max-image-preview:large","max-video-preview":"max-video-preview:-1"},"canonical":"https:\/\/www.noticiasradioreflejos.com.ar\/2021\/los-docentes-bonaerenses-definen-plan-de-lucha\/","og_locale":"es_ES","og_type":"article","og_title":"Los docentes Bonaerenses definen plan de lucha. - Noticias Radio Reflejos","og_description":"El Frente de Unidad Docente Bonaerense, reunido en el d\u00eda de la fecha, expresa que ante la falta de respuestas del Gobierno Provincial, la semana pr\u00f3xima debatir\u00e1 con todos los Docentes bonaerenses, a trav\u00e9s de reuniones de Delegados, asambleas y Congresos, la continuidad del plan de lucha. Las mismas incluyen paros, movilizaciones, jornadas de protesta, [&hellip;]","og_url":"https:\/\/www.noticiasradioreflejos.com.ar\/2021\/los-docentes-bonaerenses-definen-plan-de-lucha\/","og_site_name":"Noticias Radio Reflejos","article_published_time":"2017-06-23T20:00:51+00:00","og_image":[{"width":300,"height":200,"url":"https:\/\/www.noticiasradioreflejos.com.ar\/2021\/wp-content\/uploads\/2021\/07\/logosol300x200.png","type":"image\/png"}],"author":"Arnaldo Botto","twitter_card":"summary_large_image","schema":{"@context":"https:\/\/schema.org","@graph":[{"@type":"WebPage","@id":"https:\/\/www.noticiasradioreflejos.com.ar\/2021\/los-docentes-bonaerenses-definen-plan-de-lucha\/","url":"https:\/\/www.noticiasradioreflejos.com.ar\/2021\/los-docentes-bonaerenses-definen-plan-de-lucha\/","name":"Los docentes Bonaerenses definen plan de lucha. - Noticias Radio Reflejos","isPartOf":{"@id":"https:\/\/www.noticiasradioreflejos.com.ar\/2021\/#website"},"datePublished":"2017-06-23T20:00:51+00:00","author":{"@id":"https:\/\/www.noticiasradioreflejos.com.ar\/2021\/#\/schema\/person\/ad82545263dcc5ec0996818884fd5fb1"},"breadcrumb":{"@id":"https:\/\/www.noticiasradioreflejos.com.ar\/2021\/los-docentes-bonaerenses-definen-plan-de-lucha\/#breadcrumb"},"inLanguage":"es","potentialAction":[{"@type":"ReadAction","target":["https:\/\/www.noticiasradioreflejos.com.ar\/2021\/los-docentes-bonaerenses-definen-plan-de-lucha\/"]}]},{"@type":"BreadcrumbList","@id":"https:\/\/www.noticiasradioreflejos.com.ar\/2021\/los-docentes-bonaerenses-definen-plan-de-lucha\/#breadcrumb","itemListElement":[{"@type":"ListItem","position":1,"name":"Portada","item":"https:\/\/www.noticiasradioreflejos.com.ar\/2021\/"},{"@type":"ListItem","position":2,"name":"Los docentes Bonaerenses definen plan de lucha."}]},{"@type":"WebSite","@id":"https:\/\/www.noticiasradioreflejos.com.ar\/2021\/#website","url":"https:\/\/www.noticiasradioreflejos.com.ar\/2021\/","name":"Noticias Radio Reflejos","description":"Las noticias de mi comarca","potentialAction":[{"@type":"SearchAction","target":{"@type":"EntryPoint","urlTemplate":"https:\/\/www.noticiasradioreflejos.com.ar\/2021\/?s={search_term_string}"},"query-input":{"@type":"PropertyValueSpecification","valueRequired":true,"valueName":"search_term_string"}}],"inLanguage":"es"},{"@type":"Person","@id":"https:\/\/www.noticiasradioreflejos.com.ar\/2021\/#\/schema\/person\/ad82545263dcc5ec0996818884fd5fb1","name":"Arnaldo Botto","image":{"@type":"ImageObject","inLanguage":"es","@id":"https:\/\/www.noticiasradioreflejos.com.ar\/2021\/#\/schema\/person\/image\/","url":"https:\/\/secure.gravatar.com\/avatar\/55cb5e37c1efa326397366e6974cb338056df65cb50e7d64d1cf314e87504837?s=96&d=mm&r=g","contentUrl":"https:\/\/secure.gravatar.com\/avatar\/55cb5e37c1efa326397366e6974cb338056df65cb50e7d64d1cf314e87504837?s=96&d=mm&r=g","caption":"Arnaldo Botto"},"url":"https:\/\/www.noticiasradioreflejos.com.ar\/2021\/author\/arnaldo\/"}]}},"_links":{"self":[{"href":"https:\/\/www.noticiasradioreflejos.com.ar\/2021\/wp-json\/wp\/v2\/posts\/11579","targetHints":{"allow":["GET"]}}],"collection":[{"href":"https:\/\/www.noticiasradioreflejos.com.ar\/2021\/wp-json\/wp\/v2\/posts"}],"about":[{"href":"https:\/\/www.noticiasradioreflejos.com.ar\/2021\/wp-json\/wp\/v2\/types\/post"}],"author":[{"embeddable":true,"href":"https:\/\/www.noticiasradioreflejos.com.ar\/2021\/wp-json\/wp\/v2\/users\/3"}],"replies":[{"embeddable":true,"href":"https:\/\/www.noticiasradioreflejos.com.ar\/2021\/wp-json\/wp\/v2\/comments?post=11579"}],"version-history":[{"count":0,"href":"https:\/\/www.noticiasradioreflejos.com.ar\/2021\/wp-json\/wp\/v2\/posts\/11579\/revisions"}],"wp:attachment":[{"href":"https:\/\/www.noticiasradioreflejos.com.ar\/2021\/wp-json\/wp\/v2\/media?parent=11579"}],"wp:term":[{"taxonomy":"category","embeddable":true,"href":"https:\/\/www.noticiasradioreflejos.com.ar\/2021\/wp-json\/wp\/v2\/categories?post=11579"},{"taxonomy":"post_tag","embeddable":true,"href":"https:\/\/www.noticiasradioreflejos.com.ar\/2021\/wp-json\/wp\/v2\/tags?post=11579"}],"curies":[{"name":"wp","href":"https:\/\/api.w.org\/{rel}","templated":true}]}}