{"id":115789,"date":"2025-04-27T09:58:03","date_gmt":"2025-04-27T12:58:03","guid":{"rendered":"https:\/\/www.noticiasradioreflejos.com.ar\/2021\/?p=115789"},"modified":"2025-04-27T09:58:03","modified_gmt":"2025-04-27T12:58:03","slug":"villa-la-arcadia-se-realiza-este-domingo-la-colocacion-de-la-piedra-fundacional-del-museo-de-geologia","status":"publish","type":"post","link":"https:\/\/www.noticiasradioreflejos.com.ar\/2021\/villa-la-arcadia-se-realiza-este-domingo-la-colocacion-de-la-piedra-fundacional-del-museo-de-geologia\/","title":{"rendered":"Villa la Arcadia: Se realiza este domingo la colocaci\u00f3n de la  piedra fundacional del Museo de Geolog\u00eda"},"content":{"rendered":"<p>Con una ubicaci\u00f3n privilegiada en las Sierras de la Ventana, el <strong>Museo de Geolog\u00eda Dr. Horacio Harrington<\/strong> inicia su actividad para ofrecer una experiencia \u00fanica a visitantes de todas las edades.<!--more--><\/p>\n<p>Este museo de sitio, se situar\u00e1 en un cerro con vistas panor\u00e1micas al cord\u00f3n serrano, el Cerro Tres Picos y el r\u00edo Sauce Grande, es un proyecto ambicioso que busca divulgar, educar y promover el conocimiento<br \/>\ncient\u00edfico de la regi\u00f3n.<\/p>\n<p>El museo, que lleva el nombre del reconocido ge\u00f3logo Dr. Horacio Harrington, quien dedic\u00f3 gran parte de su carrera al estudio de estas sierras, cuenta con el respaldo de la Fundaci\u00f3n Habitar Bien y el apoyo de diversas instituciones cient\u00edficas, como la Universidad Nacional del Sur, la Universidad de La Plata y el Instituto de Patrimonio de la Provincia de Buenos Aires.<\/p>\n<p>&nbsp;<br \/>\n<a data-flickr-embed=\"true\" href=\"https:\/\/www.flickr.com\/photos\/182279889@N02\/54478614402\/in\/dateposted-public\/\" title=\"Museo\"><img loading=\"lazy\" decoding=\"async\" src=\"https:\/\/live.staticflickr.com\/65535\/54478614402_ecb353f375_c.jpg\" width=\"640\" height=\"800\" alt=\"Museo\"\/><\/a><script async src=\"\/\/embedr.flickr.com\/assets\/client-code.js\" charset=\"utf-8\"><\/script><br \/>\n&nbsp;<\/p>\n<p><strong>El Museo de Geolog\u00eda Dr. Horacio Harrington se va a destacar por contar con:<\/strong><\/p>\n<p><strong>Un equipo de expertos:<\/strong>\u00a0Profesionales de geolog\u00eda, paleontolog\u00eda, arqueolog\u00eda y museolog\u00eda, con m\u00e1s de 30 a\u00f1os de experiencia, trabajan en conjunto desde hace 3 a\u00f1os para ofrecer una propuesta cient\u00edfica y educativa de alta calidad.<\/p>\n<p><strong>Un espacio privilegiado:<\/strong>\u00a0La ubicaci\u00f3n del museo, en un entorno natural \u00fanico, permitir\u00e1 a los visitantes conectar con la historia geol\u00f3gica y cultural de la regi\u00f3n.<\/p>\n<p><strong>Una colecci\u00f3n invaluable:<\/strong>\u00a0F\u00f3siles de invertebrados marinos y Flora de periodo p\u00e9rmico, f\u00f3siles de mega mam\u00edferos, rocas, minerales y material arqueol\u00f3gico conforman una colecci\u00f3n completa y diversa.<\/p>\n<p><strong>Un patrimonio arqueol\u00f3gico rico:\u00a0\u00a0<\/strong>El museo resguarda y estudia 350 sitios arqueol\u00f3gicos, incluyendo cuevas, pinturas rupestres y sitios simb\u00f3licos, con antig\u00fcedades que datan de hace 15.000 a\u00f1os.<\/p>\n<p><strong>Reconocimiento institucional:\u00a0\u00a0<\/strong>El proyecto ha sido declarado de Inter\u00e9s Municipal y Cultural por el Consejo Deliberante de Coronel Su\u00e1rez, y cuenta con el aval para la creaci\u00f3n de un Repositorio Patrimonial Provincial y Nacional.<\/p>\n<p><strong>Compromiso con la comunidad:\u00a0\u00a0<\/strong>Vecinos de la zona donaron las tierras para la construcci\u00f3n del<br \/>\nmuseo, y la Fundaci\u00f3n Habitar Bien garantiza la transparencia legal y econ\u00f3mica del proyecto.<\/p>\n","protected":false},"excerpt":{"rendered":"<p>Con una ubicaci\u00f3n privilegiada en las Sierras de la Ventana, el Museo de Geolog\u00eda Dr. Horacio Harrington inicia su actividad para ofrecer una experiencia \u00fanica a visitantes de todas las edades.<\/p>\n","protected":false},"author":3,"featured_media":115404,"comment_status":"closed","ping_status":"closed","sticky":false,"template":"","format":"standard","meta":{"footnotes":""},"categories":[35,26],"tags":[48],"class_list":["post-115789","post","type-post","status-publish","format-standard","has-post-thumbnail","hentry","category-cultura","category-sociedad","tag-destacada"],"yoast_head":"<!-- This site is optimized with the Yoast SEO plugin v25.9 - https:\/\/yoast.com\/wordpress\/plugins\/seo\/ -->\n<title>Villa la Arcadia: Se realiza este domingo la colocaci\u00f3n de la piedra fundacional del Museo de Geolog\u00eda - Noticias Radio Reflejos<\/title>\n<meta name=\"robots\" content=\"index, follow, max-snippet:-1, max-image-preview:large, max-video-preview:-1\" \/>\n<link rel=\"canonical\" href=\"https:\/\/www.noticiasradioreflejos.com.ar\/2021\/villa-la-arcadia-se-realiza-este-domingo-la-colocacion-de-la-piedra-fundacional-del-museo-de-geologia\/\" \/>\n<meta property=\"og:locale\" content=\"es_ES\" \/>\n<meta property=\"og:type\" content=\"article\" \/>\n<meta property=\"og:title\" content=\"Villa la Arcadia: Se realiza este domingo la colocaci\u00f3n de la piedra fundacional del Museo de Geolog\u00eda - Noticias Radio Reflejos\" \/>\n<meta property=\"og:description\" content=\"Con una ubicaci\u00f3n privilegiada en las Sierras de la Ventana, el Museo de Geolog\u00eda Dr. Horacio Harrington inicia su actividad para ofrecer una experiencia \u00fanica a visitantes de todas las edades.\" \/>\n<meta property=\"og:url\" content=\"https:\/\/www.noticiasradioreflejos.com.ar\/2021\/villa-la-arcadia-se-realiza-este-domingo-la-colocacion-de-la-piedra-fundacional-del-museo-de-geologia\/\" \/>\n<meta property=\"og:site_name\" content=\"Noticias Radio Reflejos\" \/>\n<meta property=\"article:published_time\" content=\"2025-04-27T12:58:03+00:00\" \/>\n<meta property=\"og:image\" content=\"https:\/\/www.noticiasradioreflejos.com.ar\/2021\/wp-content\/uploads\/2025\/04\/Museo-H-4.jpg\" \/>\n\t<meta property=\"og:image:width\" content=\"1600\" \/>\n\t<meta property=\"og:image:height\" content=\"900\" \/>\n\t<meta property=\"og:image:type\" content=\"image\/jpeg\" \/>\n<meta name=\"author\" content=\"Arnaldo Botto\" \/>\n<meta name=\"twitter:card\" content=\"summary_large_image\" \/>\n<script type=\"application\/ld+json\" class=\"yoast-schema-graph\">{\"@context\":\"https:\/\/schema.org\",\"@graph\":[{\"@type\":\"WebPage\",\"@id\":\"https:\/\/www.noticiasradioreflejos.com.ar\/2021\/villa-la-arcadia-se-realiza-este-domingo-la-colocacion-de-la-piedra-fundacional-del-museo-de-geologia\/\",\"url\":\"https:\/\/www.noticiasradioreflejos.com.ar\/2021\/villa-la-arcadia-se-realiza-este-domingo-la-colocacion-de-la-piedra-fundacional-del-museo-de-geologia\/\",\"name\":\"Villa la Arcadia: Se realiza este domingo la colocaci\u00f3n de la piedra fundacional del Museo de Geolog\u00eda - Noticias Radio Reflejos\",\"isPartOf\":{\"@id\":\"https:\/\/www.noticiasradioreflejos.com.ar\/2021\/#website\"},\"primaryImageOfPage\":{\"@id\":\"https:\/\/www.noticiasradioreflejos.com.ar\/2021\/villa-la-arcadia-se-realiza-este-domingo-la-colocacion-de-la-piedra-fundacional-del-museo-de-geologia\/#primaryimage\"},\"image\":{\"@id\":\"https:\/\/www.noticiasradioreflejos.com.ar\/2021\/villa-la-arcadia-se-realiza-este-domingo-la-colocacion-de-la-piedra-fundacional-del-museo-de-geologia\/#primaryimage\"},\"thumbnailUrl\":\"https:\/\/www.noticiasradioreflejos.com.ar\/2021\/wp-content\/uploads\/2025\/04\/Museo-H-4.jpg\",\"datePublished\":\"2025-04-27T12:58:03+00:00\",\"author\":{\"@id\":\"https:\/\/www.noticiasradioreflejos.com.ar\/2021\/#\/schema\/person\/ad82545263dcc5ec0996818884fd5fb1\"},\"breadcrumb\":{\"@id\":\"https:\/\/www.noticiasradioreflejos.com.ar\/2021\/villa-la-arcadia-se-realiza-este-domingo-la-colocacion-de-la-piedra-fundacional-del-museo-de-geologia\/#breadcrumb\"},\"inLanguage\":\"es\",\"potentialAction\":[{\"@type\":\"ReadAction\",\"target\":[\"https:\/\/www.noticiasradioreflejos.com.ar\/2021\/villa-la-arcadia-se-realiza-este-domingo-la-colocacion-de-la-piedra-fundacional-del-museo-de-geologia\/\"]}]},{\"@type\":\"ImageObject\",\"inLanguage\":\"es\",\"@id\":\"https:\/\/www.noticiasradioreflejos.com.ar\/2021\/villa-la-arcadia-se-realiza-este-domingo-la-colocacion-de-la-piedra-fundacional-del-museo-de-geologia\/#primaryimage\",\"url\":\"https:\/\/www.noticiasradioreflejos.com.ar\/2021\/wp-content\/uploads\/2025\/04\/Museo-H-4.jpg\",\"contentUrl\":\"https:\/\/www.noticiasradioreflejos.com.ar\/2021\/wp-content\/uploads\/2025\/04\/Museo-H-4.jpg\",\"width\":1600,\"height\":900},{\"@type\":\"BreadcrumbList\",\"@id\":\"https:\/\/www.noticiasradioreflejos.com.ar\/2021\/villa-la-arcadia-se-realiza-este-domingo-la-colocacion-de-la-piedra-fundacional-del-museo-de-geologia\/#breadcrumb\",\"itemListElement\":[{\"@type\":\"ListItem\",\"position\":1,\"name\":\"Portada\",\"item\":\"https:\/\/www.noticiasradioreflejos.com.ar\/2021\/\"},{\"@type\":\"ListItem\",\"position\":2,\"name\":\"Villa la Arcadia: Se realiza este domingo la colocaci\u00f3n de la piedra fundacional del Museo de Geolog\u00eda\"}]},{\"@type\":\"WebSite\",\"@id\":\"https:\/\/www.noticiasradioreflejos.com.ar\/2021\/#website\",\"url\":\"https:\/\/www.noticiasradioreflejos.com.ar\/2021\/\",\"name\":\"Noticias Radio Reflejos\",\"description\":\"Las noticias de mi comarca\",\"potentialAction\":[{\"@type\":\"SearchAction\",\"target\":{\"@type\":\"EntryPoint\",\"urlTemplate\":\"https:\/\/www.noticiasradioreflejos.com.ar\/2021\/?s={search_term_string}\"},\"query-input\":{\"@type\":\"PropertyValueSpecification\",\"valueRequired\":true,\"valueName\":\"search_term_string\"}}],\"inLanguage\":\"es\"},{\"@type\":\"Person\",\"@id\":\"https:\/\/www.noticiasradioreflejos.com.ar\/2021\/#\/schema\/person\/ad82545263dcc5ec0996818884fd5fb1\",\"name\":\"Arnaldo Botto\",\"image\":{\"@type\":\"ImageObject\",\"inLanguage\":\"es\",\"@id\":\"https:\/\/www.noticiasradioreflejos.com.ar\/2021\/#\/schema\/person\/image\/\",\"url\":\"https:\/\/secure.gravatar.com\/avatar\/55cb5e37c1efa326397366e6974cb338056df65cb50e7d64d1cf314e87504837?s=96&d=mm&r=g\",\"contentUrl\":\"https:\/\/secure.gravatar.com\/avatar\/55cb5e37c1efa326397366e6974cb338056df65cb50e7d64d1cf314e87504837?s=96&d=mm&r=g\",\"caption\":\"Arnaldo Botto\"},\"url\":\"https:\/\/www.noticiasradioreflejos.com.ar\/2021\/author\/arnaldo\/\"}]}<\/script>\n<!-- \/ Yoast SEO plugin. -->","yoast_head_json":{"title":"Villa la Arcadia: Se realiza este domingo la colocaci\u00f3n de la piedra fundacional del Museo de Geolog\u00eda - Noticias Radio Reflejos","robots":{"index":"index","follow":"follow","max-snippet":"max-snippet:-1","max-image-preview":"max-image-preview:large","max-video-preview":"max-video-preview:-1"},"canonical":"https:\/\/www.noticiasradioreflejos.com.ar\/2021\/villa-la-arcadia-se-realiza-este-domingo-la-colocacion-de-la-piedra-fundacional-del-museo-de-geologia\/","og_locale":"es_ES","og_type":"article","og_title":"Villa la Arcadia: Se realiza este domingo la colocaci\u00f3n de la piedra fundacional del Museo de Geolog\u00eda - Noticias Radio Reflejos","og_description":"Con una ubicaci\u00f3n privilegiada en las Sierras de la Ventana, el Museo de Geolog\u00eda Dr. Horacio Harrington inicia su actividad para ofrecer una experiencia \u00fanica a visitantes de todas las edades.","og_url":"https:\/\/www.noticiasradioreflejos.com.ar\/2021\/villa-la-arcadia-se-realiza-este-domingo-la-colocacion-de-la-piedra-fundacional-del-museo-de-geologia\/","og_site_name":"Noticias Radio Reflejos","article_published_time":"2025-04-27T12:58:03+00:00","og_image":[{"width":1600,"height":900,"url":"https:\/\/www.noticiasradioreflejos.com.ar\/2021\/wp-content\/uploads\/2025\/04\/Museo-H-4.jpg","type":"image\/jpeg"}],"author":"Arnaldo Botto","twitter_card":"summary_large_image","schema":{"@context":"https:\/\/schema.org","@graph":[{"@type":"WebPage","@id":"https:\/\/www.noticiasradioreflejos.com.ar\/2021\/villa-la-arcadia-se-realiza-este-domingo-la-colocacion-de-la-piedra-fundacional-del-museo-de-geologia\/","url":"https:\/\/www.noticiasradioreflejos.com.ar\/2021\/villa-la-arcadia-se-realiza-este-domingo-la-colocacion-de-la-piedra-fundacional-del-museo-de-geologia\/","name":"Villa la Arcadia: Se realiza este domingo la colocaci\u00f3n de la piedra fundacional del Museo de Geolog\u00eda - Noticias Radio Reflejos","isPartOf":{"@id":"https:\/\/www.noticiasradioreflejos.com.ar\/2021\/#website"},"primaryImageOfPage":{"@id":"https:\/\/www.noticiasradioreflejos.com.ar\/2021\/villa-la-arcadia-se-realiza-este-domingo-la-colocacion-de-la-piedra-fundacional-del-museo-de-geologia\/#primaryimage"},"image":{"@id":"https:\/\/www.noticiasradioreflejos.com.ar\/2021\/villa-la-arcadia-se-realiza-este-domingo-la-colocacion-de-la-piedra-fundacional-del-museo-de-geologia\/#primaryimage"},"thumbnailUrl":"https:\/\/www.noticiasradioreflejos.com.ar\/2021\/wp-content\/uploads\/2025\/04\/Museo-H-4.jpg","datePublished":"2025-04-27T12:58:03+00:00","author":{"@id":"https:\/\/www.noticiasradioreflejos.com.ar\/2021\/#\/schema\/person\/ad82545263dcc5ec0996818884fd5fb1"},"breadcrumb":{"@id":"https:\/\/www.noticiasradioreflejos.com.ar\/2021\/villa-la-arcadia-se-realiza-este-domingo-la-colocacion-de-la-piedra-fundacional-del-museo-de-geologia\/#breadcrumb"},"inLanguage":"es","potentialAction":[{"@type":"ReadAction","target":["https:\/\/www.noticiasradioreflejos.com.ar\/2021\/villa-la-arcadia-se-realiza-este-domingo-la-colocacion-de-la-piedra-fundacional-del-museo-de-geologia\/"]}]},{"@type":"ImageObject","inLanguage":"es","@id":"https:\/\/www.noticiasradioreflejos.com.ar\/2021\/villa-la-arcadia-se-realiza-este-domingo-la-colocacion-de-la-piedra-fundacional-del-museo-de-geologia\/#primaryimage","url":"https:\/\/www.noticiasradioreflejos.com.ar\/2021\/wp-content\/uploads\/2025\/04\/Museo-H-4.jpg","contentUrl":"https:\/\/www.noticiasradioreflejos.com.ar\/2021\/wp-content\/uploads\/2025\/04\/Museo-H-4.jpg","width":1600,"height":900},{"@type":"BreadcrumbList","@id":"https:\/\/www.noticiasradioreflejos.com.ar\/2021\/villa-la-arcadia-se-realiza-este-domingo-la-colocacion-de-la-piedra-fundacional-del-museo-de-geologia\/#breadcrumb","itemListElement":[{"@type":"ListItem","position":1,"name":"Portada","item":"https:\/\/www.noticiasradioreflejos.com.ar\/2021\/"},{"@type":"ListItem","position":2,"name":"Villa la Arcadia: Se realiza este domingo la colocaci\u00f3n de la piedra fundacional del Museo de Geolog\u00eda"}]},{"@type":"WebSite","@id":"https:\/\/www.noticiasradioreflejos.com.ar\/2021\/#website","url":"https:\/\/www.noticiasradioreflejos.com.ar\/2021\/","name":"Noticias Radio Reflejos","description":"Las noticias de mi comarca","potentialAction":[{"@type":"SearchAction","target":{"@type":"EntryPoint","urlTemplate":"https:\/\/www.noticiasradioreflejos.com.ar\/2021\/?s={search_term_string}"},"query-input":{"@type":"PropertyValueSpecification","valueRequired":true,"valueName":"search_term_string"}}],"inLanguage":"es"},{"@type":"Person","@id":"https:\/\/www.noticiasradioreflejos.com.ar\/2021\/#\/schema\/person\/ad82545263dcc5ec0996818884fd5fb1","name":"Arnaldo Botto","image":{"@type":"ImageObject","inLanguage":"es","@id":"https:\/\/www.noticiasradioreflejos.com.ar\/2021\/#\/schema\/person\/image\/","url":"https:\/\/secure.gravatar.com\/avatar\/55cb5e37c1efa326397366e6974cb338056df65cb50e7d64d1cf314e87504837?s=96&d=mm&r=g","contentUrl":"https:\/\/secure.gravatar.com\/avatar\/55cb5e37c1efa326397366e6974cb338056df65cb50e7d64d1cf314e87504837?s=96&d=mm&r=g","caption":"Arnaldo Botto"},"url":"https:\/\/www.noticiasradioreflejos.com.ar\/2021\/author\/arnaldo\/"}]}},"_links":{"self":[{"href":"https:\/\/www.noticiasradioreflejos.com.ar\/2021\/wp-json\/wp\/v2\/posts\/115789","targetHints":{"allow":["GET"]}}],"collection":[{"href":"https:\/\/www.noticiasradioreflejos.com.ar\/2021\/wp-json\/wp\/v2\/posts"}],"about":[{"href":"https:\/\/www.noticiasradioreflejos.com.ar\/2021\/wp-json\/wp\/v2\/types\/post"}],"author":[{"embeddable":true,"href":"https:\/\/www.noticiasradioreflejos.com.ar\/2021\/wp-json\/wp\/v2\/users\/3"}],"replies":[{"embeddable":true,"href":"https:\/\/www.noticiasradioreflejos.com.ar\/2021\/wp-json\/wp\/v2\/comments?post=115789"}],"version-history":[{"count":1,"href":"https:\/\/www.noticiasradioreflejos.com.ar\/2021\/wp-json\/wp\/v2\/posts\/115789\/revisions"}],"predecessor-version":[{"id":115790,"href":"https:\/\/www.noticiasradioreflejos.com.ar\/2021\/wp-json\/wp\/v2\/posts\/115789\/revisions\/115790"}],"wp:featuredmedia":[{"embeddable":true,"href":"https:\/\/www.noticiasradioreflejos.com.ar\/2021\/wp-json\/wp\/v2\/media\/115404"}],"wp:attachment":[{"href":"https:\/\/www.noticiasradioreflejos.com.ar\/2021\/wp-json\/wp\/v2\/media?parent=115789"}],"wp:term":[{"taxonomy":"category","embeddable":true,"href":"https:\/\/www.noticiasradioreflejos.com.ar\/2021\/wp-json\/wp\/v2\/categories?post=115789"},{"taxonomy":"post_tag","embeddable":true,"href":"https:\/\/www.noticiasradioreflejos.com.ar\/2021\/wp-json\/wp\/v2\/tags?post=115789"}],"curies":[{"name":"wp","href":"https:\/\/api.w.org\/{rel}","templated":true}]}}