{"id":115775,"date":"2025-04-26T08:46:04","date_gmt":"2025-04-26T11:46:04","guid":{"rendered":"https:\/\/www.noticiasradioreflejos.com.ar\/2021\/?p=115775"},"modified":"2025-04-26T08:46:04","modified_gmt":"2025-04-26T11:46:04","slug":"la-despedida-final-del-papa-miles-de-personas-en-el-funeral-de-francisco-que-busco-reivindicar-a-los-pobres-ante-los-poderosos","status":"publish","type":"post","link":"https:\/\/www.noticiasradioreflejos.com.ar\/2021\/la-despedida-final-del-papa-miles-de-personas-en-el-funeral-de-francisco-que-busco-reivindicar-a-los-pobres-ante-los-poderosos\/","title":{"rendered":"La despedida final del papa: Miles de personas en el funeral de Francisco, que busc\u00f3 reivindicar a los pobres ante los poderosos"},"content":{"rendered":"<p>Las exequias del pont\u00edfice n\u00famero 266 de la Iglesia cat\u00f3lica abarrotaron la plaza de San Pedro para una ceremonia en presencia de representantes de m\u00e1s de 160 delegaciones de todo el mundo y l\u00edderes de numerosas religiones.<!--more--><\/p>\n<p>Entre unas 200.000 personas comunes, despedido de San Pedro por los m\u00e1s poderosos del mundo, recibido en Santa Maria Maggiore por los \u00faltimos de Roma, los que menos tienen. Ese podr\u00eda ser el resumen del funeral del papa Francisco este s\u00e1bado, que ha comenzado con una ceremonia a la que asistieron casi 170 delegaciones internacionales y representantes religiosos de todas partes del mundo, entre ellos Javier Milei. En el centro de Roma, a unos seis kil\u00f3metros del Vaticano, un grupo esper\u00f3 en las escalinatas de la bas\u00edlica en la que el pont\u00edfice quiso ser enterrado: unos 40 \u2013migrantes, transexuales, presos, pobres\u2013 sosteniendo una rosa blanca en la mano. Los encargados del \u00faltimo saludo. Una vez que el f\u00e9retro atravesaba la puerta de la bas\u00edlica, las puertas se cerraban para proceder a la sepultura.<\/p>\n<p>&nbsp;<\/p>\n<p>&nbsp;<\/p>\n<div class=\"content-container col-12 col-lg-8\">\n<div class=\"c-content\">\n<div class=\"partner-wrapper opening\" data-mrf-recirculation=\"Apertura\">\n<div class=\"second-col\">\n<figure class=\"ni-figure\"><picture class=\"news-image\"><source srcset=\"https:\/\/static.eldiario.es\/clip\/8da653a1-ec04-4161-b3eb-c4430193dd57_16-9-discover-aspect-ratio_50p_0.webp\" type=\"image\/webp\" media=\"(max-width: 576px)\" \/><source srcset=\"https:\/\/static.eldiario.es\/clip\/8da653a1-ec04-4161-b3eb-c4430193dd57_16-9-discover-aspect-ratio_50p_0.jpg\" type=\"image\/jpg\" media=\"(max-width: 576px)\" \/><source srcset=\"https:\/\/static.eldiario.es\/clip\/8da653a1-ec04-4161-b3eb-c4430193dd57_16-9-discover-aspect-ratio_75p_0.webp\" type=\"image\/webp\" media=\"(max-width: 767px)\" \/><source srcset=\"https:\/\/static.eldiario.es\/clip\/8da653a1-ec04-4161-b3eb-c4430193dd57_16-9-discover-aspect-ratio_75p_0.jpg\" type=\"image\/jpg\" media=\"(max-width: 767px)\" \/><source srcset=\"https:\/\/static.eldiario.es\/clip\/8da653a1-ec04-4161-b3eb-c4430193dd57_16-9-discover-aspect-ratio_default_0.webp\" type=\"image\/webp\" \/><source srcset=\"https:\/\/static.eldiario.es\/clip\/8da653a1-ec04-4161-b3eb-c4430193dd57_16-9-discover-aspect-ratio_default_0.jpg\" type=\"image\/jpg\" \/><img decoding=\"async\" src=\"https:\/\/static.eldiario.es\/clip\/8da653a1-ec04-4161-b3eb-c4430193dd57_16-9-discover-aspect-ratio_default_0.jpg\" alt=\"Unos 200.000 fieles asistieron al funeral de Francisco este s\u00e1bado en el Vaticano.\" \/><\/picture><\/figure>\n<\/div>\n<\/div>\n<\/div>\n<\/div>\n<p><em><span class=\"title\">Unos 200.000 fieles asistieron al funeral de Francisco este s\u00e1bado en el Vaticano.\u00a0<span class=\"author\">VaticanNews<\/span><\/span><\/em><\/p>\n<div class=\"news-info\" data-mrf-recirculation=\"firma\">\n<div class=\"twitter-wrapper\"><\/div>\n<\/div>\n<div class=\"partner-wrapper article-page__body-row\">\n<div class=\"second-col\">\n<p class=\"article-text\">Unas 250.000 personas han pasado por la capilla ardiente de San Pedro en tres d\u00edas. Anoche, tras el cierre, se procedi\u00f3 a la ceremonia del cierre del ata\u00fad, en la que se ley\u00f3 un texto en lat\u00edn que hace un repaso a la vida de Jorge Mario Bergoglio hasta convertirse en el papa n\u00famero 266, y destaca algunas de sus principales acciones y sus reformas de la Curia y sus cuatro enc\u00edclicas. Adem\u00e1s, destaca su lucha contra los abusos sexuales cometidos en el seno de la Iglesia. Ese acto a puerta cerrada y del que participaron unas pocas personas cercanas y familiares fue el paso previo de las exequias de este s\u00e1bado.<\/p>\n<figure><picture class=\"news-image\"><source srcset=\"https:\/\/static.eldiario.es\/clip\/f4d7151e-37d9-4b80-bbc0-af7427af7bc6_16-9-discover-aspect-ratio_50p_0.webp\" type=\"image\/webp\" media=\"(max-width: 576px)\" \/><source srcset=\"https:\/\/static.eldiario.es\/clip\/f4d7151e-37d9-4b80-bbc0-af7427af7bc6_16-9-discover-aspect-ratio_50p_0.jpg\" type=\"image\/jpg\" media=\"(max-width: 576px)\" \/><source srcset=\"https:\/\/static.eldiario.es\/clip\/f4d7151e-37d9-4b80-bbc0-af7427af7bc6_16-9-discover-aspect-ratio_75p_0.webp\" type=\"image\/webp\" media=\"(max-width: 767px)\" \/><source srcset=\"https:\/\/static.eldiario.es\/clip\/f4d7151e-37d9-4b80-bbc0-af7427af7bc6_16-9-discover-aspect-ratio_75p_0.jpg\" type=\"image\/jpg\" media=\"(max-width: 767px)\" \/><source srcset=\"https:\/\/static.eldiario.es\/clip\/f4d7151e-37d9-4b80-bbc0-af7427af7bc6_16-9-discover-aspect-ratio_default_0.webp\" type=\"image\/webp\" media=\"(min-width: 768px)\" \/><source srcset=\"https:\/\/static.eldiario.es\/clip\/f4d7151e-37d9-4b80-bbc0-af7427af7bc6_16-9-discover-aspect-ratio_default_0.jpg\" type=\"image\/jpg\" media=\"(min-width: 768px)\" \/><source srcset=\"https:\/\/static.eldiario.es\/clip\/f4d7151e-37d9-4b80-bbc0-af7427af7bc6_16-9-discover-aspect-ratio_default_0.webp\" type=\"image\/webp\" \/><img decoding=\"async\" class=\"lazy entered loaded\" src=\"https:\/\/static.eldiario.es\/clip\/f4d7151e-37d9-4b80-bbc0-af7427af7bc6_16-9-discover-aspect-ratio_default_0.jpg\" alt=\"\" data-src=\"https:\/\/static.eldiario.es\/clip\/f4d7151e-37d9-4b80-bbc0-af7427af7bc6_16-9-discover-aspect-ratio_default_0.jpg\" data-ll-status=\"loaded\" \/><\/picture><figcaption class=\"image-footer\"><span class=\"title\">La ceremonia del cierre del ata\u00fad, en una fotograf\u00eda del Vaticano.<\/span><\/figcaption><\/figure>\n<p class=\"article-text\">Poco horas despu\u00e9s, con las primeras luces del d\u00eda, la imagen de la plaza vac\u00eda hab\u00eda desaparecido por completo. Aunque faltaban horas para el comienzo de la ceremonia, la via de la Conciliazione, el gran boulevard que conduce a San Pedro, estaba ya colapsado. Cientos de voluntarios intentaban junto con el despliegue policial contener a una muchedumbre madrugadora y nerviosa. A las siete y media, la mitad del sector central de la plaza, junto al obelisco y detr\u00e1s de las sillas de las autoridades e invitados, estaba ya completo. Los afortunados que consegu\u00edan pasar las largas filas de los controles de seguridad se lanzaban a peque\u00f1as carreras para asegurarse un puesto. Otros hac\u00edan un alto para ponerse detr\u00e1s de otra cola: la de las pocos bares abiertos en busca de un preciado y necesario caf\u00e9.<\/p>\n<p class=\"article-text\">Los m\u00e1s animados, los grupos de j\u00f3venes llegados estos d\u00edas para el Jubileo de los Adolescentes, una marea de camisetas, mochilas y pa\u00f1uelos verdes. Pero peleando por entrar en la plaza hay de todo: familias con ni\u00f1os peque\u00f1os, religiosos, romanos e italianos venidos especialmente para este evento y, por supuesto, turistas. Como Antonella y Fabi\u00e1n, dos argentinos que estaban de viaje por Italia y han decidido que este era el lugar para estar hoy: \u201cEs un momento hist\u00f3rico\u201d, justifica ella. Justo detr\u00e1s, una familia brasile\u00f1a intenta armarse de paciencia ante los constantes controles, apertura de mochilas y esperas. \u201cEs l\u00f3gico, hay mucha gente importante y la seguridad es fundamental\u201d, concede Ada, la madre, aunque por el gesto de sus hijos adolescentes, el argumento no convence a todos.<\/p>\n<figure><picture class=\"news-image\"><source srcset=\"https:\/\/static.eldiario.es\/clip\/50893648-9388-47bf-88d2-d6d4cae9486c_16-9-discover-aspect-ratio_50p_0.webp\" type=\"image\/webp\" media=\"(max-width: 576px)\" \/><source srcset=\"https:\/\/static.eldiario.es\/clip\/50893648-9388-47bf-88d2-d6d4cae9486c_16-9-discover-aspect-ratio_50p_0.jpg\" type=\"image\/jpg\" media=\"(max-width: 576px)\" \/><source srcset=\"https:\/\/static.eldiario.es\/clip\/50893648-9388-47bf-88d2-d6d4cae9486c_16-9-discover-aspect-ratio_75p_0.webp\" type=\"image\/webp\" media=\"(max-width: 767px)\" \/><source srcset=\"https:\/\/static.eldiario.es\/clip\/50893648-9388-47bf-88d2-d6d4cae9486c_16-9-discover-aspect-ratio_75p_0.jpg\" type=\"image\/jpg\" media=\"(max-width: 767px)\" \/><source srcset=\"https:\/\/static.eldiario.es\/clip\/50893648-9388-47bf-88d2-d6d4cae9486c_16-9-discover-aspect-ratio_default_0.webp\" type=\"image\/webp\" media=\"(min-width: 768px)\" \/><source srcset=\"https:\/\/static.eldiario.es\/clip\/50893648-9388-47bf-88d2-d6d4cae9486c_16-9-discover-aspect-ratio_default_0.jpg\" type=\"image\/jpg\" media=\"(min-width: 768px)\" \/><source srcset=\"https:\/\/static.eldiario.es\/clip\/50893648-9388-47bf-88d2-d6d4cae9486c_16-9-discover-aspect-ratio_default_0.webp\" type=\"image\/webp\" \/><img decoding=\"async\" class=\"lazy entered loaded\" src=\"https:\/\/static.eldiario.es\/clip\/50893648-9388-47bf-88d2-d6d4cae9486c_16-9-discover-aspect-ratio_default_0.jpg\" alt=\"\" data-src=\"https:\/\/static.eldiario.es\/clip\/50893648-9388-47bf-88d2-d6d4cae9486c_16-9-discover-aspect-ratio_default_0.jpg\" data-ll-status=\"loaded\" \/><\/picture><figcaption class=\"image-footer\"><span class=\"title\">La plaza de San Pedro se llena de fieles horas antes del inicio del funeral del Papa.\u00a0<span class=\"author\">EFE<\/span><\/span><\/figcaption><\/figure>\n<p class=\"article-text\">Quienes seguimos la ceremonia desde la atalaya en la que han colocado a la prensa, en las azoteas de los edificios adyacentes a la plaza, levantamos de vez en cuando la vista para observar a nuestro alrededor: la mara\u00f1a de compa\u00f1eros de todas partes del mundo es enorme. El mi\u00e9rcoles hab\u00eda ya m\u00e1s de 4.000 periodistas acreditados, y la oficina vaticana ha trabajado estos d\u00edas sin descanso para tramitar las peticiones de quienes iban llegando desde lejos.<\/p>\n<p class=\"article-text\">Cientos de fot\u00f3grafos y periodistas hacen equilibrio sobre sillas y asoman sus teleobjetivos por encima del hombro de los que consiguieron una primera fila a las 5.30 de esta ma\u00f1ana. Pero entre el tumulto de periodistas agolpados encima de sus ordenadores o encaramados detr\u00e1s de sus c\u00e1maras se pueden ver im\u00e1genes impensables en cualquier otro funeral de Estado: varios compa\u00f1eros se arrodillan a rezar, y alguno repite por lo bajo las palabras en lat\u00edn de la misa. M\u00e1s all\u00e1, uno destaca por su t\u00fanica marr\u00f3n de franciscano, y entre los muchos vestidos de negro para el funeral e intentar protegerse del sol de esta ma\u00f1ana romana, destaca el cuello blanco de un sacerdote con su c\u00e1mara fotogr\u00e1fica al hombro.<\/p>\n<p><iframe loading=\"lazy\" title=\"\ud83d\udd34 DIRECTO | Funeral del PAPA FRANCISCO\" src=\"https:\/\/www.youtube.com\/embed\/iC6rd936BCI\" width=\"640\" height=\"360\" frameborder=\"0\" allowfullscreen=\"allowfullscreen\"><\/iframe><\/p>\n<h2 class=\"article-text\">Mensajes directos a los pol\u00edticos sentados<\/h2>\n<p class=\"article-text\">Cuando faltaban 15 minutos para las 10 (hora Roma) las campanas de San Pedro comenzaron a sonar, mientras se ped\u00eda por los micr\u00f3fonos a los asistentes respetar lo ceremonioso del momento, bajando carteles y banderas.\u00a0Por un momento solo se o\u00edan en la inmensa plaza el sonido de los helic\u00f3pteros sobrevolando y el graznido de las gaviotas.<\/p>\n<p class=\"article-text\">El funeral lo celebra el\u00a0cardenalGiovanni Battista Re<strong>,<\/strong>\u00a0decano del Colegio Cardinalicio. Y lo hace, acompa\u00f1ado por 980 cardinales, obispos y sacerdotes, con las indicaciones establecidas en el primer funeral papal moderno, el de Juan Pablo II, hace dos d\u00e9cadas: un rito solemne y sobrio que en 2005 cambi\u00f3 la historia al sacar la ceremonia de la bas\u00edlica para celebrarla en la plaza. De la misma forma ocurri\u00f3 con Benedicto XVI, que muri\u00f3 en diciembre de 2022 y cuyas exequias dirigi\u00f3 el propio Francisco.<\/p>\n<p class=\"article-text\">Frente a los representantes de las instituciones m\u00e1s poderosas del mundo, el cardenal Re destaca en su homil\u00eda todo aquello por lo que Francisco les ha resutado inc\u00f3modo: \u201cInnumerables son sus gestos y exhortaciones a favor de los refugiados y desplazados. Tambi\u00e9n fue constante su insistencia en actuar a favor de los pobres\u201d. Como ejemplos menciona el primer viaje de Francisco a Lampedusa \u2013\u201cisla s\u00edmbolo del drama de la emigraci\u00f3n con miles de personas ahogadas en el mar\u201d\u2013, el\u00a0el que hizo a Lesbos, y la misa que ceber\u00f3 en la frontera entre M\u00e9xico y Estados Unidos.<\/p>\n<p class=\"article-text\">\u201cLa guerra es solo muerte de personas, destrucci\u00f3n de casas y de escuelas. La guerra siempre deja al mundo peor de como era en precedencia: es para todos una derrota dolorosa y tr\u00e1gica\u201d, ha recordado Re las palabras de Francisco en presencia de Trump, la ministra enviada por Rusia y los mandatarios europeos. La multitud cerraba cada una de sus frases con un fuerte aplauso.<\/p>\n<p class=\"article-text\">Re dedica parte de sus palabras a describir la personalidad de Francisco, los gestos que le han diferenciado \u2013y alejado\u2013 de sus predecesores, algunos de los cuales le han valido no pocos enemigos dentro de estos muros vaticanos. \u201cDio de inmediato la impronta de su fuerte personalidad en el gobierno de la Iglesia, estableciendo un contacto directo con las personas y con los pueblos [&#8230;] con especial atenci\u00f3n hacia las personas en dificultad, entreg\u00e1ndose sin medida, en particular por los \u00faltimos de la tierra, los marginados\u201d.<\/p>\n<p class=\"article-text\">\u201cFue un Papa atento a lo nuevo que surg\u00eda en la sociedad\u201d, que se refer\u00eda a \u201clos problemas de nuestro tiempo\u201d utilizando \u201cel vocabulario que le era caracter\u00edstico\u201d. \u201cTen\u00eda gran espontaneidad y una manera informal de dirigirse a todos, incluso a las personas\u00a0alejadas de la Iglesia\u201d.<\/p>\n<div id=\"container-after-news-outlook\"><\/div>\n<p class=\"article-text\">\u201cFrancisco realmente comparti\u00f3 las preocupaciones, los sufrimientos y las esperanzas de nuestro tiempo de globalizaci\u00f3n\u201d, destac\u00f3 Re frente a los m\u00e1ximos dirigentes de ese mundo globalizado.<\/p>\n<aside class=\"know-more know-more--with-image\">\u00a0<\/aside>\n<p class=\"article-text\">En primera fila, la delegaci\u00f3n argentina con Milei a la cabeza \u2013por la nacionalidad de Bergoglio\u2013 junto a la italiana, que oficia de anfitriona. Representantes de casi 150 pa\u00edses \u2013y m\u00e1s de 160 delegaciones en total\u2013 participan en la ceremonia, ubicados en sillas frente a la catedral de San Pedro a la derecha. A la izquierda, otros invitados, sobre todo religiosos. Detr\u00e1s, las personas que han conseguido entrar en la plaza y que se amontonan detr\u00e1s de las vallas.<\/p>\n<\/div>\n<\/div>\n<p>&nbsp;<\/p>\n<p><strong>Natalia Chientaroli &#8211; El DiarioAR<\/strong><\/p>\n<p>&nbsp;<\/p>\n","protected":false},"excerpt":{"rendered":"<p>Las exequias del pont\u00edfice n\u00famero 266 de la Iglesia cat\u00f3lica abarrotaron la plaza de San Pedro para una ceremonia en presencia de representantes de m\u00e1s de 160 delegaciones de todo el mundo y l\u00edderes de numerosas religiones.<\/p>\n","protected":false},"author":3,"featured_media":115776,"comment_status":"closed","ping_status":"closed","sticky":false,"template":"","format":"standard","meta":{"footnotes":""},"categories":[26],"tags":[48],"class_list":["post-115775","post","type-post","status-publish","format-standard","has-post-thumbnail","hentry","category-sociedad","tag-destacada"],"yoast_head":"<!-- This site is optimized with the Yoast SEO plugin v25.9 - https:\/\/yoast.com\/wordpress\/plugins\/seo\/ -->\n<title>La despedida final del papa: Miles de personas en el funeral de Francisco, que busc\u00f3 reivindicar a los pobres ante los poderosos - Noticias Radio Reflejos<\/title>\n<meta name=\"robots\" content=\"index, follow, max-snippet:-1, max-image-preview:large, max-video-preview:-1\" \/>\n<link rel=\"canonical\" href=\"https:\/\/www.noticiasradioreflejos.com.ar\/2021\/la-despedida-final-del-papa-miles-de-personas-en-el-funeral-de-francisco-que-busco-reivindicar-a-los-pobres-ante-los-poderosos\/\" \/>\n<meta property=\"og:locale\" content=\"es_ES\" \/>\n<meta property=\"og:type\" content=\"article\" \/>\n<meta property=\"og:title\" content=\"La despedida final del papa: Miles de personas en el funeral de Francisco, que busc\u00f3 reivindicar a los pobres ante los poderosos - Noticias Radio Reflejos\" \/>\n<meta property=\"og:description\" content=\"Las exequias del pont\u00edfice n\u00famero 266 de la Iglesia cat\u00f3lica abarrotaron la plaza de San Pedro para una ceremonia en presencia de representantes de m\u00e1s de 160 delegaciones de todo el mundo y l\u00edderes de numerosas religiones.\" \/>\n<meta property=\"og:url\" content=\"https:\/\/www.noticiasradioreflejos.com.ar\/2021\/la-despedida-final-del-papa-miles-de-personas-en-el-funeral-de-francisco-que-busco-reivindicar-a-los-pobres-ante-los-poderosos\/\" \/>\n<meta property=\"og:site_name\" content=\"Noticias Radio Reflejos\" \/>\n<meta property=\"article:published_time\" content=\"2025-04-26T11:46:04+00:00\" \/>\n<meta property=\"og:image\" content=\"https:\/\/www.noticiasradioreflejos.com.ar\/2021\/wp-content\/uploads\/2025\/04\/el-Vaticano.jpg\" \/>\n\t<meta property=\"og:image:width\" content=\"700\" \/>\n\t<meta property=\"og:image:height\" content=\"467\" \/>\n\t<meta property=\"og:image:type\" content=\"image\/jpeg\" \/>\n<meta name=\"author\" content=\"Arnaldo Botto\" \/>\n<meta name=\"twitter:card\" content=\"summary_large_image\" \/>\n<script type=\"application\/ld+json\" class=\"yoast-schema-graph\">{\"@context\":\"https:\/\/schema.org\",\"@graph\":[{\"@type\":\"WebPage\",\"@id\":\"https:\/\/www.noticiasradioreflejos.com.ar\/2021\/la-despedida-final-del-papa-miles-de-personas-en-el-funeral-de-francisco-que-busco-reivindicar-a-los-pobres-ante-los-poderosos\/\",\"url\":\"https:\/\/www.noticiasradioreflejos.com.ar\/2021\/la-despedida-final-del-papa-miles-de-personas-en-el-funeral-de-francisco-que-busco-reivindicar-a-los-pobres-ante-los-poderosos\/\",\"name\":\"La despedida final del papa: Miles de personas en el funeral de Francisco, que busc\u00f3 reivindicar a los pobres ante los poderosos - Noticias Radio Reflejos\",\"isPartOf\":{\"@id\":\"https:\/\/www.noticiasradioreflejos.com.ar\/2021\/#website\"},\"primaryImageOfPage\":{\"@id\":\"https:\/\/www.noticiasradioreflejos.com.ar\/2021\/la-despedida-final-del-papa-miles-de-personas-en-el-funeral-de-francisco-que-busco-reivindicar-a-los-pobres-ante-los-poderosos\/#primaryimage\"},\"image\":{\"@id\":\"https:\/\/www.noticiasradioreflejos.com.ar\/2021\/la-despedida-final-del-papa-miles-de-personas-en-el-funeral-de-francisco-que-busco-reivindicar-a-los-pobres-ante-los-poderosos\/#primaryimage\"},\"thumbnailUrl\":\"https:\/\/www.noticiasradioreflejos.com.ar\/2021\/wp-content\/uploads\/2025\/04\/el-Vaticano.jpg\",\"datePublished\":\"2025-04-26T11:46:04+00:00\",\"author\":{\"@id\":\"https:\/\/www.noticiasradioreflejos.com.ar\/2021\/#\/schema\/person\/ad82545263dcc5ec0996818884fd5fb1\"},\"breadcrumb\":{\"@id\":\"https:\/\/www.noticiasradioreflejos.com.ar\/2021\/la-despedida-final-del-papa-miles-de-personas-en-el-funeral-de-francisco-que-busco-reivindicar-a-los-pobres-ante-los-poderosos\/#breadcrumb\"},\"inLanguage\":\"es\",\"potentialAction\":[{\"@type\":\"ReadAction\",\"target\":[\"https:\/\/www.noticiasradioreflejos.com.ar\/2021\/la-despedida-final-del-papa-miles-de-personas-en-el-funeral-de-francisco-que-busco-reivindicar-a-los-pobres-ante-los-poderosos\/\"]}]},{\"@type\":\"ImageObject\",\"inLanguage\":\"es\",\"@id\":\"https:\/\/www.noticiasradioreflejos.com.ar\/2021\/la-despedida-final-del-papa-miles-de-personas-en-el-funeral-de-francisco-que-busco-reivindicar-a-los-pobres-ante-los-poderosos\/#primaryimage\",\"url\":\"https:\/\/www.noticiasradioreflejos.com.ar\/2021\/wp-content\/uploads\/2025\/04\/el-Vaticano.jpg\",\"contentUrl\":\"https:\/\/www.noticiasradioreflejos.com.ar\/2021\/wp-content\/uploads\/2025\/04\/el-Vaticano.jpg\",\"width\":700,\"height\":467},{\"@type\":\"BreadcrumbList\",\"@id\":\"https:\/\/www.noticiasradioreflejos.com.ar\/2021\/la-despedida-final-del-papa-miles-de-personas-en-el-funeral-de-francisco-que-busco-reivindicar-a-los-pobres-ante-los-poderosos\/#breadcrumb\",\"itemListElement\":[{\"@type\":\"ListItem\",\"position\":1,\"name\":\"Portada\",\"item\":\"https:\/\/www.noticiasradioreflejos.com.ar\/2021\/\"},{\"@type\":\"ListItem\",\"position\":2,\"name\":\"La despedida final del papa: Miles de personas en el funeral de Francisco, que busc\u00f3 reivindicar a los pobres ante los poderosos\"}]},{\"@type\":\"WebSite\",\"@id\":\"https:\/\/www.noticiasradioreflejos.com.ar\/2021\/#website\",\"url\":\"https:\/\/www.noticiasradioreflejos.com.ar\/2021\/\",\"name\":\"Noticias Radio Reflejos\",\"description\":\"Las noticias de mi comarca\",\"potentialAction\":[{\"@type\":\"SearchAction\",\"target\":{\"@type\":\"EntryPoint\",\"urlTemplate\":\"https:\/\/www.noticiasradioreflejos.com.ar\/2021\/?s={search_term_string}\"},\"query-input\":{\"@type\":\"PropertyValueSpecification\",\"valueRequired\":true,\"valueName\":\"search_term_string\"}}],\"inLanguage\":\"es\"},{\"@type\":\"Person\",\"@id\":\"https:\/\/www.noticiasradioreflejos.com.ar\/2021\/#\/schema\/person\/ad82545263dcc5ec0996818884fd5fb1\",\"name\":\"Arnaldo Botto\",\"image\":{\"@type\":\"ImageObject\",\"inLanguage\":\"es\",\"@id\":\"https:\/\/www.noticiasradioreflejos.com.ar\/2021\/#\/schema\/person\/image\/\",\"url\":\"https:\/\/secure.gravatar.com\/avatar\/55cb5e37c1efa326397366e6974cb338056df65cb50e7d64d1cf314e87504837?s=96&d=mm&r=g\",\"contentUrl\":\"https:\/\/secure.gravatar.com\/avatar\/55cb5e37c1efa326397366e6974cb338056df65cb50e7d64d1cf314e87504837?s=96&d=mm&r=g\",\"caption\":\"Arnaldo Botto\"},\"url\":\"https:\/\/www.noticiasradioreflejos.com.ar\/2021\/author\/arnaldo\/\"}]}<\/script>\n<!-- \/ Yoast SEO plugin. -->","yoast_head_json":{"title":"La despedida final del papa: Miles de personas en el funeral de Francisco, que busc\u00f3 reivindicar a los pobres ante los poderosos - Noticias Radio Reflejos","robots":{"index":"index","follow":"follow","max-snippet":"max-snippet:-1","max-image-preview":"max-image-preview:large","max-video-preview":"max-video-preview:-1"},"canonical":"https:\/\/www.noticiasradioreflejos.com.ar\/2021\/la-despedida-final-del-papa-miles-de-personas-en-el-funeral-de-francisco-que-busco-reivindicar-a-los-pobres-ante-los-poderosos\/","og_locale":"es_ES","og_type":"article","og_title":"La despedida final del papa: Miles de personas en el funeral de Francisco, que busc\u00f3 reivindicar a los pobres ante los poderosos - Noticias Radio Reflejos","og_description":"Las exequias del pont\u00edfice n\u00famero 266 de la Iglesia cat\u00f3lica abarrotaron la plaza de San Pedro para una ceremonia en presencia de representantes de m\u00e1s de 160 delegaciones de todo el mundo y l\u00edderes de numerosas religiones.","og_url":"https:\/\/www.noticiasradioreflejos.com.ar\/2021\/la-despedida-final-del-papa-miles-de-personas-en-el-funeral-de-francisco-que-busco-reivindicar-a-los-pobres-ante-los-poderosos\/","og_site_name":"Noticias Radio Reflejos","article_published_time":"2025-04-26T11:46:04+00:00","og_image":[{"width":700,"height":467,"url":"https:\/\/www.noticiasradioreflejos.com.ar\/2021\/wp-content\/uploads\/2025\/04\/el-Vaticano.jpg","type":"image\/jpeg"}],"author":"Arnaldo Botto","twitter_card":"summary_large_image","schema":{"@context":"https:\/\/schema.org","@graph":[{"@type":"WebPage","@id":"https:\/\/www.noticiasradioreflejos.com.ar\/2021\/la-despedida-final-del-papa-miles-de-personas-en-el-funeral-de-francisco-que-busco-reivindicar-a-los-pobres-ante-los-poderosos\/","url":"https:\/\/www.noticiasradioreflejos.com.ar\/2021\/la-despedida-final-del-papa-miles-de-personas-en-el-funeral-de-francisco-que-busco-reivindicar-a-los-pobres-ante-los-poderosos\/","name":"La despedida final del papa: Miles de personas en el funeral de Francisco, que busc\u00f3 reivindicar a los pobres ante los poderosos - Noticias Radio Reflejos","isPartOf":{"@id":"https:\/\/www.noticiasradioreflejos.com.ar\/2021\/#website"},"primaryImageOfPage":{"@id":"https:\/\/www.noticiasradioreflejos.com.ar\/2021\/la-despedida-final-del-papa-miles-de-personas-en-el-funeral-de-francisco-que-busco-reivindicar-a-los-pobres-ante-los-poderosos\/#primaryimage"},"image":{"@id":"https:\/\/www.noticiasradioreflejos.com.ar\/2021\/la-despedida-final-del-papa-miles-de-personas-en-el-funeral-de-francisco-que-busco-reivindicar-a-los-pobres-ante-los-poderosos\/#primaryimage"},"thumbnailUrl":"https:\/\/www.noticiasradioreflejos.com.ar\/2021\/wp-content\/uploads\/2025\/04\/el-Vaticano.jpg","datePublished":"2025-04-26T11:46:04+00:00","author":{"@id":"https:\/\/www.noticiasradioreflejos.com.ar\/2021\/#\/schema\/person\/ad82545263dcc5ec0996818884fd5fb1"},"breadcrumb":{"@id":"https:\/\/www.noticiasradioreflejos.com.ar\/2021\/la-despedida-final-del-papa-miles-de-personas-en-el-funeral-de-francisco-que-busco-reivindicar-a-los-pobres-ante-los-poderosos\/#breadcrumb"},"inLanguage":"es","potentialAction":[{"@type":"ReadAction","target":["https:\/\/www.noticiasradioreflejos.com.ar\/2021\/la-despedida-final-del-papa-miles-de-personas-en-el-funeral-de-francisco-que-busco-reivindicar-a-los-pobres-ante-los-poderosos\/"]}]},{"@type":"ImageObject","inLanguage":"es","@id":"https:\/\/www.noticiasradioreflejos.com.ar\/2021\/la-despedida-final-del-papa-miles-de-personas-en-el-funeral-de-francisco-que-busco-reivindicar-a-los-pobres-ante-los-poderosos\/#primaryimage","url":"https:\/\/www.noticiasradioreflejos.com.ar\/2021\/wp-content\/uploads\/2025\/04\/el-Vaticano.jpg","contentUrl":"https:\/\/www.noticiasradioreflejos.com.ar\/2021\/wp-content\/uploads\/2025\/04\/el-Vaticano.jpg","width":700,"height":467},{"@type":"BreadcrumbList","@id":"https:\/\/www.noticiasradioreflejos.com.ar\/2021\/la-despedida-final-del-papa-miles-de-personas-en-el-funeral-de-francisco-que-busco-reivindicar-a-los-pobres-ante-los-poderosos\/#breadcrumb","itemListElement":[{"@type":"ListItem","position":1,"name":"Portada","item":"https:\/\/www.noticiasradioreflejos.com.ar\/2021\/"},{"@type":"ListItem","position":2,"name":"La despedida final del papa: Miles de personas en el funeral de Francisco, que busc\u00f3 reivindicar a los pobres ante los poderosos"}]},{"@type":"WebSite","@id":"https:\/\/www.noticiasradioreflejos.com.ar\/2021\/#website","url":"https:\/\/www.noticiasradioreflejos.com.ar\/2021\/","name":"Noticias Radio Reflejos","description":"Las noticias de mi comarca","potentialAction":[{"@type":"SearchAction","target":{"@type":"EntryPoint","urlTemplate":"https:\/\/www.noticiasradioreflejos.com.ar\/2021\/?s={search_term_string}"},"query-input":{"@type":"PropertyValueSpecification","valueRequired":true,"valueName":"search_term_string"}}],"inLanguage":"es"},{"@type":"Person","@id":"https:\/\/www.noticiasradioreflejos.com.ar\/2021\/#\/schema\/person\/ad82545263dcc5ec0996818884fd5fb1","name":"Arnaldo Botto","image":{"@type":"ImageObject","inLanguage":"es","@id":"https:\/\/www.noticiasradioreflejos.com.ar\/2021\/#\/schema\/person\/image\/","url":"https:\/\/secure.gravatar.com\/avatar\/55cb5e37c1efa326397366e6974cb338056df65cb50e7d64d1cf314e87504837?s=96&d=mm&r=g","contentUrl":"https:\/\/secure.gravatar.com\/avatar\/55cb5e37c1efa326397366e6974cb338056df65cb50e7d64d1cf314e87504837?s=96&d=mm&r=g","caption":"Arnaldo Botto"},"url":"https:\/\/www.noticiasradioreflejos.com.ar\/2021\/author\/arnaldo\/"}]}},"_links":{"self":[{"href":"https:\/\/www.noticiasradioreflejos.com.ar\/2021\/wp-json\/wp\/v2\/posts\/115775","targetHints":{"allow":["GET"]}}],"collection":[{"href":"https:\/\/www.noticiasradioreflejos.com.ar\/2021\/wp-json\/wp\/v2\/posts"}],"about":[{"href":"https:\/\/www.noticiasradioreflejos.com.ar\/2021\/wp-json\/wp\/v2\/types\/post"}],"author":[{"embeddable":true,"href":"https:\/\/www.noticiasradioreflejos.com.ar\/2021\/wp-json\/wp\/v2\/users\/3"}],"replies":[{"embeddable":true,"href":"https:\/\/www.noticiasradioreflejos.com.ar\/2021\/wp-json\/wp\/v2\/comments?post=115775"}],"version-history":[{"count":1,"href":"https:\/\/www.noticiasradioreflejos.com.ar\/2021\/wp-json\/wp\/v2\/posts\/115775\/revisions"}],"predecessor-version":[{"id":115777,"href":"https:\/\/www.noticiasradioreflejos.com.ar\/2021\/wp-json\/wp\/v2\/posts\/115775\/revisions\/115777"}],"wp:featuredmedia":[{"embeddable":true,"href":"https:\/\/www.noticiasradioreflejos.com.ar\/2021\/wp-json\/wp\/v2\/media\/115776"}],"wp:attachment":[{"href":"https:\/\/www.noticiasradioreflejos.com.ar\/2021\/wp-json\/wp\/v2\/media?parent=115775"}],"wp:term":[{"taxonomy":"category","embeddable":true,"href":"https:\/\/www.noticiasradioreflejos.com.ar\/2021\/wp-json\/wp\/v2\/categories?post=115775"},{"taxonomy":"post_tag","embeddable":true,"href":"https:\/\/www.noticiasradioreflejos.com.ar\/2021\/wp-json\/wp\/v2\/tags?post=115775"}],"curies":[{"name":"wp","href":"https:\/\/api.w.org\/{rel}","templated":true}]}}