{"id":115772,"date":"2025-04-26T08:35:16","date_gmt":"2025-04-26T11:35:16","guid":{"rendered":"https:\/\/www.noticiasradioreflejos.com.ar\/2021\/?p=115772"},"modified":"2025-04-26T08:35:16","modified_gmt":"2025-04-26T11:35:16","slug":"intendentes-bonaerenses-denuncian-que-milei-asfixia-municipios-y-exigen-que-pare-el-apriete-a-kicillof","status":"publish","type":"post","link":"https:\/\/www.noticiasradioreflejos.com.ar\/2021\/intendentes-bonaerenses-denuncian-que-milei-asfixia-municipios-y-exigen-que-pare-el-apriete-a-kicillof\/","title":{"rendered":"Intendentes bonaerenses denuncian que Milei \u00abasfixia\u00bb municipios y exigen que pare el \u00abapriete\u00bb a Kicillof"},"content":{"rendered":"<p>Los jefes comunales expresaron su \u00abpreocupaci\u00f3n\u00bb ante el \u00abretroceso\u00bb que atraviesan los municipios en la recepci\u00f3n de fondos coparticipables<!--more--><\/p>\n<p>Intendentes de la sexta secci\u00f3n electoral, que integran el <strong>Movimiento Derecho al Futuro<\/strong>\u00a0(MDF), denunciaron hoy que el gobierno del presidente Javier Milei\u00a0<strong>\u00abasfixia\u00bb\u00a0<\/strong>a los municipios con recortes presupuestarios<strong>\u00a0<\/strong>y exigieron que cese el \u00ab<strong>apriete<\/strong>\u00bb al gobernador bonaerense<strong>\u00a0Axel Kicillof<\/strong>.<\/p>\n<div class=\"columns\" data-tadevel-template=\"web\/article-columns\">\n<div class=\"column-main\">\n<div class=\"article-body\" data-tadevel-template=\"web\/article-body\">\n<div class=\"article-body-content\">\n<p>Los jefes comunales expresaron su<strong>\u00a0\u00abpreocupaci\u00f3n\u00bb ante el \u00abretroceso\u00bb que atraviesan los municipios en la recepci\u00f3n de fondos coparticipables<\/strong>, ya que esa medida del Ejecutivo \u00abafecta directamente el consumo\u00bb y \u00abla recaudaci\u00f3n tributaria\u00bb, indicaron en un comunicado documento publicado en redes sociales por el intendente de Coronel Rosales,\u00a0<strong>Rodrigo Aristimu\u00f1o<\/strong>.<\/p>\n<p>Asimismo, alertaron que a esa situaci\u00f3n se suma\u00a0<strong>la \u00abquita ilegal\u00bb de fondos a la Provincia<\/strong>, como es el caso de la derogaci\u00f3n del Fondo para el Fortalecimiento Fiscal, eliminado mediante el decreto\u00a0<i>192\/2024<\/i>, publicado en febrero de 2024.<\/p>\n<p>A su vez, denunciaron que el Gobierno est\u00e1 \u00abasfixiando\u00bb a la provincia de Buenos Aires y en consecuencia \u00ab<strong>afectando el normal funcionamiento\u00bb de los municipios<\/strong>, a pesar de \u00ablos esfuerzos presupuestarios y administrativos\u00bb.<\/p>\n<p>\u00abLas pol\u00edticas de ajuste nos obligan a enfrentar grandes necesidades con menos herramientas. Es por esto que exigimos a Milei que cese el apriete a Kicillof y a cada uno de nuestros municipios, disponiendo los fondos que nos corresponden\u00bb, manifestaron los jefes comunales.<\/p>\n<p>El documento lleva la firma de los intendentes de Laprida,\u00a0<strong>Alfredo Fisher<\/strong>; de Salliquel\u00f3,\u00a0<strong>Ariel Succurro<\/strong>; de Daireaux,<strong>\u00a0Esteban Alejandro Acerbo<\/strong>; se Guamin\u00ed,\u00a0<strong>Jos\u00e9 Nobre Ferreira<\/strong>; de Benito Ju\u00e1rez,\u00a0<strong>Julio C\u00e9sar Marini<\/strong>; y de Coronel Su\u00e1rez,\u00a0<strong>Ricardo Moccero.<\/strong><\/p>\n<figure class=\"multimedia\" data-type=\"rich\" data-html=\"\" data-url=\"https:\/\/twitter.com\/rodrigo_arist\/status\/1915833061855396130\" data-tadevel-template=\"web\/multimedia\">\n<div class=\"content\">\n<blockquote class=\"twitter-tweet\">\n<p dir=\"ltr\" lang=\"es\">Los Intendentes, legisladores y dirigentes de la Sexta Secci\u00f3n que integramos el Movimiento Derecho al Futuro, expresamos nuestra preocupaci\u00f3n por las consecuencias que las pol\u00edticas de ajustes del gobierno del Presidente Milei est\u00e1n trayendo a las econom\u00edas de nuestros\u2026 <a href=\"https:\/\/t.co\/DaJMRuN8Fd\">pic.twitter.com\/DaJMRuN8Fd<\/a><\/p>\n<p>\u2014 Rodrigo Aristimu\u00f1o (@rodrigo_arist) <a href=\"https:\/\/twitter.com\/rodrigo_arist\/status\/1915833061855396130?ref_src=twsrc%5Etfw\">April 25, 2025<\/a><\/p><\/blockquote>\n<p><script async src=\"https:\/\/platform.twitter.com\/widgets.js\" charset=\"utf-8\"><\/script><\/p>\n<\/div><figcaption class=\"caption\">\n<div class=\"description\">Rodrigo Aristimu\u00f1o on Twitter \/ X<\/div>\n<\/figcaption><\/figure>\n<\/div>\n<\/div>\n<\/div>\n<\/div>\n","protected":false},"excerpt":{"rendered":"<p>Los jefes comunales expresaron su \u00abpreocupaci\u00f3n\u00bb ante el \u00abretroceso\u00bb que atraviesan los municipios en la recepci\u00f3n de fondos coparticipables<\/p>\n","protected":false},"author":3,"featured_media":0,"comment_status":"closed","ping_status":"closed","sticky":false,"template":"","format":"standard","meta":{"footnotes":""},"categories":[24],"tags":[],"class_list":["post-115772","post","type-post","status-publish","format-standard","hentry","category-politica"],"yoast_head":"<!-- This site is optimized with the Yoast SEO plugin v25.9 - https:\/\/yoast.com\/wordpress\/plugins\/seo\/ -->\n<title>Intendentes bonaerenses denuncian que Milei &quot;asfixia&quot; municipios y exigen que pare el &quot;apriete&quot; a Kicillof - Noticias Radio Reflejos<\/title>\n<meta name=\"robots\" content=\"index, follow, max-snippet:-1, max-image-preview:large, max-video-preview:-1\" \/>\n<link rel=\"canonical\" href=\"https:\/\/www.noticiasradioreflejos.com.ar\/2021\/intendentes-bonaerenses-denuncian-que-milei-asfixia-municipios-y-exigen-que-pare-el-apriete-a-kicillof\/\" \/>\n<meta property=\"og:locale\" content=\"es_ES\" \/>\n<meta property=\"og:type\" content=\"article\" \/>\n<meta property=\"og:title\" content=\"Intendentes bonaerenses denuncian que Milei &quot;asfixia&quot; municipios y exigen que pare el &quot;apriete&quot; a Kicillof - Noticias Radio Reflejos\" \/>\n<meta property=\"og:description\" content=\"Los jefes comunales expresaron su \u00abpreocupaci\u00f3n\u00bb ante el \u00abretroceso\u00bb que atraviesan los municipios en la recepci\u00f3n de fondos coparticipables\" \/>\n<meta property=\"og:url\" content=\"https:\/\/www.noticiasradioreflejos.com.ar\/2021\/intendentes-bonaerenses-denuncian-que-milei-asfixia-municipios-y-exigen-que-pare-el-apriete-a-kicillof\/\" \/>\n<meta property=\"og:site_name\" content=\"Noticias Radio Reflejos\" \/>\n<meta property=\"article:published_time\" content=\"2025-04-26T11:35:16+00:00\" \/>\n<meta property=\"og:image\" content=\"https:\/\/www.noticiasradioreflejos.com.ar\/2021\/wp-content\/uploads\/2025\/04\/Intendentes-6ta-y-axel.jpg\" \/>\n\t<meta property=\"og:image:width\" content=\"1178\" \/>\n\t<meta property=\"og:image:height\" content=\"720\" \/>\n\t<meta property=\"og:image:type\" content=\"image\/jpeg\" \/>\n<meta name=\"author\" content=\"Arnaldo Botto\" \/>\n<meta name=\"twitter:card\" content=\"summary_large_image\" \/>\n<script type=\"application\/ld+json\" class=\"yoast-schema-graph\">{\"@context\":\"https:\/\/schema.org\",\"@graph\":[{\"@type\":\"WebPage\",\"@id\":\"https:\/\/www.noticiasradioreflejos.com.ar\/2021\/intendentes-bonaerenses-denuncian-que-milei-asfixia-municipios-y-exigen-que-pare-el-apriete-a-kicillof\/\",\"url\":\"https:\/\/www.noticiasradioreflejos.com.ar\/2021\/intendentes-bonaerenses-denuncian-que-milei-asfixia-municipios-y-exigen-que-pare-el-apriete-a-kicillof\/\",\"name\":\"Intendentes bonaerenses denuncian que Milei \\\"asfixia\\\" municipios y exigen que pare el \\\"apriete\\\" a Kicillof - Noticias Radio Reflejos\",\"isPartOf\":{\"@id\":\"https:\/\/www.noticiasradioreflejos.com.ar\/2021\/#website\"},\"datePublished\":\"2025-04-26T11:35:16+00:00\",\"author\":{\"@id\":\"https:\/\/www.noticiasradioreflejos.com.ar\/2021\/#\/schema\/person\/ad82545263dcc5ec0996818884fd5fb1\"},\"breadcrumb\":{\"@id\":\"https:\/\/www.noticiasradioreflejos.com.ar\/2021\/intendentes-bonaerenses-denuncian-que-milei-asfixia-municipios-y-exigen-que-pare-el-apriete-a-kicillof\/#breadcrumb\"},\"inLanguage\":\"es\",\"potentialAction\":[{\"@type\":\"ReadAction\",\"target\":[\"https:\/\/www.noticiasradioreflejos.com.ar\/2021\/intendentes-bonaerenses-denuncian-que-milei-asfixia-municipios-y-exigen-que-pare-el-apriete-a-kicillof\/\"]}]},{\"@type\":\"BreadcrumbList\",\"@id\":\"https:\/\/www.noticiasradioreflejos.com.ar\/2021\/intendentes-bonaerenses-denuncian-que-milei-asfixia-municipios-y-exigen-que-pare-el-apriete-a-kicillof\/#breadcrumb\",\"itemListElement\":[{\"@type\":\"ListItem\",\"position\":1,\"name\":\"Portada\",\"item\":\"https:\/\/www.noticiasradioreflejos.com.ar\/2021\/\"},{\"@type\":\"ListItem\",\"position\":2,\"name\":\"Intendentes bonaerenses denuncian que Milei \u00abasfixia\u00bb municipios y exigen que pare el \u00abapriete\u00bb a Kicillof\"}]},{\"@type\":\"WebSite\",\"@id\":\"https:\/\/www.noticiasradioreflejos.com.ar\/2021\/#website\",\"url\":\"https:\/\/www.noticiasradioreflejos.com.ar\/2021\/\",\"name\":\"Noticias Radio Reflejos\",\"description\":\"Las noticias de mi comarca\",\"potentialAction\":[{\"@type\":\"SearchAction\",\"target\":{\"@type\":\"EntryPoint\",\"urlTemplate\":\"https:\/\/www.noticiasradioreflejos.com.ar\/2021\/?s={search_term_string}\"},\"query-input\":{\"@type\":\"PropertyValueSpecification\",\"valueRequired\":true,\"valueName\":\"search_term_string\"}}],\"inLanguage\":\"es\"},{\"@type\":\"Person\",\"@id\":\"https:\/\/www.noticiasradioreflejos.com.ar\/2021\/#\/schema\/person\/ad82545263dcc5ec0996818884fd5fb1\",\"name\":\"Arnaldo Botto\",\"image\":{\"@type\":\"ImageObject\",\"inLanguage\":\"es\",\"@id\":\"https:\/\/www.noticiasradioreflejos.com.ar\/2021\/#\/schema\/person\/image\/\",\"url\":\"https:\/\/secure.gravatar.com\/avatar\/55cb5e37c1efa326397366e6974cb338056df65cb50e7d64d1cf314e87504837?s=96&d=mm&r=g\",\"contentUrl\":\"https:\/\/secure.gravatar.com\/avatar\/55cb5e37c1efa326397366e6974cb338056df65cb50e7d64d1cf314e87504837?s=96&d=mm&r=g\",\"caption\":\"Arnaldo Botto\"},\"url\":\"https:\/\/www.noticiasradioreflejos.com.ar\/2021\/author\/arnaldo\/\"}]}<\/script>\n<!-- \/ Yoast SEO plugin. -->","yoast_head_json":{"title":"Intendentes bonaerenses denuncian que Milei \"asfixia\" municipios y exigen que pare el \"apriete\" a Kicillof - Noticias Radio Reflejos","robots":{"index":"index","follow":"follow","max-snippet":"max-snippet:-1","max-image-preview":"max-image-preview:large","max-video-preview":"max-video-preview:-1"},"canonical":"https:\/\/www.noticiasradioreflejos.com.ar\/2021\/intendentes-bonaerenses-denuncian-que-milei-asfixia-municipios-y-exigen-que-pare-el-apriete-a-kicillof\/","og_locale":"es_ES","og_type":"article","og_title":"Intendentes bonaerenses denuncian que Milei \"asfixia\" municipios y exigen que pare el \"apriete\" a Kicillof - Noticias Radio Reflejos","og_description":"Los jefes comunales expresaron su \u00abpreocupaci\u00f3n\u00bb ante el \u00abretroceso\u00bb que atraviesan los municipios en la recepci\u00f3n de fondos coparticipables","og_url":"https:\/\/www.noticiasradioreflejos.com.ar\/2021\/intendentes-bonaerenses-denuncian-que-milei-asfixia-municipios-y-exigen-que-pare-el-apriete-a-kicillof\/","og_site_name":"Noticias Radio Reflejos","article_published_time":"2025-04-26T11:35:16+00:00","og_image":[{"width":1178,"height":720,"url":"https:\/\/www.noticiasradioreflejos.com.ar\/2021\/wp-content\/uploads\/2025\/04\/Intendentes-6ta-y-axel.jpg","type":"image\/jpeg"}],"author":"Arnaldo Botto","twitter_card":"summary_large_image","schema":{"@context":"https:\/\/schema.org","@graph":[{"@type":"WebPage","@id":"https:\/\/www.noticiasradioreflejos.com.ar\/2021\/intendentes-bonaerenses-denuncian-que-milei-asfixia-municipios-y-exigen-que-pare-el-apriete-a-kicillof\/","url":"https:\/\/www.noticiasradioreflejos.com.ar\/2021\/intendentes-bonaerenses-denuncian-que-milei-asfixia-municipios-y-exigen-que-pare-el-apriete-a-kicillof\/","name":"Intendentes bonaerenses denuncian que Milei \"asfixia\" municipios y exigen que pare el \"apriete\" a Kicillof - Noticias Radio Reflejos","isPartOf":{"@id":"https:\/\/www.noticiasradioreflejos.com.ar\/2021\/#website"},"datePublished":"2025-04-26T11:35:16+00:00","author":{"@id":"https:\/\/www.noticiasradioreflejos.com.ar\/2021\/#\/schema\/person\/ad82545263dcc5ec0996818884fd5fb1"},"breadcrumb":{"@id":"https:\/\/www.noticiasradioreflejos.com.ar\/2021\/intendentes-bonaerenses-denuncian-que-milei-asfixia-municipios-y-exigen-que-pare-el-apriete-a-kicillof\/#breadcrumb"},"inLanguage":"es","potentialAction":[{"@type":"ReadAction","target":["https:\/\/www.noticiasradioreflejos.com.ar\/2021\/intendentes-bonaerenses-denuncian-que-milei-asfixia-municipios-y-exigen-que-pare-el-apriete-a-kicillof\/"]}]},{"@type":"BreadcrumbList","@id":"https:\/\/www.noticiasradioreflejos.com.ar\/2021\/intendentes-bonaerenses-denuncian-que-milei-asfixia-municipios-y-exigen-que-pare-el-apriete-a-kicillof\/#breadcrumb","itemListElement":[{"@type":"ListItem","position":1,"name":"Portada","item":"https:\/\/www.noticiasradioreflejos.com.ar\/2021\/"},{"@type":"ListItem","position":2,"name":"Intendentes bonaerenses denuncian que Milei \u00abasfixia\u00bb municipios y exigen que pare el \u00abapriete\u00bb a Kicillof"}]},{"@type":"WebSite","@id":"https:\/\/www.noticiasradioreflejos.com.ar\/2021\/#website","url":"https:\/\/www.noticiasradioreflejos.com.ar\/2021\/","name":"Noticias Radio Reflejos","description":"Las noticias de mi comarca","potentialAction":[{"@type":"SearchAction","target":{"@type":"EntryPoint","urlTemplate":"https:\/\/www.noticiasradioreflejos.com.ar\/2021\/?s={search_term_string}"},"query-input":{"@type":"PropertyValueSpecification","valueRequired":true,"valueName":"search_term_string"}}],"inLanguage":"es"},{"@type":"Person","@id":"https:\/\/www.noticiasradioreflejos.com.ar\/2021\/#\/schema\/person\/ad82545263dcc5ec0996818884fd5fb1","name":"Arnaldo Botto","image":{"@type":"ImageObject","inLanguage":"es","@id":"https:\/\/www.noticiasradioreflejos.com.ar\/2021\/#\/schema\/person\/image\/","url":"https:\/\/secure.gravatar.com\/avatar\/55cb5e37c1efa326397366e6974cb338056df65cb50e7d64d1cf314e87504837?s=96&d=mm&r=g","contentUrl":"https:\/\/secure.gravatar.com\/avatar\/55cb5e37c1efa326397366e6974cb338056df65cb50e7d64d1cf314e87504837?s=96&d=mm&r=g","caption":"Arnaldo Botto"},"url":"https:\/\/www.noticiasradioreflejos.com.ar\/2021\/author\/arnaldo\/"}]}},"_links":{"self":[{"href":"https:\/\/www.noticiasradioreflejos.com.ar\/2021\/wp-json\/wp\/v2\/posts\/115772","targetHints":{"allow":["GET"]}}],"collection":[{"href":"https:\/\/www.noticiasradioreflejos.com.ar\/2021\/wp-json\/wp\/v2\/posts"}],"about":[{"href":"https:\/\/www.noticiasradioreflejos.com.ar\/2021\/wp-json\/wp\/v2\/types\/post"}],"author":[{"embeddable":true,"href":"https:\/\/www.noticiasradioreflejos.com.ar\/2021\/wp-json\/wp\/v2\/users\/3"}],"replies":[{"embeddable":true,"href":"https:\/\/www.noticiasradioreflejos.com.ar\/2021\/wp-json\/wp\/v2\/comments?post=115772"}],"version-history":[{"count":1,"href":"https:\/\/www.noticiasradioreflejos.com.ar\/2021\/wp-json\/wp\/v2\/posts\/115772\/revisions"}],"predecessor-version":[{"id":115774,"href":"https:\/\/www.noticiasradioreflejos.com.ar\/2021\/wp-json\/wp\/v2\/posts\/115772\/revisions\/115774"}],"wp:attachment":[{"href":"https:\/\/www.noticiasradioreflejos.com.ar\/2021\/wp-json\/wp\/v2\/media?parent=115772"}],"wp:term":[{"taxonomy":"category","embeddable":true,"href":"https:\/\/www.noticiasradioreflejos.com.ar\/2021\/wp-json\/wp\/v2\/categories?post=115772"},{"taxonomy":"post_tag","embeddable":true,"href":"https:\/\/www.noticiasradioreflejos.com.ar\/2021\/wp-json\/wp\/v2\/tags?post=115772"}],"curies":[{"name":"wp","href":"https:\/\/api.w.org\/{rel}","templated":true}]}}