{"id":115686,"date":"2025-04-24T11:27:21","date_gmt":"2025-04-24T14:27:21","guid":{"rendered":"https:\/\/www.noticiasradioreflejos.com.ar\/2021\/?p=115686"},"modified":"2025-04-24T11:39:33","modified_gmt":"2025-04-24T14:39:33","slug":"tras-tres-meses-de-intenso-trabajo-fueron-extinguidos-los-incendios-en-el-parque-nacional-lanin","status":"publish","type":"post","link":"https:\/\/www.noticiasradioreflejos.com.ar\/2021\/tras-tres-meses-de-intenso-trabajo-fueron-extinguidos-los-incendios-en-el-parque-nacional-lanin\/","title":{"rendered":"Tras tres meses de intenso trabajo, fueron extinguidos los incendios en el Parque Nacional Lan\u00edn"},"content":{"rendered":"<p>Unas 22.100 hect\u00e1reas quedaron arrasadas por el fuego.<!--more--><\/p>\n<p>Apoco m\u00e1s de un mes de haberse reactivado la actividad tur\u00edstica en el Parque Nacional Lan\u00edn, las autoridades provinciales anunciaron que el incendio, que comenz\u00f3 a fines de enero de este a\u00f1o, se encuentra oficialmente extinguido.<\/p>\n<div class=\"noticia-main-container\">\n<div class=\"noticia__desarrollo\">\n<p>El anuncio fue comunicado por el Comando Unificado del Parque Nacional Lan\u00edn y el Gobierno de la Provincia de Neuqu\u00e9n, en el que destacaron los intensos trabajos para combatir el fuego.<\/p>\n<p>El desastre fue de tal magnitud que\u00a0<strong>un total de 22.100 hect\u00e1reas quedaron arrasadas,<\/strong>\u00a0siendo Valle Magdalena una de las zonas m\u00e1s afectadas. Los operativos para combatir las llamas contaron con la participaci\u00f3n de m\u00e1s de 1000 personas, de los cuales 282 eran brigadistas, y 17 medios a\u00e9reos, entre ellos 12 helic\u00f3pteros, 3 aviones hidrantes, un Boeing y un Airbus Helicopter, con capacidad para transportar una importante cantidad de agua. A su vez, las condiciones clim\u00e1ticas, que se registraron en las \u00faltimas semanas de marzo y durante el mes de abril, fueron fundamentales para la disminuci\u00f3n de la peligrosidad del incendio.<\/p>\n<p>Seg\u00fan los registros informados por el portal El Cordillerano, el \u00cdndice de Peligrosidad de Incendios (FWI) descendi\u00f3 al rango de moderado a bajo, impulsado por una significativa precipitaci\u00f3n acumulada de 111,47 mm en la estaci\u00f3n meteorol\u00f3gica de Tromen. Esto contribuy\u00f3 a reducir la disponibilidad de combustibles para la ignici\u00f3n.<\/p>\n<p>Adem\u00e1s, las recorridas a\u00e9reas y terrestres realizadas por el personal t\u00e9cnico, que incluyeron el uso de drones con c\u00e1mara t\u00e9rmica y helic\u00f3pteros, no detectaron nuevas columnas de humo en los sectores de mayor carga de combustible, lo que corrobor\u00f3 la extinci\u00f3n del fuego en los puntos m\u00e1s cr\u00edticos.<\/p>\n<p>En cuanto a la superficie afectada, se realiz\u00f3 una actualizaci\u00f3n de los datos a trav\u00e9s del uso del Sistema de Informaci\u00f3n Geogr\u00e1fica (GIS), que permiti\u00f3 ajustar el c\u00e1lculo de la superficie quemada. De las 22.100 hect\u00e1reas inicialmente afectadas, 19.380 hect\u00e1reas fueron totalmente destruidas, mientras que el resto correspondi\u00f3 a \u00e1reas que sufrieron da\u00f1os parciales o que no fueron alcanzadas por las llamas.<\/p>\n<blockquote class=\"wp-block-quote is-layout-flow wp-block-quote-is-layout-flow\"><p>Ahora, el Parque Nacional Lan\u00edn inicia una nueva fase: el an\u00e1lisis de severidad del incendio para determinar el impacto real sobre el ecosistema y planificar las acciones necesarias para la restauraci\u00f3n de los bosques afectados.<\/p><\/blockquote>\n<p>Por \u00faltimo, la Administraci\u00f3n de Parques Nacionales agradeci\u00f3 \u2014en el Parte 65 emitido este mi\u00e9rcoles\u2014 a quienes integraron el operativo en este incendio, \u201cdestacando el compromiso, la vocaci\u00f3n de servicio y el esfuerzo, reconociendo la importancia de una respuesta articulada ante eventos de esta magnitud\u201d.<\/p>\n<p>A mediados de marzo y tras haber contenido el fuego en el Valle Magdalena, se hab\u00edan habilitado las actividades en la zona. La reapertura fue un respiro tanto para las autoridades como para los operadores tur\u00edsticos, quienes ya se alistaban para recibir a los visitantes en una de las regiones monta\u00f1osas m\u00e1s destacadas del pa\u00eds.<\/p>\n<p>En simult\u00e1neo, el camping Tromen comenz\u00f3 a funcionar con normalidad, lo que alivi\u00f3 a aquellos que hab\u00edan visto reducidas sus opciones de recreaci\u00f3n en la zona. A su vez, los recorridos en el \u00e1rea del volc\u00e1n se habilitaron pero con una serie de reglas estrictas para asegurar tanto la seguridad de los visitantes como la protecci\u00f3n del entorno natural.<\/p>\n<p>Quienes deseen subir al Volc\u00e1n Lan\u00edn deber\u00e1n cumplir con varios requisitos, entre ellos el registro previo en la p\u00e1gina web del parque y la presentaci\u00f3n de una declaraci\u00f3n jurada en el Centro de Informes de R\u00edo Turbio en el horario de 8:00 a 14:00, tal como indic\u00f3 el portal LM Neuqu\u00e9n.<\/p>\n<p>Asimismo, las actividades en la zona estar\u00e1n restringidas a un horario comprendido entre las 8:00 y las 20:00 horas, con el fin de permitir a los turistas disfrutar de la belleza del volc\u00e1n de manera segura y organizada.<\/p>\n<p>&nbsp;<\/p>\n<p><strong>Fuente: diario Infobae<\/strong><\/p>\n<\/div>\n<\/div>\n","protected":false},"excerpt":{"rendered":"<p>Unas 22.100 hect\u00e1reas quedaron arrasadas por el fuego.<\/p>\n","protected":false},"author":3,"featured_media":115687,"comment_status":"closed","ping_status":"closed","sticky":false,"template":"","format":"standard","meta":{"footnotes":""},"categories":[26],"tags":[],"class_list":["post-115686","post","type-post","status-publish","format-standard","has-post-thumbnail","hentry","category-sociedad"],"yoast_head":"<!-- This site is optimized with the Yoast SEO plugin v25.9 - https:\/\/yoast.com\/wordpress\/plugins\/seo\/ -->\n<title>Tras tres meses de intenso trabajo, fueron extinguidos los incendios en el Parque Nacional Lan\u00edn - Noticias Radio Reflejos<\/title>\n<meta name=\"robots\" content=\"index, follow, max-snippet:-1, max-image-preview:large, max-video-preview:-1\" \/>\n<link rel=\"canonical\" href=\"https:\/\/www.noticiasradioreflejos.com.ar\/2021\/tras-tres-meses-de-intenso-trabajo-fueron-extinguidos-los-incendios-en-el-parque-nacional-lanin\/\" \/>\n<meta property=\"og:locale\" content=\"es_ES\" \/>\n<meta property=\"og:type\" content=\"article\" \/>\n<meta property=\"og:title\" content=\"Tras tres meses de intenso trabajo, fueron extinguidos los incendios en el Parque Nacional Lan\u00edn - Noticias Radio Reflejos\" \/>\n<meta property=\"og:description\" content=\"Unas 22.100 hect\u00e1reas quedaron arrasadas por el fuego.\" \/>\n<meta property=\"og:url\" content=\"https:\/\/www.noticiasradioreflejos.com.ar\/2021\/tras-tres-meses-de-intenso-trabajo-fueron-extinguidos-los-incendios-en-el-parque-nacional-lanin\/\" \/>\n<meta property=\"og:site_name\" content=\"Noticias Radio Reflejos\" \/>\n<meta property=\"article:published_time\" content=\"2025-04-24T14:27:21+00:00\" \/>\n<meta property=\"article:modified_time\" content=\"2025-04-24T14:39:33+00:00\" \/>\n<meta property=\"og:image\" content=\"https:\/\/www.noticiasradioreflejos.com.ar\/2021\/wp-content\/uploads\/2025\/04\/Lanin.jpg\" \/>\n\t<meta property=\"og:image:width\" content=\"1200\" \/>\n\t<meta property=\"og:image:height\" content=\"799\" \/>\n\t<meta property=\"og:image:type\" content=\"image\/jpeg\" \/>\n<meta name=\"author\" content=\"Arnaldo Botto\" \/>\n<meta name=\"twitter:card\" content=\"summary_large_image\" \/>\n<script type=\"application\/ld+json\" class=\"yoast-schema-graph\">{\"@context\":\"https:\/\/schema.org\",\"@graph\":[{\"@type\":\"WebPage\",\"@id\":\"https:\/\/www.noticiasradioreflejos.com.ar\/2021\/tras-tres-meses-de-intenso-trabajo-fueron-extinguidos-los-incendios-en-el-parque-nacional-lanin\/\",\"url\":\"https:\/\/www.noticiasradioreflejos.com.ar\/2021\/tras-tres-meses-de-intenso-trabajo-fueron-extinguidos-los-incendios-en-el-parque-nacional-lanin\/\",\"name\":\"Tras tres meses de intenso trabajo, fueron extinguidos los incendios en el Parque Nacional Lan\u00edn - Noticias Radio Reflejos\",\"isPartOf\":{\"@id\":\"https:\/\/www.noticiasradioreflejos.com.ar\/2021\/#website\"},\"primaryImageOfPage\":{\"@id\":\"https:\/\/www.noticiasradioreflejos.com.ar\/2021\/tras-tres-meses-de-intenso-trabajo-fueron-extinguidos-los-incendios-en-el-parque-nacional-lanin\/#primaryimage\"},\"image\":{\"@id\":\"https:\/\/www.noticiasradioreflejos.com.ar\/2021\/tras-tres-meses-de-intenso-trabajo-fueron-extinguidos-los-incendios-en-el-parque-nacional-lanin\/#primaryimage\"},\"thumbnailUrl\":\"https:\/\/www.noticiasradioreflejos.com.ar\/2021\/wp-content\/uploads\/2025\/04\/Lanin.jpg\",\"datePublished\":\"2025-04-24T14:27:21+00:00\",\"dateModified\":\"2025-04-24T14:39:33+00:00\",\"author\":{\"@id\":\"https:\/\/www.noticiasradioreflejos.com.ar\/2021\/#\/schema\/person\/ad82545263dcc5ec0996818884fd5fb1\"},\"breadcrumb\":{\"@id\":\"https:\/\/www.noticiasradioreflejos.com.ar\/2021\/tras-tres-meses-de-intenso-trabajo-fueron-extinguidos-los-incendios-en-el-parque-nacional-lanin\/#breadcrumb\"},\"inLanguage\":\"es\",\"potentialAction\":[{\"@type\":\"ReadAction\",\"target\":[\"https:\/\/www.noticiasradioreflejos.com.ar\/2021\/tras-tres-meses-de-intenso-trabajo-fueron-extinguidos-los-incendios-en-el-parque-nacional-lanin\/\"]}]},{\"@type\":\"ImageObject\",\"inLanguage\":\"es\",\"@id\":\"https:\/\/www.noticiasradioreflejos.com.ar\/2021\/tras-tres-meses-de-intenso-trabajo-fueron-extinguidos-los-incendios-en-el-parque-nacional-lanin\/#primaryimage\",\"url\":\"https:\/\/www.noticiasradioreflejos.com.ar\/2021\/wp-content\/uploads\/2025\/04\/Lanin.jpg\",\"contentUrl\":\"https:\/\/www.noticiasradioreflejos.com.ar\/2021\/wp-content\/uploads\/2025\/04\/Lanin.jpg\",\"width\":1200,\"height\":799},{\"@type\":\"BreadcrumbList\",\"@id\":\"https:\/\/www.noticiasradioreflejos.com.ar\/2021\/tras-tres-meses-de-intenso-trabajo-fueron-extinguidos-los-incendios-en-el-parque-nacional-lanin\/#breadcrumb\",\"itemListElement\":[{\"@type\":\"ListItem\",\"position\":1,\"name\":\"Portada\",\"item\":\"https:\/\/www.noticiasradioreflejos.com.ar\/2021\/\"},{\"@type\":\"ListItem\",\"position\":2,\"name\":\"Tras tres meses de intenso trabajo, fueron extinguidos los incendios en el Parque Nacional Lan\u00edn\"}]},{\"@type\":\"WebSite\",\"@id\":\"https:\/\/www.noticiasradioreflejos.com.ar\/2021\/#website\",\"url\":\"https:\/\/www.noticiasradioreflejos.com.ar\/2021\/\",\"name\":\"Noticias Radio Reflejos\",\"description\":\"Las noticias de mi comarca\",\"potentialAction\":[{\"@type\":\"SearchAction\",\"target\":{\"@type\":\"EntryPoint\",\"urlTemplate\":\"https:\/\/www.noticiasradioreflejos.com.ar\/2021\/?s={search_term_string}\"},\"query-input\":{\"@type\":\"PropertyValueSpecification\",\"valueRequired\":true,\"valueName\":\"search_term_string\"}}],\"inLanguage\":\"es\"},{\"@type\":\"Person\",\"@id\":\"https:\/\/www.noticiasradioreflejos.com.ar\/2021\/#\/schema\/person\/ad82545263dcc5ec0996818884fd5fb1\",\"name\":\"Arnaldo Botto\",\"image\":{\"@type\":\"ImageObject\",\"inLanguage\":\"es\",\"@id\":\"https:\/\/www.noticiasradioreflejos.com.ar\/2021\/#\/schema\/person\/image\/\",\"url\":\"https:\/\/secure.gravatar.com\/avatar\/55cb5e37c1efa326397366e6974cb338056df65cb50e7d64d1cf314e87504837?s=96&d=mm&r=g\",\"contentUrl\":\"https:\/\/secure.gravatar.com\/avatar\/55cb5e37c1efa326397366e6974cb338056df65cb50e7d64d1cf314e87504837?s=96&d=mm&r=g\",\"caption\":\"Arnaldo Botto\"},\"url\":\"https:\/\/www.noticiasradioreflejos.com.ar\/2021\/author\/arnaldo\/\"}]}<\/script>\n<!-- \/ Yoast SEO plugin. -->","yoast_head_json":{"title":"Tras tres meses de intenso trabajo, fueron extinguidos los incendios en el Parque Nacional Lan\u00edn - Noticias Radio Reflejos","robots":{"index":"index","follow":"follow","max-snippet":"max-snippet:-1","max-image-preview":"max-image-preview:large","max-video-preview":"max-video-preview:-1"},"canonical":"https:\/\/www.noticiasradioreflejos.com.ar\/2021\/tras-tres-meses-de-intenso-trabajo-fueron-extinguidos-los-incendios-en-el-parque-nacional-lanin\/","og_locale":"es_ES","og_type":"article","og_title":"Tras tres meses de intenso trabajo, fueron extinguidos los incendios en el Parque Nacional Lan\u00edn - Noticias Radio Reflejos","og_description":"Unas 22.100 hect\u00e1reas quedaron arrasadas por el fuego.","og_url":"https:\/\/www.noticiasradioreflejos.com.ar\/2021\/tras-tres-meses-de-intenso-trabajo-fueron-extinguidos-los-incendios-en-el-parque-nacional-lanin\/","og_site_name":"Noticias Radio Reflejos","article_published_time":"2025-04-24T14:27:21+00:00","article_modified_time":"2025-04-24T14:39:33+00:00","og_image":[{"width":1200,"height":799,"url":"https:\/\/www.noticiasradioreflejos.com.ar\/2021\/wp-content\/uploads\/2025\/04\/Lanin.jpg","type":"image\/jpeg"}],"author":"Arnaldo Botto","twitter_card":"summary_large_image","schema":{"@context":"https:\/\/schema.org","@graph":[{"@type":"WebPage","@id":"https:\/\/www.noticiasradioreflejos.com.ar\/2021\/tras-tres-meses-de-intenso-trabajo-fueron-extinguidos-los-incendios-en-el-parque-nacional-lanin\/","url":"https:\/\/www.noticiasradioreflejos.com.ar\/2021\/tras-tres-meses-de-intenso-trabajo-fueron-extinguidos-los-incendios-en-el-parque-nacional-lanin\/","name":"Tras tres meses de intenso trabajo, fueron extinguidos los incendios en el Parque Nacional Lan\u00edn - Noticias Radio Reflejos","isPartOf":{"@id":"https:\/\/www.noticiasradioreflejos.com.ar\/2021\/#website"},"primaryImageOfPage":{"@id":"https:\/\/www.noticiasradioreflejos.com.ar\/2021\/tras-tres-meses-de-intenso-trabajo-fueron-extinguidos-los-incendios-en-el-parque-nacional-lanin\/#primaryimage"},"image":{"@id":"https:\/\/www.noticiasradioreflejos.com.ar\/2021\/tras-tres-meses-de-intenso-trabajo-fueron-extinguidos-los-incendios-en-el-parque-nacional-lanin\/#primaryimage"},"thumbnailUrl":"https:\/\/www.noticiasradioreflejos.com.ar\/2021\/wp-content\/uploads\/2025\/04\/Lanin.jpg","datePublished":"2025-04-24T14:27:21+00:00","dateModified":"2025-04-24T14:39:33+00:00","author":{"@id":"https:\/\/www.noticiasradioreflejos.com.ar\/2021\/#\/schema\/person\/ad82545263dcc5ec0996818884fd5fb1"},"breadcrumb":{"@id":"https:\/\/www.noticiasradioreflejos.com.ar\/2021\/tras-tres-meses-de-intenso-trabajo-fueron-extinguidos-los-incendios-en-el-parque-nacional-lanin\/#breadcrumb"},"inLanguage":"es","potentialAction":[{"@type":"ReadAction","target":["https:\/\/www.noticiasradioreflejos.com.ar\/2021\/tras-tres-meses-de-intenso-trabajo-fueron-extinguidos-los-incendios-en-el-parque-nacional-lanin\/"]}]},{"@type":"ImageObject","inLanguage":"es","@id":"https:\/\/www.noticiasradioreflejos.com.ar\/2021\/tras-tres-meses-de-intenso-trabajo-fueron-extinguidos-los-incendios-en-el-parque-nacional-lanin\/#primaryimage","url":"https:\/\/www.noticiasradioreflejos.com.ar\/2021\/wp-content\/uploads\/2025\/04\/Lanin.jpg","contentUrl":"https:\/\/www.noticiasradioreflejos.com.ar\/2021\/wp-content\/uploads\/2025\/04\/Lanin.jpg","width":1200,"height":799},{"@type":"BreadcrumbList","@id":"https:\/\/www.noticiasradioreflejos.com.ar\/2021\/tras-tres-meses-de-intenso-trabajo-fueron-extinguidos-los-incendios-en-el-parque-nacional-lanin\/#breadcrumb","itemListElement":[{"@type":"ListItem","position":1,"name":"Portada","item":"https:\/\/www.noticiasradioreflejos.com.ar\/2021\/"},{"@type":"ListItem","position":2,"name":"Tras tres meses de intenso trabajo, fueron extinguidos los incendios en el Parque Nacional Lan\u00edn"}]},{"@type":"WebSite","@id":"https:\/\/www.noticiasradioreflejos.com.ar\/2021\/#website","url":"https:\/\/www.noticiasradioreflejos.com.ar\/2021\/","name":"Noticias Radio Reflejos","description":"Las noticias de mi comarca","potentialAction":[{"@type":"SearchAction","target":{"@type":"EntryPoint","urlTemplate":"https:\/\/www.noticiasradioreflejos.com.ar\/2021\/?s={search_term_string}"},"query-input":{"@type":"PropertyValueSpecification","valueRequired":true,"valueName":"search_term_string"}}],"inLanguage":"es"},{"@type":"Person","@id":"https:\/\/www.noticiasradioreflejos.com.ar\/2021\/#\/schema\/person\/ad82545263dcc5ec0996818884fd5fb1","name":"Arnaldo Botto","image":{"@type":"ImageObject","inLanguage":"es","@id":"https:\/\/www.noticiasradioreflejos.com.ar\/2021\/#\/schema\/person\/image\/","url":"https:\/\/secure.gravatar.com\/avatar\/55cb5e37c1efa326397366e6974cb338056df65cb50e7d64d1cf314e87504837?s=96&d=mm&r=g","contentUrl":"https:\/\/secure.gravatar.com\/avatar\/55cb5e37c1efa326397366e6974cb338056df65cb50e7d64d1cf314e87504837?s=96&d=mm&r=g","caption":"Arnaldo Botto"},"url":"https:\/\/www.noticiasradioreflejos.com.ar\/2021\/author\/arnaldo\/"}]}},"_links":{"self":[{"href":"https:\/\/www.noticiasradioreflejos.com.ar\/2021\/wp-json\/wp\/v2\/posts\/115686","targetHints":{"allow":["GET"]}}],"collection":[{"href":"https:\/\/www.noticiasradioreflejos.com.ar\/2021\/wp-json\/wp\/v2\/posts"}],"about":[{"href":"https:\/\/www.noticiasradioreflejos.com.ar\/2021\/wp-json\/wp\/v2\/types\/post"}],"author":[{"embeddable":true,"href":"https:\/\/www.noticiasradioreflejos.com.ar\/2021\/wp-json\/wp\/v2\/users\/3"}],"replies":[{"embeddable":true,"href":"https:\/\/www.noticiasradioreflejos.com.ar\/2021\/wp-json\/wp\/v2\/comments?post=115686"}],"version-history":[{"count":1,"href":"https:\/\/www.noticiasradioreflejos.com.ar\/2021\/wp-json\/wp\/v2\/posts\/115686\/revisions"}],"predecessor-version":[{"id":115688,"href":"https:\/\/www.noticiasradioreflejos.com.ar\/2021\/wp-json\/wp\/v2\/posts\/115686\/revisions\/115688"}],"wp:featuredmedia":[{"embeddable":true,"href":"https:\/\/www.noticiasradioreflejos.com.ar\/2021\/wp-json\/wp\/v2\/media\/115687"}],"wp:attachment":[{"href":"https:\/\/www.noticiasradioreflejos.com.ar\/2021\/wp-json\/wp\/v2\/media?parent=115686"}],"wp:term":[{"taxonomy":"category","embeddable":true,"href":"https:\/\/www.noticiasradioreflejos.com.ar\/2021\/wp-json\/wp\/v2\/categories?post=115686"},{"taxonomy":"post_tag","embeddable":true,"href":"https:\/\/www.noticiasradioreflejos.com.ar\/2021\/wp-json\/wp\/v2\/tags?post=115686"}],"curies":[{"name":"wp","href":"https:\/\/api.w.org\/{rel}","templated":true}]}}