{"id":115639,"date":"2025-04-23T21:49:33","date_gmt":"2025-04-24T00:49:33","guid":{"rendered":"https:\/\/www.noticiasradioreflejos.com.ar\/2021\/?p=115639"},"modified":"2025-04-23T21:49:33","modified_gmt":"2025-04-24T00:49:33","slug":"fabian-tula-fue-un-papa-que-abundo-en-gestos","status":"publish","type":"post","link":"https:\/\/www.noticiasradioreflejos.com.ar\/2021\/fabian-tula-fue-un-papa-que-abundo-en-gestos\/","title":{"rendered":"Fabi\u00e1n Tula: \u00abFue un Papa que abund\u00f3 en gestos\u00bb"},"content":{"rendered":"<p>Fabian Tula, el cura p\u00e1rroco de Sierra de la Ventana, estuvo en la ma\u00f1ana de FM Reflejos para expresar su opini\u00f3n sobre la tarea y la partida del Papa Francisco.<!--more--><\/p>\n<p>\u00abPara el cat\u00f3lico es la Pascua es el fundamento de la fe\u00bb hace referencia a la fecha en la que parti\u00f3 Francisco. \u00ab\u00c9l quiso salir a dar la bendici\u00f3n y quiso salir a recorrer la plaza de San Pedro, para nosotros es todo un signo esto, que \u00e9l hace de las suyas\u00bb.<\/p>\n<p>Fabian comenta haberlo conocido en la Peregrinaci\u00f3n de Luj\u00e1n, compartiendo una gran mesa, antes de que sea elegido Papa. Lo ha visto durante las madrugadas de la peregrinaci\u00f3n en la misa de las 7 de la ma\u00f1ana y confesando a los peregrinos. \u00abAh\u00ed era cardenal. Despu\u00e9s lo volv\u00ed a ver en el 2013, cuando ya era Papa, en la Jornada de la Juventud en Brasil. A quienes lo conocimos en Buenos Aires, nos sorprendi\u00f3 lo jovial que estaba. Rejuveneci\u00f3 unos cuantos a\u00f1os\u00bb expres\u00f3.<\/p>\n<p>\u00abPara nosotros, como creyentes, es un don que Dios le ha dado. Ha marcado mucho su sonrisa, su humor, su alegr\u00eda\u00bb opina sobre el m\u00e1ximo referente de la iglesia Universal. \u00abEvidentemente Dios nos da para cada momento de la vida una gracia. A \u00e9l lo sobreabund\u00f3 esa gracia con alegr\u00eda, con vitalidad, para llevar a cabo algo que no era sencillo. Sin embargo, pudo tomar el tim\u00f3n y continuar con la trayectoria de los Papas anteriores\u00bb.<\/p>\n<p>\u00abLey\u00e9ndolo a lo interno de la Iglesia, fue una continuidad, no fue ruptura con lo anterior\u00bb menciona en relaci\u00f3n al trabajo de Bergoglio. \u00abBenedicto dej\u00f3 todas las bases listas para lo que termin\u00f3 reformando Francisco. \u00c9l puso en la pr\u00e1ctica todo el per\u00edodo que se hab\u00eda puesto en palabras. Fue un Papa que abund\u00f3 en gestos\u00bb.<\/p>\n<p>\u00abConfiamos en que el Papa que sea elegido contin\u00faen desde donde dej\u00f3 el anterior. No creemos que vaya a haber un &#8216;anti Papa&#8217;. Para nosotros hay tres puntos muy fuertes del pontificado de Francisco, que plante\u00f3 para la identidad de la iglesia y del creyente que son; La Misericordia, el amor por nuestra propia miseria. Por otro lado, la Sinodalidad, escuchando la voz de todos, proclamamos la voz de Dios. por \u00faltimo, La Esperanza\u00bb se expresa en relaci\u00f3n a lo que vendr\u00e1.<\/p>\n<p>&nbsp;<\/p>\n<p><iframe loading=\"lazy\" src=\"https:\/\/w.soundcloud.com\/player\/?url=https%3A\/\/api.soundcloud.com\/tracks\/2083671921&amp;color=%23ff5500&amp;auto_play=false&amp;hide_related=false&amp;show_comments=true&amp;show_user=true&amp;show_reposts=false&amp;show_teaser=true\" width=\"100%\" height=\"166\" frameborder=\"no\" scrolling=\"no\"><\/iframe><\/p>\n<div style=\"font-size: 10px; color: #cccccc; line-break: anywhere; word-break: normal; overflow: hidden; white-space: nowrap; text-overflow: ellipsis; font-family: Interstate,Lucida Grande,Lucida Sans Unicode,Lucida Sans,Garuda,Verdana,Tahoma,sans-serif; font-weight: 100;\"><a style=\"color: #cccccc; text-decoration: none;\" title=\"fmreflejos 103.7\" href=\"https:\/\/soundcloud.com\/fmreflejos-103-7\" target=\"_blank\" rel=\"noopener\">fmreflejos 103.7<\/a> \u00b7 <a style=\"color: #cccccc; text-decoration: none;\" title=\"Fabian Tula 23-04\" href=\"https:\/\/soundcloud.com\/fmreflejos-103-7\/fabian-tula-23-04\" target=\"_blank\" rel=\"noopener\">Fabian Tula 23-04<\/a><\/div>\n","protected":false},"excerpt":{"rendered":"<p>Fabian Tula, el cura p\u00e1rroco de Sierra de la Ventana, estuvo en la ma\u00f1ana de FM Reflejos para expresar su opini\u00f3n sobre la tarea y la partida del Papa Francisco.<\/p>\n","protected":false},"author":3,"featured_media":0,"comment_status":"closed","ping_status":"closed","sticky":false,"template":"","format":"standard","meta":{"footnotes":""},"categories":[35,26],"tags":[48],"class_list":["post-115639","post","type-post","status-publish","format-standard","hentry","category-cultura","category-sociedad","tag-destacada"],"yoast_head":"<!-- This site is optimized with the Yoast SEO plugin v25.9 - https:\/\/yoast.com\/wordpress\/plugins\/seo\/ -->\n<title>Fabi\u00e1n Tula: &quot;Fue un Papa que abund\u00f3 en gestos&quot; - Noticias Radio Reflejos<\/title>\n<meta name=\"robots\" content=\"index, follow, max-snippet:-1, max-image-preview:large, max-video-preview:-1\" \/>\n<link rel=\"canonical\" href=\"https:\/\/www.noticiasradioreflejos.com.ar\/2021\/fabian-tula-fue-un-papa-que-abundo-en-gestos\/\" \/>\n<meta property=\"og:locale\" content=\"es_ES\" \/>\n<meta property=\"og:type\" content=\"article\" \/>\n<meta property=\"og:title\" content=\"Fabi\u00e1n Tula: &quot;Fue un Papa que abund\u00f3 en gestos&quot; - Noticias Radio Reflejos\" \/>\n<meta property=\"og:description\" content=\"Fabian Tula, el cura p\u00e1rroco de Sierra de la Ventana, estuvo en la ma\u00f1ana de FM Reflejos para expresar su opini\u00f3n sobre la tarea y la partida del Papa Francisco.\" \/>\n<meta property=\"og:url\" content=\"https:\/\/www.noticiasradioreflejos.com.ar\/2021\/fabian-tula-fue-un-papa-que-abundo-en-gestos\/\" \/>\n<meta property=\"og:site_name\" content=\"Noticias Radio Reflejos\" \/>\n<meta property=\"article:published_time\" content=\"2025-04-24T00:49:33+00:00\" \/>\n<meta property=\"og:image\" content=\"https:\/\/www.noticiasradioreflejos.com.ar\/2021\/wp-content\/uploads\/2023\/06\/07-06-2023_francisco_se_sometera_hoy_a.jpg\" \/>\n\t<meta property=\"og:image:width\" content=\"1600\" \/>\n\t<meta property=\"og:image:height\" content=\"1067\" \/>\n\t<meta property=\"og:image:type\" content=\"image\/jpeg\" \/>\n<meta name=\"author\" content=\"Arnaldo Botto\" \/>\n<meta name=\"twitter:card\" content=\"summary_large_image\" \/>\n<script type=\"application\/ld+json\" class=\"yoast-schema-graph\">{\"@context\":\"https:\/\/schema.org\",\"@graph\":[{\"@type\":\"WebPage\",\"@id\":\"https:\/\/www.noticiasradioreflejos.com.ar\/2021\/fabian-tula-fue-un-papa-que-abundo-en-gestos\/\",\"url\":\"https:\/\/www.noticiasradioreflejos.com.ar\/2021\/fabian-tula-fue-un-papa-que-abundo-en-gestos\/\",\"name\":\"Fabi\u00e1n Tula: \\\"Fue un Papa que abund\u00f3 en gestos\\\" - Noticias Radio Reflejos\",\"isPartOf\":{\"@id\":\"https:\/\/www.noticiasradioreflejos.com.ar\/2021\/#website\"},\"datePublished\":\"2025-04-24T00:49:33+00:00\",\"author\":{\"@id\":\"https:\/\/www.noticiasradioreflejos.com.ar\/2021\/#\/schema\/person\/ad82545263dcc5ec0996818884fd5fb1\"},\"breadcrumb\":{\"@id\":\"https:\/\/www.noticiasradioreflejos.com.ar\/2021\/fabian-tula-fue-un-papa-que-abundo-en-gestos\/#breadcrumb\"},\"inLanguage\":\"es\",\"potentialAction\":[{\"@type\":\"ReadAction\",\"target\":[\"https:\/\/www.noticiasradioreflejos.com.ar\/2021\/fabian-tula-fue-un-papa-que-abundo-en-gestos\/\"]}]},{\"@type\":\"BreadcrumbList\",\"@id\":\"https:\/\/www.noticiasradioreflejos.com.ar\/2021\/fabian-tula-fue-un-papa-que-abundo-en-gestos\/#breadcrumb\",\"itemListElement\":[{\"@type\":\"ListItem\",\"position\":1,\"name\":\"Portada\",\"item\":\"https:\/\/www.noticiasradioreflejos.com.ar\/2021\/\"},{\"@type\":\"ListItem\",\"position\":2,\"name\":\"Fabi\u00e1n Tula: \u00abFue un Papa que abund\u00f3 en gestos\u00bb\"}]},{\"@type\":\"WebSite\",\"@id\":\"https:\/\/www.noticiasradioreflejos.com.ar\/2021\/#website\",\"url\":\"https:\/\/www.noticiasradioreflejos.com.ar\/2021\/\",\"name\":\"Noticias Radio Reflejos\",\"description\":\"Las noticias de mi comarca\",\"potentialAction\":[{\"@type\":\"SearchAction\",\"target\":{\"@type\":\"EntryPoint\",\"urlTemplate\":\"https:\/\/www.noticiasradioreflejos.com.ar\/2021\/?s={search_term_string}\"},\"query-input\":{\"@type\":\"PropertyValueSpecification\",\"valueRequired\":true,\"valueName\":\"search_term_string\"}}],\"inLanguage\":\"es\"},{\"@type\":\"Person\",\"@id\":\"https:\/\/www.noticiasradioreflejos.com.ar\/2021\/#\/schema\/person\/ad82545263dcc5ec0996818884fd5fb1\",\"name\":\"Arnaldo Botto\",\"image\":{\"@type\":\"ImageObject\",\"inLanguage\":\"es\",\"@id\":\"https:\/\/www.noticiasradioreflejos.com.ar\/2021\/#\/schema\/person\/image\/\",\"url\":\"https:\/\/secure.gravatar.com\/avatar\/55cb5e37c1efa326397366e6974cb338056df65cb50e7d64d1cf314e87504837?s=96&d=mm&r=g\",\"contentUrl\":\"https:\/\/secure.gravatar.com\/avatar\/55cb5e37c1efa326397366e6974cb338056df65cb50e7d64d1cf314e87504837?s=96&d=mm&r=g\",\"caption\":\"Arnaldo Botto\"},\"url\":\"https:\/\/www.noticiasradioreflejos.com.ar\/2021\/author\/arnaldo\/\"}]}<\/script>\n<!-- \/ Yoast SEO plugin. -->","yoast_head_json":{"title":"Fabi\u00e1n Tula: \"Fue un Papa que abund\u00f3 en gestos\" - Noticias Radio Reflejos","robots":{"index":"index","follow":"follow","max-snippet":"max-snippet:-1","max-image-preview":"max-image-preview:large","max-video-preview":"max-video-preview:-1"},"canonical":"https:\/\/www.noticiasradioreflejos.com.ar\/2021\/fabian-tula-fue-un-papa-que-abundo-en-gestos\/","og_locale":"es_ES","og_type":"article","og_title":"Fabi\u00e1n Tula: \"Fue un Papa que abund\u00f3 en gestos\" - Noticias Radio Reflejos","og_description":"Fabian Tula, el cura p\u00e1rroco de Sierra de la Ventana, estuvo en la ma\u00f1ana de FM Reflejos para expresar su opini\u00f3n sobre la tarea y la partida del Papa Francisco.","og_url":"https:\/\/www.noticiasradioreflejos.com.ar\/2021\/fabian-tula-fue-un-papa-que-abundo-en-gestos\/","og_site_name":"Noticias Radio Reflejos","article_published_time":"2025-04-24T00:49:33+00:00","og_image":[{"width":1600,"height":1067,"url":"https:\/\/www.noticiasradioreflejos.com.ar\/2021\/wp-content\/uploads\/2023\/06\/07-06-2023_francisco_se_sometera_hoy_a.jpg","type":"image\/jpeg"}],"author":"Arnaldo Botto","twitter_card":"summary_large_image","schema":{"@context":"https:\/\/schema.org","@graph":[{"@type":"WebPage","@id":"https:\/\/www.noticiasradioreflejos.com.ar\/2021\/fabian-tula-fue-un-papa-que-abundo-en-gestos\/","url":"https:\/\/www.noticiasradioreflejos.com.ar\/2021\/fabian-tula-fue-un-papa-que-abundo-en-gestos\/","name":"Fabi\u00e1n Tula: \"Fue un Papa que abund\u00f3 en gestos\" - Noticias Radio Reflejos","isPartOf":{"@id":"https:\/\/www.noticiasradioreflejos.com.ar\/2021\/#website"},"datePublished":"2025-04-24T00:49:33+00:00","author":{"@id":"https:\/\/www.noticiasradioreflejos.com.ar\/2021\/#\/schema\/person\/ad82545263dcc5ec0996818884fd5fb1"},"breadcrumb":{"@id":"https:\/\/www.noticiasradioreflejos.com.ar\/2021\/fabian-tula-fue-un-papa-que-abundo-en-gestos\/#breadcrumb"},"inLanguage":"es","potentialAction":[{"@type":"ReadAction","target":["https:\/\/www.noticiasradioreflejos.com.ar\/2021\/fabian-tula-fue-un-papa-que-abundo-en-gestos\/"]}]},{"@type":"BreadcrumbList","@id":"https:\/\/www.noticiasradioreflejos.com.ar\/2021\/fabian-tula-fue-un-papa-que-abundo-en-gestos\/#breadcrumb","itemListElement":[{"@type":"ListItem","position":1,"name":"Portada","item":"https:\/\/www.noticiasradioreflejos.com.ar\/2021\/"},{"@type":"ListItem","position":2,"name":"Fabi\u00e1n Tula: \u00abFue un Papa que abund\u00f3 en gestos\u00bb"}]},{"@type":"WebSite","@id":"https:\/\/www.noticiasradioreflejos.com.ar\/2021\/#website","url":"https:\/\/www.noticiasradioreflejos.com.ar\/2021\/","name":"Noticias Radio Reflejos","description":"Las noticias de mi comarca","potentialAction":[{"@type":"SearchAction","target":{"@type":"EntryPoint","urlTemplate":"https:\/\/www.noticiasradioreflejos.com.ar\/2021\/?s={search_term_string}"},"query-input":{"@type":"PropertyValueSpecification","valueRequired":true,"valueName":"search_term_string"}}],"inLanguage":"es"},{"@type":"Person","@id":"https:\/\/www.noticiasradioreflejos.com.ar\/2021\/#\/schema\/person\/ad82545263dcc5ec0996818884fd5fb1","name":"Arnaldo Botto","image":{"@type":"ImageObject","inLanguage":"es","@id":"https:\/\/www.noticiasradioreflejos.com.ar\/2021\/#\/schema\/person\/image\/","url":"https:\/\/secure.gravatar.com\/avatar\/55cb5e37c1efa326397366e6974cb338056df65cb50e7d64d1cf314e87504837?s=96&d=mm&r=g","contentUrl":"https:\/\/secure.gravatar.com\/avatar\/55cb5e37c1efa326397366e6974cb338056df65cb50e7d64d1cf314e87504837?s=96&d=mm&r=g","caption":"Arnaldo Botto"},"url":"https:\/\/www.noticiasradioreflejos.com.ar\/2021\/author\/arnaldo\/"}]}},"_links":{"self":[{"href":"https:\/\/www.noticiasradioreflejos.com.ar\/2021\/wp-json\/wp\/v2\/posts\/115639","targetHints":{"allow":["GET"]}}],"collection":[{"href":"https:\/\/www.noticiasradioreflejos.com.ar\/2021\/wp-json\/wp\/v2\/posts"}],"about":[{"href":"https:\/\/www.noticiasradioreflejos.com.ar\/2021\/wp-json\/wp\/v2\/types\/post"}],"author":[{"embeddable":true,"href":"https:\/\/www.noticiasradioreflejos.com.ar\/2021\/wp-json\/wp\/v2\/users\/3"}],"replies":[{"embeddable":true,"href":"https:\/\/www.noticiasradioreflejos.com.ar\/2021\/wp-json\/wp\/v2\/comments?post=115639"}],"version-history":[{"count":5,"href":"https:\/\/www.noticiasradioreflejos.com.ar\/2021\/wp-json\/wp\/v2\/posts\/115639\/revisions"}],"predecessor-version":[{"id":115667,"href":"https:\/\/www.noticiasradioreflejos.com.ar\/2021\/wp-json\/wp\/v2\/posts\/115639\/revisions\/115667"}],"wp:attachment":[{"href":"https:\/\/www.noticiasradioreflejos.com.ar\/2021\/wp-json\/wp\/v2\/media?parent=115639"}],"wp:term":[{"taxonomy":"category","embeddable":true,"href":"https:\/\/www.noticiasradioreflejos.com.ar\/2021\/wp-json\/wp\/v2\/categories?post=115639"},{"taxonomy":"post_tag","embeddable":true,"href":"https:\/\/www.noticiasradioreflejos.com.ar\/2021\/wp-json\/wp\/v2\/tags?post=115639"}],"curies":[{"name":"wp","href":"https:\/\/api.w.org\/{rel}","templated":true}]}}