{"id":115608,"date":"2025-04-23T07:27:10","date_gmt":"2025-04-23T10:27:10","guid":{"rendered":"https:\/\/www.noticiasradioreflejos.com.ar\/2021\/?p=115608"},"modified":"2025-04-23T07:27:10","modified_gmt":"2025-04-23T10:27:10","slug":"dia-del-idioma-espanol-por-que-se-celebra-el-23-de-abril","status":"publish","type":"post","link":"https:\/\/www.noticiasradioreflejos.com.ar\/2021\/dia-del-idioma-espanol-por-que-se-celebra-el-23-de-abril\/","title":{"rendered":"D\u00eda del idioma espa\u00f1ol: \u00bfpor qu\u00e9 se celebra el 23 de abril?"},"content":{"rendered":"<p>Este d\u00eda resalta la importancia de nuestro idioma en el mundo, promueve su riqueza cultural y su papel en la conectividad global.<br \/>\n<!--more--><\/p>\n<div class=\"news-info\" data-mrf-recirculation=\"firma\">\n<div><\/div>\n<div class=\"twitter-wrapper\">El <strong>23 de abril\u00a0<\/strong>se celebra el\u00a0<strong>D\u00eda de la Lengua Espa\u00f1ola<\/strong>\u00a0con el objetivo de reconocer la riqueza cultural e hist\u00f3rica de cada uno de los idiomas oficiales de la Organizaci\u00f3n de las Naciones Unidas.<\/div>\n<\/div>\n<div class=\"partner-wrapper article-page__body-row\">\n<div class=\"second-col\">\n<p>&nbsp;<\/p>\n<p class=\"article-text\">La\u00a0ONU\u00a0introdujo en 2010 en su calendario de celebraciones los d\u00edas dedicados a las lenguas oficiales para promover la diversidad cultural y el multiling\u00fcismo.<\/p>\n<p class=\"article-text\">Se eligi\u00f3 el 23 de abril para celebrar la lengua espa\u00f1ola porque coincide con el aniversario de la muerte de Miguel de Cervantes Saavedra, autor de El Quijote, una de las obras m\u00e1s universales del mundo.<\/p>\n<p class=\"article-text\">En principio se baraj\u00f3 la fecha del 12 de octubre para celebrar el\u00a0D\u00eda de la Lengua Espa\u00f1ola\u00a0en Naciones Unidas, pero finalmente pes\u00f3 m\u00e1s la efem\u00e9ride de Cervantes. Adem\u00e1s ese d\u00eda tambi\u00e9n es el aniversario de la muerte de otros escritores de importancia universal como Garcilaso de la Vega o Teresa de la Parra, adem\u00e1s de coincidir con el D\u00eda del Libro.<\/p>\n<p class=\"article-text\">Hay que nombrar el\u00a0Grupo de Amigos del Idioma Espa\u00f1ol, un equipo fundado en 2013 por los veinte estados miembros de habla hispana para coordinar actividades dirigidas a promocionar el uso y la difusi\u00f3n del espa\u00f1ol en la ONU y en el mundo.<\/p>\n<h2 class=\"article-text\">Idiomas oficiales de las Naciones Unidas (ONU)<\/h2>\n<p class=\"article-text\">Los idiomas oficiales de la ONU son:<\/p>\n<div class=\"list\">\n<ul>\n<li>El ingl\u00e9s<\/li>\n<li>El franc\u00e9s<\/li>\n<li>El \u00e1rabe<\/li>\n<li>El chino<\/li>\n<li>El ruso<\/li>\n<li>El espa\u00f1ol<\/li>\n<\/ul>\n<\/div>\n<p class=\"article-text\">El\u00a0D\u00eda del Idioma Espa\u00f1ol\u00a0es mucho m\u00e1s que una mera conmemoraci\u00f3n. Es un recordatorio de la inmensa riqueza ling\u00fc\u00edstica y cultural que define a la comunidad hispanohablante en todo el mundo.<\/p>\n<p class=\"article-text\">En ese sentido, el\u00a0D\u00eda del Idioma Espa\u00f1ol\u00a0es una oportunidad para celebrar la diversidad y la pluralidad que caracterizan a nuestra lengua y nuestra cultura. A trav\u00e9s de la palabra escrita y hablada, honramos el legado de aquellos que vinieron antes que nosotros y allanaron el camino para las generaciones venideras.<\/p>\n<p class=\"article-text\">En este d\u00eda, renovamos nuestro compromiso de preservar y enriquecer el idioma espa\u00f1ol, asegurando as\u00ed su lugar destacado en el\u00a0escenario mundial.<\/p>\n<p>&nbsp;<\/p>\n<p class=\"article-text\"><strong><em>NB &#8211; elDiarioAR<\/em><\/strong><\/p>\n<\/div>\n<\/div>\n","protected":false},"excerpt":{"rendered":"<p>Este d\u00eda resalta la importancia de nuestro idioma en el mundo, promueve su riqueza cultural y su papel en la conectividad global.<\/p>\n","protected":false},"author":3,"featured_media":115609,"comment_status":"closed","ping_status":"closed","sticky":false,"template":"","format":"standard","meta":{"footnotes":""},"categories":[35],"tags":[],"class_list":["post-115608","post","type-post","status-publish","format-standard","has-post-thumbnail","hentry","category-cultura"],"yoast_head":"<!-- This site is optimized with the Yoast SEO plugin v25.9 - https:\/\/yoast.com\/wordpress\/plugins\/seo\/ -->\n<title>D\u00eda del idioma espa\u00f1ol: \u00bfpor qu\u00e9 se celebra el 23 de abril? - Noticias Radio Reflejos<\/title>\n<meta name=\"robots\" content=\"index, follow, max-snippet:-1, max-image-preview:large, max-video-preview:-1\" \/>\n<link rel=\"canonical\" href=\"https:\/\/www.noticiasradioreflejos.com.ar\/2021\/dia-del-idioma-espanol-por-que-se-celebra-el-23-de-abril\/\" \/>\n<meta property=\"og:locale\" content=\"es_ES\" \/>\n<meta property=\"og:type\" content=\"article\" \/>\n<meta property=\"og:title\" content=\"D\u00eda del idioma espa\u00f1ol: \u00bfpor qu\u00e9 se celebra el 23 de abril? - Noticias Radio Reflejos\" \/>\n<meta property=\"og:description\" content=\"Este d\u00eda resalta la importancia de nuestro idioma en el mundo, promueve su riqueza cultural y su papel en la conectividad global.\" \/>\n<meta property=\"og:url\" content=\"https:\/\/www.noticiasradioreflejos.com.ar\/2021\/dia-del-idioma-espanol-por-que-se-celebra-el-23-de-abril\/\" \/>\n<meta property=\"og:site_name\" content=\"Noticias Radio Reflejos\" \/>\n<meta property=\"article:published_time\" content=\"2025-04-23T10:27:10+00:00\" \/>\n<meta property=\"og:image\" content=\"https:\/\/www.noticiasradioreflejos.com.ar\/2021\/wp-content\/uploads\/2025\/04\/idioma.jpg\" \/>\n\t<meta property=\"og:image:width\" content=\"1200\" \/>\n\t<meta property=\"og:image:height\" content=\"675\" \/>\n\t<meta property=\"og:image:type\" content=\"image\/jpeg\" \/>\n<meta name=\"author\" content=\"Arnaldo Botto\" \/>\n<meta name=\"twitter:card\" content=\"summary_large_image\" \/>\n<script type=\"application\/ld+json\" class=\"yoast-schema-graph\">{\"@context\":\"https:\/\/schema.org\",\"@graph\":[{\"@type\":\"WebPage\",\"@id\":\"https:\/\/www.noticiasradioreflejos.com.ar\/2021\/dia-del-idioma-espanol-por-que-se-celebra-el-23-de-abril\/\",\"url\":\"https:\/\/www.noticiasradioreflejos.com.ar\/2021\/dia-del-idioma-espanol-por-que-se-celebra-el-23-de-abril\/\",\"name\":\"D\u00eda del idioma espa\u00f1ol: \u00bfpor qu\u00e9 se celebra el 23 de abril? - Noticias Radio Reflejos\",\"isPartOf\":{\"@id\":\"https:\/\/www.noticiasradioreflejos.com.ar\/2021\/#website\"},\"primaryImageOfPage\":{\"@id\":\"https:\/\/www.noticiasradioreflejos.com.ar\/2021\/dia-del-idioma-espanol-por-que-se-celebra-el-23-de-abril\/#primaryimage\"},\"image\":{\"@id\":\"https:\/\/www.noticiasradioreflejos.com.ar\/2021\/dia-del-idioma-espanol-por-que-se-celebra-el-23-de-abril\/#primaryimage\"},\"thumbnailUrl\":\"https:\/\/www.noticiasradioreflejos.com.ar\/2021\/wp-content\/uploads\/2025\/04\/idioma.jpg\",\"datePublished\":\"2025-04-23T10:27:10+00:00\",\"author\":{\"@id\":\"https:\/\/www.noticiasradioreflejos.com.ar\/2021\/#\/schema\/person\/ad82545263dcc5ec0996818884fd5fb1\"},\"breadcrumb\":{\"@id\":\"https:\/\/www.noticiasradioreflejos.com.ar\/2021\/dia-del-idioma-espanol-por-que-se-celebra-el-23-de-abril\/#breadcrumb\"},\"inLanguage\":\"es\",\"potentialAction\":[{\"@type\":\"ReadAction\",\"target\":[\"https:\/\/www.noticiasradioreflejos.com.ar\/2021\/dia-del-idioma-espanol-por-que-se-celebra-el-23-de-abril\/\"]}]},{\"@type\":\"ImageObject\",\"inLanguage\":\"es\",\"@id\":\"https:\/\/www.noticiasradioreflejos.com.ar\/2021\/dia-del-idioma-espanol-por-que-se-celebra-el-23-de-abril\/#primaryimage\",\"url\":\"https:\/\/www.noticiasradioreflejos.com.ar\/2021\/wp-content\/uploads\/2025\/04\/idioma.jpg\",\"contentUrl\":\"https:\/\/www.noticiasradioreflejos.com.ar\/2021\/wp-content\/uploads\/2025\/04\/idioma.jpg\",\"width\":1200,\"height\":675},{\"@type\":\"BreadcrumbList\",\"@id\":\"https:\/\/www.noticiasradioreflejos.com.ar\/2021\/dia-del-idioma-espanol-por-que-se-celebra-el-23-de-abril\/#breadcrumb\",\"itemListElement\":[{\"@type\":\"ListItem\",\"position\":1,\"name\":\"Portada\",\"item\":\"https:\/\/www.noticiasradioreflejos.com.ar\/2021\/\"},{\"@type\":\"ListItem\",\"position\":2,\"name\":\"D\u00eda del idioma espa\u00f1ol: \u00bfpor qu\u00e9 se celebra el 23 de abril?\"}]},{\"@type\":\"WebSite\",\"@id\":\"https:\/\/www.noticiasradioreflejos.com.ar\/2021\/#website\",\"url\":\"https:\/\/www.noticiasradioreflejos.com.ar\/2021\/\",\"name\":\"Noticias Radio Reflejos\",\"description\":\"Las noticias de mi comarca\",\"potentialAction\":[{\"@type\":\"SearchAction\",\"target\":{\"@type\":\"EntryPoint\",\"urlTemplate\":\"https:\/\/www.noticiasradioreflejos.com.ar\/2021\/?s={search_term_string}\"},\"query-input\":{\"@type\":\"PropertyValueSpecification\",\"valueRequired\":true,\"valueName\":\"search_term_string\"}}],\"inLanguage\":\"es\"},{\"@type\":\"Person\",\"@id\":\"https:\/\/www.noticiasradioreflejos.com.ar\/2021\/#\/schema\/person\/ad82545263dcc5ec0996818884fd5fb1\",\"name\":\"Arnaldo Botto\",\"image\":{\"@type\":\"ImageObject\",\"inLanguage\":\"es\",\"@id\":\"https:\/\/www.noticiasradioreflejos.com.ar\/2021\/#\/schema\/person\/image\/\",\"url\":\"https:\/\/secure.gravatar.com\/avatar\/55cb5e37c1efa326397366e6974cb338056df65cb50e7d64d1cf314e87504837?s=96&d=mm&r=g\",\"contentUrl\":\"https:\/\/secure.gravatar.com\/avatar\/55cb5e37c1efa326397366e6974cb338056df65cb50e7d64d1cf314e87504837?s=96&d=mm&r=g\",\"caption\":\"Arnaldo Botto\"},\"url\":\"https:\/\/www.noticiasradioreflejos.com.ar\/2021\/author\/arnaldo\/\"}]}<\/script>\n<!-- \/ Yoast SEO plugin. -->","yoast_head_json":{"title":"D\u00eda del idioma espa\u00f1ol: \u00bfpor qu\u00e9 se celebra el 23 de abril? - Noticias Radio Reflejos","robots":{"index":"index","follow":"follow","max-snippet":"max-snippet:-1","max-image-preview":"max-image-preview:large","max-video-preview":"max-video-preview:-1"},"canonical":"https:\/\/www.noticiasradioreflejos.com.ar\/2021\/dia-del-idioma-espanol-por-que-se-celebra-el-23-de-abril\/","og_locale":"es_ES","og_type":"article","og_title":"D\u00eda del idioma espa\u00f1ol: \u00bfpor qu\u00e9 se celebra el 23 de abril? - Noticias Radio Reflejos","og_description":"Este d\u00eda resalta la importancia de nuestro idioma en el mundo, promueve su riqueza cultural y su papel en la conectividad global.","og_url":"https:\/\/www.noticiasradioreflejos.com.ar\/2021\/dia-del-idioma-espanol-por-que-se-celebra-el-23-de-abril\/","og_site_name":"Noticias Radio Reflejos","article_published_time":"2025-04-23T10:27:10+00:00","og_image":[{"width":1200,"height":675,"url":"https:\/\/www.noticiasradioreflejos.com.ar\/2021\/wp-content\/uploads\/2025\/04\/idioma.jpg","type":"image\/jpeg"}],"author":"Arnaldo Botto","twitter_card":"summary_large_image","schema":{"@context":"https:\/\/schema.org","@graph":[{"@type":"WebPage","@id":"https:\/\/www.noticiasradioreflejos.com.ar\/2021\/dia-del-idioma-espanol-por-que-se-celebra-el-23-de-abril\/","url":"https:\/\/www.noticiasradioreflejos.com.ar\/2021\/dia-del-idioma-espanol-por-que-se-celebra-el-23-de-abril\/","name":"D\u00eda del idioma espa\u00f1ol: \u00bfpor qu\u00e9 se celebra el 23 de abril? - Noticias Radio Reflejos","isPartOf":{"@id":"https:\/\/www.noticiasradioreflejos.com.ar\/2021\/#website"},"primaryImageOfPage":{"@id":"https:\/\/www.noticiasradioreflejos.com.ar\/2021\/dia-del-idioma-espanol-por-que-se-celebra-el-23-de-abril\/#primaryimage"},"image":{"@id":"https:\/\/www.noticiasradioreflejos.com.ar\/2021\/dia-del-idioma-espanol-por-que-se-celebra-el-23-de-abril\/#primaryimage"},"thumbnailUrl":"https:\/\/www.noticiasradioreflejos.com.ar\/2021\/wp-content\/uploads\/2025\/04\/idioma.jpg","datePublished":"2025-04-23T10:27:10+00:00","author":{"@id":"https:\/\/www.noticiasradioreflejos.com.ar\/2021\/#\/schema\/person\/ad82545263dcc5ec0996818884fd5fb1"},"breadcrumb":{"@id":"https:\/\/www.noticiasradioreflejos.com.ar\/2021\/dia-del-idioma-espanol-por-que-se-celebra-el-23-de-abril\/#breadcrumb"},"inLanguage":"es","potentialAction":[{"@type":"ReadAction","target":["https:\/\/www.noticiasradioreflejos.com.ar\/2021\/dia-del-idioma-espanol-por-que-se-celebra-el-23-de-abril\/"]}]},{"@type":"ImageObject","inLanguage":"es","@id":"https:\/\/www.noticiasradioreflejos.com.ar\/2021\/dia-del-idioma-espanol-por-que-se-celebra-el-23-de-abril\/#primaryimage","url":"https:\/\/www.noticiasradioreflejos.com.ar\/2021\/wp-content\/uploads\/2025\/04\/idioma.jpg","contentUrl":"https:\/\/www.noticiasradioreflejos.com.ar\/2021\/wp-content\/uploads\/2025\/04\/idioma.jpg","width":1200,"height":675},{"@type":"BreadcrumbList","@id":"https:\/\/www.noticiasradioreflejos.com.ar\/2021\/dia-del-idioma-espanol-por-que-se-celebra-el-23-de-abril\/#breadcrumb","itemListElement":[{"@type":"ListItem","position":1,"name":"Portada","item":"https:\/\/www.noticiasradioreflejos.com.ar\/2021\/"},{"@type":"ListItem","position":2,"name":"D\u00eda del idioma espa\u00f1ol: \u00bfpor qu\u00e9 se celebra el 23 de abril?"}]},{"@type":"WebSite","@id":"https:\/\/www.noticiasradioreflejos.com.ar\/2021\/#website","url":"https:\/\/www.noticiasradioreflejos.com.ar\/2021\/","name":"Noticias Radio Reflejos","description":"Las noticias de mi comarca","potentialAction":[{"@type":"SearchAction","target":{"@type":"EntryPoint","urlTemplate":"https:\/\/www.noticiasradioreflejos.com.ar\/2021\/?s={search_term_string}"},"query-input":{"@type":"PropertyValueSpecification","valueRequired":true,"valueName":"search_term_string"}}],"inLanguage":"es"},{"@type":"Person","@id":"https:\/\/www.noticiasradioreflejos.com.ar\/2021\/#\/schema\/person\/ad82545263dcc5ec0996818884fd5fb1","name":"Arnaldo Botto","image":{"@type":"ImageObject","inLanguage":"es","@id":"https:\/\/www.noticiasradioreflejos.com.ar\/2021\/#\/schema\/person\/image\/","url":"https:\/\/secure.gravatar.com\/avatar\/55cb5e37c1efa326397366e6974cb338056df65cb50e7d64d1cf314e87504837?s=96&d=mm&r=g","contentUrl":"https:\/\/secure.gravatar.com\/avatar\/55cb5e37c1efa326397366e6974cb338056df65cb50e7d64d1cf314e87504837?s=96&d=mm&r=g","caption":"Arnaldo Botto"},"url":"https:\/\/www.noticiasradioreflejos.com.ar\/2021\/author\/arnaldo\/"}]}},"_links":{"self":[{"href":"https:\/\/www.noticiasradioreflejos.com.ar\/2021\/wp-json\/wp\/v2\/posts\/115608","targetHints":{"allow":["GET"]}}],"collection":[{"href":"https:\/\/www.noticiasradioreflejos.com.ar\/2021\/wp-json\/wp\/v2\/posts"}],"about":[{"href":"https:\/\/www.noticiasradioreflejos.com.ar\/2021\/wp-json\/wp\/v2\/types\/post"}],"author":[{"embeddable":true,"href":"https:\/\/www.noticiasradioreflejos.com.ar\/2021\/wp-json\/wp\/v2\/users\/3"}],"replies":[{"embeddable":true,"href":"https:\/\/www.noticiasradioreflejos.com.ar\/2021\/wp-json\/wp\/v2\/comments?post=115608"}],"version-history":[{"count":1,"href":"https:\/\/www.noticiasradioreflejos.com.ar\/2021\/wp-json\/wp\/v2\/posts\/115608\/revisions"}],"predecessor-version":[{"id":115610,"href":"https:\/\/www.noticiasradioreflejos.com.ar\/2021\/wp-json\/wp\/v2\/posts\/115608\/revisions\/115610"}],"wp:featuredmedia":[{"embeddable":true,"href":"https:\/\/www.noticiasradioreflejos.com.ar\/2021\/wp-json\/wp\/v2\/media\/115609"}],"wp:attachment":[{"href":"https:\/\/www.noticiasradioreflejos.com.ar\/2021\/wp-json\/wp\/v2\/media?parent=115608"}],"wp:term":[{"taxonomy":"category","embeddable":true,"href":"https:\/\/www.noticiasradioreflejos.com.ar\/2021\/wp-json\/wp\/v2\/categories?post=115608"},{"taxonomy":"post_tag","embeddable":true,"href":"https:\/\/www.noticiasradioreflejos.com.ar\/2021\/wp-json\/wp\/v2\/tags?post=115608"}],"curies":[{"name":"wp","href":"https:\/\/api.w.org\/{rel}","templated":true}]}}