{"id":115604,"date":"2025-04-23T07:24:15","date_gmt":"2025-04-23T10:24:15","guid":{"rendered":"https:\/\/www.noticiasradioreflejos.com.ar\/2021\/?p=115604"},"modified":"2025-04-23T07:24:53","modified_gmt":"2025-04-23T10:24:53","slug":"el-cuerpo-del-papa-francisco-permanecera-en-la-basilica-de-san-pedro-durante-tres-dias-antes-del-funeral","status":"publish","type":"post","link":"https:\/\/www.noticiasradioreflejos.com.ar\/2021\/el-cuerpo-del-papa-francisco-permanecera-en-la-basilica-de-san-pedro-durante-tres-dias-antes-del-funeral\/","title":{"rendered":"El cuerpo del papa Francisco permanecer\u00e1 en la bas\u00edlica de San Pedro durante tres d\u00edas antes del funeral"},"content":{"rendered":"<p>Los restos del Sumo Pont\u00edfice fueron trasladados a la bas\u00edlica de San Pedro, donde permanecer\u00e1 durante tres d\u00edas hasta su funeral este s\u00e1bado.<!--more--><\/p>\n<p>El cuerpo del\u00a0<strong>papa Francisco<\/strong>\u00a0fue trasladado este mi\u00e9rcoles\u00a0desde la capilla de la residencia Casa Santa Marta\u00a0a la bas\u00edlica de San Pedro durante una procesi\u00f3n que fue seguida por un servicio dirigido por el\u00a0<strong>camarlengo Kevin Joseph Farrell<\/strong>, el cardenal encargado de hacer los arreglos para el funeral y para el c\u00f3nclave en las pr\u00f3ximas semanas.<\/p>\n<p><a title=\"Basilica San Pedro 1\" href=\"https:\/\/www.flickr.com\/photos\/182279889@N02\/54470565776\/in\/dateposted-public\/\" data-flickr-embed=\"true\"><img loading=\"lazy\" decoding=\"async\" class=\"aligncenter\" src=\"https:\/\/live.staticflickr.com\/65535\/54470565776_f7cbe46434_o.jpg\" alt=\"Basilica San Pedro 1\" width=\"640\" height=\"360\" \/><\/a><br \/>\nLa procesi\u00f3n recorri\u00f3 la plaza de Santa Marta y la plaza de los Protomartiri Romani, pasando por el Arco de las Campanas y adentr\u00e1ndose en la plaza de San Pedro, antes de entrar en la bas\u00edlica por la puerta central.<\/p>\n<p><strong>El ata\u00fad del Sumo Pont\u00edfice fue colocado en el altar de la confesi\u00f3n, un espacio sagrado frente al altar mayor, sobre la tumba de San Pedro, el primer pont\u00edfice<\/strong>. Los cardenales presentes en la bas\u00edlica se acercaron al f\u00e9retro en parejas para presentar sus respetos.<\/p>\n<p><a title=\"Basilica San Pedro 2\" href=\"https:\/\/www.flickr.com\/photos\/182279889@N02\/54469726687\/in\/dateposted-public\/\" data-flickr-embed=\"true\"><img loading=\"lazy\" decoding=\"async\" class=\"aligncenter\" src=\"https:\/\/live.staticflickr.com\/65535\/54469726687_9f06e0c2ea_o.jpg\" alt=\"Basilica San Pedro 2\" width=\"640\" height=\"360\" \/><\/a><\/p>\n<p>Miles de personas esperan fuera de la bas\u00edlica en la plaza de San Pedro, antes de la apertura oficial. A partir de las 11:00 (hora en la Ciudad del Vaticano) el p\u00fablico podr\u00e1 visitar el cuerpo de Francisco.<\/p>\n<div class=\"article-body-content\">\n<p>Como parte del esfuerzo de Francisco por simplificar los ritos funerarios papales, su cuerpo yace en un\u00a0<strong>ata\u00fad de madera abierto, habiendo eliminado la tradici\u00f3n de tener tres ata\u00fades de cipr\u00e9s, plomo y roble.<\/strong><\/p>\n<\/div>\n<p>&nbsp;<\/p>\n<p>&nbsp;<\/p>\n<p><strong>Fuente NA<\/strong><\/p>\n","protected":false},"excerpt":{"rendered":"<p>Los restos del Sumo Pont\u00edfice fueron trasladados a la bas\u00edlica de San Pedro, donde permanecer\u00e1 durante tres d\u00edas hasta su funeral este s\u00e1bado.<\/p>\n","protected":false},"author":3,"featured_media":0,"comment_status":"closed","ping_status":"closed","sticky":false,"template":"","format":"standard","meta":{"footnotes":""},"categories":[24,26],"tags":[],"class_list":["post-115604","post","type-post","status-publish","format-standard","hentry","category-politica","category-sociedad"],"yoast_head":"<!-- This site is optimized with the Yoast SEO plugin v25.9 - https:\/\/yoast.com\/wordpress\/plugins\/seo\/ -->\n<title>El cuerpo del papa Francisco permanecer\u00e1 en la bas\u00edlica de San Pedro durante tres d\u00edas antes del funeral - Noticias Radio Reflejos<\/title>\n<meta name=\"robots\" content=\"index, follow, max-snippet:-1, max-image-preview:large, max-video-preview:-1\" \/>\n<link rel=\"canonical\" href=\"https:\/\/www.noticiasradioreflejos.com.ar\/2021\/el-cuerpo-del-papa-francisco-permanecera-en-la-basilica-de-san-pedro-durante-tres-dias-antes-del-funeral\/\" \/>\n<meta property=\"og:locale\" content=\"es_ES\" \/>\n<meta property=\"og:type\" content=\"article\" \/>\n<meta property=\"og:title\" content=\"El cuerpo del papa Francisco permanecer\u00e1 en la bas\u00edlica de San Pedro durante tres d\u00edas antes del funeral - Noticias Radio Reflejos\" \/>\n<meta property=\"og:description\" content=\"Los restos del Sumo Pont\u00edfice fueron trasladados a la bas\u00edlica de San Pedro, donde permanecer\u00e1 durante tres d\u00edas hasta su funeral este s\u00e1bado.\" \/>\n<meta property=\"og:url\" content=\"https:\/\/www.noticiasradioreflejos.com.ar\/2021\/el-cuerpo-del-papa-francisco-permanecera-en-la-basilica-de-san-pedro-durante-tres-dias-antes-del-funeral\/\" \/>\n<meta property=\"og:site_name\" content=\"Noticias Radio Reflejos\" \/>\n<meta property=\"article:published_time\" content=\"2025-04-23T10:24:15+00:00\" \/>\n<meta property=\"article:modified_time\" content=\"2025-04-23T10:24:53+00:00\" \/>\n<meta property=\"og:image\" content=\"https:\/\/live.staticflickr.com\/65535\/54470565776_f7cbe46434_o.jpg\" \/>\n<meta name=\"author\" content=\"Arnaldo Botto\" \/>\n<meta name=\"twitter:card\" content=\"summary_large_image\" \/>\n<script type=\"application\/ld+json\" class=\"yoast-schema-graph\">{\"@context\":\"https:\/\/schema.org\",\"@graph\":[{\"@type\":\"WebPage\",\"@id\":\"https:\/\/www.noticiasradioreflejos.com.ar\/2021\/el-cuerpo-del-papa-francisco-permanecera-en-la-basilica-de-san-pedro-durante-tres-dias-antes-del-funeral\/\",\"url\":\"https:\/\/www.noticiasradioreflejos.com.ar\/2021\/el-cuerpo-del-papa-francisco-permanecera-en-la-basilica-de-san-pedro-durante-tres-dias-antes-del-funeral\/\",\"name\":\"El cuerpo del papa Francisco permanecer\u00e1 en la bas\u00edlica de San Pedro durante tres d\u00edas antes del funeral - Noticias Radio Reflejos\",\"isPartOf\":{\"@id\":\"https:\/\/www.noticiasradioreflejos.com.ar\/2021\/#website\"},\"primaryImageOfPage\":{\"@id\":\"https:\/\/www.noticiasradioreflejos.com.ar\/2021\/el-cuerpo-del-papa-francisco-permanecera-en-la-basilica-de-san-pedro-durante-tres-dias-antes-del-funeral\/#primaryimage\"},\"image\":{\"@id\":\"https:\/\/www.noticiasradioreflejos.com.ar\/2021\/el-cuerpo-del-papa-francisco-permanecera-en-la-basilica-de-san-pedro-durante-tres-dias-antes-del-funeral\/#primaryimage\"},\"thumbnailUrl\":\"https:\/\/live.staticflickr.com\/65535\/54470565776_f7cbe46434_o.jpg\",\"datePublished\":\"2025-04-23T10:24:15+00:00\",\"dateModified\":\"2025-04-23T10:24:53+00:00\",\"author\":{\"@id\":\"https:\/\/www.noticiasradioreflejos.com.ar\/2021\/#\/schema\/person\/ad82545263dcc5ec0996818884fd5fb1\"},\"breadcrumb\":{\"@id\":\"https:\/\/www.noticiasradioreflejos.com.ar\/2021\/el-cuerpo-del-papa-francisco-permanecera-en-la-basilica-de-san-pedro-durante-tres-dias-antes-del-funeral\/#breadcrumb\"},\"inLanguage\":\"es\",\"potentialAction\":[{\"@type\":\"ReadAction\",\"target\":[\"https:\/\/www.noticiasradioreflejos.com.ar\/2021\/el-cuerpo-del-papa-francisco-permanecera-en-la-basilica-de-san-pedro-durante-tres-dias-antes-del-funeral\/\"]}]},{\"@type\":\"ImageObject\",\"inLanguage\":\"es\",\"@id\":\"https:\/\/www.noticiasradioreflejos.com.ar\/2021\/el-cuerpo-del-papa-francisco-permanecera-en-la-basilica-de-san-pedro-durante-tres-dias-antes-del-funeral\/#primaryimage\",\"url\":\"https:\/\/live.staticflickr.com\/65535\/54470565776_f7cbe46434_o.jpg\",\"contentUrl\":\"https:\/\/live.staticflickr.com\/65535\/54470565776_f7cbe46434_o.jpg\"},{\"@type\":\"BreadcrumbList\",\"@id\":\"https:\/\/www.noticiasradioreflejos.com.ar\/2021\/el-cuerpo-del-papa-francisco-permanecera-en-la-basilica-de-san-pedro-durante-tres-dias-antes-del-funeral\/#breadcrumb\",\"itemListElement\":[{\"@type\":\"ListItem\",\"position\":1,\"name\":\"Portada\",\"item\":\"https:\/\/www.noticiasradioreflejos.com.ar\/2021\/\"},{\"@type\":\"ListItem\",\"position\":2,\"name\":\"El cuerpo del papa Francisco permanecer\u00e1 en la bas\u00edlica de San Pedro durante tres d\u00edas antes del funeral\"}]},{\"@type\":\"WebSite\",\"@id\":\"https:\/\/www.noticiasradioreflejos.com.ar\/2021\/#website\",\"url\":\"https:\/\/www.noticiasradioreflejos.com.ar\/2021\/\",\"name\":\"Noticias Radio Reflejos\",\"description\":\"Las noticias de mi comarca\",\"potentialAction\":[{\"@type\":\"SearchAction\",\"target\":{\"@type\":\"EntryPoint\",\"urlTemplate\":\"https:\/\/www.noticiasradioreflejos.com.ar\/2021\/?s={search_term_string}\"},\"query-input\":{\"@type\":\"PropertyValueSpecification\",\"valueRequired\":true,\"valueName\":\"search_term_string\"}}],\"inLanguage\":\"es\"},{\"@type\":\"Person\",\"@id\":\"https:\/\/www.noticiasradioreflejos.com.ar\/2021\/#\/schema\/person\/ad82545263dcc5ec0996818884fd5fb1\",\"name\":\"Arnaldo Botto\",\"image\":{\"@type\":\"ImageObject\",\"inLanguage\":\"es\",\"@id\":\"https:\/\/www.noticiasradioreflejos.com.ar\/2021\/#\/schema\/person\/image\/\",\"url\":\"https:\/\/secure.gravatar.com\/avatar\/55cb5e37c1efa326397366e6974cb338056df65cb50e7d64d1cf314e87504837?s=96&d=mm&r=g\",\"contentUrl\":\"https:\/\/secure.gravatar.com\/avatar\/55cb5e37c1efa326397366e6974cb338056df65cb50e7d64d1cf314e87504837?s=96&d=mm&r=g\",\"caption\":\"Arnaldo Botto\"},\"url\":\"https:\/\/www.noticiasradioreflejos.com.ar\/2021\/author\/arnaldo\/\"}]}<\/script>\n<!-- \/ Yoast SEO plugin. -->","yoast_head_json":{"title":"El cuerpo del papa Francisco permanecer\u00e1 en la bas\u00edlica de San Pedro durante tres d\u00edas antes del funeral - Noticias Radio Reflejos","robots":{"index":"index","follow":"follow","max-snippet":"max-snippet:-1","max-image-preview":"max-image-preview:large","max-video-preview":"max-video-preview:-1"},"canonical":"https:\/\/www.noticiasradioreflejos.com.ar\/2021\/el-cuerpo-del-papa-francisco-permanecera-en-la-basilica-de-san-pedro-durante-tres-dias-antes-del-funeral\/","og_locale":"es_ES","og_type":"article","og_title":"El cuerpo del papa Francisco permanecer\u00e1 en la bas\u00edlica de San Pedro durante tres d\u00edas antes del funeral - Noticias Radio Reflejos","og_description":"Los restos del Sumo Pont\u00edfice fueron trasladados a la bas\u00edlica de San Pedro, donde permanecer\u00e1 durante tres d\u00edas hasta su funeral este s\u00e1bado.","og_url":"https:\/\/www.noticiasradioreflejos.com.ar\/2021\/el-cuerpo-del-papa-francisco-permanecera-en-la-basilica-de-san-pedro-durante-tres-dias-antes-del-funeral\/","og_site_name":"Noticias Radio Reflejos","article_published_time":"2025-04-23T10:24:15+00:00","article_modified_time":"2025-04-23T10:24:53+00:00","og_image":[{"url":"https:\/\/live.staticflickr.com\/65535\/54470565776_f7cbe46434_o.jpg","type":"","width":"","height":""}],"author":"Arnaldo Botto","twitter_card":"summary_large_image","schema":{"@context":"https:\/\/schema.org","@graph":[{"@type":"WebPage","@id":"https:\/\/www.noticiasradioreflejos.com.ar\/2021\/el-cuerpo-del-papa-francisco-permanecera-en-la-basilica-de-san-pedro-durante-tres-dias-antes-del-funeral\/","url":"https:\/\/www.noticiasradioreflejos.com.ar\/2021\/el-cuerpo-del-papa-francisco-permanecera-en-la-basilica-de-san-pedro-durante-tres-dias-antes-del-funeral\/","name":"El cuerpo del papa Francisco permanecer\u00e1 en la bas\u00edlica de San Pedro durante tres d\u00edas antes del funeral - Noticias Radio Reflejos","isPartOf":{"@id":"https:\/\/www.noticiasradioreflejos.com.ar\/2021\/#website"},"primaryImageOfPage":{"@id":"https:\/\/www.noticiasradioreflejos.com.ar\/2021\/el-cuerpo-del-papa-francisco-permanecera-en-la-basilica-de-san-pedro-durante-tres-dias-antes-del-funeral\/#primaryimage"},"image":{"@id":"https:\/\/www.noticiasradioreflejos.com.ar\/2021\/el-cuerpo-del-papa-francisco-permanecera-en-la-basilica-de-san-pedro-durante-tres-dias-antes-del-funeral\/#primaryimage"},"thumbnailUrl":"https:\/\/live.staticflickr.com\/65535\/54470565776_f7cbe46434_o.jpg","datePublished":"2025-04-23T10:24:15+00:00","dateModified":"2025-04-23T10:24:53+00:00","author":{"@id":"https:\/\/www.noticiasradioreflejos.com.ar\/2021\/#\/schema\/person\/ad82545263dcc5ec0996818884fd5fb1"},"breadcrumb":{"@id":"https:\/\/www.noticiasradioreflejos.com.ar\/2021\/el-cuerpo-del-papa-francisco-permanecera-en-la-basilica-de-san-pedro-durante-tres-dias-antes-del-funeral\/#breadcrumb"},"inLanguage":"es","potentialAction":[{"@type":"ReadAction","target":["https:\/\/www.noticiasradioreflejos.com.ar\/2021\/el-cuerpo-del-papa-francisco-permanecera-en-la-basilica-de-san-pedro-durante-tres-dias-antes-del-funeral\/"]}]},{"@type":"ImageObject","inLanguage":"es","@id":"https:\/\/www.noticiasradioreflejos.com.ar\/2021\/el-cuerpo-del-papa-francisco-permanecera-en-la-basilica-de-san-pedro-durante-tres-dias-antes-del-funeral\/#primaryimage","url":"https:\/\/live.staticflickr.com\/65535\/54470565776_f7cbe46434_o.jpg","contentUrl":"https:\/\/live.staticflickr.com\/65535\/54470565776_f7cbe46434_o.jpg"},{"@type":"BreadcrumbList","@id":"https:\/\/www.noticiasradioreflejos.com.ar\/2021\/el-cuerpo-del-papa-francisco-permanecera-en-la-basilica-de-san-pedro-durante-tres-dias-antes-del-funeral\/#breadcrumb","itemListElement":[{"@type":"ListItem","position":1,"name":"Portada","item":"https:\/\/www.noticiasradioreflejos.com.ar\/2021\/"},{"@type":"ListItem","position":2,"name":"El cuerpo del papa Francisco permanecer\u00e1 en la bas\u00edlica de San Pedro durante tres d\u00edas antes del funeral"}]},{"@type":"WebSite","@id":"https:\/\/www.noticiasradioreflejos.com.ar\/2021\/#website","url":"https:\/\/www.noticiasradioreflejos.com.ar\/2021\/","name":"Noticias Radio Reflejos","description":"Las noticias de mi comarca","potentialAction":[{"@type":"SearchAction","target":{"@type":"EntryPoint","urlTemplate":"https:\/\/www.noticiasradioreflejos.com.ar\/2021\/?s={search_term_string}"},"query-input":{"@type":"PropertyValueSpecification","valueRequired":true,"valueName":"search_term_string"}}],"inLanguage":"es"},{"@type":"Person","@id":"https:\/\/www.noticiasradioreflejos.com.ar\/2021\/#\/schema\/person\/ad82545263dcc5ec0996818884fd5fb1","name":"Arnaldo Botto","image":{"@type":"ImageObject","inLanguage":"es","@id":"https:\/\/www.noticiasradioreflejos.com.ar\/2021\/#\/schema\/person\/image\/","url":"https:\/\/secure.gravatar.com\/avatar\/55cb5e37c1efa326397366e6974cb338056df65cb50e7d64d1cf314e87504837?s=96&d=mm&r=g","contentUrl":"https:\/\/secure.gravatar.com\/avatar\/55cb5e37c1efa326397366e6974cb338056df65cb50e7d64d1cf314e87504837?s=96&d=mm&r=g","caption":"Arnaldo Botto"},"url":"https:\/\/www.noticiasradioreflejos.com.ar\/2021\/author\/arnaldo\/"}]}},"_links":{"self":[{"href":"https:\/\/www.noticiasradioreflejos.com.ar\/2021\/wp-json\/wp\/v2\/posts\/115604","targetHints":{"allow":["GET"]}}],"collection":[{"href":"https:\/\/www.noticiasradioreflejos.com.ar\/2021\/wp-json\/wp\/v2\/posts"}],"about":[{"href":"https:\/\/www.noticiasradioreflejos.com.ar\/2021\/wp-json\/wp\/v2\/types\/post"}],"author":[{"embeddable":true,"href":"https:\/\/www.noticiasradioreflejos.com.ar\/2021\/wp-json\/wp\/v2\/users\/3"}],"replies":[{"embeddable":true,"href":"https:\/\/www.noticiasradioreflejos.com.ar\/2021\/wp-json\/wp\/v2\/comments?post=115604"}],"version-history":[{"count":2,"href":"https:\/\/www.noticiasradioreflejos.com.ar\/2021\/wp-json\/wp\/v2\/posts\/115604\/revisions"}],"predecessor-version":[{"id":115607,"href":"https:\/\/www.noticiasradioreflejos.com.ar\/2021\/wp-json\/wp\/v2\/posts\/115604\/revisions\/115607"}],"wp:attachment":[{"href":"https:\/\/www.noticiasradioreflejos.com.ar\/2021\/wp-json\/wp\/v2\/media?parent=115604"}],"wp:term":[{"taxonomy":"category","embeddable":true,"href":"https:\/\/www.noticiasradioreflejos.com.ar\/2021\/wp-json\/wp\/v2\/categories?post=115604"},{"taxonomy":"post_tag","embeddable":true,"href":"https:\/\/www.noticiasradioreflejos.com.ar\/2021\/wp-json\/wp\/v2\/tags?post=115604"}],"curies":[{"name":"wp","href":"https:\/\/api.w.org\/{rel}","templated":true}]}}