{"id":115601,"date":"2025-04-22T19:03:18","date_gmt":"2025-04-22T22:03:18","guid":{"rendered":"https:\/\/www.noticiasradioreflejos.com.ar\/2021\/?p=115601"},"modified":"2025-04-22T19:03:18","modified_gmt":"2025-04-22T22:03:18","slug":"causa-facundo-astudillo-castro-condenan-a-7-anos-de-prision-a-un-instructor-canino-por-plantar-pruebas","status":"publish","type":"post","link":"https:\/\/www.noticiasradioreflejos.com.ar\/2021\/causa-facundo-astudillo-castro-condenan-a-7-anos-de-prision-a-un-instructor-canino-por-plantar-pruebas\/","title":{"rendered":"Causa Facundo Astudillo Castro: condenan a 7 a\u00f1os de prisi\u00f3n a un instructor canino por plantar pruebas"},"content":{"rendered":"<p>Astudillo Castro hab\u00eda desaparecido en abril del 2020 luego de un control policial y su cad\u00e1ver fue encontrado tres meses y medio despu\u00e9s en un sector ubicado en una zona de cangrejales de la localidad de General Daniel Cerri, en el partido de Bah\u00eda Blanca.<!--more--><\/p>\n<p><strong>El instructor canino Marcos Herrero<\/strong>, quien particip\u00f3 en el marco de los rastrillajes en\u00a0<a class=\"link\" href=\"https:\/\/www.eldiarioar.com\/temas\/facundo-astudillo\/\" target=\"_blank\" rel=\"noopener\" data-mrf-recirculation=\"links-noticia\" data-mrf-link=\"https:\/\/www.eldiarioar.com\/temas\/facundo-astudillo\/\">la investigaci\u00f3n<\/a>\u00a0por la muerte y desaparici\u00f3n de\u00a0<strong>Facundo Astudillo Castro,<\/strong>\u00a0en plena pandemia por el coronavirus,\u00a0<strong>fue condenado a la pena de siete a\u00f1os de prisi\u00f3n acusado de adulterar pruebas.<\/strong><\/p>\n<p><strong>Astudillo Castro hab\u00eda desaparecido en abril del 2020 luego de un control policial y <\/strong><a class=\"link\" href=\"https:\/\/www.eldiarioar.com\/sociedad\/denuncian-investigacion-desaparicion-muerte-facundo-astudillo-paralizada_1_10464576.html\" data-mrf-recirculation=\"links-noticia\" data-mrf-link=\"https:\/\/www.eldiarioar.com\/sociedad\/denuncian-investigacion-desaparicion-muerte-facundo-astudillo-paralizada_1_10464576.html\"><strong>su cad\u00e1ver fue encontrado<\/strong><\/a><strong>\u00a0tres meses y medio despu\u00e9s en un sector ubicado en una zona de cangrejales<\/strong> de la localidad de General Daniel Cerri, en el partido de Bah\u00eda Blanca.<\/p>\n<p>Herrero fue condenado hoy por el Tribunal Oral Criminal Federal de Bah\u00eda Blanca, integrado en forma unipersonal por el juez Ernesto Sebasti\u00e1n, tras un juicio oral que se llev\u00f3 a cabo a trav\u00e9s de videoconferencia.<\/p>\n<p>El magistrado conden\u00f3 al perito canino de 49 a\u00f1os, que es oriundo de Viedma, R\u00edo Negro, a la pena de 7 a\u00f1os de prisi\u00f3n por el delito de \u201cfalso testimonio reiterado agravado\u201d por un total de siete hechos como as\u00ed tambi\u00e9n la inhabilitaci\u00f3n absoluta por el doble de tiempo de la condena.<\/p>\n<p>Tambi\u00e9n en la parte dispositiva del fallo, el magistrado orden\u00f3 que se unifique la presente condena con otra que hab\u00eda sido impuesta el 21 de marzo del 2023 por un Tribunal Penal N\u00b02 del poder Judicial de Mendoza por el delito de <strong>\u201cencubrimiento simple\u201d.<\/strong><\/p>\n<p>Voceros judiciales indicaron que el juez del Tribunal Oral Federal impuso entonces que se aplique una pena \u00fanica de 7 a\u00f1os y 8 meses de prisi\u00f3n al perito canino quien en la actualidad cumple en Viedma con arresto domiciliario.<\/p>\n<p>&nbsp;<\/p>\n<figure><picture class=\"news-image\"><source srcset=\"https:\/\/static.eldiario.es\/clip\/5ede833e-828c-4001-892c-00445b17bf0e_16-9-discover-aspect-ratio_50p_0.webp\" type=\"image\/webp\" media=\"(max-width: 576px)\" \/><source srcset=\"https:\/\/static.eldiario.es\/clip\/5ede833e-828c-4001-892c-00445b17bf0e_16-9-discover-aspect-ratio_50p_0.jpg\" type=\"image\/jpg\" media=\"(max-width: 576px)\" \/><source srcset=\"https:\/\/static.eldiario.es\/clip\/5ede833e-828c-4001-892c-00445b17bf0e_16-9-discover-aspect-ratio_75p_0.webp\" type=\"image\/webp\" media=\"(max-width: 767px)\" \/><source srcset=\"https:\/\/static.eldiario.es\/clip\/5ede833e-828c-4001-892c-00445b17bf0e_16-9-discover-aspect-ratio_75p_0.jpg\" type=\"image\/jpg\" media=\"(max-width: 767px)\" \/><source srcset=\"https:\/\/static.eldiario.es\/clip\/5ede833e-828c-4001-892c-00445b17bf0e_16-9-discover-aspect-ratio_default_0.webp\" type=\"image\/webp\" media=\"(min-width: 768px)\" \/><source srcset=\"https:\/\/static.eldiario.es\/clip\/5ede833e-828c-4001-892c-00445b17bf0e_16-9-discover-aspect-ratio_default_0.jpg\" type=\"image\/jpg\" media=\"(min-width: 768px)\" \/><source srcset=\"https:\/\/static.eldiario.es\/clip\/5ede833e-828c-4001-892c-00445b17bf0e_16-9-discover-aspect-ratio_default_0.webp\" type=\"image\/webp\" \/><img decoding=\"async\" class=\"lazy entered loaded\" src=\"https:\/\/static.eldiario.es\/clip\/5ede833e-828c-4001-892c-00445b17bf0e_16-9-discover-aspect-ratio_default_0.jpg\" alt=\"\" data-src=\"https:\/\/static.eldiario.es\/clip\/5ede833e-828c-4001-892c-00445b17bf0e_16-9-discover-aspect-ratio_default_0.jpg\" data-ll-status=\"loaded\" \/><\/picture><figcaption class=\"image-footer\"><span class=\"title\">Una marcha que pide justicia por Facundo Astudillo Castro se dirige a la plaza de Mayo.\u00a0<span class=\"author\">NA<\/span><\/span><\/figcaption><\/figure>\n<p>Seg\u00fan se se\u00f1al\u00f3,\u00a0<strong>Herrero continuar\u00e1 con dicho beneficio hasta que el fallo quede firme y en el que adem\u00e1s deber\u00e1 cumplir con ciertas reglas de conducta como fijar y mantener domicilio, prohibici\u00f3n de salida del pa\u00eds<\/strong>\u00a0y que en un plazo de cinco d\u00edas entregue su respectivo pasaporte en caso que lo posea.<\/p>\n<p class=\"article-text\">En tanto que las audiencias de lectura por los fundamentos del fallo dictado por el juez ser\u00e1n dados a conocer el 29 de abril a las 13.30.<\/p>\n<p class=\"article-text\">Por su parte, el propio Herrero antes que se conociera el fallo se\u00f1al\u00f3 ante el juez y las respectivas partes se\u00f1al\u00f3 que\u00a0<strong>\u201che sido una persona profesional, porque me he capacitado\u201d.<\/strong><\/p>\n<p class=\"article-text\">Tambi\u00e9n detall\u00f3 su trabajo por la polic\u00eda de la provincia de R\u00edo Negro como as\u00ed tambi\u00e9n otras instituciones en el que reafirm\u00f3 que \u201ctrato de ser profesional, con errores y aciertos\u201d.<\/p>\n<p class=\"article-text\">Seg\u00fan la causa que fue investigada por el fiscal Santiago Ulpiano Mart\u00ednez el adiestrador \u201cprocur\u00f3 incorporar a la causa conclusiones mendaces y pruebas plantadas, con el claro objeto de incriminar a los miembros de las fuerzas policiales en la desaparici\u00f3n de Astudillo\u201d.<\/p>\n<p class=\"article-text\">En ese sentido, el fiscal hab\u00eda se\u00f1alado en la elevaci\u00f3n a juicio que el perito \u201cinduc\u00eda a sus perros a que adoptaran determinados comportamientos para luego impartirle una interpretaci\u00f3n incriminante, manifestando que hab\u00edan hallado olores de Astudillo\u201d.<\/p>\n<figure><picture class=\"news-image\"><source srcset=\"https:\/\/static.eldiario.es\/clip\/ab1fe04d-67c8-43bb-8440-af58302b8a0c_source-aspect-ratio_50p_0.webp\" type=\"image\/webp\" media=\"(max-width: 576px)\" \/><source srcset=\"https:\/\/static.eldiario.es\/clip\/ab1fe04d-67c8-43bb-8440-af58302b8a0c_source-aspect-ratio_50p_0.jpg\" type=\"image\/jpg\" media=\"(max-width: 576px)\" \/><source srcset=\"https:\/\/static.eldiario.es\/clip\/ab1fe04d-67c8-43bb-8440-af58302b8a0c_source-aspect-ratio_75p_0.webp\" type=\"image\/webp\" media=\"(max-width: 767px)\" \/><source srcset=\"https:\/\/static.eldiario.es\/clip\/ab1fe04d-67c8-43bb-8440-af58302b8a0c_source-aspect-ratio_75p_0.jpg\" type=\"image\/jpg\" media=\"(max-width: 767px)\" \/><source srcset=\"https:\/\/static.eldiario.es\/clip\/ab1fe04d-67c8-43bb-8440-af58302b8a0c_source-aspect-ratio_default_0.webp\" type=\"image\/webp\" media=\"(min-width: 768px)\" \/><source srcset=\"https:\/\/static.eldiario.es\/clip\/ab1fe04d-67c8-43bb-8440-af58302b8a0c_source-aspect-ratio_default_0.jpg\" type=\"image\/jpg\" media=\"(min-width: 768px)\" \/><source srcset=\"https:\/\/static.eldiario.es\/clip\/ab1fe04d-67c8-43bb-8440-af58302b8a0c_source-aspect-ratio_default_0.webp\" type=\"image\/webp\" \/><img decoding=\"async\" class=\"lazy entered loaded\" src=\"https:\/\/static.eldiario.es\/clip\/ab1fe04d-67c8-43bb-8440-af58302b8a0c_source-aspect-ratio_default_0.jpg\" alt=\"\" data-src=\"https:\/\/static.eldiario.es\/clip\/ab1fe04d-67c8-43bb-8440-af58302b8a0c_source-aspect-ratio_default_0.jpg\" data-ll-status=\"loaded\" \/><\/picture><figcaption class=\"image-footer\"><em><span class=\"title\">Cristina Castro, la madre de Facundo Astudillo Castro durante la marcha que realizo el Encuentro Memoria, Verdad y Justicia (EMVJ), contra el gatillo f\u00e1cil, por Facundo Astudillo Castro y contra la violencia de la Bonaerense, en Plaza de Mayo.\u00a0<span class=\"author\">NA \/ Dami\u00e1n Dopacio<\/span><\/span><\/em><\/figcaption><\/figure>\n<p>&nbsp;<\/p>\n<p class=\"article-text\">Adem\u00e1s, se hab\u00eda indicado que entre otros Herrero hab\u00eda colocado elementos de prueba en escenas rastrilladas como un amuleto en forma de sand\u00eda y dos piedras turmalinas.<\/p>\n<p class=\"article-text\"><strong>Facundo Astudillo Castro\u00a0<\/strong>desapareci\u00f3 el 30 de abril de 2020 hasta que su cuerpo apareci\u00f3 esqueletizado en el cangrejal del estuario de Bah\u00eda Blanca el 15 de agosto.<\/p>\n<div id=\"container-after-news-outlook\"><\/div>\n<p class=\"article-text\">En el marco del expediente la autopsia fue llevada a cabo por expertos del Equipo Argentino de Antropolog\u00eda Forense (EAAF) quienes determinaron que hab\u00eda muerto como consecuencia de una \u201casfixia por sumersi\u00f3n\u201d.<\/p>\n<p>&nbsp;<\/p>\n<p class=\"article-text\"><strong><em>MM con informaci\u00f3n de la agencia NA.<\/em><\/strong><\/p>\n<p><strong>elDiarioAR<\/strong><\/p>\n","protected":false},"excerpt":{"rendered":"<p>Astudillo Castro hab\u00eda desaparecido en abril del 2020 luego de un control policial y su cad\u00e1ver fue encontrado tres meses y medio despu\u00e9s en un sector ubicado en una zona de cangrejales de la localidad de General Daniel Cerri, en el partido de Bah\u00eda Blanca.<\/p>\n","protected":false},"author":3,"featured_media":0,"comment_status":"closed","ping_status":"closed","sticky":false,"template":"","format":"standard","meta":{"footnotes":""},"categories":[57],"tags":[],"class_list":["post-115601","post","type-post","status-publish","format-standard","hentry","category-judiciales"],"yoast_head":"<!-- This site is optimized with the Yoast SEO plugin v25.9 - https:\/\/yoast.com\/wordpress\/plugins\/seo\/ -->\n<title>Causa Facundo Astudillo Castro: condenan a 7 a\u00f1os de prisi\u00f3n a un instructor canino por plantar pruebas - Noticias Radio Reflejos<\/title>\n<meta name=\"robots\" content=\"index, follow, max-snippet:-1, max-image-preview:large, max-video-preview:-1\" \/>\n<link rel=\"canonical\" href=\"https:\/\/www.noticiasradioreflejos.com.ar\/2021\/causa-facundo-astudillo-castro-condenan-a-7-anos-de-prision-a-un-instructor-canino-por-plantar-pruebas\/\" \/>\n<meta property=\"og:locale\" content=\"es_ES\" \/>\n<meta property=\"og:type\" content=\"article\" \/>\n<meta property=\"og:title\" content=\"Causa Facundo Astudillo Castro: condenan a 7 a\u00f1os de prisi\u00f3n a un instructor canino por plantar pruebas - Noticias Radio Reflejos\" \/>\n<meta property=\"og:description\" content=\"Astudillo Castro hab\u00eda desaparecido en abril del 2020 luego de un control policial y su cad\u00e1ver fue encontrado tres meses y medio despu\u00e9s en un sector ubicado en una zona de cangrejales de la localidad de General Daniel Cerri, en el partido de Bah\u00eda Blanca.\" \/>\n<meta property=\"og:url\" content=\"https:\/\/www.noticiasradioreflejos.com.ar\/2021\/causa-facundo-astudillo-castro-condenan-a-7-anos-de-prision-a-un-instructor-canino-por-plantar-pruebas\/\" \/>\n<meta property=\"og:site_name\" content=\"Noticias Radio Reflejos\" \/>\n<meta property=\"article:published_time\" content=\"2025-04-22T22:03:18+00:00\" \/>\n<meta property=\"og:image\" content=\"https:\/\/www.noticiasradioreflejos.com.ar\/2021\/wp-content\/uploads\/2025\/04\/astudillo-castro.jpg\" \/>\n\t<meta property=\"og:image:width\" content=\"1200\" \/>\n\t<meta property=\"og:image:height\" content=\"675\" \/>\n\t<meta property=\"og:image:type\" content=\"image\/jpeg\" \/>\n<meta name=\"author\" content=\"Arnaldo Botto\" \/>\n<meta name=\"twitter:card\" content=\"summary_large_image\" \/>\n<script type=\"application\/ld+json\" class=\"yoast-schema-graph\">{\"@context\":\"https:\/\/schema.org\",\"@graph\":[{\"@type\":\"WebPage\",\"@id\":\"https:\/\/www.noticiasradioreflejos.com.ar\/2021\/causa-facundo-astudillo-castro-condenan-a-7-anos-de-prision-a-un-instructor-canino-por-plantar-pruebas\/\",\"url\":\"https:\/\/www.noticiasradioreflejos.com.ar\/2021\/causa-facundo-astudillo-castro-condenan-a-7-anos-de-prision-a-un-instructor-canino-por-plantar-pruebas\/\",\"name\":\"Causa Facundo Astudillo Castro: condenan a 7 a\u00f1os de prisi\u00f3n a un instructor canino por plantar pruebas - Noticias Radio Reflejos\",\"isPartOf\":{\"@id\":\"https:\/\/www.noticiasradioreflejos.com.ar\/2021\/#website\"},\"primaryImageOfPage\":{\"@id\":\"https:\/\/www.noticiasradioreflejos.com.ar\/2021\/causa-facundo-astudillo-castro-condenan-a-7-anos-de-prision-a-un-instructor-canino-por-plantar-pruebas\/#primaryimage\"},\"image\":{\"@id\":\"https:\/\/www.noticiasradioreflejos.com.ar\/2021\/causa-facundo-astudillo-castro-condenan-a-7-anos-de-prision-a-un-instructor-canino-por-plantar-pruebas\/#primaryimage\"},\"thumbnailUrl\":\"https:\/\/static.eldiario.es\/clip\/5ede833e-828c-4001-892c-00445b17bf0e_16-9-discover-aspect-ratio_default_0.jpg\",\"datePublished\":\"2025-04-22T22:03:18+00:00\",\"author\":{\"@id\":\"https:\/\/www.noticiasradioreflejos.com.ar\/2021\/#\/schema\/person\/ad82545263dcc5ec0996818884fd5fb1\"},\"breadcrumb\":{\"@id\":\"https:\/\/www.noticiasradioreflejos.com.ar\/2021\/causa-facundo-astudillo-castro-condenan-a-7-anos-de-prision-a-un-instructor-canino-por-plantar-pruebas\/#breadcrumb\"},\"inLanguage\":\"es\",\"potentialAction\":[{\"@type\":\"ReadAction\",\"target\":[\"https:\/\/www.noticiasradioreflejos.com.ar\/2021\/causa-facundo-astudillo-castro-condenan-a-7-anos-de-prision-a-un-instructor-canino-por-plantar-pruebas\/\"]}]},{\"@type\":\"ImageObject\",\"inLanguage\":\"es\",\"@id\":\"https:\/\/www.noticiasradioreflejos.com.ar\/2021\/causa-facundo-astudillo-castro-condenan-a-7-anos-de-prision-a-un-instructor-canino-por-plantar-pruebas\/#primaryimage\",\"url\":\"https:\/\/static.eldiario.es\/clip\/5ede833e-828c-4001-892c-00445b17bf0e_16-9-discover-aspect-ratio_default_0.jpg\",\"contentUrl\":\"https:\/\/static.eldiario.es\/clip\/5ede833e-828c-4001-892c-00445b17bf0e_16-9-discover-aspect-ratio_default_0.jpg\"},{\"@type\":\"BreadcrumbList\",\"@id\":\"https:\/\/www.noticiasradioreflejos.com.ar\/2021\/causa-facundo-astudillo-castro-condenan-a-7-anos-de-prision-a-un-instructor-canino-por-plantar-pruebas\/#breadcrumb\",\"itemListElement\":[{\"@type\":\"ListItem\",\"position\":1,\"name\":\"Portada\",\"item\":\"https:\/\/www.noticiasradioreflejos.com.ar\/2021\/\"},{\"@type\":\"ListItem\",\"position\":2,\"name\":\"Causa Facundo Astudillo Castro: condenan a 7 a\u00f1os de prisi\u00f3n a un instructor canino por plantar pruebas\"}]},{\"@type\":\"WebSite\",\"@id\":\"https:\/\/www.noticiasradioreflejos.com.ar\/2021\/#website\",\"url\":\"https:\/\/www.noticiasradioreflejos.com.ar\/2021\/\",\"name\":\"Noticias Radio Reflejos\",\"description\":\"Las noticias de mi comarca\",\"potentialAction\":[{\"@type\":\"SearchAction\",\"target\":{\"@type\":\"EntryPoint\",\"urlTemplate\":\"https:\/\/www.noticiasradioreflejos.com.ar\/2021\/?s={search_term_string}\"},\"query-input\":{\"@type\":\"PropertyValueSpecification\",\"valueRequired\":true,\"valueName\":\"search_term_string\"}}],\"inLanguage\":\"es\"},{\"@type\":\"Person\",\"@id\":\"https:\/\/www.noticiasradioreflejos.com.ar\/2021\/#\/schema\/person\/ad82545263dcc5ec0996818884fd5fb1\",\"name\":\"Arnaldo Botto\",\"image\":{\"@type\":\"ImageObject\",\"inLanguage\":\"es\",\"@id\":\"https:\/\/www.noticiasradioreflejos.com.ar\/2021\/#\/schema\/person\/image\/\",\"url\":\"https:\/\/secure.gravatar.com\/avatar\/55cb5e37c1efa326397366e6974cb338056df65cb50e7d64d1cf314e87504837?s=96&d=mm&r=g\",\"contentUrl\":\"https:\/\/secure.gravatar.com\/avatar\/55cb5e37c1efa326397366e6974cb338056df65cb50e7d64d1cf314e87504837?s=96&d=mm&r=g\",\"caption\":\"Arnaldo Botto\"},\"url\":\"https:\/\/www.noticiasradioreflejos.com.ar\/2021\/author\/arnaldo\/\"}]}<\/script>\n<!-- \/ Yoast SEO plugin. -->","yoast_head_json":{"title":"Causa Facundo Astudillo Castro: condenan a 7 a\u00f1os de prisi\u00f3n a un instructor canino por plantar pruebas - Noticias Radio Reflejos","robots":{"index":"index","follow":"follow","max-snippet":"max-snippet:-1","max-image-preview":"max-image-preview:large","max-video-preview":"max-video-preview:-1"},"canonical":"https:\/\/www.noticiasradioreflejos.com.ar\/2021\/causa-facundo-astudillo-castro-condenan-a-7-anos-de-prision-a-un-instructor-canino-por-plantar-pruebas\/","og_locale":"es_ES","og_type":"article","og_title":"Causa Facundo Astudillo Castro: condenan a 7 a\u00f1os de prisi\u00f3n a un instructor canino por plantar pruebas - Noticias Radio Reflejos","og_description":"Astudillo Castro hab\u00eda desaparecido en abril del 2020 luego de un control policial y su cad\u00e1ver fue encontrado tres meses y medio despu\u00e9s en un sector ubicado en una zona de cangrejales de la localidad de General Daniel Cerri, en el partido de Bah\u00eda Blanca.","og_url":"https:\/\/www.noticiasradioreflejos.com.ar\/2021\/causa-facundo-astudillo-castro-condenan-a-7-anos-de-prision-a-un-instructor-canino-por-plantar-pruebas\/","og_site_name":"Noticias Radio Reflejos","article_published_time":"2025-04-22T22:03:18+00:00","og_image":[{"width":1200,"height":675,"url":"https:\/\/www.noticiasradioreflejos.com.ar\/2021\/wp-content\/uploads\/2025\/04\/astudillo-castro.jpg","type":"image\/jpeg"}],"author":"Arnaldo Botto","twitter_card":"summary_large_image","schema":{"@context":"https:\/\/schema.org","@graph":[{"@type":"WebPage","@id":"https:\/\/www.noticiasradioreflejos.com.ar\/2021\/causa-facundo-astudillo-castro-condenan-a-7-anos-de-prision-a-un-instructor-canino-por-plantar-pruebas\/","url":"https:\/\/www.noticiasradioreflejos.com.ar\/2021\/causa-facundo-astudillo-castro-condenan-a-7-anos-de-prision-a-un-instructor-canino-por-plantar-pruebas\/","name":"Causa Facundo Astudillo Castro: condenan a 7 a\u00f1os de prisi\u00f3n a un instructor canino por plantar pruebas - Noticias Radio Reflejos","isPartOf":{"@id":"https:\/\/www.noticiasradioreflejos.com.ar\/2021\/#website"},"primaryImageOfPage":{"@id":"https:\/\/www.noticiasradioreflejos.com.ar\/2021\/causa-facundo-astudillo-castro-condenan-a-7-anos-de-prision-a-un-instructor-canino-por-plantar-pruebas\/#primaryimage"},"image":{"@id":"https:\/\/www.noticiasradioreflejos.com.ar\/2021\/causa-facundo-astudillo-castro-condenan-a-7-anos-de-prision-a-un-instructor-canino-por-plantar-pruebas\/#primaryimage"},"thumbnailUrl":"https:\/\/static.eldiario.es\/clip\/5ede833e-828c-4001-892c-00445b17bf0e_16-9-discover-aspect-ratio_default_0.jpg","datePublished":"2025-04-22T22:03:18+00:00","author":{"@id":"https:\/\/www.noticiasradioreflejos.com.ar\/2021\/#\/schema\/person\/ad82545263dcc5ec0996818884fd5fb1"},"breadcrumb":{"@id":"https:\/\/www.noticiasradioreflejos.com.ar\/2021\/causa-facundo-astudillo-castro-condenan-a-7-anos-de-prision-a-un-instructor-canino-por-plantar-pruebas\/#breadcrumb"},"inLanguage":"es","potentialAction":[{"@type":"ReadAction","target":["https:\/\/www.noticiasradioreflejos.com.ar\/2021\/causa-facundo-astudillo-castro-condenan-a-7-anos-de-prision-a-un-instructor-canino-por-plantar-pruebas\/"]}]},{"@type":"ImageObject","inLanguage":"es","@id":"https:\/\/www.noticiasradioreflejos.com.ar\/2021\/causa-facundo-astudillo-castro-condenan-a-7-anos-de-prision-a-un-instructor-canino-por-plantar-pruebas\/#primaryimage","url":"https:\/\/static.eldiario.es\/clip\/5ede833e-828c-4001-892c-00445b17bf0e_16-9-discover-aspect-ratio_default_0.jpg","contentUrl":"https:\/\/static.eldiario.es\/clip\/5ede833e-828c-4001-892c-00445b17bf0e_16-9-discover-aspect-ratio_default_0.jpg"},{"@type":"BreadcrumbList","@id":"https:\/\/www.noticiasradioreflejos.com.ar\/2021\/causa-facundo-astudillo-castro-condenan-a-7-anos-de-prision-a-un-instructor-canino-por-plantar-pruebas\/#breadcrumb","itemListElement":[{"@type":"ListItem","position":1,"name":"Portada","item":"https:\/\/www.noticiasradioreflejos.com.ar\/2021\/"},{"@type":"ListItem","position":2,"name":"Causa Facundo Astudillo Castro: condenan a 7 a\u00f1os de prisi\u00f3n a un instructor canino por plantar pruebas"}]},{"@type":"WebSite","@id":"https:\/\/www.noticiasradioreflejos.com.ar\/2021\/#website","url":"https:\/\/www.noticiasradioreflejos.com.ar\/2021\/","name":"Noticias Radio Reflejos","description":"Las noticias de mi comarca","potentialAction":[{"@type":"SearchAction","target":{"@type":"EntryPoint","urlTemplate":"https:\/\/www.noticiasradioreflejos.com.ar\/2021\/?s={search_term_string}"},"query-input":{"@type":"PropertyValueSpecification","valueRequired":true,"valueName":"search_term_string"}}],"inLanguage":"es"},{"@type":"Person","@id":"https:\/\/www.noticiasradioreflejos.com.ar\/2021\/#\/schema\/person\/ad82545263dcc5ec0996818884fd5fb1","name":"Arnaldo Botto","image":{"@type":"ImageObject","inLanguage":"es","@id":"https:\/\/www.noticiasradioreflejos.com.ar\/2021\/#\/schema\/person\/image\/","url":"https:\/\/secure.gravatar.com\/avatar\/55cb5e37c1efa326397366e6974cb338056df65cb50e7d64d1cf314e87504837?s=96&d=mm&r=g","contentUrl":"https:\/\/secure.gravatar.com\/avatar\/55cb5e37c1efa326397366e6974cb338056df65cb50e7d64d1cf314e87504837?s=96&d=mm&r=g","caption":"Arnaldo Botto"},"url":"https:\/\/www.noticiasradioreflejos.com.ar\/2021\/author\/arnaldo\/"}]}},"_links":{"self":[{"href":"https:\/\/www.noticiasradioreflejos.com.ar\/2021\/wp-json\/wp\/v2\/posts\/115601","targetHints":{"allow":["GET"]}}],"collection":[{"href":"https:\/\/www.noticiasradioreflejos.com.ar\/2021\/wp-json\/wp\/v2\/posts"}],"about":[{"href":"https:\/\/www.noticiasradioreflejos.com.ar\/2021\/wp-json\/wp\/v2\/types\/post"}],"author":[{"embeddable":true,"href":"https:\/\/www.noticiasradioreflejos.com.ar\/2021\/wp-json\/wp\/v2\/users\/3"}],"replies":[{"embeddable":true,"href":"https:\/\/www.noticiasradioreflejos.com.ar\/2021\/wp-json\/wp\/v2\/comments?post=115601"}],"version-history":[{"count":1,"href":"https:\/\/www.noticiasradioreflejos.com.ar\/2021\/wp-json\/wp\/v2\/posts\/115601\/revisions"}],"predecessor-version":[{"id":115603,"href":"https:\/\/www.noticiasradioreflejos.com.ar\/2021\/wp-json\/wp\/v2\/posts\/115601\/revisions\/115603"}],"wp:attachment":[{"href":"https:\/\/www.noticiasradioreflejos.com.ar\/2021\/wp-json\/wp\/v2\/media?parent=115601"}],"wp:term":[{"taxonomy":"category","embeddable":true,"href":"https:\/\/www.noticiasradioreflejos.com.ar\/2021\/wp-json\/wp\/v2\/categories?post=115601"},{"taxonomy":"post_tag","embeddable":true,"href":"https:\/\/www.noticiasradioreflejos.com.ar\/2021\/wp-json\/wp\/v2\/tags?post=115601"}],"curies":[{"name":"wp","href":"https:\/\/api.w.org\/{rel}","templated":true}]}}