{"id":11553,"date":"2017-06-23T09:01:54","date_gmt":"2017-06-23T12:01:54","guid":{"rendered":"http:\/\/www.noticiasradioreflejos.com.ar\/noticias\/?p=11553"},"modified":"2017-06-23T09:01:54","modified_gmt":"2017-06-23T12:01:54","slug":"la-septima-de-ventana-automoto-a-la-final-de-hockey-femenino","status":"publish","type":"post","link":"https:\/\/www.noticiasradioreflejos.com.ar\/2021\/la-septima-de-ventana-automoto-a-la-final-de-hockey-femenino\/","title":{"rendered":"La s\u00e9ptima de Ventana Automoto a la final de hockey femenino."},"content":{"rendered":"<p><a title=\"20170620_152435\" href=\"http:\/\/farm5.staticflickr.com\/4281\/34642078514_60c25448b9_z.jpg\" rel=\"\"><img loading=\"lazy\" decoding=\"async\" class=\"alignleft\" style=\"float: left;\" title=\"20170620_152435\" src=\"http:\/\/farm5.staticflickr.com\/4281\/34642078514_60c25448b9_z.jpg\" alt=\"20170620_152435\" width=\"230\" height=\"409\" \/><\/a>Por los cuartos de final de la Asociaci\u00f3n de Hockey del Sudoeste, la fusi\u00f3n Automoto \u2013 Ventana, logr\u00f3 en s\u00e9ptima divisi\u00f3n el pase a semi finales y se enfrentar\u00e1 a CEF N\u00ba 83 de la cuidad de Pigue. En la tarde del martes 20 de junio (feriado nacional) se midieron frente a CAI de Puan logrando la victoria por 2 tantos contra cero. Los goles fueron convertidos por Brisa Ruckert. En esta divisi\u00f3n estuvieron presentes las jugadoras azulgranas Martina Kugler y Victoria Rusconi. Tambi\u00e9n integr\u00f3 la delegaci\u00f3n, la Prof. Mail\u00e9n Rossini.<!--more--><br \/>\nEn primera divisi\u00f3n, la fusi\u00f3n no se present\u00f3 a disputar el partido frente a Club de Pelota por lo que este \u00faltimo gan\u00f3 el partido por Walkover. El fin de semana estar\u00e1n enfrent\u00e1ndose a Sarmiento de Pigue por la clasificaci\u00f3n del 5\u00ba al 8\u00ba puesto.<br \/>\nEn Sexta divisi\u00f3n, la fusi\u00f3n ya estaba clasificada a las semi finales por lo que el fin de semana estar\u00e1n enfrent\u00e1ndose a Sarmiento de Pigue.<br \/>\n<a title=\"20170620_152206\" href=\"http:\/\/farm5.staticflickr.com\/4253\/35443564636_18e5f3410c_z.jpg\" rel=\"\"><img loading=\"lazy\" decoding=\"async\" class=\"aligncenter\" title=\"20170620_152206\" src=\"http:\/\/farm5.staticflickr.com\/4253\/35443564636_18e5f3410c_z.jpg\" alt=\"20170620_152206\" width=\"640\" height=\"279\" \/><\/a><br \/>\nSEMIFINALES<br \/>\nS\u00c1BADO 24-6<br \/>\nPRIMERA DIVISI\u00d3N<br \/>\n1\u00ba al 4\u00ba PUESTO<br \/>\nC. Sarmiento Car vs CEF N\u00ba 83<br \/>\nHockey Carhu\u00e9 vs Club de Pelota<br \/>\n5\u00ba al 8\u00ba PUESTO<br \/>\nPe\u00f1arol vs Rosario PB<br \/>\nSarmiento P vs Ventana-Automoto<br \/>\nS\u00c9PTIMA DIVISI\u00d3N<br \/>\n1\u00ba al 4\u00ba PUESTO<br \/>\nVentana-Automoto vs CEF N\u00ba 83<br \/>\nHockey Carhu\u00e9 vs Sarmiento P<br \/>\n5\u00ba al 8\u00ba PUESTO<br \/>\nCAI Puan vs C. Sarmiento Car<br \/>\nClub de Pelota vs Rosario PB<br \/>\nDOMINGO 25-6<br \/>\nSEXTA DIVISI\u00d3N<br \/>\nCEF N\u00ba 83 vs Hockey Carhu\u00e9<br \/>\nSarmiento P vs Ventana-Automoto<br \/>\n<a title=\"20170620_152341\" href=\"http:\/\/farm5.staticflickr.com\/4253\/35316122812_3b6818e4b4_z.jpg\" rel=\"\"><img loading=\"lazy\" decoding=\"async\" class=\"aligncenter\" title=\"20170620_152341\" src=\"http:\/\/farm5.staticflickr.com\/4253\/35316122812_3b6818e4b4_z.jpg\" alt=\"20170620_152341\" width=\"360\" height=\"640\" \/><\/a><a title=\"20170620_152329\" href=\"http:\/\/farm5.staticflickr.com\/4209\/34642080614_4b39737b1d_z.jpg\" rel=\"\"><img loading=\"lazy\" decoding=\"async\" class=\"aligncenter\" title=\"20170620_152329\" src=\"http:\/\/farm5.staticflickr.com\/4209\/34642080614_4b39737b1d_z.jpg\" alt=\"20170620_152329\" width=\"360\" height=\"640\" \/><\/a><\/p>\n","protected":false},"excerpt":{"rendered":"<p>Por los cuartos de final de la Asociaci\u00f3n de Hockey del Sudoeste, la fusi\u00f3n Automoto \u2013 Ventana, logr\u00f3 en s\u00e9ptima divisi\u00f3n el pase a semi finales y se enfrentar\u00e1 a CEF N\u00ba 83 de la cuidad de Pigue. En la tarde del martes 20 de junio (feriado nacional) se midieron frente a CAI de Puan [&hellip;]<\/p>\n","protected":false},"author":3,"featured_media":0,"comment_status":"closed","ping_status":"open","sticky":false,"template":"","format":"standard","meta":{"footnotes":""},"categories":[27],"tags":[],"class_list":["post-11553","post","type-post","status-publish","format-standard","hentry","category-deportes"],"yoast_head":"<!-- This site is optimized with the Yoast SEO plugin v25.9 - https:\/\/yoast.com\/wordpress\/plugins\/seo\/ -->\n<title>La s\u00e9ptima de Ventana Automoto a la final de hockey femenino. - Noticias Radio Reflejos<\/title>\n<meta name=\"robots\" content=\"index, follow, max-snippet:-1, max-image-preview:large, max-video-preview:-1\" \/>\n<link rel=\"canonical\" href=\"https:\/\/www.noticiasradioreflejos.com.ar\/2021\/la-septima-de-ventana-automoto-a-la-final-de-hockey-femenino\/\" \/>\n<meta property=\"og:locale\" content=\"es_ES\" \/>\n<meta property=\"og:type\" content=\"article\" \/>\n<meta property=\"og:title\" content=\"La s\u00e9ptima de Ventana Automoto a la final de hockey femenino. - Noticias Radio Reflejos\" \/>\n<meta property=\"og:description\" content=\"Por los cuartos de final de la Asociaci\u00f3n de Hockey del Sudoeste, la fusi\u00f3n Automoto \u2013 Ventana, logr\u00f3 en s\u00e9ptima divisi\u00f3n el pase a semi finales y se enfrentar\u00e1 a CEF N\u00ba 83 de la cuidad de Pigue. En la tarde del martes 20 de junio (feriado nacional) se midieron frente a CAI de Puan [&hellip;]\" \/>\n<meta property=\"og:url\" content=\"https:\/\/www.noticiasradioreflejos.com.ar\/2021\/la-septima-de-ventana-automoto-a-la-final-de-hockey-femenino\/\" \/>\n<meta property=\"og:site_name\" content=\"Noticias Radio Reflejos\" \/>\n<meta property=\"article:published_time\" content=\"2017-06-23T12:01:54+00:00\" \/>\n<meta property=\"og:image\" content=\"http:\/\/farm5.staticflickr.com\/4281\/34642078514_60c25448b9_z.jpg\" \/>\n<meta name=\"author\" content=\"Arnaldo Botto\" \/>\n<meta name=\"twitter:card\" content=\"summary_large_image\" \/>\n<script type=\"application\/ld+json\" class=\"yoast-schema-graph\">{\"@context\":\"https:\/\/schema.org\",\"@graph\":[{\"@type\":\"WebPage\",\"@id\":\"https:\/\/www.noticiasradioreflejos.com.ar\/2021\/la-septima-de-ventana-automoto-a-la-final-de-hockey-femenino\/\",\"url\":\"https:\/\/www.noticiasradioreflejos.com.ar\/2021\/la-septima-de-ventana-automoto-a-la-final-de-hockey-femenino\/\",\"name\":\"La s\u00e9ptima de Ventana Automoto a la final de hockey femenino. - Noticias Radio Reflejos\",\"isPartOf\":{\"@id\":\"https:\/\/www.noticiasradioreflejos.com.ar\/2021\/#website\"},\"primaryImageOfPage\":{\"@id\":\"https:\/\/www.noticiasradioreflejos.com.ar\/2021\/la-septima-de-ventana-automoto-a-la-final-de-hockey-femenino\/#primaryimage\"},\"image\":{\"@id\":\"https:\/\/www.noticiasradioreflejos.com.ar\/2021\/la-septima-de-ventana-automoto-a-la-final-de-hockey-femenino\/#primaryimage\"},\"thumbnailUrl\":\"http:\/\/farm5.staticflickr.com\/4281\/34642078514_60c25448b9_z.jpg\",\"datePublished\":\"2017-06-23T12:01:54+00:00\",\"author\":{\"@id\":\"https:\/\/www.noticiasradioreflejos.com.ar\/2021\/#\/schema\/person\/ad82545263dcc5ec0996818884fd5fb1\"},\"breadcrumb\":{\"@id\":\"https:\/\/www.noticiasradioreflejos.com.ar\/2021\/la-septima-de-ventana-automoto-a-la-final-de-hockey-femenino\/#breadcrumb\"},\"inLanguage\":\"es\",\"potentialAction\":[{\"@type\":\"ReadAction\",\"target\":[\"https:\/\/www.noticiasradioreflejos.com.ar\/2021\/la-septima-de-ventana-automoto-a-la-final-de-hockey-femenino\/\"]}]},{\"@type\":\"ImageObject\",\"inLanguage\":\"es\",\"@id\":\"https:\/\/www.noticiasradioreflejos.com.ar\/2021\/la-septima-de-ventana-automoto-a-la-final-de-hockey-femenino\/#primaryimage\",\"url\":\"http:\/\/farm5.staticflickr.com\/4281\/34642078514_60c25448b9_z.jpg\",\"contentUrl\":\"http:\/\/farm5.staticflickr.com\/4281\/34642078514_60c25448b9_z.jpg\"},{\"@type\":\"BreadcrumbList\",\"@id\":\"https:\/\/www.noticiasradioreflejos.com.ar\/2021\/la-septima-de-ventana-automoto-a-la-final-de-hockey-femenino\/#breadcrumb\",\"itemListElement\":[{\"@type\":\"ListItem\",\"position\":1,\"name\":\"Portada\",\"item\":\"https:\/\/www.noticiasradioreflejos.com.ar\/2021\/\"},{\"@type\":\"ListItem\",\"position\":2,\"name\":\"La s\u00e9ptima de Ventana Automoto a la final de hockey femenino.\"}]},{\"@type\":\"WebSite\",\"@id\":\"https:\/\/www.noticiasradioreflejos.com.ar\/2021\/#website\",\"url\":\"https:\/\/www.noticiasradioreflejos.com.ar\/2021\/\",\"name\":\"Noticias Radio Reflejos\",\"description\":\"Las noticias de mi comarca\",\"potentialAction\":[{\"@type\":\"SearchAction\",\"target\":{\"@type\":\"EntryPoint\",\"urlTemplate\":\"https:\/\/www.noticiasradioreflejos.com.ar\/2021\/?s={search_term_string}\"},\"query-input\":{\"@type\":\"PropertyValueSpecification\",\"valueRequired\":true,\"valueName\":\"search_term_string\"}}],\"inLanguage\":\"es\"},{\"@type\":\"Person\",\"@id\":\"https:\/\/www.noticiasradioreflejos.com.ar\/2021\/#\/schema\/person\/ad82545263dcc5ec0996818884fd5fb1\",\"name\":\"Arnaldo Botto\",\"image\":{\"@type\":\"ImageObject\",\"inLanguage\":\"es\",\"@id\":\"https:\/\/www.noticiasradioreflejos.com.ar\/2021\/#\/schema\/person\/image\/\",\"url\":\"https:\/\/secure.gravatar.com\/avatar\/55cb5e37c1efa326397366e6974cb338056df65cb50e7d64d1cf314e87504837?s=96&d=mm&r=g\",\"contentUrl\":\"https:\/\/secure.gravatar.com\/avatar\/55cb5e37c1efa326397366e6974cb338056df65cb50e7d64d1cf314e87504837?s=96&d=mm&r=g\",\"caption\":\"Arnaldo Botto\"},\"url\":\"https:\/\/www.noticiasradioreflejos.com.ar\/2021\/author\/arnaldo\/\"}]}<\/script>\n<!-- \/ Yoast SEO plugin. -->","yoast_head_json":{"title":"La s\u00e9ptima de Ventana Automoto a la final de hockey femenino. - Noticias Radio Reflejos","robots":{"index":"index","follow":"follow","max-snippet":"max-snippet:-1","max-image-preview":"max-image-preview:large","max-video-preview":"max-video-preview:-1"},"canonical":"https:\/\/www.noticiasradioreflejos.com.ar\/2021\/la-septima-de-ventana-automoto-a-la-final-de-hockey-femenino\/","og_locale":"es_ES","og_type":"article","og_title":"La s\u00e9ptima de Ventana Automoto a la final de hockey femenino. - Noticias Radio Reflejos","og_description":"Por los cuartos de final de la Asociaci\u00f3n de Hockey del Sudoeste, la fusi\u00f3n Automoto \u2013 Ventana, logr\u00f3 en s\u00e9ptima divisi\u00f3n el pase a semi finales y se enfrentar\u00e1 a CEF N\u00ba 83 de la cuidad de Pigue. En la tarde del martes 20 de junio (feriado nacional) se midieron frente a CAI de Puan [&hellip;]","og_url":"https:\/\/www.noticiasradioreflejos.com.ar\/2021\/la-septima-de-ventana-automoto-a-la-final-de-hockey-femenino\/","og_site_name":"Noticias Radio Reflejos","article_published_time":"2017-06-23T12:01:54+00:00","og_image":[{"url":"http:\/\/farm5.staticflickr.com\/4281\/34642078514_60c25448b9_z.jpg","type":"","width":"","height":""}],"author":"Arnaldo Botto","twitter_card":"summary_large_image","schema":{"@context":"https:\/\/schema.org","@graph":[{"@type":"WebPage","@id":"https:\/\/www.noticiasradioreflejos.com.ar\/2021\/la-septima-de-ventana-automoto-a-la-final-de-hockey-femenino\/","url":"https:\/\/www.noticiasradioreflejos.com.ar\/2021\/la-septima-de-ventana-automoto-a-la-final-de-hockey-femenino\/","name":"La s\u00e9ptima de Ventana Automoto a la final de hockey femenino. - Noticias Radio Reflejos","isPartOf":{"@id":"https:\/\/www.noticiasradioreflejos.com.ar\/2021\/#website"},"primaryImageOfPage":{"@id":"https:\/\/www.noticiasradioreflejos.com.ar\/2021\/la-septima-de-ventana-automoto-a-la-final-de-hockey-femenino\/#primaryimage"},"image":{"@id":"https:\/\/www.noticiasradioreflejos.com.ar\/2021\/la-septima-de-ventana-automoto-a-la-final-de-hockey-femenino\/#primaryimage"},"thumbnailUrl":"http:\/\/farm5.staticflickr.com\/4281\/34642078514_60c25448b9_z.jpg","datePublished":"2017-06-23T12:01:54+00:00","author":{"@id":"https:\/\/www.noticiasradioreflejos.com.ar\/2021\/#\/schema\/person\/ad82545263dcc5ec0996818884fd5fb1"},"breadcrumb":{"@id":"https:\/\/www.noticiasradioreflejos.com.ar\/2021\/la-septima-de-ventana-automoto-a-la-final-de-hockey-femenino\/#breadcrumb"},"inLanguage":"es","potentialAction":[{"@type":"ReadAction","target":["https:\/\/www.noticiasradioreflejos.com.ar\/2021\/la-septima-de-ventana-automoto-a-la-final-de-hockey-femenino\/"]}]},{"@type":"ImageObject","inLanguage":"es","@id":"https:\/\/www.noticiasradioreflejos.com.ar\/2021\/la-septima-de-ventana-automoto-a-la-final-de-hockey-femenino\/#primaryimage","url":"http:\/\/farm5.staticflickr.com\/4281\/34642078514_60c25448b9_z.jpg","contentUrl":"http:\/\/farm5.staticflickr.com\/4281\/34642078514_60c25448b9_z.jpg"},{"@type":"BreadcrumbList","@id":"https:\/\/www.noticiasradioreflejos.com.ar\/2021\/la-septima-de-ventana-automoto-a-la-final-de-hockey-femenino\/#breadcrumb","itemListElement":[{"@type":"ListItem","position":1,"name":"Portada","item":"https:\/\/www.noticiasradioreflejos.com.ar\/2021\/"},{"@type":"ListItem","position":2,"name":"La s\u00e9ptima de Ventana Automoto a la final de hockey femenino."}]},{"@type":"WebSite","@id":"https:\/\/www.noticiasradioreflejos.com.ar\/2021\/#website","url":"https:\/\/www.noticiasradioreflejos.com.ar\/2021\/","name":"Noticias Radio Reflejos","description":"Las noticias de mi comarca","potentialAction":[{"@type":"SearchAction","target":{"@type":"EntryPoint","urlTemplate":"https:\/\/www.noticiasradioreflejos.com.ar\/2021\/?s={search_term_string}"},"query-input":{"@type":"PropertyValueSpecification","valueRequired":true,"valueName":"search_term_string"}}],"inLanguage":"es"},{"@type":"Person","@id":"https:\/\/www.noticiasradioreflejos.com.ar\/2021\/#\/schema\/person\/ad82545263dcc5ec0996818884fd5fb1","name":"Arnaldo Botto","image":{"@type":"ImageObject","inLanguage":"es","@id":"https:\/\/www.noticiasradioreflejos.com.ar\/2021\/#\/schema\/person\/image\/","url":"https:\/\/secure.gravatar.com\/avatar\/55cb5e37c1efa326397366e6974cb338056df65cb50e7d64d1cf314e87504837?s=96&d=mm&r=g","contentUrl":"https:\/\/secure.gravatar.com\/avatar\/55cb5e37c1efa326397366e6974cb338056df65cb50e7d64d1cf314e87504837?s=96&d=mm&r=g","caption":"Arnaldo Botto"},"url":"https:\/\/www.noticiasradioreflejos.com.ar\/2021\/author\/arnaldo\/"}]}},"_links":{"self":[{"href":"https:\/\/www.noticiasradioreflejos.com.ar\/2021\/wp-json\/wp\/v2\/posts\/11553","targetHints":{"allow":["GET"]}}],"collection":[{"href":"https:\/\/www.noticiasradioreflejos.com.ar\/2021\/wp-json\/wp\/v2\/posts"}],"about":[{"href":"https:\/\/www.noticiasradioreflejos.com.ar\/2021\/wp-json\/wp\/v2\/types\/post"}],"author":[{"embeddable":true,"href":"https:\/\/www.noticiasradioreflejos.com.ar\/2021\/wp-json\/wp\/v2\/users\/3"}],"replies":[{"embeddable":true,"href":"https:\/\/www.noticiasradioreflejos.com.ar\/2021\/wp-json\/wp\/v2\/comments?post=11553"}],"version-history":[{"count":0,"href":"https:\/\/www.noticiasradioreflejos.com.ar\/2021\/wp-json\/wp\/v2\/posts\/11553\/revisions"}],"wp:attachment":[{"href":"https:\/\/www.noticiasradioreflejos.com.ar\/2021\/wp-json\/wp\/v2\/media?parent=11553"}],"wp:term":[{"taxonomy":"category","embeddable":true,"href":"https:\/\/www.noticiasradioreflejos.com.ar\/2021\/wp-json\/wp\/v2\/categories?post=11553"},{"taxonomy":"post_tag","embeddable":true,"href":"https:\/\/www.noticiasradioreflejos.com.ar\/2021\/wp-json\/wp\/v2\/tags?post=11553"}],"curies":[{"name":"wp","href":"https:\/\/api.w.org\/{rel}","templated":true}]}}