{"id":11550,"date":"2017-06-22T17:44:13","date_gmt":"2017-06-22T20:44:13","guid":{"rendered":"http:\/\/www.noticiasradioreflejos.com.ar\/noticias\/?p=11550"},"modified":"2017-06-22T17:44:13","modified_gmt":"2017-06-22T20:44:13","slug":"massa-con-referentes-de-la-ucr-nos-une-la-etica-y-nos-une-que-trabajamos-juntos-con-la-conciencia-tranquila","status":"publish","type":"post","link":"https:\/\/www.noticiasradioreflejos.com.ar\/2021\/massa-con-referentes-de-la-ucr-nos-une-la-etica-y-nos-une-que-trabajamos-juntos-con-la-conciencia-tranquila\/","title":{"rendered":"Massa con referentes de la UCR: \u201cNos une la \u00e9tica y nos une que trabajamos juntos con la conciencia tranquila\u201d"},"content":{"rendered":"<p>As\u00ed lo manifest\u00f3 el diputado nacional Sergio Massa, tras compartir una cena con referentes de la UCR que expresaron su apoyo a 1Pa\u00eds, el espacio formado por los equipos del Frente Renovador, el GEN y Libres del Sur. En ese marco, Massa sostuvo: \u201cTenemos el desaf\u00edo de construir con pluralismo. Por eso quiero invitarlos a que sean parte, sin bajar la bandera, sin olvidar su identidad, sin renunciar a ser radicales, de una construcci\u00f3n que nos permita, desde hoy y para adelante, poder decir que la uni\u00f3n nacional es posible\u201d.<!--more--><br \/>\nLuego de mantener un encuentro con referentes de la Uni\u00f3n C\u00edvica Radical, el l\u00edder de 1Pa\u00eds sostuvo: \u201cCuando uno repasa la historia argentina, vemos que nos abrazamos en la multipartidaria para recuperar la democracia y la libertad para los argentinos, pero antes, cuando ven\u00edan los tiempos de violencia, de divisi\u00f3n y de fractura, en el abrazo de Per\u00f3n y Balb\u00edn ya exist\u00eda la idea de construir una etapa superadora para el pa\u00eds\u201d.<br \/>\n\u201cLa historia y el futuro nos obliga a pensar un pa\u00eds, y nos obliga a pensar cuales son los valores que nos mueven. Como dec\u00eda Alfons\u00edn, esa bandera celeste y Blanca nos permite bajar un poco la bandera partidaria para construir una \u00fanica identidad patria. Podr\u00edamos decir que nos une la vocaci\u00f3n por la educaci\u00f3n publica, de calidad y gratuita, porque estamos convencidos que de que es la mejor herramienta para que la Argentina tenga movilidad social ascendente\u201d.<br \/>\nEn referencia al apoyo expresado por dirigentes de la UCR al espacio 1Pa\u00eds, Massa enfatiz\u00f3: \u201cNos une tambi\u00e9n la identidad alrededor de un sistema jubilatorio publico, con movilidad y cobertura universal, que sea el instrumento de reconocimiento en el final de la etapa del trabajo de aquellos que trabaron toda la vida por el pa\u00eds. Nos une en la historia, en el presente y en el futuro la bandera de los derechos humanos. Una y mil veces vamos a gritar \u2018nunca m\u00e1s\u2019 cuando alguno, desde un fallo, o desde el poder y escondido detr\u00e1s de un fallo, pretenda hacernos retroceder en la Argentina lo que han sido conquistas que nos han valido el reconocimiento internacional\u201d.<br \/>\n\u201cTenemos que dejar en el pasado el Gobierno para chorros y el gobierno para pocos. En ese sentido, nos une la \u00e9tica y nos une que trabajamos con la conciencia tranquila. Yo no tengo aviones, no tengo barcos, no tengo cuentas en Panam\u00e1, pero si tengo una enorme vocaci\u00f3n de trabajo para construirle a la Argentina una alternativa superadora\u201d, agreg\u00f3.<br \/>\n\u201cNo solo nos une la \u00e9tica, sino adem\u00e1s la obligaci\u00f3n de construir un Estado fuerte. Porque todos los que estamos ac\u00e1, a pesar de que venimos de lugares distintos, creemos que el Estado es un instrumento igualador de las relaciones sociales. Hoy es el Estado con las pol\u00edticas publicas el \u00fanico que puede generar igualdad\u201d.<br \/>\nPor ultimo remarc\u00f3: \u201cHoy muchos argentinos viven con el dolor del fracaso signado por la corrupci\u00f3n, y muchos otros viven con el dolor de la desilusi\u00f3n por el cambio que no fue. Nosotros tenemos que transformar ese dolor en esperanza, para construir una alternativa pol\u00edtica que le permita a los argentinos vivir mejor\u201d.<br \/>\n\u201cTenemos el desaf\u00edo de construir con pluralismo. Por eso quiero invitarlos a que sean parte, sin bajar la bandera, sin olvidar su identidad, sin renunciar a ser radicales, de una construcci\u00f3n que nos permita, desde hoy y para adelante, poder decir que la uni\u00f3n nacional es posible\u201d.<br \/>\nParticiparon del encuentro las diputadas nacionales Cecilia Moreau y Graciela Cama\u00f1o , y la referente de pol\u00edticas sociales y de genero del Frente Renovador, Malena Galmarini, la presidenta del Consejo Deliberante de Rosario, Daniela Le\u00f3n, y la diputada provincial de Misiones, Mar\u00eda Losada, Mario Meoni, entre otros.<\/p>\n","protected":false},"excerpt":{"rendered":"<p>As\u00ed lo manifest\u00f3 el diputado nacional Sergio Massa, tras compartir una cena con referentes de la UCR que expresaron su apoyo a 1Pa\u00eds, el espacio formado por los equipos del Frente Renovador, el GEN y Libres del Sur. En ese marco, Massa sostuvo: \u201cTenemos el desaf\u00edo de construir con pluralismo. Por eso quiero invitarlos a [&hellip;]<\/p>\n","protected":false},"author":3,"featured_media":0,"comment_status":"closed","ping_status":"open","sticky":false,"template":"","format":"standard","meta":{"footnotes":""},"categories":[24],"tags":[],"class_list":["post-11550","post","type-post","status-publish","format-standard","hentry","category-politica"],"yoast_head":"<!-- This site is optimized with the Yoast SEO plugin v25.9 - https:\/\/yoast.com\/wordpress\/plugins\/seo\/ -->\n<title>Massa con referentes de la UCR: \u201cNos une la \u00e9tica y nos une que trabajamos juntos con la conciencia tranquila\u201d - Noticias Radio Reflejos<\/title>\n<meta name=\"robots\" content=\"index, follow, max-snippet:-1, max-image-preview:large, max-video-preview:-1\" \/>\n<link rel=\"canonical\" href=\"https:\/\/www.noticiasradioreflejos.com.ar\/2021\/massa-con-referentes-de-la-ucr-nos-une-la-etica-y-nos-une-que-trabajamos-juntos-con-la-conciencia-tranquila\/\" \/>\n<meta property=\"og:locale\" content=\"es_ES\" \/>\n<meta property=\"og:type\" content=\"article\" \/>\n<meta property=\"og:title\" content=\"Massa con referentes de la UCR: \u201cNos une la \u00e9tica y nos une que trabajamos juntos con la conciencia tranquila\u201d - Noticias Radio Reflejos\" \/>\n<meta property=\"og:description\" content=\"As\u00ed lo manifest\u00f3 el diputado nacional Sergio Massa, tras compartir una cena con referentes de la UCR que expresaron su apoyo a 1Pa\u00eds, el espacio formado por los equipos del Frente Renovador, el GEN y Libres del Sur. En ese marco, Massa sostuvo: \u201cTenemos el desaf\u00edo de construir con pluralismo. Por eso quiero invitarlos a [&hellip;]\" \/>\n<meta property=\"og:url\" content=\"https:\/\/www.noticiasradioreflejos.com.ar\/2021\/massa-con-referentes-de-la-ucr-nos-une-la-etica-y-nos-une-que-trabajamos-juntos-con-la-conciencia-tranquila\/\" \/>\n<meta property=\"og:site_name\" content=\"Noticias Radio Reflejos\" \/>\n<meta property=\"article:published_time\" content=\"2017-06-22T20:44:13+00:00\" \/>\n<meta property=\"og:image\" content=\"https:\/\/www.noticiasradioreflejos.com.ar\/2021\/wp-content\/uploads\/2021\/07\/logosol300x200.png\" \/>\n\t<meta property=\"og:image:width\" content=\"300\" \/>\n\t<meta property=\"og:image:height\" content=\"200\" \/>\n\t<meta property=\"og:image:type\" content=\"image\/png\" \/>\n<meta name=\"author\" content=\"Arnaldo Botto\" \/>\n<meta name=\"twitter:card\" content=\"summary_large_image\" \/>\n<script type=\"application\/ld+json\" class=\"yoast-schema-graph\">{\"@context\":\"https:\/\/schema.org\",\"@graph\":[{\"@type\":\"WebPage\",\"@id\":\"https:\/\/www.noticiasradioreflejos.com.ar\/2021\/massa-con-referentes-de-la-ucr-nos-une-la-etica-y-nos-une-que-trabajamos-juntos-con-la-conciencia-tranquila\/\",\"url\":\"https:\/\/www.noticiasradioreflejos.com.ar\/2021\/massa-con-referentes-de-la-ucr-nos-une-la-etica-y-nos-une-que-trabajamos-juntos-con-la-conciencia-tranquila\/\",\"name\":\"Massa con referentes de la UCR: \u201cNos une la \u00e9tica y nos une que trabajamos juntos con la conciencia tranquila\u201d - Noticias Radio Reflejos\",\"isPartOf\":{\"@id\":\"https:\/\/www.noticiasradioreflejos.com.ar\/2021\/#website\"},\"datePublished\":\"2017-06-22T20:44:13+00:00\",\"author\":{\"@id\":\"https:\/\/www.noticiasradioreflejos.com.ar\/2021\/#\/schema\/person\/ad82545263dcc5ec0996818884fd5fb1\"},\"breadcrumb\":{\"@id\":\"https:\/\/www.noticiasradioreflejos.com.ar\/2021\/massa-con-referentes-de-la-ucr-nos-une-la-etica-y-nos-une-que-trabajamos-juntos-con-la-conciencia-tranquila\/#breadcrumb\"},\"inLanguage\":\"es\",\"potentialAction\":[{\"@type\":\"ReadAction\",\"target\":[\"https:\/\/www.noticiasradioreflejos.com.ar\/2021\/massa-con-referentes-de-la-ucr-nos-une-la-etica-y-nos-une-que-trabajamos-juntos-con-la-conciencia-tranquila\/\"]}]},{\"@type\":\"BreadcrumbList\",\"@id\":\"https:\/\/www.noticiasradioreflejos.com.ar\/2021\/massa-con-referentes-de-la-ucr-nos-une-la-etica-y-nos-une-que-trabajamos-juntos-con-la-conciencia-tranquila\/#breadcrumb\",\"itemListElement\":[{\"@type\":\"ListItem\",\"position\":1,\"name\":\"Portada\",\"item\":\"https:\/\/www.noticiasradioreflejos.com.ar\/2021\/\"},{\"@type\":\"ListItem\",\"position\":2,\"name\":\"Massa con referentes de la UCR: \u201cNos une la \u00e9tica y nos une que trabajamos juntos con la conciencia tranquila\u201d\"}]},{\"@type\":\"WebSite\",\"@id\":\"https:\/\/www.noticiasradioreflejos.com.ar\/2021\/#website\",\"url\":\"https:\/\/www.noticiasradioreflejos.com.ar\/2021\/\",\"name\":\"Noticias Radio Reflejos\",\"description\":\"Las noticias de mi comarca\",\"potentialAction\":[{\"@type\":\"SearchAction\",\"target\":{\"@type\":\"EntryPoint\",\"urlTemplate\":\"https:\/\/www.noticiasradioreflejos.com.ar\/2021\/?s={search_term_string}\"},\"query-input\":{\"@type\":\"PropertyValueSpecification\",\"valueRequired\":true,\"valueName\":\"search_term_string\"}}],\"inLanguage\":\"es\"},{\"@type\":\"Person\",\"@id\":\"https:\/\/www.noticiasradioreflejos.com.ar\/2021\/#\/schema\/person\/ad82545263dcc5ec0996818884fd5fb1\",\"name\":\"Arnaldo Botto\",\"image\":{\"@type\":\"ImageObject\",\"inLanguage\":\"es\",\"@id\":\"https:\/\/www.noticiasradioreflejos.com.ar\/2021\/#\/schema\/person\/image\/\",\"url\":\"https:\/\/secure.gravatar.com\/avatar\/55cb5e37c1efa326397366e6974cb338056df65cb50e7d64d1cf314e87504837?s=96&d=mm&r=g\",\"contentUrl\":\"https:\/\/secure.gravatar.com\/avatar\/55cb5e37c1efa326397366e6974cb338056df65cb50e7d64d1cf314e87504837?s=96&d=mm&r=g\",\"caption\":\"Arnaldo Botto\"},\"url\":\"https:\/\/www.noticiasradioreflejos.com.ar\/2021\/author\/arnaldo\/\"}]}<\/script>\n<!-- \/ Yoast SEO plugin. -->","yoast_head_json":{"title":"Massa con referentes de la UCR: \u201cNos une la \u00e9tica y nos une que trabajamos juntos con la conciencia tranquila\u201d - Noticias Radio Reflejos","robots":{"index":"index","follow":"follow","max-snippet":"max-snippet:-1","max-image-preview":"max-image-preview:large","max-video-preview":"max-video-preview:-1"},"canonical":"https:\/\/www.noticiasradioreflejos.com.ar\/2021\/massa-con-referentes-de-la-ucr-nos-une-la-etica-y-nos-une-que-trabajamos-juntos-con-la-conciencia-tranquila\/","og_locale":"es_ES","og_type":"article","og_title":"Massa con referentes de la UCR: \u201cNos une la \u00e9tica y nos une que trabajamos juntos con la conciencia tranquila\u201d - Noticias Radio Reflejos","og_description":"As\u00ed lo manifest\u00f3 el diputado nacional Sergio Massa, tras compartir una cena con referentes de la UCR que expresaron su apoyo a 1Pa\u00eds, el espacio formado por los equipos del Frente Renovador, el GEN y Libres del Sur. En ese marco, Massa sostuvo: \u201cTenemos el desaf\u00edo de construir con pluralismo. Por eso quiero invitarlos a [&hellip;]","og_url":"https:\/\/www.noticiasradioreflejos.com.ar\/2021\/massa-con-referentes-de-la-ucr-nos-une-la-etica-y-nos-une-que-trabajamos-juntos-con-la-conciencia-tranquila\/","og_site_name":"Noticias Radio Reflejos","article_published_time":"2017-06-22T20:44:13+00:00","og_image":[{"width":300,"height":200,"url":"https:\/\/www.noticiasradioreflejos.com.ar\/2021\/wp-content\/uploads\/2021\/07\/logosol300x200.png","type":"image\/png"}],"author":"Arnaldo Botto","twitter_card":"summary_large_image","schema":{"@context":"https:\/\/schema.org","@graph":[{"@type":"WebPage","@id":"https:\/\/www.noticiasradioreflejos.com.ar\/2021\/massa-con-referentes-de-la-ucr-nos-une-la-etica-y-nos-une-que-trabajamos-juntos-con-la-conciencia-tranquila\/","url":"https:\/\/www.noticiasradioreflejos.com.ar\/2021\/massa-con-referentes-de-la-ucr-nos-une-la-etica-y-nos-une-que-trabajamos-juntos-con-la-conciencia-tranquila\/","name":"Massa con referentes de la UCR: \u201cNos une la \u00e9tica y nos une que trabajamos juntos con la conciencia tranquila\u201d - Noticias Radio Reflejos","isPartOf":{"@id":"https:\/\/www.noticiasradioreflejos.com.ar\/2021\/#website"},"datePublished":"2017-06-22T20:44:13+00:00","author":{"@id":"https:\/\/www.noticiasradioreflejos.com.ar\/2021\/#\/schema\/person\/ad82545263dcc5ec0996818884fd5fb1"},"breadcrumb":{"@id":"https:\/\/www.noticiasradioreflejos.com.ar\/2021\/massa-con-referentes-de-la-ucr-nos-une-la-etica-y-nos-une-que-trabajamos-juntos-con-la-conciencia-tranquila\/#breadcrumb"},"inLanguage":"es","potentialAction":[{"@type":"ReadAction","target":["https:\/\/www.noticiasradioreflejos.com.ar\/2021\/massa-con-referentes-de-la-ucr-nos-une-la-etica-y-nos-une-que-trabajamos-juntos-con-la-conciencia-tranquila\/"]}]},{"@type":"BreadcrumbList","@id":"https:\/\/www.noticiasradioreflejos.com.ar\/2021\/massa-con-referentes-de-la-ucr-nos-une-la-etica-y-nos-une-que-trabajamos-juntos-con-la-conciencia-tranquila\/#breadcrumb","itemListElement":[{"@type":"ListItem","position":1,"name":"Portada","item":"https:\/\/www.noticiasradioreflejos.com.ar\/2021\/"},{"@type":"ListItem","position":2,"name":"Massa con referentes de la UCR: \u201cNos une la \u00e9tica y nos une que trabajamos juntos con la conciencia tranquila\u201d"}]},{"@type":"WebSite","@id":"https:\/\/www.noticiasradioreflejos.com.ar\/2021\/#website","url":"https:\/\/www.noticiasradioreflejos.com.ar\/2021\/","name":"Noticias Radio Reflejos","description":"Las noticias de mi comarca","potentialAction":[{"@type":"SearchAction","target":{"@type":"EntryPoint","urlTemplate":"https:\/\/www.noticiasradioreflejos.com.ar\/2021\/?s={search_term_string}"},"query-input":{"@type":"PropertyValueSpecification","valueRequired":true,"valueName":"search_term_string"}}],"inLanguage":"es"},{"@type":"Person","@id":"https:\/\/www.noticiasradioreflejos.com.ar\/2021\/#\/schema\/person\/ad82545263dcc5ec0996818884fd5fb1","name":"Arnaldo Botto","image":{"@type":"ImageObject","inLanguage":"es","@id":"https:\/\/www.noticiasradioreflejos.com.ar\/2021\/#\/schema\/person\/image\/","url":"https:\/\/secure.gravatar.com\/avatar\/55cb5e37c1efa326397366e6974cb338056df65cb50e7d64d1cf314e87504837?s=96&d=mm&r=g","contentUrl":"https:\/\/secure.gravatar.com\/avatar\/55cb5e37c1efa326397366e6974cb338056df65cb50e7d64d1cf314e87504837?s=96&d=mm&r=g","caption":"Arnaldo Botto"},"url":"https:\/\/www.noticiasradioreflejos.com.ar\/2021\/author\/arnaldo\/"}]}},"_links":{"self":[{"href":"https:\/\/www.noticiasradioreflejos.com.ar\/2021\/wp-json\/wp\/v2\/posts\/11550","targetHints":{"allow":["GET"]}}],"collection":[{"href":"https:\/\/www.noticiasradioreflejos.com.ar\/2021\/wp-json\/wp\/v2\/posts"}],"about":[{"href":"https:\/\/www.noticiasradioreflejos.com.ar\/2021\/wp-json\/wp\/v2\/types\/post"}],"author":[{"embeddable":true,"href":"https:\/\/www.noticiasradioreflejos.com.ar\/2021\/wp-json\/wp\/v2\/users\/3"}],"replies":[{"embeddable":true,"href":"https:\/\/www.noticiasradioreflejos.com.ar\/2021\/wp-json\/wp\/v2\/comments?post=11550"}],"version-history":[{"count":0,"href":"https:\/\/www.noticiasradioreflejos.com.ar\/2021\/wp-json\/wp\/v2\/posts\/11550\/revisions"}],"wp:attachment":[{"href":"https:\/\/www.noticiasradioreflejos.com.ar\/2021\/wp-json\/wp\/v2\/media?parent=11550"}],"wp:term":[{"taxonomy":"category","embeddable":true,"href":"https:\/\/www.noticiasradioreflejos.com.ar\/2021\/wp-json\/wp\/v2\/categories?post=11550"},{"taxonomy":"post_tag","embeddable":true,"href":"https:\/\/www.noticiasradioreflejos.com.ar\/2021\/wp-json\/wp\/v2\/tags?post=11550"}],"curies":[{"name":"wp","href":"https:\/\/api.w.org\/{rel}","templated":true}]}}