{"id":115473,"date":"2025-04-19T11:09:56","date_gmt":"2025-04-19T14:09:56","guid":{"rendered":"https:\/\/www.noticiasradioreflejos.com.ar\/2021\/?p=115473"},"modified":"2025-04-19T11:09:56","modified_gmt":"2025-04-19T14:09:56","slug":"aranceles-de-trump-que-puede-ocurrir-con-las-exportaciones-de-malbec-estrella-del-vino-argentino","status":"publish","type":"post","link":"https:\/\/www.noticiasradioreflejos.com.ar\/2021\/aranceles-de-trump-que-puede-ocurrir-con-las-exportaciones-de-malbec-estrella-del-vino-argentino\/","title":{"rendered":"Aranceles de Trump: qu\u00e9 puede ocurrir con las exportaciones de malbec, estrella del vino argentino"},"content":{"rendered":"<p>El 33% de las ventas al exterior tiene como destino los Estados Unidos. C\u00f3mo podr\u00edan afectarlas los nuevos impuestos por ahora en suspenso.<!--more-->El <strong>malbec<\/strong>, la cepa estrella de la producci\u00f3n vitivin\u00edcola argentina, represent\u00f3 el 62% de los vinos fraccionados que el pa\u00eds le vendi\u00f3 al exterior en el 2024, y el 59% del total en volumen.<\/p>\n<div class=\"columns\" data-tadevel-template=\"web\/article-columns\">\n<div class=\"column-main\">\n<div class=\"article-body\" data-tadevel-template=\"web\/article-body\">\n<div class=\"article-body-content\">\n<p>Con la suba de\u00a0<strong>aranceles<\/strong>\u00a0dispuesta por la administraci\u00f3n de Donald Trump, la duda es c\u00f3mo puede impactar la medida sobre ese sector clave.<\/p>\n<p>Por ahora, Trump suspendi\u00f3 por\u00a0<strong>90 d\u00edas la decisi\u00f3n<\/strong>, pero nada impide que, cumplido ese plazo, la suba de impuestos se concrete.<\/p>\n<p><a title=\"malbec\" href=\"https:\/\/www.flickr.com\/photos\/182279889@N02\/54461907286\/in\/dateposted-public\/\" data-flickr-embed=\"true\"><img loading=\"lazy\" decoding=\"async\" class=\"aligncenter\" src=\"https:\/\/live.staticflickr.com\/65535\/54461907286_5798da5b09_z.jpg\" alt=\"malbec\" width=\"621\" height=\"360\" \/><\/a><\/p>\n<p>En 2024, un promedio de\u00a0<strong>2.648 etiquetas<\/strong>\u00a0de vinos con el Malbec como variedad principal llegaron a los 134 mercados del mundo a los que Argentina export\u00f3, seg\u00fan datos del sistema Invex.<\/p>\n<p><strong>Estados Unidos fue el principal mercado<\/strong>\u00a0destino del vino Malbec exportado fraccionado con una participaci\u00f3n del 32,6% en valor y del 31,6% en volumen.<\/p>\n<p>A este mercado, el Malbec argentino llega con un precio promedio de U$S 4,65 el litro.<\/p>\n<p>En importancia, como destinos le siguen\u00a0<strong>Reino Unido, Brasil, Canad\u00e1 y M\u00e9xico<\/strong>\u00a0para cerrar el TOP5.<\/p>\n<p>El Malbec est\u00e1 presente en\u00a0<strong>18 de las 20 provincias argentinas<\/strong>\u00a0que tienen plantaciones de vid.<\/p>\n<p>Registra al 31 de diciembre de 2024 un total de 47.064 hect\u00e1reas cultivadas, lo cual representa el\u00a0<strong>23,5% del total de vid del pa\u00eds.<\/strong><\/p>\n<p>En diez a\u00f1os, la superficie cultivada con Malbec pas\u00f3 de 39.480 hect\u00e1reas en 2015 a 47.064, un crecimiento del 19,2%.<\/p>\n<p>Y si bien est\u00e1 presente en todas las zonas donde se cultiva vid para vinificar, el\u00a0<strong>84,7% de todas las hect\u00e1reas plantadas est\u00e1 en Mendoza.<\/strong><\/p>\n<p>En 2024, el 21% de toda la uva cosechada para vinificar fue Malbec, cuando hace 10 a\u00f1os esta variedad explicaba el 15% del total.<\/p>\n<p>En cuanto a su relevancia como varietal vendido en el mercado interno, en diez a\u00f1os los despachos de vinos\u00a0<strong>Malbec crecieron 44,9%<\/strong>, pasando de tener una participaci\u00f3n del 8% al 16% en el total de vinos comercializados entre 2015 y 2024, y del 38% al 55% en el total de los varietales.<\/p>\n<p><a title=\"malbec 1\" href=\"https:\/\/www.flickr.com\/photos\/182279889@N02\/54461907301\/in\/dateposted-public\/\" data-flickr-embed=\"true\"><img loading=\"lazy\" decoding=\"async\" class=\"aligncenter\" src=\"https:\/\/live.staticflickr.com\/65535\/54461907301_e6b8c7f6ed_z.jpg\" alt=\"malbec 1\" width=\"640\" height=\"433\" \/><\/a><\/p>\n<p>Con 1.575 etiquetas, hoy el Malbec explica poco m\u00e1s de 1 de cada 2 litros de vinos varietales fraccionados despachados al mercado interno.<\/p>\n<p>En Argentina, este cepaje muestra particularidades distintas a las de su lugar de origen, debido a las diferencias de clima y suelo, caracter\u00edsticas gen\u00e9ticas de las plantas, manejo del vi\u00f1edo y m\u00e9todos de elaboraci\u00f3n del vino.<\/p>\n<p>Desde el Observatorio Vitivin\u00edcola Argentino, unidad ejecutora de la Corporaci\u00f3n Vitivin\u00edcola Argentina administrada por la Bolsa de Comercio de Mendoza, hicieron un an\u00e1lisis a fondo sobre este mercado, teniendo en cuenta que esta semana se celebr\u00f3 el D\u00eda Mundial del Malbec.<\/p>\n<p>En lo que respecta al mercado externo de vinos a granel, el Malbec tiene un rol clave.<\/p>\n<p><a title=\"malbec 2\" href=\"https:\/\/www.flickr.com\/photos\/182279889@N02\/54462100929\/in\/dateposted-public\/\" data-flickr-embed=\"true\"><img loading=\"lazy\" decoding=\"async\" src=\"https:\/\/live.staticflickr.com\/65535\/54462100929_857791481c_c.jpg\" alt=\"malbec 2\" width=\"800\" height=\"646\" \/><\/a><br \/>\nCon un crecimiento en las exportaciones del 27,2% en valor y del 45,81% en volumen entre 2015 y 2024, el Malbec representa el 84% de todo el vino a granel que vendi\u00f3 Argentina durante el 2024 en valor y el 77% del volumen.<\/p>\n<p>En el caso puntual del Malbec exportado a granel, Reino Unido es el principal mercado con una participaci\u00f3n del 82,28% en valor y del 81,17% en volumen.<\/p>\n<p>El TOP5 de destinos lo completan en orden de importancia Estados Unidos, Alemania, Francia y Australia como los principales destinos de exportaci\u00f3n.<\/p>\n<\/div>\n<\/div>\n<\/div>\n<\/div>\n","protected":false},"excerpt":{"rendered":"<p>El 33% de las ventas al exterior tiene como destino los Estados Unidos. C\u00f3mo podr\u00edan afectarlas los nuevos impuestos por ahora en suspenso.<\/p>\n","protected":false},"author":3,"featured_media":87164,"comment_status":"closed","ping_status":"closed","sticky":false,"template":"","format":"standard","meta":{"footnotes":""},"categories":[36],"tags":[],"class_list":["post-115473","post","type-post","status-publish","format-standard","has-post-thumbnail","hentry","category-economia"],"yoast_head":"<!-- This site is optimized with the Yoast SEO plugin v25.9 - https:\/\/yoast.com\/wordpress\/plugins\/seo\/ -->\n<title>Aranceles de Trump: qu\u00e9 puede ocurrir con las exportaciones de malbec, estrella del vino argentino - Noticias Radio Reflejos<\/title>\n<meta name=\"robots\" content=\"index, follow, max-snippet:-1, max-image-preview:large, max-video-preview:-1\" \/>\n<link rel=\"canonical\" href=\"https:\/\/www.noticiasradioreflejos.com.ar\/2021\/aranceles-de-trump-que-puede-ocurrir-con-las-exportaciones-de-malbec-estrella-del-vino-argentino\/\" \/>\n<meta property=\"og:locale\" content=\"es_ES\" \/>\n<meta property=\"og:type\" content=\"article\" \/>\n<meta property=\"og:title\" content=\"Aranceles de Trump: qu\u00e9 puede ocurrir con las exportaciones de malbec, estrella del vino argentino - Noticias Radio Reflejos\" \/>\n<meta property=\"og:description\" content=\"El 33% de las ventas al exterior tiene como destino los Estados Unidos. C\u00f3mo podr\u00edan afectarlas los nuevos impuestos por ahora en suspenso.\" \/>\n<meta property=\"og:url\" content=\"https:\/\/www.noticiasradioreflejos.com.ar\/2021\/aranceles-de-trump-que-puede-ocurrir-con-las-exportaciones-de-malbec-estrella-del-vino-argentino\/\" \/>\n<meta property=\"og:site_name\" content=\"Noticias Radio Reflejos\" \/>\n<meta property=\"article:published_time\" content=\"2025-04-19T14:09:56+00:00\" \/>\n<meta property=\"og:image\" content=\"https:\/\/www.noticiasradioreflejos.com.ar\/2021\/wp-content\/uploads\/2023\/04\/vinos.jpg\" \/>\n\t<meta property=\"og:image:width\" content=\"1239\" \/>\n\t<meta property=\"og:image:height\" content=\"666\" \/>\n\t<meta property=\"og:image:type\" content=\"image\/jpeg\" \/>\n<meta name=\"author\" content=\"Arnaldo Botto\" \/>\n<meta name=\"twitter:card\" content=\"summary_large_image\" \/>\n<script type=\"application\/ld+json\" class=\"yoast-schema-graph\">{\"@context\":\"https:\/\/schema.org\",\"@graph\":[{\"@type\":\"WebPage\",\"@id\":\"https:\/\/www.noticiasradioreflejos.com.ar\/2021\/aranceles-de-trump-que-puede-ocurrir-con-las-exportaciones-de-malbec-estrella-del-vino-argentino\/\",\"url\":\"https:\/\/www.noticiasradioreflejos.com.ar\/2021\/aranceles-de-trump-que-puede-ocurrir-con-las-exportaciones-de-malbec-estrella-del-vino-argentino\/\",\"name\":\"Aranceles de Trump: qu\u00e9 puede ocurrir con las exportaciones de malbec, estrella del vino argentino - Noticias Radio Reflejos\",\"isPartOf\":{\"@id\":\"https:\/\/www.noticiasradioreflejos.com.ar\/2021\/#website\"},\"primaryImageOfPage\":{\"@id\":\"https:\/\/www.noticiasradioreflejos.com.ar\/2021\/aranceles-de-trump-que-puede-ocurrir-con-las-exportaciones-de-malbec-estrella-del-vino-argentino\/#primaryimage\"},\"image\":{\"@id\":\"https:\/\/www.noticiasradioreflejos.com.ar\/2021\/aranceles-de-trump-que-puede-ocurrir-con-las-exportaciones-de-malbec-estrella-del-vino-argentino\/#primaryimage\"},\"thumbnailUrl\":\"https:\/\/www.noticiasradioreflejos.com.ar\/2021\/wp-content\/uploads\/2023\/04\/vinos.jpg\",\"datePublished\":\"2025-04-19T14:09:56+00:00\",\"author\":{\"@id\":\"https:\/\/www.noticiasradioreflejos.com.ar\/2021\/#\/schema\/person\/ad82545263dcc5ec0996818884fd5fb1\"},\"breadcrumb\":{\"@id\":\"https:\/\/www.noticiasradioreflejos.com.ar\/2021\/aranceles-de-trump-que-puede-ocurrir-con-las-exportaciones-de-malbec-estrella-del-vino-argentino\/#breadcrumb\"},\"inLanguage\":\"es\",\"potentialAction\":[{\"@type\":\"ReadAction\",\"target\":[\"https:\/\/www.noticiasradioreflejos.com.ar\/2021\/aranceles-de-trump-que-puede-ocurrir-con-las-exportaciones-de-malbec-estrella-del-vino-argentino\/\"]}]},{\"@type\":\"ImageObject\",\"inLanguage\":\"es\",\"@id\":\"https:\/\/www.noticiasradioreflejos.com.ar\/2021\/aranceles-de-trump-que-puede-ocurrir-con-las-exportaciones-de-malbec-estrella-del-vino-argentino\/#primaryimage\",\"url\":\"https:\/\/www.noticiasradioreflejos.com.ar\/2021\/wp-content\/uploads\/2023\/04\/vinos.jpg\",\"contentUrl\":\"https:\/\/www.noticiasradioreflejos.com.ar\/2021\/wp-content\/uploads\/2023\/04\/vinos.jpg\",\"width\":1239,\"height\":666},{\"@type\":\"BreadcrumbList\",\"@id\":\"https:\/\/www.noticiasradioreflejos.com.ar\/2021\/aranceles-de-trump-que-puede-ocurrir-con-las-exportaciones-de-malbec-estrella-del-vino-argentino\/#breadcrumb\",\"itemListElement\":[{\"@type\":\"ListItem\",\"position\":1,\"name\":\"Portada\",\"item\":\"https:\/\/www.noticiasradioreflejos.com.ar\/2021\/\"},{\"@type\":\"ListItem\",\"position\":2,\"name\":\"Aranceles de Trump: qu\u00e9 puede ocurrir con las exportaciones de malbec, estrella del vino argentino\"}]},{\"@type\":\"WebSite\",\"@id\":\"https:\/\/www.noticiasradioreflejos.com.ar\/2021\/#website\",\"url\":\"https:\/\/www.noticiasradioreflejos.com.ar\/2021\/\",\"name\":\"Noticias Radio Reflejos\",\"description\":\"Las noticias de mi comarca\",\"potentialAction\":[{\"@type\":\"SearchAction\",\"target\":{\"@type\":\"EntryPoint\",\"urlTemplate\":\"https:\/\/www.noticiasradioreflejos.com.ar\/2021\/?s={search_term_string}\"},\"query-input\":{\"@type\":\"PropertyValueSpecification\",\"valueRequired\":true,\"valueName\":\"search_term_string\"}}],\"inLanguage\":\"es\"},{\"@type\":\"Person\",\"@id\":\"https:\/\/www.noticiasradioreflejos.com.ar\/2021\/#\/schema\/person\/ad82545263dcc5ec0996818884fd5fb1\",\"name\":\"Arnaldo Botto\",\"image\":{\"@type\":\"ImageObject\",\"inLanguage\":\"es\",\"@id\":\"https:\/\/www.noticiasradioreflejos.com.ar\/2021\/#\/schema\/person\/image\/\",\"url\":\"https:\/\/secure.gravatar.com\/avatar\/55cb5e37c1efa326397366e6974cb338056df65cb50e7d64d1cf314e87504837?s=96&d=mm&r=g\",\"contentUrl\":\"https:\/\/secure.gravatar.com\/avatar\/55cb5e37c1efa326397366e6974cb338056df65cb50e7d64d1cf314e87504837?s=96&d=mm&r=g\",\"caption\":\"Arnaldo Botto\"},\"url\":\"https:\/\/www.noticiasradioreflejos.com.ar\/2021\/author\/arnaldo\/\"}]}<\/script>\n<!-- \/ Yoast SEO plugin. -->","yoast_head_json":{"title":"Aranceles de Trump: qu\u00e9 puede ocurrir con las exportaciones de malbec, estrella del vino argentino - Noticias Radio Reflejos","robots":{"index":"index","follow":"follow","max-snippet":"max-snippet:-1","max-image-preview":"max-image-preview:large","max-video-preview":"max-video-preview:-1"},"canonical":"https:\/\/www.noticiasradioreflejos.com.ar\/2021\/aranceles-de-trump-que-puede-ocurrir-con-las-exportaciones-de-malbec-estrella-del-vino-argentino\/","og_locale":"es_ES","og_type":"article","og_title":"Aranceles de Trump: qu\u00e9 puede ocurrir con las exportaciones de malbec, estrella del vino argentino - Noticias Radio Reflejos","og_description":"El 33% de las ventas al exterior tiene como destino los Estados Unidos. C\u00f3mo podr\u00edan afectarlas los nuevos impuestos por ahora en suspenso.","og_url":"https:\/\/www.noticiasradioreflejos.com.ar\/2021\/aranceles-de-trump-que-puede-ocurrir-con-las-exportaciones-de-malbec-estrella-del-vino-argentino\/","og_site_name":"Noticias Radio Reflejos","article_published_time":"2025-04-19T14:09:56+00:00","og_image":[{"width":1239,"height":666,"url":"https:\/\/www.noticiasradioreflejos.com.ar\/2021\/wp-content\/uploads\/2023\/04\/vinos.jpg","type":"image\/jpeg"}],"author":"Arnaldo Botto","twitter_card":"summary_large_image","schema":{"@context":"https:\/\/schema.org","@graph":[{"@type":"WebPage","@id":"https:\/\/www.noticiasradioreflejos.com.ar\/2021\/aranceles-de-trump-que-puede-ocurrir-con-las-exportaciones-de-malbec-estrella-del-vino-argentino\/","url":"https:\/\/www.noticiasradioreflejos.com.ar\/2021\/aranceles-de-trump-que-puede-ocurrir-con-las-exportaciones-de-malbec-estrella-del-vino-argentino\/","name":"Aranceles de Trump: qu\u00e9 puede ocurrir con las exportaciones de malbec, estrella del vino argentino - Noticias Radio Reflejos","isPartOf":{"@id":"https:\/\/www.noticiasradioreflejos.com.ar\/2021\/#website"},"primaryImageOfPage":{"@id":"https:\/\/www.noticiasradioreflejos.com.ar\/2021\/aranceles-de-trump-que-puede-ocurrir-con-las-exportaciones-de-malbec-estrella-del-vino-argentino\/#primaryimage"},"image":{"@id":"https:\/\/www.noticiasradioreflejos.com.ar\/2021\/aranceles-de-trump-que-puede-ocurrir-con-las-exportaciones-de-malbec-estrella-del-vino-argentino\/#primaryimage"},"thumbnailUrl":"https:\/\/www.noticiasradioreflejos.com.ar\/2021\/wp-content\/uploads\/2023\/04\/vinos.jpg","datePublished":"2025-04-19T14:09:56+00:00","author":{"@id":"https:\/\/www.noticiasradioreflejos.com.ar\/2021\/#\/schema\/person\/ad82545263dcc5ec0996818884fd5fb1"},"breadcrumb":{"@id":"https:\/\/www.noticiasradioreflejos.com.ar\/2021\/aranceles-de-trump-que-puede-ocurrir-con-las-exportaciones-de-malbec-estrella-del-vino-argentino\/#breadcrumb"},"inLanguage":"es","potentialAction":[{"@type":"ReadAction","target":["https:\/\/www.noticiasradioreflejos.com.ar\/2021\/aranceles-de-trump-que-puede-ocurrir-con-las-exportaciones-de-malbec-estrella-del-vino-argentino\/"]}]},{"@type":"ImageObject","inLanguage":"es","@id":"https:\/\/www.noticiasradioreflejos.com.ar\/2021\/aranceles-de-trump-que-puede-ocurrir-con-las-exportaciones-de-malbec-estrella-del-vino-argentino\/#primaryimage","url":"https:\/\/www.noticiasradioreflejos.com.ar\/2021\/wp-content\/uploads\/2023\/04\/vinos.jpg","contentUrl":"https:\/\/www.noticiasradioreflejos.com.ar\/2021\/wp-content\/uploads\/2023\/04\/vinos.jpg","width":1239,"height":666},{"@type":"BreadcrumbList","@id":"https:\/\/www.noticiasradioreflejos.com.ar\/2021\/aranceles-de-trump-que-puede-ocurrir-con-las-exportaciones-de-malbec-estrella-del-vino-argentino\/#breadcrumb","itemListElement":[{"@type":"ListItem","position":1,"name":"Portada","item":"https:\/\/www.noticiasradioreflejos.com.ar\/2021\/"},{"@type":"ListItem","position":2,"name":"Aranceles de Trump: qu\u00e9 puede ocurrir con las exportaciones de malbec, estrella del vino argentino"}]},{"@type":"WebSite","@id":"https:\/\/www.noticiasradioreflejos.com.ar\/2021\/#website","url":"https:\/\/www.noticiasradioreflejos.com.ar\/2021\/","name":"Noticias Radio Reflejos","description":"Las noticias de mi comarca","potentialAction":[{"@type":"SearchAction","target":{"@type":"EntryPoint","urlTemplate":"https:\/\/www.noticiasradioreflejos.com.ar\/2021\/?s={search_term_string}"},"query-input":{"@type":"PropertyValueSpecification","valueRequired":true,"valueName":"search_term_string"}}],"inLanguage":"es"},{"@type":"Person","@id":"https:\/\/www.noticiasradioreflejos.com.ar\/2021\/#\/schema\/person\/ad82545263dcc5ec0996818884fd5fb1","name":"Arnaldo Botto","image":{"@type":"ImageObject","inLanguage":"es","@id":"https:\/\/www.noticiasradioreflejos.com.ar\/2021\/#\/schema\/person\/image\/","url":"https:\/\/secure.gravatar.com\/avatar\/55cb5e37c1efa326397366e6974cb338056df65cb50e7d64d1cf314e87504837?s=96&d=mm&r=g","contentUrl":"https:\/\/secure.gravatar.com\/avatar\/55cb5e37c1efa326397366e6974cb338056df65cb50e7d64d1cf314e87504837?s=96&d=mm&r=g","caption":"Arnaldo Botto"},"url":"https:\/\/www.noticiasradioreflejos.com.ar\/2021\/author\/arnaldo\/"}]}},"_links":{"self":[{"href":"https:\/\/www.noticiasradioreflejos.com.ar\/2021\/wp-json\/wp\/v2\/posts\/115473","targetHints":{"allow":["GET"]}}],"collection":[{"href":"https:\/\/www.noticiasradioreflejos.com.ar\/2021\/wp-json\/wp\/v2\/posts"}],"about":[{"href":"https:\/\/www.noticiasradioreflejos.com.ar\/2021\/wp-json\/wp\/v2\/types\/post"}],"author":[{"embeddable":true,"href":"https:\/\/www.noticiasradioreflejos.com.ar\/2021\/wp-json\/wp\/v2\/users\/3"}],"replies":[{"embeddable":true,"href":"https:\/\/www.noticiasradioreflejos.com.ar\/2021\/wp-json\/wp\/v2\/comments?post=115473"}],"version-history":[{"count":1,"href":"https:\/\/www.noticiasradioreflejos.com.ar\/2021\/wp-json\/wp\/v2\/posts\/115473\/revisions"}],"predecessor-version":[{"id":115474,"href":"https:\/\/www.noticiasradioreflejos.com.ar\/2021\/wp-json\/wp\/v2\/posts\/115473\/revisions\/115474"}],"wp:featuredmedia":[{"embeddable":true,"href":"https:\/\/www.noticiasradioreflejos.com.ar\/2021\/wp-json\/wp\/v2\/media\/87164"}],"wp:attachment":[{"href":"https:\/\/www.noticiasradioreflejos.com.ar\/2021\/wp-json\/wp\/v2\/media?parent=115473"}],"wp:term":[{"taxonomy":"category","embeddable":true,"href":"https:\/\/www.noticiasradioreflejos.com.ar\/2021\/wp-json\/wp\/v2\/categories?post=115473"},{"taxonomy":"post_tag","embeddable":true,"href":"https:\/\/www.noticiasradioreflejos.com.ar\/2021\/wp-json\/wp\/v2\/tags?post=115473"}],"curies":[{"name":"wp","href":"https:\/\/api.w.org\/{rel}","templated":true}]}}