{"id":11546,"date":"2017-06-22T16:10:19","date_gmt":"2017-06-22T19:10:19","guid":{"rendered":"http:\/\/www.noticiasradioreflejos.com.ar\/noticias\/?p=11546"},"modified":"2017-06-22T16:10:19","modified_gmt":"2017-06-22T19:10:19","slug":"futbol-seniors-del-club-atletico-ventana-estamos-contentos-y-todos-tenemos-ganas","status":"publish","type":"post","link":"https:\/\/www.noticiasradioreflejos.com.ar\/2021\/futbol-seniors-del-club-atletico-ventana-estamos-contentos-y-todos-tenemos-ganas\/","title":{"rendered":"F\u00fatbol Seniors del Club Atl\u00e9tico Ventana: &quot;Estamos contentos y todos tenemos ganas&quot;"},"content":{"rendered":"<p>Gabriel Wilt charl\u00f3 con nuestro medio para revivir el pase a cuartos de final del F\u00fatbol Seniors del Club Atl\u00e9tivo Ventana y como se preparan para lo que viene.\u00a0<!--more--><br \/>\nLa sonrisa de Gabriel es infaltable en alg\u00fan di\u00e1logo period\u00edstico, m\u00e1s cuando las cosas se dan y eso Gabriel lo sabe: \u00abEstamos contentos, jugamos en Pringles y trajimos un triunfo gan\u00e1ndole por 4 a 1 a Independiente de Pringles por la tercer fecha.\u00bb<br \/>\nCon este resultados se meten en los cuartos de final del torneo de la Superliga de Pringles: \u00abVen\u00edamos punteros pero perdimos con el due\u00f1o de casa que es Almaceneros y ahora estamos segundos, quedando a un punto de Almaceneros.\u00bb<br \/>\n\u00abA partir de ahora es eliminatorio, los que jugamos ahora es determinante, si ganamos seguimos, sino no. Logramos la ventaja deportiva, tenemos que aprovechar m\u00e1s ahora que jugamos el 24 de julio contra Alem.\u00bb agrega en cuanto a las etapas finales del torneo que se vienen.<br \/>\n<strong>\u00abTodos tenemos ganas y vamos por las cosas\u00bb sintetiza Wilt.\u00a0<\/strong><br \/>\n<iframe loading=\"lazy\" src=\"https:\/\/w.soundcloud.com\/player\/?url=https%3A\/\/api.soundcloud.com\/tracks\/329503136&amp;color=ff5500&amp;auto_play=false&amp;hide_related=false&amp;show_comments=true&amp;show_user=true&amp;show_reposts=false\" width=\"100%\" height=\"166\" frameborder=\"no\" scrolling=\"no\"><\/iframe><\/p>\n","protected":false},"excerpt":{"rendered":"<p>Gabriel Wilt charl\u00f3 con nuestro medio para revivir el pase a cuartos de final del F\u00fatbol Seniors del Club Atl\u00e9tivo Ventana y como se preparan para lo que viene.\u00a0<\/p>\n","protected":false},"author":3,"featured_media":0,"comment_status":"closed","ping_status":"open","sticky":false,"template":"","format":"standard","meta":{"footnotes":""},"categories":[27],"tags":[],"class_list":["post-11546","post","type-post","status-publish","format-standard","hentry","category-deportes"],"yoast_head":"<!-- This site is optimized with the Yoast SEO plugin v25.9 - https:\/\/yoast.com\/wordpress\/plugins\/seo\/ -->\n<title>F\u00fatbol Seniors del Club Atl\u00e9tico Ventana: &quot;Estamos contentos y todos tenemos ganas&quot; - Noticias Radio Reflejos<\/title>\n<meta name=\"robots\" content=\"index, follow, max-snippet:-1, max-image-preview:large, max-video-preview:-1\" \/>\n<link rel=\"canonical\" href=\"https:\/\/www.noticiasradioreflejos.com.ar\/2021\/futbol-seniors-del-club-atletico-ventana-estamos-contentos-y-todos-tenemos-ganas\/\" \/>\n<meta property=\"og:locale\" content=\"es_ES\" \/>\n<meta property=\"og:type\" content=\"article\" \/>\n<meta property=\"og:title\" content=\"F\u00fatbol Seniors del Club Atl\u00e9tico Ventana: &quot;Estamos contentos y todos tenemos ganas&quot; - Noticias Radio Reflejos\" \/>\n<meta property=\"og:description\" content=\"Gabriel Wilt charl\u00f3 con nuestro medio para revivir el pase a cuartos de final del F\u00fatbol Seniors del Club Atl\u00e9tivo Ventana y como se preparan para lo que viene.\u00a0\" \/>\n<meta property=\"og:url\" content=\"https:\/\/www.noticiasradioreflejos.com.ar\/2021\/futbol-seniors-del-club-atletico-ventana-estamos-contentos-y-todos-tenemos-ganas\/\" \/>\n<meta property=\"og:site_name\" content=\"Noticias Radio Reflejos\" \/>\n<meta property=\"article:published_time\" content=\"2017-06-22T19:10:19+00:00\" \/>\n<meta property=\"og:image\" content=\"https:\/\/www.noticiasradioreflejos.com.ar\/2021\/wp-content\/uploads\/2021\/07\/logosol300x200.png\" \/>\n\t<meta property=\"og:image:width\" content=\"300\" \/>\n\t<meta property=\"og:image:height\" content=\"200\" \/>\n\t<meta property=\"og:image:type\" content=\"image\/png\" \/>\n<meta name=\"author\" content=\"Arnaldo Botto\" \/>\n<meta name=\"twitter:card\" content=\"summary_large_image\" \/>\n<script type=\"application\/ld+json\" class=\"yoast-schema-graph\">{\"@context\":\"https:\/\/schema.org\",\"@graph\":[{\"@type\":\"WebPage\",\"@id\":\"https:\/\/www.noticiasradioreflejos.com.ar\/2021\/futbol-seniors-del-club-atletico-ventana-estamos-contentos-y-todos-tenemos-ganas\/\",\"url\":\"https:\/\/www.noticiasradioreflejos.com.ar\/2021\/futbol-seniors-del-club-atletico-ventana-estamos-contentos-y-todos-tenemos-ganas\/\",\"name\":\"F\u00fatbol Seniors del Club Atl\u00e9tico Ventana: &quot;Estamos contentos y todos tenemos ganas&quot; - Noticias Radio Reflejos\",\"isPartOf\":{\"@id\":\"https:\/\/www.noticiasradioreflejos.com.ar\/2021\/#website\"},\"datePublished\":\"2017-06-22T19:10:19+00:00\",\"author\":{\"@id\":\"https:\/\/www.noticiasradioreflejos.com.ar\/2021\/#\/schema\/person\/ad82545263dcc5ec0996818884fd5fb1\"},\"breadcrumb\":{\"@id\":\"https:\/\/www.noticiasradioreflejos.com.ar\/2021\/futbol-seniors-del-club-atletico-ventana-estamos-contentos-y-todos-tenemos-ganas\/#breadcrumb\"},\"inLanguage\":\"es\",\"potentialAction\":[{\"@type\":\"ReadAction\",\"target\":[\"https:\/\/www.noticiasradioreflejos.com.ar\/2021\/futbol-seniors-del-club-atletico-ventana-estamos-contentos-y-todos-tenemos-ganas\/\"]}]},{\"@type\":\"BreadcrumbList\",\"@id\":\"https:\/\/www.noticiasradioreflejos.com.ar\/2021\/futbol-seniors-del-club-atletico-ventana-estamos-contentos-y-todos-tenemos-ganas\/#breadcrumb\",\"itemListElement\":[{\"@type\":\"ListItem\",\"position\":1,\"name\":\"Portada\",\"item\":\"https:\/\/www.noticiasradioreflejos.com.ar\/2021\/\"},{\"@type\":\"ListItem\",\"position\":2,\"name\":\"F\u00fatbol Seniors del Club Atl\u00e9tico Ventana: &quot;Estamos contentos y todos tenemos ganas&quot;\"}]},{\"@type\":\"WebSite\",\"@id\":\"https:\/\/www.noticiasradioreflejos.com.ar\/2021\/#website\",\"url\":\"https:\/\/www.noticiasradioreflejos.com.ar\/2021\/\",\"name\":\"Noticias Radio Reflejos\",\"description\":\"Las noticias de mi comarca\",\"potentialAction\":[{\"@type\":\"SearchAction\",\"target\":{\"@type\":\"EntryPoint\",\"urlTemplate\":\"https:\/\/www.noticiasradioreflejos.com.ar\/2021\/?s={search_term_string}\"},\"query-input\":{\"@type\":\"PropertyValueSpecification\",\"valueRequired\":true,\"valueName\":\"search_term_string\"}}],\"inLanguage\":\"es\"},{\"@type\":\"Person\",\"@id\":\"https:\/\/www.noticiasradioreflejos.com.ar\/2021\/#\/schema\/person\/ad82545263dcc5ec0996818884fd5fb1\",\"name\":\"Arnaldo Botto\",\"image\":{\"@type\":\"ImageObject\",\"inLanguage\":\"es\",\"@id\":\"https:\/\/www.noticiasradioreflejos.com.ar\/2021\/#\/schema\/person\/image\/\",\"url\":\"https:\/\/secure.gravatar.com\/avatar\/55cb5e37c1efa326397366e6974cb338056df65cb50e7d64d1cf314e87504837?s=96&d=mm&r=g\",\"contentUrl\":\"https:\/\/secure.gravatar.com\/avatar\/55cb5e37c1efa326397366e6974cb338056df65cb50e7d64d1cf314e87504837?s=96&d=mm&r=g\",\"caption\":\"Arnaldo Botto\"},\"url\":\"https:\/\/www.noticiasradioreflejos.com.ar\/2021\/author\/arnaldo\/\"}]}<\/script>\n<!-- \/ Yoast SEO plugin. -->","yoast_head_json":{"title":"F\u00fatbol Seniors del Club Atl\u00e9tico Ventana: &quot;Estamos contentos y todos tenemos ganas&quot; - Noticias Radio Reflejos","robots":{"index":"index","follow":"follow","max-snippet":"max-snippet:-1","max-image-preview":"max-image-preview:large","max-video-preview":"max-video-preview:-1"},"canonical":"https:\/\/www.noticiasradioreflejos.com.ar\/2021\/futbol-seniors-del-club-atletico-ventana-estamos-contentos-y-todos-tenemos-ganas\/","og_locale":"es_ES","og_type":"article","og_title":"F\u00fatbol Seniors del Club Atl\u00e9tico Ventana: &quot;Estamos contentos y todos tenemos ganas&quot; - Noticias Radio Reflejos","og_description":"Gabriel Wilt charl\u00f3 con nuestro medio para revivir el pase a cuartos de final del F\u00fatbol Seniors del Club Atl\u00e9tivo Ventana y como se preparan para lo que viene.\u00a0","og_url":"https:\/\/www.noticiasradioreflejos.com.ar\/2021\/futbol-seniors-del-club-atletico-ventana-estamos-contentos-y-todos-tenemos-ganas\/","og_site_name":"Noticias Radio Reflejos","article_published_time":"2017-06-22T19:10:19+00:00","og_image":[{"width":300,"height":200,"url":"https:\/\/www.noticiasradioreflejos.com.ar\/2021\/wp-content\/uploads\/2021\/07\/logosol300x200.png","type":"image\/png"}],"author":"Arnaldo Botto","twitter_card":"summary_large_image","schema":{"@context":"https:\/\/schema.org","@graph":[{"@type":"WebPage","@id":"https:\/\/www.noticiasradioreflejos.com.ar\/2021\/futbol-seniors-del-club-atletico-ventana-estamos-contentos-y-todos-tenemos-ganas\/","url":"https:\/\/www.noticiasradioreflejos.com.ar\/2021\/futbol-seniors-del-club-atletico-ventana-estamos-contentos-y-todos-tenemos-ganas\/","name":"F\u00fatbol Seniors del Club Atl\u00e9tico Ventana: &quot;Estamos contentos y todos tenemos ganas&quot; - Noticias Radio Reflejos","isPartOf":{"@id":"https:\/\/www.noticiasradioreflejos.com.ar\/2021\/#website"},"datePublished":"2017-06-22T19:10:19+00:00","author":{"@id":"https:\/\/www.noticiasradioreflejos.com.ar\/2021\/#\/schema\/person\/ad82545263dcc5ec0996818884fd5fb1"},"breadcrumb":{"@id":"https:\/\/www.noticiasradioreflejos.com.ar\/2021\/futbol-seniors-del-club-atletico-ventana-estamos-contentos-y-todos-tenemos-ganas\/#breadcrumb"},"inLanguage":"es","potentialAction":[{"@type":"ReadAction","target":["https:\/\/www.noticiasradioreflejos.com.ar\/2021\/futbol-seniors-del-club-atletico-ventana-estamos-contentos-y-todos-tenemos-ganas\/"]}]},{"@type":"BreadcrumbList","@id":"https:\/\/www.noticiasradioreflejos.com.ar\/2021\/futbol-seniors-del-club-atletico-ventana-estamos-contentos-y-todos-tenemos-ganas\/#breadcrumb","itemListElement":[{"@type":"ListItem","position":1,"name":"Portada","item":"https:\/\/www.noticiasradioreflejos.com.ar\/2021\/"},{"@type":"ListItem","position":2,"name":"F\u00fatbol Seniors del Club Atl\u00e9tico Ventana: &quot;Estamos contentos y todos tenemos ganas&quot;"}]},{"@type":"WebSite","@id":"https:\/\/www.noticiasradioreflejos.com.ar\/2021\/#website","url":"https:\/\/www.noticiasradioreflejos.com.ar\/2021\/","name":"Noticias Radio Reflejos","description":"Las noticias de mi comarca","potentialAction":[{"@type":"SearchAction","target":{"@type":"EntryPoint","urlTemplate":"https:\/\/www.noticiasradioreflejos.com.ar\/2021\/?s={search_term_string}"},"query-input":{"@type":"PropertyValueSpecification","valueRequired":true,"valueName":"search_term_string"}}],"inLanguage":"es"},{"@type":"Person","@id":"https:\/\/www.noticiasradioreflejos.com.ar\/2021\/#\/schema\/person\/ad82545263dcc5ec0996818884fd5fb1","name":"Arnaldo Botto","image":{"@type":"ImageObject","inLanguage":"es","@id":"https:\/\/www.noticiasradioreflejos.com.ar\/2021\/#\/schema\/person\/image\/","url":"https:\/\/secure.gravatar.com\/avatar\/55cb5e37c1efa326397366e6974cb338056df65cb50e7d64d1cf314e87504837?s=96&d=mm&r=g","contentUrl":"https:\/\/secure.gravatar.com\/avatar\/55cb5e37c1efa326397366e6974cb338056df65cb50e7d64d1cf314e87504837?s=96&d=mm&r=g","caption":"Arnaldo Botto"},"url":"https:\/\/www.noticiasradioreflejos.com.ar\/2021\/author\/arnaldo\/"}]}},"_links":{"self":[{"href":"https:\/\/www.noticiasradioreflejos.com.ar\/2021\/wp-json\/wp\/v2\/posts\/11546","targetHints":{"allow":["GET"]}}],"collection":[{"href":"https:\/\/www.noticiasradioreflejos.com.ar\/2021\/wp-json\/wp\/v2\/posts"}],"about":[{"href":"https:\/\/www.noticiasradioreflejos.com.ar\/2021\/wp-json\/wp\/v2\/types\/post"}],"author":[{"embeddable":true,"href":"https:\/\/www.noticiasradioreflejos.com.ar\/2021\/wp-json\/wp\/v2\/users\/3"}],"replies":[{"embeddable":true,"href":"https:\/\/www.noticiasradioreflejos.com.ar\/2021\/wp-json\/wp\/v2\/comments?post=11546"}],"version-history":[{"count":0,"href":"https:\/\/www.noticiasradioreflejos.com.ar\/2021\/wp-json\/wp\/v2\/posts\/11546\/revisions"}],"wp:attachment":[{"href":"https:\/\/www.noticiasradioreflejos.com.ar\/2021\/wp-json\/wp\/v2\/media?parent=11546"}],"wp:term":[{"taxonomy":"category","embeddable":true,"href":"https:\/\/www.noticiasradioreflejos.com.ar\/2021\/wp-json\/wp\/v2\/categories?post=11546"},{"taxonomy":"post_tag","embeddable":true,"href":"https:\/\/www.noticiasradioreflejos.com.ar\/2021\/wp-json\/wp\/v2\/tags?post=11546"}],"curies":[{"name":"wp","href":"https:\/\/api.w.org\/{rel}","templated":true}]}}