{"id":11525,"date":"2017-06-22T08:54:09","date_gmt":"2017-06-22T11:54:09","guid":{"rendered":"http:\/\/www.noticiasradioreflejos.com.ar\/noticias\/?p=11525"},"modified":"2017-06-22T08:54:09","modified_gmt":"2017-06-22T11:54:09","slug":"dos-jugadoras-de-union-confirmadas-en-la-seleccion-sub-14-de-la-asociacion-bahiense-de-hockey","status":"publish","type":"post","link":"https:\/\/www.noticiasradioreflejos.com.ar\/2021\/dos-jugadoras-de-union-confirmadas-en-la-seleccion-sub-14-de-la-asociacion-bahiense-de-hockey\/","title":{"rendered":"Dos jugadoras de Uni\u00f3n confirmadas en la Selecci\u00f3n Sub-14 de la Asociaci\u00f3n Bahiense de Hockey"},"content":{"rendered":"<p>Dos jugadoras de Uni\u00f3n quedaron en la lista final de la Selecci\u00f3n Sub-14 \u201cB\u201d de la Asociaci\u00f3n Bahiense de Hockey (ABH).<br \/>\nSe trata de Valentina Abarz\u00faa y Priscila Sandobal, quienes integrar\u00e1n el plantel de 18 jugadoras que defender\u00e1n los colores de la ABH en el Campeonato Regional Bonaerense de Selecciones Sub-14, del 13 al 16 de julio en Mar del Plata.<!--more--><br \/>\nAmbas fueron parte del proceso de selecci\u00f3n iniciado en mayo y del que tambi\u00e9n participaron las Lobas M\u00e1xima Ocampos y Victoria Jansen.<br \/>\nValentina ya hab\u00eda integrado el combinado bahiense en 2016, mientras que para Priscila ser\u00e1 la primera experiencia en seleccionados.<br \/>\nPor otra parte, d\u00edas atr\u00e1s comenzaron su participaci\u00f3n en el proceso de seleccionados Sub-16 de la ABH las jugadoras de Uni\u00f3n Constanza Terrugi, Josefina Scasso, Triana Oteiza, Nahiara Moyano y Sof\u00eda Marcolini, quienes entrenar\u00e1n en busca de un lugar en los selectivos \u201cA\u201d (que jugar\u00e1 el Torneo Nacional de la categor\u00eda) y \u201cB\u201d, que disputar\u00e1 el Campeonato Regional en septiembre.<br \/>\nUn verdadero orgullo para la instituci\u00f3n, que contin\u00faa haciendo su aporte y dejando su huella en las distintas categor\u00edas de la Selecci\u00f3n de la Asociaci\u00f3n Bahiense, una de las m\u00e1s importantes del pa\u00eds.<br \/>\nPrensa Club Uni\u00f3n<br \/>\nwww.uniondetornquist.com &#8211; clubuniondetornquist@gmail.com &#8211; \/ClubUnionDeTornquist &#8211; @UnionTornquist<\/p>\n","protected":false},"excerpt":{"rendered":"<p>Dos jugadoras de Uni\u00f3n quedaron en la lista final de la Selecci\u00f3n Sub-14 \u201cB\u201d de la Asociaci\u00f3n Bahiense de Hockey (ABH). Se trata de Valentina Abarz\u00faa y Priscila Sandobal, quienes integrar\u00e1n el plantel de 18 jugadoras que defender\u00e1n los colores de la ABH en el Campeonato Regional Bonaerense de Selecciones Sub-14, del 13 al 16 [&hellip;]<\/p>\n","protected":false},"author":3,"featured_media":0,"comment_status":"closed","ping_status":"open","sticky":false,"template":"","format":"standard","meta":{"footnotes":""},"categories":[27],"tags":[],"class_list":["post-11525","post","type-post","status-publish","format-standard","hentry","category-deportes"],"yoast_head":"<!-- This site is optimized with the Yoast SEO plugin v25.9 - https:\/\/yoast.com\/wordpress\/plugins\/seo\/ -->\n<title>Dos jugadoras de Uni\u00f3n confirmadas en la Selecci\u00f3n Sub-14 de la Asociaci\u00f3n Bahiense de Hockey - Noticias Radio Reflejos<\/title>\n<meta name=\"robots\" content=\"index, follow, max-snippet:-1, max-image-preview:large, max-video-preview:-1\" \/>\n<link rel=\"canonical\" href=\"https:\/\/www.noticiasradioreflejos.com.ar\/2021\/dos-jugadoras-de-union-confirmadas-en-la-seleccion-sub-14-de-la-asociacion-bahiense-de-hockey\/\" \/>\n<meta property=\"og:locale\" content=\"es_ES\" \/>\n<meta property=\"og:type\" content=\"article\" \/>\n<meta property=\"og:title\" content=\"Dos jugadoras de Uni\u00f3n confirmadas en la Selecci\u00f3n Sub-14 de la Asociaci\u00f3n Bahiense de Hockey - Noticias Radio Reflejos\" \/>\n<meta property=\"og:description\" content=\"Dos jugadoras de Uni\u00f3n quedaron en la lista final de la Selecci\u00f3n Sub-14 \u201cB\u201d de la Asociaci\u00f3n Bahiense de Hockey (ABH). Se trata de Valentina Abarz\u00faa y Priscila Sandobal, quienes integrar\u00e1n el plantel de 18 jugadoras que defender\u00e1n los colores de la ABH en el Campeonato Regional Bonaerense de Selecciones Sub-14, del 13 al 16 [&hellip;]\" \/>\n<meta property=\"og:url\" content=\"https:\/\/www.noticiasradioreflejos.com.ar\/2021\/dos-jugadoras-de-union-confirmadas-en-la-seleccion-sub-14-de-la-asociacion-bahiense-de-hockey\/\" \/>\n<meta property=\"og:site_name\" content=\"Noticias Radio Reflejos\" \/>\n<meta property=\"article:published_time\" content=\"2017-06-22T11:54:09+00:00\" \/>\n<meta property=\"og:image\" content=\"https:\/\/www.noticiasradioreflejos.com.ar\/2021\/wp-content\/uploads\/2021\/07\/logosol300x200.png\" \/>\n\t<meta property=\"og:image:width\" content=\"300\" \/>\n\t<meta property=\"og:image:height\" content=\"200\" \/>\n\t<meta property=\"og:image:type\" content=\"image\/png\" \/>\n<meta name=\"author\" content=\"Arnaldo Botto\" \/>\n<meta name=\"twitter:card\" content=\"summary_large_image\" \/>\n<script type=\"application\/ld+json\" class=\"yoast-schema-graph\">{\"@context\":\"https:\/\/schema.org\",\"@graph\":[{\"@type\":\"WebPage\",\"@id\":\"https:\/\/www.noticiasradioreflejos.com.ar\/2021\/dos-jugadoras-de-union-confirmadas-en-la-seleccion-sub-14-de-la-asociacion-bahiense-de-hockey\/\",\"url\":\"https:\/\/www.noticiasradioreflejos.com.ar\/2021\/dos-jugadoras-de-union-confirmadas-en-la-seleccion-sub-14-de-la-asociacion-bahiense-de-hockey\/\",\"name\":\"Dos jugadoras de Uni\u00f3n confirmadas en la Selecci\u00f3n Sub-14 de la Asociaci\u00f3n Bahiense de Hockey - Noticias Radio Reflejos\",\"isPartOf\":{\"@id\":\"https:\/\/www.noticiasradioreflejos.com.ar\/2021\/#website\"},\"datePublished\":\"2017-06-22T11:54:09+00:00\",\"author\":{\"@id\":\"https:\/\/www.noticiasradioreflejos.com.ar\/2021\/#\/schema\/person\/ad82545263dcc5ec0996818884fd5fb1\"},\"breadcrumb\":{\"@id\":\"https:\/\/www.noticiasradioreflejos.com.ar\/2021\/dos-jugadoras-de-union-confirmadas-en-la-seleccion-sub-14-de-la-asociacion-bahiense-de-hockey\/#breadcrumb\"},\"inLanguage\":\"es\",\"potentialAction\":[{\"@type\":\"ReadAction\",\"target\":[\"https:\/\/www.noticiasradioreflejos.com.ar\/2021\/dos-jugadoras-de-union-confirmadas-en-la-seleccion-sub-14-de-la-asociacion-bahiense-de-hockey\/\"]}]},{\"@type\":\"BreadcrumbList\",\"@id\":\"https:\/\/www.noticiasradioreflejos.com.ar\/2021\/dos-jugadoras-de-union-confirmadas-en-la-seleccion-sub-14-de-la-asociacion-bahiense-de-hockey\/#breadcrumb\",\"itemListElement\":[{\"@type\":\"ListItem\",\"position\":1,\"name\":\"Portada\",\"item\":\"https:\/\/www.noticiasradioreflejos.com.ar\/2021\/\"},{\"@type\":\"ListItem\",\"position\":2,\"name\":\"Dos jugadoras de Uni\u00f3n confirmadas en la Selecci\u00f3n Sub-14 de la Asociaci\u00f3n Bahiense de Hockey\"}]},{\"@type\":\"WebSite\",\"@id\":\"https:\/\/www.noticiasradioreflejos.com.ar\/2021\/#website\",\"url\":\"https:\/\/www.noticiasradioreflejos.com.ar\/2021\/\",\"name\":\"Noticias Radio Reflejos\",\"description\":\"Las noticias de mi comarca\",\"potentialAction\":[{\"@type\":\"SearchAction\",\"target\":{\"@type\":\"EntryPoint\",\"urlTemplate\":\"https:\/\/www.noticiasradioreflejos.com.ar\/2021\/?s={search_term_string}\"},\"query-input\":{\"@type\":\"PropertyValueSpecification\",\"valueRequired\":true,\"valueName\":\"search_term_string\"}}],\"inLanguage\":\"es\"},{\"@type\":\"Person\",\"@id\":\"https:\/\/www.noticiasradioreflejos.com.ar\/2021\/#\/schema\/person\/ad82545263dcc5ec0996818884fd5fb1\",\"name\":\"Arnaldo Botto\",\"image\":{\"@type\":\"ImageObject\",\"inLanguage\":\"es\",\"@id\":\"https:\/\/www.noticiasradioreflejos.com.ar\/2021\/#\/schema\/person\/image\/\",\"url\":\"https:\/\/secure.gravatar.com\/avatar\/55cb5e37c1efa326397366e6974cb338056df65cb50e7d64d1cf314e87504837?s=96&d=mm&r=g\",\"contentUrl\":\"https:\/\/secure.gravatar.com\/avatar\/55cb5e37c1efa326397366e6974cb338056df65cb50e7d64d1cf314e87504837?s=96&d=mm&r=g\",\"caption\":\"Arnaldo Botto\"},\"url\":\"https:\/\/www.noticiasradioreflejos.com.ar\/2021\/author\/arnaldo\/\"}]}<\/script>\n<!-- \/ Yoast SEO plugin. -->","yoast_head_json":{"title":"Dos jugadoras de Uni\u00f3n confirmadas en la Selecci\u00f3n Sub-14 de la Asociaci\u00f3n Bahiense de Hockey - Noticias Radio Reflejos","robots":{"index":"index","follow":"follow","max-snippet":"max-snippet:-1","max-image-preview":"max-image-preview:large","max-video-preview":"max-video-preview:-1"},"canonical":"https:\/\/www.noticiasradioreflejos.com.ar\/2021\/dos-jugadoras-de-union-confirmadas-en-la-seleccion-sub-14-de-la-asociacion-bahiense-de-hockey\/","og_locale":"es_ES","og_type":"article","og_title":"Dos jugadoras de Uni\u00f3n confirmadas en la Selecci\u00f3n Sub-14 de la Asociaci\u00f3n Bahiense de Hockey - Noticias Radio Reflejos","og_description":"Dos jugadoras de Uni\u00f3n quedaron en la lista final de la Selecci\u00f3n Sub-14 \u201cB\u201d de la Asociaci\u00f3n Bahiense de Hockey (ABH). Se trata de Valentina Abarz\u00faa y Priscila Sandobal, quienes integrar\u00e1n el plantel de 18 jugadoras que defender\u00e1n los colores de la ABH en el Campeonato Regional Bonaerense de Selecciones Sub-14, del 13 al 16 [&hellip;]","og_url":"https:\/\/www.noticiasradioreflejos.com.ar\/2021\/dos-jugadoras-de-union-confirmadas-en-la-seleccion-sub-14-de-la-asociacion-bahiense-de-hockey\/","og_site_name":"Noticias Radio Reflejos","article_published_time":"2017-06-22T11:54:09+00:00","og_image":[{"width":300,"height":200,"url":"https:\/\/www.noticiasradioreflejos.com.ar\/2021\/wp-content\/uploads\/2021\/07\/logosol300x200.png","type":"image\/png"}],"author":"Arnaldo Botto","twitter_card":"summary_large_image","schema":{"@context":"https:\/\/schema.org","@graph":[{"@type":"WebPage","@id":"https:\/\/www.noticiasradioreflejos.com.ar\/2021\/dos-jugadoras-de-union-confirmadas-en-la-seleccion-sub-14-de-la-asociacion-bahiense-de-hockey\/","url":"https:\/\/www.noticiasradioreflejos.com.ar\/2021\/dos-jugadoras-de-union-confirmadas-en-la-seleccion-sub-14-de-la-asociacion-bahiense-de-hockey\/","name":"Dos jugadoras de Uni\u00f3n confirmadas en la Selecci\u00f3n Sub-14 de la Asociaci\u00f3n Bahiense de Hockey - Noticias Radio Reflejos","isPartOf":{"@id":"https:\/\/www.noticiasradioreflejos.com.ar\/2021\/#website"},"datePublished":"2017-06-22T11:54:09+00:00","author":{"@id":"https:\/\/www.noticiasradioreflejos.com.ar\/2021\/#\/schema\/person\/ad82545263dcc5ec0996818884fd5fb1"},"breadcrumb":{"@id":"https:\/\/www.noticiasradioreflejos.com.ar\/2021\/dos-jugadoras-de-union-confirmadas-en-la-seleccion-sub-14-de-la-asociacion-bahiense-de-hockey\/#breadcrumb"},"inLanguage":"es","potentialAction":[{"@type":"ReadAction","target":["https:\/\/www.noticiasradioreflejos.com.ar\/2021\/dos-jugadoras-de-union-confirmadas-en-la-seleccion-sub-14-de-la-asociacion-bahiense-de-hockey\/"]}]},{"@type":"BreadcrumbList","@id":"https:\/\/www.noticiasradioreflejos.com.ar\/2021\/dos-jugadoras-de-union-confirmadas-en-la-seleccion-sub-14-de-la-asociacion-bahiense-de-hockey\/#breadcrumb","itemListElement":[{"@type":"ListItem","position":1,"name":"Portada","item":"https:\/\/www.noticiasradioreflejos.com.ar\/2021\/"},{"@type":"ListItem","position":2,"name":"Dos jugadoras de Uni\u00f3n confirmadas en la Selecci\u00f3n Sub-14 de la Asociaci\u00f3n Bahiense de Hockey"}]},{"@type":"WebSite","@id":"https:\/\/www.noticiasradioreflejos.com.ar\/2021\/#website","url":"https:\/\/www.noticiasradioreflejos.com.ar\/2021\/","name":"Noticias Radio Reflejos","description":"Las noticias de mi comarca","potentialAction":[{"@type":"SearchAction","target":{"@type":"EntryPoint","urlTemplate":"https:\/\/www.noticiasradioreflejos.com.ar\/2021\/?s={search_term_string}"},"query-input":{"@type":"PropertyValueSpecification","valueRequired":true,"valueName":"search_term_string"}}],"inLanguage":"es"},{"@type":"Person","@id":"https:\/\/www.noticiasradioreflejos.com.ar\/2021\/#\/schema\/person\/ad82545263dcc5ec0996818884fd5fb1","name":"Arnaldo Botto","image":{"@type":"ImageObject","inLanguage":"es","@id":"https:\/\/www.noticiasradioreflejos.com.ar\/2021\/#\/schema\/person\/image\/","url":"https:\/\/secure.gravatar.com\/avatar\/55cb5e37c1efa326397366e6974cb338056df65cb50e7d64d1cf314e87504837?s=96&d=mm&r=g","contentUrl":"https:\/\/secure.gravatar.com\/avatar\/55cb5e37c1efa326397366e6974cb338056df65cb50e7d64d1cf314e87504837?s=96&d=mm&r=g","caption":"Arnaldo Botto"},"url":"https:\/\/www.noticiasradioreflejos.com.ar\/2021\/author\/arnaldo\/"}]}},"_links":{"self":[{"href":"https:\/\/www.noticiasradioreflejos.com.ar\/2021\/wp-json\/wp\/v2\/posts\/11525","targetHints":{"allow":["GET"]}}],"collection":[{"href":"https:\/\/www.noticiasradioreflejos.com.ar\/2021\/wp-json\/wp\/v2\/posts"}],"about":[{"href":"https:\/\/www.noticiasradioreflejos.com.ar\/2021\/wp-json\/wp\/v2\/types\/post"}],"author":[{"embeddable":true,"href":"https:\/\/www.noticiasradioreflejos.com.ar\/2021\/wp-json\/wp\/v2\/users\/3"}],"replies":[{"embeddable":true,"href":"https:\/\/www.noticiasradioreflejos.com.ar\/2021\/wp-json\/wp\/v2\/comments?post=11525"}],"version-history":[{"count":0,"href":"https:\/\/www.noticiasradioreflejos.com.ar\/2021\/wp-json\/wp\/v2\/posts\/11525\/revisions"}],"wp:attachment":[{"href":"https:\/\/www.noticiasradioreflejos.com.ar\/2021\/wp-json\/wp\/v2\/media?parent=11525"}],"wp:term":[{"taxonomy":"category","embeddable":true,"href":"https:\/\/www.noticiasradioreflejos.com.ar\/2021\/wp-json\/wp\/v2\/categories?post=11525"},{"taxonomy":"post_tag","embeddable":true,"href":"https:\/\/www.noticiasradioreflejos.com.ar\/2021\/wp-json\/wp\/v2\/tags?post=11525"}],"curies":[{"name":"wp","href":"https:\/\/api.w.org\/{rel}","templated":true}]}}