{"id":11521,"date":"2017-06-21T18:20:04","date_gmt":"2017-06-21T21:20:04","guid":{"rendered":"http:\/\/www.noticiasradioreflejos.com.ar\/noticias\/?p=11521"},"modified":"2017-06-21T18:20:04","modified_gmt":"2017-06-21T21:20:04","slug":"massa-se-termino-el-sistema-en-el-que-los-delincuentes-tenian-mas-derechos-que-las-victimas","status":"publish","type":"post","link":"https:\/\/www.noticiasradioreflejos.com.ar\/2021\/massa-se-termino-el-sistema-en-el-que-los-delincuentes-tenian-mas-derechos-que-las-victimas\/","title":{"rendered":"Massa: &quot;Se termin\u00f3 el sistema en el que los delincuentes ten\u00edan m\u00e1s derechos que las v\u00edctimas&quot;"},"content":{"rendered":"<p>Tras convertir en Ley el Proyecto de Protecci\u00f3n a V\u00edctimas de Delitos, que garantiza el patrocinio jur\u00eddico gratuito a quienes padecen hechos delictivos y les confiere mayor participaci\u00f3n en el proceso judicial, el diputado nacional Sergio Massa afirm\u00f3: \u00abEsta es una Ley de nuestra autor\u00eda y para nosotros es un orgullo que haya sido aprobada por unanimidad en Diputados porque es una Ley que viene a reparar una verg\u00fcenza del sistema penal argentino que es que los delincuentes tienen m\u00e1s derechos que las v\u00edctimas\u00bb.<!--more--><br \/>\nEn ese sentido Massa agreg\u00f3: \u00abPara nosotros es fundamental que el Gobierno Nacional asigne presupuesto para que las victimas de delitos no sean dos veces v\u00edctima: primero de un delincuente y despu\u00e9s de un Estado ausente\u00bb.<br \/>\nA su vez Massa sentenci\u00f3: \u00abEsta Ley lo que hace es equilibrar el sistema de justicia en la Argentina. Se termin\u00f3 el sistema en el que los delincuentes ten\u00edan m\u00e1s derechos que las v\u00edctimas, y empieza un sistema que permite que la v\u00edctima tenga la posibilidad de ser protegida por el Estado, de intervenir en el proceso penal para que no se entere de la excarcelaci\u00f3n de un delincuente por los medios o cuando lo ve suelto en el barrio. Para que si necesita asistencia psicol\u00f3gica tenga un centro del Estado que le de protecci\u00f3n\u00bb.<br \/>\nSobre la posibilidad de tratar en la jornada de ma\u00f1ana, tambi\u00e9n en sesi\u00f3n especial, las iniciativas propuestas por los lideres del espacio de unidad 1Pa\u00eds, entre ellas, estabilizaci\u00f3n de precios, la derogaci\u00f3n del aumento en las dietas de los diputados, Sergio Massa afirm\u00f3: \u00abQueremos que el Congreso trabaje para que le de respuestas a la ciudadan\u00eda, no se trata de ver qui\u00e9n impone su sesi\u00f3n sino de que demos respuestas\u00bb.<br \/>\nEl diputado nacional finaliz\u00f3 afirmando: \u00abLo que demuestra que cuando nos proponemos hacer cosas que miran de cara a la gente, el Congreso puede dar respuestas serias\u00bb.<br \/>\nAntes de ingresar al recinto, Sergio Massa junto a Margarita Stolbizer, dialog\u00f3 con M\u00f3nica Bottega y Mar\u00eda Luj\u00e1n Rey, madres de Tatiana Pontiroli y Lucas Menghini respectivamente, v\u00edctimas de la tragedia de Once.<\/p>\n","protected":false},"excerpt":{"rendered":"<p>Tras convertir en Ley el Proyecto de Protecci\u00f3n a V\u00edctimas de Delitos, que garantiza el patrocinio jur\u00eddico gratuito a quienes padecen hechos delictivos y les confiere mayor participaci\u00f3n en el proceso judicial, el diputado nacional Sergio Massa afirm\u00f3: \u00abEsta es una Ley de nuestra autor\u00eda y para nosotros es un orgullo que haya sido aprobada [&hellip;]<\/p>\n","protected":false},"author":3,"featured_media":0,"comment_status":"closed","ping_status":"open","sticky":false,"template":"","format":"standard","meta":{"footnotes":""},"categories":[24],"tags":[],"class_list":["post-11521","post","type-post","status-publish","format-standard","hentry","category-politica"],"yoast_head":"<!-- This site is optimized with the Yoast SEO plugin v25.9 - https:\/\/yoast.com\/wordpress\/plugins\/seo\/ -->\n<title>Massa: &quot;Se termin\u00f3 el sistema en el que los delincuentes ten\u00edan m\u00e1s derechos que las v\u00edctimas&quot; - Noticias Radio Reflejos<\/title>\n<meta name=\"robots\" content=\"index, follow, max-snippet:-1, max-image-preview:large, max-video-preview:-1\" \/>\n<link rel=\"canonical\" href=\"https:\/\/www.noticiasradioreflejos.com.ar\/2021\/massa-se-termino-el-sistema-en-el-que-los-delincuentes-tenian-mas-derechos-que-las-victimas\/\" \/>\n<meta property=\"og:locale\" content=\"es_ES\" \/>\n<meta property=\"og:type\" content=\"article\" \/>\n<meta property=\"og:title\" content=\"Massa: &quot;Se termin\u00f3 el sistema en el que los delincuentes ten\u00edan m\u00e1s derechos que las v\u00edctimas&quot; - Noticias Radio Reflejos\" \/>\n<meta property=\"og:description\" content=\"Tras convertir en Ley el Proyecto de Protecci\u00f3n a V\u00edctimas de Delitos, que garantiza el patrocinio jur\u00eddico gratuito a quienes padecen hechos delictivos y les confiere mayor participaci\u00f3n en el proceso judicial, el diputado nacional Sergio Massa afirm\u00f3: \u00abEsta es una Ley de nuestra autor\u00eda y para nosotros es un orgullo que haya sido aprobada [&hellip;]\" \/>\n<meta property=\"og:url\" content=\"https:\/\/www.noticiasradioreflejos.com.ar\/2021\/massa-se-termino-el-sistema-en-el-que-los-delincuentes-tenian-mas-derechos-que-las-victimas\/\" \/>\n<meta property=\"og:site_name\" content=\"Noticias Radio Reflejos\" \/>\n<meta property=\"article:published_time\" content=\"2017-06-21T21:20:04+00:00\" \/>\n<meta property=\"og:image\" content=\"https:\/\/www.noticiasradioreflejos.com.ar\/2021\/wp-content\/uploads\/2021\/07\/logosol300x200.png\" \/>\n\t<meta property=\"og:image:width\" content=\"300\" \/>\n\t<meta property=\"og:image:height\" content=\"200\" \/>\n\t<meta property=\"og:image:type\" content=\"image\/png\" \/>\n<meta name=\"author\" content=\"Arnaldo Botto\" \/>\n<meta name=\"twitter:card\" content=\"summary_large_image\" \/>\n<script type=\"application\/ld+json\" class=\"yoast-schema-graph\">{\"@context\":\"https:\/\/schema.org\",\"@graph\":[{\"@type\":\"WebPage\",\"@id\":\"https:\/\/www.noticiasradioreflejos.com.ar\/2021\/massa-se-termino-el-sistema-en-el-que-los-delincuentes-tenian-mas-derechos-que-las-victimas\/\",\"url\":\"https:\/\/www.noticiasradioreflejos.com.ar\/2021\/massa-se-termino-el-sistema-en-el-que-los-delincuentes-tenian-mas-derechos-que-las-victimas\/\",\"name\":\"Massa: &quot;Se termin\u00f3 el sistema en el que los delincuentes ten\u00edan m\u00e1s derechos que las v\u00edctimas&quot; - Noticias Radio Reflejos\",\"isPartOf\":{\"@id\":\"https:\/\/www.noticiasradioreflejos.com.ar\/2021\/#website\"},\"datePublished\":\"2017-06-21T21:20:04+00:00\",\"author\":{\"@id\":\"https:\/\/www.noticiasradioreflejos.com.ar\/2021\/#\/schema\/person\/ad82545263dcc5ec0996818884fd5fb1\"},\"breadcrumb\":{\"@id\":\"https:\/\/www.noticiasradioreflejos.com.ar\/2021\/massa-se-termino-el-sistema-en-el-que-los-delincuentes-tenian-mas-derechos-que-las-victimas\/#breadcrumb\"},\"inLanguage\":\"es\",\"potentialAction\":[{\"@type\":\"ReadAction\",\"target\":[\"https:\/\/www.noticiasradioreflejos.com.ar\/2021\/massa-se-termino-el-sistema-en-el-que-los-delincuentes-tenian-mas-derechos-que-las-victimas\/\"]}]},{\"@type\":\"BreadcrumbList\",\"@id\":\"https:\/\/www.noticiasradioreflejos.com.ar\/2021\/massa-se-termino-el-sistema-en-el-que-los-delincuentes-tenian-mas-derechos-que-las-victimas\/#breadcrumb\",\"itemListElement\":[{\"@type\":\"ListItem\",\"position\":1,\"name\":\"Portada\",\"item\":\"https:\/\/www.noticiasradioreflejos.com.ar\/2021\/\"},{\"@type\":\"ListItem\",\"position\":2,\"name\":\"Massa: &quot;Se termin\u00f3 el sistema en el que los delincuentes ten\u00edan m\u00e1s derechos que las v\u00edctimas&quot;\"}]},{\"@type\":\"WebSite\",\"@id\":\"https:\/\/www.noticiasradioreflejos.com.ar\/2021\/#website\",\"url\":\"https:\/\/www.noticiasradioreflejos.com.ar\/2021\/\",\"name\":\"Noticias Radio Reflejos\",\"description\":\"Las noticias de mi comarca\",\"potentialAction\":[{\"@type\":\"SearchAction\",\"target\":{\"@type\":\"EntryPoint\",\"urlTemplate\":\"https:\/\/www.noticiasradioreflejos.com.ar\/2021\/?s={search_term_string}\"},\"query-input\":{\"@type\":\"PropertyValueSpecification\",\"valueRequired\":true,\"valueName\":\"search_term_string\"}}],\"inLanguage\":\"es\"},{\"@type\":\"Person\",\"@id\":\"https:\/\/www.noticiasradioreflejos.com.ar\/2021\/#\/schema\/person\/ad82545263dcc5ec0996818884fd5fb1\",\"name\":\"Arnaldo Botto\",\"image\":{\"@type\":\"ImageObject\",\"inLanguage\":\"es\",\"@id\":\"https:\/\/www.noticiasradioreflejos.com.ar\/2021\/#\/schema\/person\/image\/\",\"url\":\"https:\/\/secure.gravatar.com\/avatar\/55cb5e37c1efa326397366e6974cb338056df65cb50e7d64d1cf314e87504837?s=96&d=mm&r=g\",\"contentUrl\":\"https:\/\/secure.gravatar.com\/avatar\/55cb5e37c1efa326397366e6974cb338056df65cb50e7d64d1cf314e87504837?s=96&d=mm&r=g\",\"caption\":\"Arnaldo Botto\"},\"url\":\"https:\/\/www.noticiasradioreflejos.com.ar\/2021\/author\/arnaldo\/\"}]}<\/script>\n<!-- \/ Yoast SEO plugin. -->","yoast_head_json":{"title":"Massa: &quot;Se termin\u00f3 el sistema en el que los delincuentes ten\u00edan m\u00e1s derechos que las v\u00edctimas&quot; - Noticias Radio Reflejos","robots":{"index":"index","follow":"follow","max-snippet":"max-snippet:-1","max-image-preview":"max-image-preview:large","max-video-preview":"max-video-preview:-1"},"canonical":"https:\/\/www.noticiasradioreflejos.com.ar\/2021\/massa-se-termino-el-sistema-en-el-que-los-delincuentes-tenian-mas-derechos-que-las-victimas\/","og_locale":"es_ES","og_type":"article","og_title":"Massa: &quot;Se termin\u00f3 el sistema en el que los delincuentes ten\u00edan m\u00e1s derechos que las v\u00edctimas&quot; - Noticias Radio Reflejos","og_description":"Tras convertir en Ley el Proyecto de Protecci\u00f3n a V\u00edctimas de Delitos, que garantiza el patrocinio jur\u00eddico gratuito a quienes padecen hechos delictivos y les confiere mayor participaci\u00f3n en el proceso judicial, el diputado nacional Sergio Massa afirm\u00f3: \u00abEsta es una Ley de nuestra autor\u00eda y para nosotros es un orgullo que haya sido aprobada [&hellip;]","og_url":"https:\/\/www.noticiasradioreflejos.com.ar\/2021\/massa-se-termino-el-sistema-en-el-que-los-delincuentes-tenian-mas-derechos-que-las-victimas\/","og_site_name":"Noticias Radio Reflejos","article_published_time":"2017-06-21T21:20:04+00:00","og_image":[{"width":300,"height":200,"url":"https:\/\/www.noticiasradioreflejos.com.ar\/2021\/wp-content\/uploads\/2021\/07\/logosol300x200.png","type":"image\/png"}],"author":"Arnaldo Botto","twitter_card":"summary_large_image","schema":{"@context":"https:\/\/schema.org","@graph":[{"@type":"WebPage","@id":"https:\/\/www.noticiasradioreflejos.com.ar\/2021\/massa-se-termino-el-sistema-en-el-que-los-delincuentes-tenian-mas-derechos-que-las-victimas\/","url":"https:\/\/www.noticiasradioreflejos.com.ar\/2021\/massa-se-termino-el-sistema-en-el-que-los-delincuentes-tenian-mas-derechos-que-las-victimas\/","name":"Massa: &quot;Se termin\u00f3 el sistema en el que los delincuentes ten\u00edan m\u00e1s derechos que las v\u00edctimas&quot; - Noticias Radio Reflejos","isPartOf":{"@id":"https:\/\/www.noticiasradioreflejos.com.ar\/2021\/#website"},"datePublished":"2017-06-21T21:20:04+00:00","author":{"@id":"https:\/\/www.noticiasradioreflejos.com.ar\/2021\/#\/schema\/person\/ad82545263dcc5ec0996818884fd5fb1"},"breadcrumb":{"@id":"https:\/\/www.noticiasradioreflejos.com.ar\/2021\/massa-se-termino-el-sistema-en-el-que-los-delincuentes-tenian-mas-derechos-que-las-victimas\/#breadcrumb"},"inLanguage":"es","potentialAction":[{"@type":"ReadAction","target":["https:\/\/www.noticiasradioreflejos.com.ar\/2021\/massa-se-termino-el-sistema-en-el-que-los-delincuentes-tenian-mas-derechos-que-las-victimas\/"]}]},{"@type":"BreadcrumbList","@id":"https:\/\/www.noticiasradioreflejos.com.ar\/2021\/massa-se-termino-el-sistema-en-el-que-los-delincuentes-tenian-mas-derechos-que-las-victimas\/#breadcrumb","itemListElement":[{"@type":"ListItem","position":1,"name":"Portada","item":"https:\/\/www.noticiasradioreflejos.com.ar\/2021\/"},{"@type":"ListItem","position":2,"name":"Massa: &quot;Se termin\u00f3 el sistema en el que los delincuentes ten\u00edan m\u00e1s derechos que las v\u00edctimas&quot;"}]},{"@type":"WebSite","@id":"https:\/\/www.noticiasradioreflejos.com.ar\/2021\/#website","url":"https:\/\/www.noticiasradioreflejos.com.ar\/2021\/","name":"Noticias Radio Reflejos","description":"Las noticias de mi comarca","potentialAction":[{"@type":"SearchAction","target":{"@type":"EntryPoint","urlTemplate":"https:\/\/www.noticiasradioreflejos.com.ar\/2021\/?s={search_term_string}"},"query-input":{"@type":"PropertyValueSpecification","valueRequired":true,"valueName":"search_term_string"}}],"inLanguage":"es"},{"@type":"Person","@id":"https:\/\/www.noticiasradioreflejos.com.ar\/2021\/#\/schema\/person\/ad82545263dcc5ec0996818884fd5fb1","name":"Arnaldo Botto","image":{"@type":"ImageObject","inLanguage":"es","@id":"https:\/\/www.noticiasradioreflejos.com.ar\/2021\/#\/schema\/person\/image\/","url":"https:\/\/secure.gravatar.com\/avatar\/55cb5e37c1efa326397366e6974cb338056df65cb50e7d64d1cf314e87504837?s=96&d=mm&r=g","contentUrl":"https:\/\/secure.gravatar.com\/avatar\/55cb5e37c1efa326397366e6974cb338056df65cb50e7d64d1cf314e87504837?s=96&d=mm&r=g","caption":"Arnaldo Botto"},"url":"https:\/\/www.noticiasradioreflejos.com.ar\/2021\/author\/arnaldo\/"}]}},"_links":{"self":[{"href":"https:\/\/www.noticiasradioreflejos.com.ar\/2021\/wp-json\/wp\/v2\/posts\/11521","targetHints":{"allow":["GET"]}}],"collection":[{"href":"https:\/\/www.noticiasradioreflejos.com.ar\/2021\/wp-json\/wp\/v2\/posts"}],"about":[{"href":"https:\/\/www.noticiasradioreflejos.com.ar\/2021\/wp-json\/wp\/v2\/types\/post"}],"author":[{"embeddable":true,"href":"https:\/\/www.noticiasradioreflejos.com.ar\/2021\/wp-json\/wp\/v2\/users\/3"}],"replies":[{"embeddable":true,"href":"https:\/\/www.noticiasradioreflejos.com.ar\/2021\/wp-json\/wp\/v2\/comments?post=11521"}],"version-history":[{"count":0,"href":"https:\/\/www.noticiasradioreflejos.com.ar\/2021\/wp-json\/wp\/v2\/posts\/11521\/revisions"}],"wp:attachment":[{"href":"https:\/\/www.noticiasradioreflejos.com.ar\/2021\/wp-json\/wp\/v2\/media?parent=11521"}],"wp:term":[{"taxonomy":"category","embeddable":true,"href":"https:\/\/www.noticiasradioreflejos.com.ar\/2021\/wp-json\/wp\/v2\/categories?post=11521"},{"taxonomy":"post_tag","embeddable":true,"href":"https:\/\/www.noticiasradioreflejos.com.ar\/2021\/wp-json\/wp\/v2\/tags?post=11521"}],"curies":[{"name":"wp","href":"https:\/\/api.w.org\/{rel}","templated":true}]}}