{"id":11518,"date":"2017-06-21T18:17:27","date_gmt":"2017-06-21T21:17:27","guid":{"rendered":"http:\/\/www.noticiasradioreflejos.com.ar\/noticias\/?p=11518"},"modified":"2017-06-21T18:17:27","modified_gmt":"2017-06-21T21:17:27","slug":"se-dieron-a-conocer-avances-del-informe-sobre-el-impacto-economico-del-turismo-en-la-comarca","status":"publish","type":"post","link":"https:\/\/www.noticiasradioreflejos.com.ar\/2021\/se-dieron-a-conocer-avances-del-informe-sobre-el-impacto-economico-del-turismo-en-la-comarca\/","title":{"rendered":"Se dieron a conocer avances del informe sobre el impacto econ\u00f3mico del turismo en la Comarca"},"content":{"rendered":"<p>Mediante una conferencia de prensa, este mi\u00e9rcoles se dieron a conocer avances del informe que se elabora desde el municipio sobre el impacto econ\u00f3mico del turismo en la Comarca.<!--more--><br \/>\nSe trata de la \u201cnecesidad de empezar a tener n\u00fameros y de no hablar sobre un posible y no tener datos certeros\u201d, explic\u00f3 la Secretaria de Turismo, Susana Dos Santos.<br \/>\nEl trabajo es coordinado por el Licenciado Eduardo D\u00edaz, quien adelant\u00f3 que ya surgieron \u201ccuestiones claves del primer relevamiento de Semana Santa, que nos empiezan a mostrar c\u00f3mo se comporta el turismo en el distrito\u201d.<br \/>\n\u201cUno de los temas interesantes fue conocer el nivel de gasto que generaron esos cuatro d\u00edas: 16 millones de pesos\u201d, asegur\u00f3 y agreg\u00f3 que por grupo familiar se gastaron unos $5.400. \u201cEl 50% fue en alojamiento y el restante en compras, entre supermercados y actividades de recreaci\u00f3n\u201d, indic\u00f3.<br \/>\nOtro importante dato que surgi\u00f3 del informe fue \u201cla percepci\u00f3n que ha tenido el turista en cuanto a c\u00f3mo ve la comarca\u201d. En ese sentido, D\u00edaz afirm\u00f3 que \u201cdos tercios de los turistas se mostraron satisfechos, en tanto que el tercio restante expres\u00f3 un cierto grado de insatisfacci\u00f3n\u201d.<br \/>\n\u201cLa insatisfacci\u00f3n se debe a situaciones que tienen que ver con el c\u00f3mo se mueve la comarca en cuestiones de infraestructura, pero lo m\u00e1s relevante que muestran es que la relaci\u00f3n precio-calidad no es la adecuada\u201d, se\u00f1al\u00f3.<br \/>\nUno de los puntos clave para ese motivo de \u2018insatisfacci\u00f3n\u2019 del turista es que el prestador debe \u201canalizar los costos de la actividad, cuan claro es el manejo que tiene cada uno de ellos, cu\u00e1nto le cuesta y cuando deber\u00eda costar la prestaci\u00f3n\u201d. \u201cSi el prestador conoce los costos y la \u00fanica manera de cerrar los n\u00fameros es subiendo los precios, seguramente est\u00e9 en un problema, porque no tiene otras alternativas ya que no est\u00e1 analizando todo el espectro de la propuesta tur\u00edstica que tiene\u201d, asegur\u00f3 D\u00edaz.<br \/>\n\u201cCu\u00e1l es el tipo de turista que recibimos es la pregunta m\u00e1s interesante\u201d, a\u00f1adi\u00f3 el licenciado e inform\u00f3 que mientras en el distrito el gasto promedio por turista en Semana Santa fue de $1.400, en otros destinos fue de $2.400, lo que llama a analizar \u201cc\u00f3mo hacer para levantar el nivel de gasto por persona\u201d.<br \/>\n\u201cEstamos trabajando sobre bases firmes para saber d\u00f3nde estamos parados respecto al turismo y donde tenemos que mejorar\u201d, opin\u00f3 por su parte el intendente Sergio Bordoni. \u201cSi queremos que el turista gaste m\u00e1s, tenemos que hacer mejor ofrecimiento de las prestaciones y a eso tenemos que apuntar\u201d, dijo.<br \/>\nEn ese marco, destac\u00f3 la importancia de que todos los prestadores tur\u00edsticos \u201cest\u00e9n habilitados, porque la competencia desleal hace que el que tiene todo en regla sea m\u00e1s caro\u201d, por eso en la app m\u00f3vil \u2018Live Ventania\u2019 s\u00f3lo figuran aquellos comercios y complejos que cumplen con todas las reglamentaciones correspondientes.<br \/>\nPor \u00faltimo, subray\u00f3 que con contar con datos como los que surgen del informe sobre el que se trabaja \u201ces la \u00fanica forma de mejorar, si no ten\u00e9s informaci\u00f3n siempre vas a estar estancado\u201d.<\/p>\n","protected":false},"excerpt":{"rendered":"<p>Mediante una conferencia de prensa, este mi\u00e9rcoles se dieron a conocer avances del informe que se elabora desde el municipio sobre el impacto econ\u00f3mico del turismo en la Comarca.<\/p>\n","protected":false},"author":3,"featured_media":0,"comment_status":"closed","ping_status":"open","sticky":false,"template":"","format":"standard","meta":{"footnotes":""},"categories":[28],"tags":[],"class_list":["post-11518","post","type-post","status-publish","format-standard","hentry","category-municipales"],"yoast_head":"<!-- This site is optimized with the Yoast SEO plugin v25.9 - https:\/\/yoast.com\/wordpress\/plugins\/seo\/ -->\n<title>Se dieron a conocer avances del informe sobre el impacto econ\u00f3mico del turismo en la Comarca - Noticias Radio Reflejos<\/title>\n<meta name=\"robots\" content=\"index, follow, max-snippet:-1, max-image-preview:large, max-video-preview:-1\" \/>\n<link rel=\"canonical\" href=\"https:\/\/www.noticiasradioreflejos.com.ar\/2021\/se-dieron-a-conocer-avances-del-informe-sobre-el-impacto-economico-del-turismo-en-la-comarca\/\" \/>\n<meta property=\"og:locale\" content=\"es_ES\" \/>\n<meta property=\"og:type\" content=\"article\" \/>\n<meta property=\"og:title\" content=\"Se dieron a conocer avances del informe sobre el impacto econ\u00f3mico del turismo en la Comarca - Noticias Radio Reflejos\" \/>\n<meta property=\"og:description\" content=\"Mediante una conferencia de prensa, este mi\u00e9rcoles se dieron a conocer avances del informe que se elabora desde el municipio sobre el impacto econ\u00f3mico del turismo en la Comarca.\" \/>\n<meta property=\"og:url\" content=\"https:\/\/www.noticiasradioreflejos.com.ar\/2021\/se-dieron-a-conocer-avances-del-informe-sobre-el-impacto-economico-del-turismo-en-la-comarca\/\" \/>\n<meta property=\"og:site_name\" content=\"Noticias Radio Reflejos\" \/>\n<meta property=\"article:published_time\" content=\"2017-06-21T21:17:27+00:00\" \/>\n<meta property=\"og:image\" content=\"https:\/\/www.noticiasradioreflejos.com.ar\/2021\/wp-content\/uploads\/2021\/07\/logosol300x200.png\" \/>\n\t<meta property=\"og:image:width\" content=\"300\" \/>\n\t<meta property=\"og:image:height\" content=\"200\" \/>\n\t<meta property=\"og:image:type\" content=\"image\/png\" \/>\n<meta name=\"author\" content=\"Arnaldo Botto\" \/>\n<meta name=\"twitter:card\" content=\"summary_large_image\" \/>\n<script type=\"application\/ld+json\" class=\"yoast-schema-graph\">{\"@context\":\"https:\/\/schema.org\",\"@graph\":[{\"@type\":\"WebPage\",\"@id\":\"https:\/\/www.noticiasradioreflejos.com.ar\/2021\/se-dieron-a-conocer-avances-del-informe-sobre-el-impacto-economico-del-turismo-en-la-comarca\/\",\"url\":\"https:\/\/www.noticiasradioreflejos.com.ar\/2021\/se-dieron-a-conocer-avances-del-informe-sobre-el-impacto-economico-del-turismo-en-la-comarca\/\",\"name\":\"Se dieron a conocer avances del informe sobre el impacto econ\u00f3mico del turismo en la Comarca - Noticias Radio Reflejos\",\"isPartOf\":{\"@id\":\"https:\/\/www.noticiasradioreflejos.com.ar\/2021\/#website\"},\"datePublished\":\"2017-06-21T21:17:27+00:00\",\"author\":{\"@id\":\"https:\/\/www.noticiasradioreflejos.com.ar\/2021\/#\/schema\/person\/ad82545263dcc5ec0996818884fd5fb1\"},\"breadcrumb\":{\"@id\":\"https:\/\/www.noticiasradioreflejos.com.ar\/2021\/se-dieron-a-conocer-avances-del-informe-sobre-el-impacto-economico-del-turismo-en-la-comarca\/#breadcrumb\"},\"inLanguage\":\"es\",\"potentialAction\":[{\"@type\":\"ReadAction\",\"target\":[\"https:\/\/www.noticiasradioreflejos.com.ar\/2021\/se-dieron-a-conocer-avances-del-informe-sobre-el-impacto-economico-del-turismo-en-la-comarca\/\"]}]},{\"@type\":\"BreadcrumbList\",\"@id\":\"https:\/\/www.noticiasradioreflejos.com.ar\/2021\/se-dieron-a-conocer-avances-del-informe-sobre-el-impacto-economico-del-turismo-en-la-comarca\/#breadcrumb\",\"itemListElement\":[{\"@type\":\"ListItem\",\"position\":1,\"name\":\"Portada\",\"item\":\"https:\/\/www.noticiasradioreflejos.com.ar\/2021\/\"},{\"@type\":\"ListItem\",\"position\":2,\"name\":\"Se dieron a conocer avances del informe sobre el impacto econ\u00f3mico del turismo en la Comarca\"}]},{\"@type\":\"WebSite\",\"@id\":\"https:\/\/www.noticiasradioreflejos.com.ar\/2021\/#website\",\"url\":\"https:\/\/www.noticiasradioreflejos.com.ar\/2021\/\",\"name\":\"Noticias Radio Reflejos\",\"description\":\"Las noticias de mi comarca\",\"potentialAction\":[{\"@type\":\"SearchAction\",\"target\":{\"@type\":\"EntryPoint\",\"urlTemplate\":\"https:\/\/www.noticiasradioreflejos.com.ar\/2021\/?s={search_term_string}\"},\"query-input\":{\"@type\":\"PropertyValueSpecification\",\"valueRequired\":true,\"valueName\":\"search_term_string\"}}],\"inLanguage\":\"es\"},{\"@type\":\"Person\",\"@id\":\"https:\/\/www.noticiasradioreflejos.com.ar\/2021\/#\/schema\/person\/ad82545263dcc5ec0996818884fd5fb1\",\"name\":\"Arnaldo Botto\",\"image\":{\"@type\":\"ImageObject\",\"inLanguage\":\"es\",\"@id\":\"https:\/\/www.noticiasradioreflejos.com.ar\/2021\/#\/schema\/person\/image\/\",\"url\":\"https:\/\/secure.gravatar.com\/avatar\/55cb5e37c1efa326397366e6974cb338056df65cb50e7d64d1cf314e87504837?s=96&d=mm&r=g\",\"contentUrl\":\"https:\/\/secure.gravatar.com\/avatar\/55cb5e37c1efa326397366e6974cb338056df65cb50e7d64d1cf314e87504837?s=96&d=mm&r=g\",\"caption\":\"Arnaldo Botto\"},\"url\":\"https:\/\/www.noticiasradioreflejos.com.ar\/2021\/author\/arnaldo\/\"}]}<\/script>\n<!-- \/ Yoast SEO plugin. -->","yoast_head_json":{"title":"Se dieron a conocer avances del informe sobre el impacto econ\u00f3mico del turismo en la Comarca - Noticias Radio Reflejos","robots":{"index":"index","follow":"follow","max-snippet":"max-snippet:-1","max-image-preview":"max-image-preview:large","max-video-preview":"max-video-preview:-1"},"canonical":"https:\/\/www.noticiasradioreflejos.com.ar\/2021\/se-dieron-a-conocer-avances-del-informe-sobre-el-impacto-economico-del-turismo-en-la-comarca\/","og_locale":"es_ES","og_type":"article","og_title":"Se dieron a conocer avances del informe sobre el impacto econ\u00f3mico del turismo en la Comarca - Noticias Radio Reflejos","og_description":"Mediante una conferencia de prensa, este mi\u00e9rcoles se dieron a conocer avances del informe que se elabora desde el municipio sobre el impacto econ\u00f3mico del turismo en la Comarca.","og_url":"https:\/\/www.noticiasradioreflejos.com.ar\/2021\/se-dieron-a-conocer-avances-del-informe-sobre-el-impacto-economico-del-turismo-en-la-comarca\/","og_site_name":"Noticias Radio Reflejos","article_published_time":"2017-06-21T21:17:27+00:00","og_image":[{"width":300,"height":200,"url":"https:\/\/www.noticiasradioreflejos.com.ar\/2021\/wp-content\/uploads\/2021\/07\/logosol300x200.png","type":"image\/png"}],"author":"Arnaldo Botto","twitter_card":"summary_large_image","schema":{"@context":"https:\/\/schema.org","@graph":[{"@type":"WebPage","@id":"https:\/\/www.noticiasradioreflejos.com.ar\/2021\/se-dieron-a-conocer-avances-del-informe-sobre-el-impacto-economico-del-turismo-en-la-comarca\/","url":"https:\/\/www.noticiasradioreflejos.com.ar\/2021\/se-dieron-a-conocer-avances-del-informe-sobre-el-impacto-economico-del-turismo-en-la-comarca\/","name":"Se dieron a conocer avances del informe sobre el impacto econ\u00f3mico del turismo en la Comarca - Noticias Radio Reflejos","isPartOf":{"@id":"https:\/\/www.noticiasradioreflejos.com.ar\/2021\/#website"},"datePublished":"2017-06-21T21:17:27+00:00","author":{"@id":"https:\/\/www.noticiasradioreflejos.com.ar\/2021\/#\/schema\/person\/ad82545263dcc5ec0996818884fd5fb1"},"breadcrumb":{"@id":"https:\/\/www.noticiasradioreflejos.com.ar\/2021\/se-dieron-a-conocer-avances-del-informe-sobre-el-impacto-economico-del-turismo-en-la-comarca\/#breadcrumb"},"inLanguage":"es","potentialAction":[{"@type":"ReadAction","target":["https:\/\/www.noticiasradioreflejos.com.ar\/2021\/se-dieron-a-conocer-avances-del-informe-sobre-el-impacto-economico-del-turismo-en-la-comarca\/"]}]},{"@type":"BreadcrumbList","@id":"https:\/\/www.noticiasradioreflejos.com.ar\/2021\/se-dieron-a-conocer-avances-del-informe-sobre-el-impacto-economico-del-turismo-en-la-comarca\/#breadcrumb","itemListElement":[{"@type":"ListItem","position":1,"name":"Portada","item":"https:\/\/www.noticiasradioreflejos.com.ar\/2021\/"},{"@type":"ListItem","position":2,"name":"Se dieron a conocer avances del informe sobre el impacto econ\u00f3mico del turismo en la Comarca"}]},{"@type":"WebSite","@id":"https:\/\/www.noticiasradioreflejos.com.ar\/2021\/#website","url":"https:\/\/www.noticiasradioreflejos.com.ar\/2021\/","name":"Noticias Radio Reflejos","description":"Las noticias de mi comarca","potentialAction":[{"@type":"SearchAction","target":{"@type":"EntryPoint","urlTemplate":"https:\/\/www.noticiasradioreflejos.com.ar\/2021\/?s={search_term_string}"},"query-input":{"@type":"PropertyValueSpecification","valueRequired":true,"valueName":"search_term_string"}}],"inLanguage":"es"},{"@type":"Person","@id":"https:\/\/www.noticiasradioreflejos.com.ar\/2021\/#\/schema\/person\/ad82545263dcc5ec0996818884fd5fb1","name":"Arnaldo Botto","image":{"@type":"ImageObject","inLanguage":"es","@id":"https:\/\/www.noticiasradioreflejos.com.ar\/2021\/#\/schema\/person\/image\/","url":"https:\/\/secure.gravatar.com\/avatar\/55cb5e37c1efa326397366e6974cb338056df65cb50e7d64d1cf314e87504837?s=96&d=mm&r=g","contentUrl":"https:\/\/secure.gravatar.com\/avatar\/55cb5e37c1efa326397366e6974cb338056df65cb50e7d64d1cf314e87504837?s=96&d=mm&r=g","caption":"Arnaldo Botto"},"url":"https:\/\/www.noticiasradioreflejos.com.ar\/2021\/author\/arnaldo\/"}]}},"_links":{"self":[{"href":"https:\/\/www.noticiasradioreflejos.com.ar\/2021\/wp-json\/wp\/v2\/posts\/11518","targetHints":{"allow":["GET"]}}],"collection":[{"href":"https:\/\/www.noticiasradioreflejos.com.ar\/2021\/wp-json\/wp\/v2\/posts"}],"about":[{"href":"https:\/\/www.noticiasradioreflejos.com.ar\/2021\/wp-json\/wp\/v2\/types\/post"}],"author":[{"embeddable":true,"href":"https:\/\/www.noticiasradioreflejos.com.ar\/2021\/wp-json\/wp\/v2\/users\/3"}],"replies":[{"embeddable":true,"href":"https:\/\/www.noticiasradioreflejos.com.ar\/2021\/wp-json\/wp\/v2\/comments?post=11518"}],"version-history":[{"count":0,"href":"https:\/\/www.noticiasradioreflejos.com.ar\/2021\/wp-json\/wp\/v2\/posts\/11518\/revisions"}],"wp:attachment":[{"href":"https:\/\/www.noticiasradioreflejos.com.ar\/2021\/wp-json\/wp\/v2\/media?parent=11518"}],"wp:term":[{"taxonomy":"category","embeddable":true,"href":"https:\/\/www.noticiasradioreflejos.com.ar\/2021\/wp-json\/wp\/v2\/categories?post=11518"},{"taxonomy":"post_tag","embeddable":true,"href":"https:\/\/www.noticiasradioreflejos.com.ar\/2021\/wp-json\/wp\/v2\/tags?post=11518"}],"curies":[{"name":"wp","href":"https:\/\/api.w.org\/{rel}","templated":true}]}}