{"id":115132,"date":"2025-04-09T22:30:19","date_gmt":"2025-04-10T01:30:19","guid":{"rendered":"https:\/\/www.noticiasradioreflejos.com.ar\/2021\/?p=115132"},"modified":"2025-04-10T07:53:51","modified_gmt":"2025-04-10T10:53:51","slug":"sigue-cortado-el-transito-en-la-ruta-35-a-la-altura-de-km-65","status":"publish","type":"post","link":"https:\/\/www.noticiasradioreflejos.com.ar\/2021\/sigue-cortado-el-transito-en-la-ruta-35-a-la-altura-de-km-65\/","title":{"rendered":"Sigue cortado el tr\u00e1nsito en la Ruta 35 a la altura de km 65"},"content":{"rendered":"<p>Est\u00e1 prohibido el paso tanto para peatones como para cualquier tipo de veh\u00edculos<!--more--><\/p>\n<div class=\"noticia__desarrollo\">\nVialidad Nacional\u00a0avanza con los\u00a0trabajos\u00a0en las\u00a0rutas\u00a0en y las inmediaciones de\u00a0Bah\u00eda Blanca\u00a0para lograr abrir la totalidad de los caminos que fueron devastados por la\u00a0inundaci\u00f3n\u00a0que azot\u00f3 a la\u00a0ciudad.<\/p>\n<p>En este sentido, el organismo nacional volvi\u00f3 a informar sobre el estado de las rutas y c\u00f3mo sigue adelante cada frente de obra para terminar con los trabajos que le devuelva a los\u00a0<strong>usuarios\u00a0<\/strong>la transitabilidad efectiva y segura.<\/p>\n<p>&nbsp;<\/p>\n<figure class=\"wp-block-image size-large\"><img loading=\"lazy\" decoding=\"async\" class=\"wp-image-168253\" src=\"https:\/\/frenteacano.com.ar\/wp-content\/uploads\/2025\/04\/WhatsApp-Image-2025-04-09-at-14.53.36-576x1024.webp\" sizes=\"auto, (max-width: 576px) 100vw, 576px\" srcset=\"https:\/\/frenteacano.com.ar\/wp-content\/uploads\/2025\/04\/WhatsApp-Image-2025-04-09-at-14.53.36-576x1024.webp 576w, https:\/\/frenteacano.com.ar\/wp-content\/uploads\/2025\/04\/WhatsApp-Image-2025-04-09-at-14.53.36-169x300.webp 169w, https:\/\/frenteacano.com.ar\/wp-content\/uploads\/2025\/04\/WhatsApp-Image-2025-04-09-at-14.53.36-768x1365.webp 768w, https:\/\/frenteacano.com.ar\/wp-content\/uploads\/2025\/04\/WhatsApp-Image-2025-04-09-at-14.53.36-864x1536.webp 864w, https:\/\/frenteacano.com.ar\/wp-content\/uploads\/2025\/04\/WhatsApp-Image-2025-04-09-at-14.53.36.webp 900w\" alt=\"\" width=\"576\" height=\"1024\" \/><\/figure>\n<p>Vialidad\u00a0Nacional emiti\u00f3 un nuevo comunicado, a trav\u00e9s de las\u00a0redes sociales, sobre el estado de las rutas en la zona de Bah\u00eda Blanca.<\/p>\n<p>El\u00a0<strong>escrito\u00a0<\/strong>indica que los<strong>\u00a0\u201ctramos bajo la jurisdicci\u00f3n del distrito Bah\u00eda Blanca -que- se encuentran transitables con precauci\u00f3n\u201d<\/strong>\u00a0son:<\/p>\n<p><strong>RN 228<\/strong><\/p>\n<ul class=\"wp-block-list\">\n<li>Tramo Necochea \u2013 Tres Arroyos<\/li>\n<\/ul>\n<p><strong>RN 229<\/strong><\/p>\n<ul class=\"wp-block-list\">\n<li>Tramo empalme RN 3 P. Alta<\/li>\n<\/ul>\n<p><strong>RN 249<\/strong><\/p>\n<ul class=\"wp-block-list\">\n<li>Tramo empalme RN 3 empalme RN 229 P. Alta<\/li>\n<\/ul>\n<p><strong>RN 252<\/strong><\/p>\n<ul class=\"wp-block-list\">\n<li>Tramo Rotonda V. Sarsfield Pte. La Ni\u00f1a<\/li>\n<\/ul>\n<p><strong>RN 1<\/strong><\/p>\n<ul class=\"wp-block-list\">\n<li>V03 Tramo empalme RN 3 \u2013 Rotonda Ex Indiada<\/li>\n<\/ul>\n<p><strong>RN 3<\/strong><\/p>\n<ul class=\"wp-block-list\">\n<li>Tramo Azul-Bah\u00eda Blanca<\/li>\n<\/ul>\n<p><strong>RN 3<\/strong><\/p>\n<ul class=\"wp-block-list\">\n<li>Tramo: Canal Maldonado (km 692,01) \u2013 empalme RN 33 (zona El\u00a0Cholo) Transitable con Precauci\u00f3n. Km 692, tr\u00e1nsito pesado por puentes.<\/li>\n<\/ul>\n<p><strong>Bailey<\/strong><\/p>\n<ul class=\"wp-block-list\">\n<li>Permitida la circulaci\u00f3n de veh\u00edculos livianos y todo tipo de transporte p\u00fablico de pasajeros, motos y chasis de hasta 30 toneladas. El transporte pesado con carga (cami\u00f3n con acoplado y semirremolque) tienen prohibido el paso por el sector.<\/li>\n<\/ul>\n<p><strong>RN 3<\/strong><\/p>\n<ul class=\"wp-block-list\">\n<li>Tramo empalme RN 33 (EI Cholo)- Patagones.<\/li>\n<\/ul>\n<p><strong>RN 22<\/strong><\/p>\n<ul class=\"wp-block-list\">\n<li>Tramo empalme RN 3 \u2013 R\u00edo Colorado.<\/li>\n<\/ul>\n<p><strong>RN33<\/strong><\/p>\n<ul class=\"wp-block-list\">\n<li>Tramo empalme RN 3-Trenque Lauquen.<\/li>\n<\/ul>\n<div class=\"twitter-tweet twitter-tweet-rendered\"><iframe id=\"twitter-widget-0\" class=\"\" title=\"X Post\" src=\"https:\/\/platform.twitter.com\/embed\/Tweet.html?dnt=false&amp;embedId=twitter-widget-0&amp;features=eyJ0ZndfdGltZWxpbmVfbGlzdCI6eyJidWNrZXQiOltdLCJ2ZXJzaW9uIjpudWxsfSwidGZ3X2ZvbGxvd2VyX2NvdW50X3N1bnNldCI6eyJidWNrZXQiOnRydWUsInZlcnNpb24iOm51bGx9LCJ0ZndfdHdlZXRfZWRpdF9iYWNrZW5kIjp7ImJ1Y2tldCI6Im9uIiwidmVyc2lvbiI6bnVsbH0sInRmd19yZWZzcmNfc2Vzc2lvbiI6eyJidWNrZXQiOiJvbiIsInZlcnNpb24iOm51bGx9LCJ0ZndfZm9zbnJfc29mdF9pbnRlcnZlbnRpb25zX2VuYWJsZWQiOnsiYnVja2V0Ijoib24iLCJ2ZXJzaW9uIjpudWxsfSwidGZ3X21peGVkX21lZGlhXzE1ODk3Ijp7ImJ1Y2tldCI6InRyZWF0bWVudCIsInZlcnNpb24iOm51bGx9LCJ0ZndfZXhwZXJpbWVudHNfY29va2llX2V4cGlyYXRpb24iOnsiYnVja2V0IjoxMjA5NjAwLCJ2ZXJzaW9uIjpudWxsfSwidGZ3X3Nob3dfYmlyZHdhdGNoX3Bpdm90c19lbmFibGVkIjp7ImJ1Y2tldCI6Im9uIiwidmVyc2lvbiI6bnVsbH0sInRmd19kdXBsaWNhdGVfc2NyaWJlc190b19zZXR0aW5ncyI6eyJidWNrZXQiOiJvbiIsInZlcnNpb24iOm51bGx9LCJ0ZndfdXNlX3Byb2ZpbGVfaW1hZ2Vfc2hhcGVfZW5hYmxlZCI6eyJidWNrZXQiOiJvbiIsInZlcnNpb24iOm51bGx9LCJ0ZndfdmlkZW9faGxzX2R5bmFtaWNfbWFuaWZlc3RzXzE1MDgyIjp7ImJ1Y2tldCI6InRydWVfYml0cmF0ZSIsInZlcnNpb24iOm51bGx9LCJ0ZndfbGVnYWN5X3RpbWVsaW5lX3N1bnNldCI6eyJidWNrZXQiOnRydWUsInZlcnNpb24iOm51bGx9LCJ0ZndfdHdlZXRfZWRpdF9mcm9udGVuZCI6eyJidWNrZXQiOiJvbiIsInZlcnNpb24iOm51bGx9fQ%3D%3D&amp;frame=false&amp;hideCard=false&amp;hideThread=false&amp;id=1910006655477043385&amp;lang=es&amp;origin=https%3A%2F%2Ffrenteacano.com.ar%2Fsigue-cortado-el-transito-en-la-ruta-35-a-la-altura-de-km-65%2F&amp;sessionId=d96400f417323d5ff6428945b0041d511b501a45&amp;theme=light&amp;widgetsVersion=2615f7e52b7e0%3A1702314776716&amp;width=550px\" frameborder=\"0\" scrolling=\"no\" allowfullscreen=\"allowfullscreen\" data-tweet-id=\"1910006655477043385\" data-mce-fragment=\"1\"><\/iframe><\/div>\n<p>Si bien la precauci\u00f3n y la prudencia al volante es una constante con la que se debe manejar un usuario de veh\u00edculo, cualquiera sea, en este caso, Vialidad Nacional reforz\u00f3 el pedido de:<\/p>\n<ul class=\"wp-block-list\">\n<li>Respetar la se\u00f1alizaci\u00f3n en los lugares donde se realizan trabajos.<\/li>\n<li>Circular con suma precauci\u00f3n.<\/li>\n<li>Consultar el estado de rutas en la p\u00e1gina web oficial.<\/li>\n<\/ul>\n<\/div>\n<\/div>\n","protected":false},"excerpt":{"rendered":"<p>Est\u00e1 prohibido el paso tanto para peatones como para cualquier tipo de veh\u00edculos<\/p>\n","protected":false},"author":3,"featured_media":115135,"comment_status":"closed","ping_status":"closed","sticky":false,"template":"","format":"standard","meta":{"footnotes":""},"categories":[26],"tags":[],"class_list":["post-115132","post","type-post","status-publish","format-standard","has-post-thumbnail","hentry","category-sociedad"],"yoast_head":"<!-- This site is optimized with the Yoast SEO plugin v25.9 - https:\/\/yoast.com\/wordpress\/plugins\/seo\/ -->\n<title>Sigue cortado el tr\u00e1nsito en la Ruta 35 a la altura de km 65 - Noticias Radio Reflejos<\/title>\n<meta name=\"robots\" content=\"index, follow, max-snippet:-1, max-image-preview:large, max-video-preview:-1\" \/>\n<link rel=\"canonical\" href=\"https:\/\/www.noticiasradioreflejos.com.ar\/2021\/sigue-cortado-el-transito-en-la-ruta-35-a-la-altura-de-km-65\/\" \/>\n<meta property=\"og:locale\" content=\"es_ES\" \/>\n<meta property=\"og:type\" content=\"article\" \/>\n<meta property=\"og:title\" content=\"Sigue cortado el tr\u00e1nsito en la Ruta 35 a la altura de km 65 - Noticias Radio Reflejos\" \/>\n<meta property=\"og:description\" content=\"Est\u00e1 prohibido el paso tanto para peatones como para cualquier tipo de veh\u00edculos\" \/>\n<meta property=\"og:url\" content=\"https:\/\/www.noticiasradioreflejos.com.ar\/2021\/sigue-cortado-el-transito-en-la-ruta-35-a-la-altura-de-km-65\/\" \/>\n<meta property=\"og:site_name\" content=\"Noticias Radio Reflejos\" \/>\n<meta property=\"article:published_time\" content=\"2025-04-10T01:30:19+00:00\" \/>\n<meta property=\"article:modified_time\" content=\"2025-04-10T10:53:51+00:00\" \/>\n<meta property=\"og:image\" content=\"https:\/\/www.noticiasradioreflejos.com.ar\/2021\/wp-content\/uploads\/2025\/04\/ruta-35.jpg\" \/>\n\t<meta property=\"og:image:width\" content=\"900\" \/>\n\t<meta property=\"og:image:height\" content=\"747\" \/>\n\t<meta property=\"og:image:type\" content=\"image\/jpeg\" \/>\n<meta name=\"author\" content=\"Arnaldo Botto\" \/>\n<meta name=\"twitter:card\" content=\"summary_large_image\" \/>\n<script type=\"application\/ld+json\" class=\"yoast-schema-graph\">{\"@context\":\"https:\/\/schema.org\",\"@graph\":[{\"@type\":\"WebPage\",\"@id\":\"https:\/\/www.noticiasradioreflejos.com.ar\/2021\/sigue-cortado-el-transito-en-la-ruta-35-a-la-altura-de-km-65\/\",\"url\":\"https:\/\/www.noticiasradioreflejos.com.ar\/2021\/sigue-cortado-el-transito-en-la-ruta-35-a-la-altura-de-km-65\/\",\"name\":\"Sigue cortado el tr\u00e1nsito en la Ruta 35 a la altura de km 65 - Noticias Radio Reflejos\",\"isPartOf\":{\"@id\":\"https:\/\/www.noticiasradioreflejos.com.ar\/2021\/#website\"},\"primaryImageOfPage\":{\"@id\":\"https:\/\/www.noticiasradioreflejos.com.ar\/2021\/sigue-cortado-el-transito-en-la-ruta-35-a-la-altura-de-km-65\/#primaryimage\"},\"image\":{\"@id\":\"https:\/\/www.noticiasradioreflejos.com.ar\/2021\/sigue-cortado-el-transito-en-la-ruta-35-a-la-altura-de-km-65\/#primaryimage\"},\"thumbnailUrl\":\"https:\/\/www.noticiasradioreflejos.com.ar\/2021\/wp-content\/uploads\/2025\/04\/ruta-35.jpg\",\"datePublished\":\"2025-04-10T01:30:19+00:00\",\"dateModified\":\"2025-04-10T10:53:51+00:00\",\"author\":{\"@id\":\"https:\/\/www.noticiasradioreflejos.com.ar\/2021\/#\/schema\/person\/ad82545263dcc5ec0996818884fd5fb1\"},\"breadcrumb\":{\"@id\":\"https:\/\/www.noticiasradioreflejos.com.ar\/2021\/sigue-cortado-el-transito-en-la-ruta-35-a-la-altura-de-km-65\/#breadcrumb\"},\"inLanguage\":\"es\",\"potentialAction\":[{\"@type\":\"ReadAction\",\"target\":[\"https:\/\/www.noticiasradioreflejos.com.ar\/2021\/sigue-cortado-el-transito-en-la-ruta-35-a-la-altura-de-km-65\/\"]}]},{\"@type\":\"ImageObject\",\"inLanguage\":\"es\",\"@id\":\"https:\/\/www.noticiasradioreflejos.com.ar\/2021\/sigue-cortado-el-transito-en-la-ruta-35-a-la-altura-de-km-65\/#primaryimage\",\"url\":\"https:\/\/www.noticiasradioreflejos.com.ar\/2021\/wp-content\/uploads\/2025\/04\/ruta-35.jpg\",\"contentUrl\":\"https:\/\/www.noticiasradioreflejos.com.ar\/2021\/wp-content\/uploads\/2025\/04\/ruta-35.jpg\",\"width\":900,\"height\":747},{\"@type\":\"BreadcrumbList\",\"@id\":\"https:\/\/www.noticiasradioreflejos.com.ar\/2021\/sigue-cortado-el-transito-en-la-ruta-35-a-la-altura-de-km-65\/#breadcrumb\",\"itemListElement\":[{\"@type\":\"ListItem\",\"position\":1,\"name\":\"Portada\",\"item\":\"https:\/\/www.noticiasradioreflejos.com.ar\/2021\/\"},{\"@type\":\"ListItem\",\"position\":2,\"name\":\"Sigue cortado el tr\u00e1nsito en la Ruta 35 a la altura de km 65\"}]},{\"@type\":\"WebSite\",\"@id\":\"https:\/\/www.noticiasradioreflejos.com.ar\/2021\/#website\",\"url\":\"https:\/\/www.noticiasradioreflejos.com.ar\/2021\/\",\"name\":\"Noticias Radio Reflejos\",\"description\":\"Las noticias de mi comarca\",\"potentialAction\":[{\"@type\":\"SearchAction\",\"target\":{\"@type\":\"EntryPoint\",\"urlTemplate\":\"https:\/\/www.noticiasradioreflejos.com.ar\/2021\/?s={search_term_string}\"},\"query-input\":{\"@type\":\"PropertyValueSpecification\",\"valueRequired\":true,\"valueName\":\"search_term_string\"}}],\"inLanguage\":\"es\"},{\"@type\":\"Person\",\"@id\":\"https:\/\/www.noticiasradioreflejos.com.ar\/2021\/#\/schema\/person\/ad82545263dcc5ec0996818884fd5fb1\",\"name\":\"Arnaldo Botto\",\"image\":{\"@type\":\"ImageObject\",\"inLanguage\":\"es\",\"@id\":\"https:\/\/www.noticiasradioreflejos.com.ar\/2021\/#\/schema\/person\/image\/\",\"url\":\"https:\/\/secure.gravatar.com\/avatar\/55cb5e37c1efa326397366e6974cb338056df65cb50e7d64d1cf314e87504837?s=96&d=mm&r=g\",\"contentUrl\":\"https:\/\/secure.gravatar.com\/avatar\/55cb5e37c1efa326397366e6974cb338056df65cb50e7d64d1cf314e87504837?s=96&d=mm&r=g\",\"caption\":\"Arnaldo Botto\"},\"url\":\"https:\/\/www.noticiasradioreflejos.com.ar\/2021\/author\/arnaldo\/\"}]}<\/script>\n<!-- \/ Yoast SEO plugin. -->","yoast_head_json":{"title":"Sigue cortado el tr\u00e1nsito en la Ruta 35 a la altura de km 65 - Noticias Radio Reflejos","robots":{"index":"index","follow":"follow","max-snippet":"max-snippet:-1","max-image-preview":"max-image-preview:large","max-video-preview":"max-video-preview:-1"},"canonical":"https:\/\/www.noticiasradioreflejos.com.ar\/2021\/sigue-cortado-el-transito-en-la-ruta-35-a-la-altura-de-km-65\/","og_locale":"es_ES","og_type":"article","og_title":"Sigue cortado el tr\u00e1nsito en la Ruta 35 a la altura de km 65 - Noticias Radio Reflejos","og_description":"Est\u00e1 prohibido el paso tanto para peatones como para cualquier tipo de veh\u00edculos","og_url":"https:\/\/www.noticiasradioreflejos.com.ar\/2021\/sigue-cortado-el-transito-en-la-ruta-35-a-la-altura-de-km-65\/","og_site_name":"Noticias Radio Reflejos","article_published_time":"2025-04-10T01:30:19+00:00","article_modified_time":"2025-04-10T10:53:51+00:00","og_image":[{"width":900,"height":747,"url":"https:\/\/www.noticiasradioreflejos.com.ar\/2021\/wp-content\/uploads\/2025\/04\/ruta-35.jpg","type":"image\/jpeg"}],"author":"Arnaldo Botto","twitter_card":"summary_large_image","schema":{"@context":"https:\/\/schema.org","@graph":[{"@type":"WebPage","@id":"https:\/\/www.noticiasradioreflejos.com.ar\/2021\/sigue-cortado-el-transito-en-la-ruta-35-a-la-altura-de-km-65\/","url":"https:\/\/www.noticiasradioreflejos.com.ar\/2021\/sigue-cortado-el-transito-en-la-ruta-35-a-la-altura-de-km-65\/","name":"Sigue cortado el tr\u00e1nsito en la Ruta 35 a la altura de km 65 - Noticias Radio Reflejos","isPartOf":{"@id":"https:\/\/www.noticiasradioreflejos.com.ar\/2021\/#website"},"primaryImageOfPage":{"@id":"https:\/\/www.noticiasradioreflejos.com.ar\/2021\/sigue-cortado-el-transito-en-la-ruta-35-a-la-altura-de-km-65\/#primaryimage"},"image":{"@id":"https:\/\/www.noticiasradioreflejos.com.ar\/2021\/sigue-cortado-el-transito-en-la-ruta-35-a-la-altura-de-km-65\/#primaryimage"},"thumbnailUrl":"https:\/\/www.noticiasradioreflejos.com.ar\/2021\/wp-content\/uploads\/2025\/04\/ruta-35.jpg","datePublished":"2025-04-10T01:30:19+00:00","dateModified":"2025-04-10T10:53:51+00:00","author":{"@id":"https:\/\/www.noticiasradioreflejos.com.ar\/2021\/#\/schema\/person\/ad82545263dcc5ec0996818884fd5fb1"},"breadcrumb":{"@id":"https:\/\/www.noticiasradioreflejos.com.ar\/2021\/sigue-cortado-el-transito-en-la-ruta-35-a-la-altura-de-km-65\/#breadcrumb"},"inLanguage":"es","potentialAction":[{"@type":"ReadAction","target":["https:\/\/www.noticiasradioreflejos.com.ar\/2021\/sigue-cortado-el-transito-en-la-ruta-35-a-la-altura-de-km-65\/"]}]},{"@type":"ImageObject","inLanguage":"es","@id":"https:\/\/www.noticiasradioreflejos.com.ar\/2021\/sigue-cortado-el-transito-en-la-ruta-35-a-la-altura-de-km-65\/#primaryimage","url":"https:\/\/www.noticiasradioreflejos.com.ar\/2021\/wp-content\/uploads\/2025\/04\/ruta-35.jpg","contentUrl":"https:\/\/www.noticiasradioreflejos.com.ar\/2021\/wp-content\/uploads\/2025\/04\/ruta-35.jpg","width":900,"height":747},{"@type":"BreadcrumbList","@id":"https:\/\/www.noticiasradioreflejos.com.ar\/2021\/sigue-cortado-el-transito-en-la-ruta-35-a-la-altura-de-km-65\/#breadcrumb","itemListElement":[{"@type":"ListItem","position":1,"name":"Portada","item":"https:\/\/www.noticiasradioreflejos.com.ar\/2021\/"},{"@type":"ListItem","position":2,"name":"Sigue cortado el tr\u00e1nsito en la Ruta 35 a la altura de km 65"}]},{"@type":"WebSite","@id":"https:\/\/www.noticiasradioreflejos.com.ar\/2021\/#website","url":"https:\/\/www.noticiasradioreflejos.com.ar\/2021\/","name":"Noticias Radio Reflejos","description":"Las noticias de mi comarca","potentialAction":[{"@type":"SearchAction","target":{"@type":"EntryPoint","urlTemplate":"https:\/\/www.noticiasradioreflejos.com.ar\/2021\/?s={search_term_string}"},"query-input":{"@type":"PropertyValueSpecification","valueRequired":true,"valueName":"search_term_string"}}],"inLanguage":"es"},{"@type":"Person","@id":"https:\/\/www.noticiasradioreflejos.com.ar\/2021\/#\/schema\/person\/ad82545263dcc5ec0996818884fd5fb1","name":"Arnaldo Botto","image":{"@type":"ImageObject","inLanguage":"es","@id":"https:\/\/www.noticiasradioreflejos.com.ar\/2021\/#\/schema\/person\/image\/","url":"https:\/\/secure.gravatar.com\/avatar\/55cb5e37c1efa326397366e6974cb338056df65cb50e7d64d1cf314e87504837?s=96&d=mm&r=g","contentUrl":"https:\/\/secure.gravatar.com\/avatar\/55cb5e37c1efa326397366e6974cb338056df65cb50e7d64d1cf314e87504837?s=96&d=mm&r=g","caption":"Arnaldo Botto"},"url":"https:\/\/www.noticiasradioreflejos.com.ar\/2021\/author\/arnaldo\/"}]}},"_links":{"self":[{"href":"https:\/\/www.noticiasradioreflejos.com.ar\/2021\/wp-json\/wp\/v2\/posts\/115132","targetHints":{"allow":["GET"]}}],"collection":[{"href":"https:\/\/www.noticiasradioreflejos.com.ar\/2021\/wp-json\/wp\/v2\/posts"}],"about":[{"href":"https:\/\/www.noticiasradioreflejos.com.ar\/2021\/wp-json\/wp\/v2\/types\/post"}],"author":[{"embeddable":true,"href":"https:\/\/www.noticiasradioreflejos.com.ar\/2021\/wp-json\/wp\/v2\/users\/3"}],"replies":[{"embeddable":true,"href":"https:\/\/www.noticiasradioreflejos.com.ar\/2021\/wp-json\/wp\/v2\/comments?post=115132"}],"version-history":[{"count":2,"href":"https:\/\/www.noticiasradioreflejos.com.ar\/2021\/wp-json\/wp\/v2\/posts\/115132\/revisions"}],"predecessor-version":[{"id":115143,"href":"https:\/\/www.noticiasradioreflejos.com.ar\/2021\/wp-json\/wp\/v2\/posts\/115132\/revisions\/115143"}],"wp:featuredmedia":[{"embeddable":true,"href":"https:\/\/www.noticiasradioreflejos.com.ar\/2021\/wp-json\/wp\/v2\/media\/115135"}],"wp:attachment":[{"href":"https:\/\/www.noticiasradioreflejos.com.ar\/2021\/wp-json\/wp\/v2\/media?parent=115132"}],"wp:term":[{"taxonomy":"category","embeddable":true,"href":"https:\/\/www.noticiasradioreflejos.com.ar\/2021\/wp-json\/wp\/v2\/categories?post=115132"},{"taxonomy":"post_tag","embeddable":true,"href":"https:\/\/www.noticiasradioreflejos.com.ar\/2021\/wp-json\/wp\/v2\/tags?post=115132"}],"curies":[{"name":"wp","href":"https:\/\/api.w.org\/{rel}","templated":true}]}}