{"id":115109,"date":"2025-04-09T17:04:56","date_gmt":"2025-04-09T20:04:56","guid":{"rendered":"https:\/\/www.noticiasradioreflejos.com.ar\/2021\/?p=115109"},"modified":"2025-04-09T17:04:56","modified_gmt":"2025-04-09T20:04:56","slug":"para-semana-santa-ya-tenemos-el-95-de-ocupacion-en-la-comarca","status":"publish","type":"post","link":"https:\/\/www.noticiasradioreflejos.com.ar\/2021\/para-semana-santa-ya-tenemos-el-95-de-ocupacion-en-la-comarca\/","title":{"rendered":"\u00abPara Semana Santa,  ya tenemos el 95 % de ocupaci\u00f3n en la comarca\u00bb."},"content":{"rendered":"<p>Durante la ma\u00f1ana de<strong> Un Mate y Un Caf\u00e9<\/strong>, el<strong> Intendente Municipal Sergio Bordoni<\/strong> abord\u00f3 en <a href=\"https:\/\/www.noticiasradioreflejos.com.ar\/2021\/radio-en-vivo\/\"><strong>FM Reflejos<\/strong><\/a> m\u00faltiples tem\u00e1ticas de inter\u00e9s para los ciudadanos del distrito de Tornquist. Entre ellos, Fiesta de la Vendimia, Paro Nacional, Tasas Municipales, Obras P\u00fablicas y Elecciones 2025.<!--more--><\/p>\n<p><strong>Fiesta de la Vendimia<\/strong><\/p>\n<p>\u00abCon lo que aconteci\u00f3 en Bah\u00eda Blanca, hay mucha gente que nos pidi\u00f3 venir a trabajar, as\u00ed que ya tenemos como 80 puestos para la Vendimia. Adem\u00e1s, con el show de la Bersuit para el s\u00e1bado, esperamos mucha gente. Esperemos que el clima acompa\u00f1e y vuelva a mejorar para Semana Santa, que <strong>ya tenemos el 95 % de ocupaci\u00f3n en la comarca. As\u00ed que ya les anticipamos que no se vengan sin reserva porque est\u00e1 casi todo ocupado\u00bb<\/strong> hace referencia el Intendente sobre las actividades del mes de abril.<\/p>\n<p><strong>Torneo de Golf<\/strong><\/p>\n<p>\u00abPor suerte hay muchas cosas en el distrito. Que venga gente for\u00e1nea y pueda consumir para nuestro distrito nos sirve para el turismo, para que la rueda circule\u00bb tambi\u00e9n expresa en relaci\u00f3n al torneo de Golf que tambi\u00e9n arranca el fin de semana.<\/p>\n<p><strong>Paro Nacional del d\u00eda Jueves<\/strong><\/p>\n<p>\u00abNo se cierra el Municipio. Ac\u00e1 es opcional. Ayer hicimos una consulta dentro de la parte administrativa y la mayor\u00eda iba a parar. Entonces, tener el Municipio vac\u00edo sin empleados no tiene sentido. Pero quien quiera venir a su escritorio a trabajar, podr\u00e1 hacerlo porque el Ejecutivo no para. Los servicios esenciales no parar\u00e1n, la guarder\u00eda, geri\u00e1trico y hospitales no podr\u00e1n parar porque perjudican a los dem\u00e1s\u00bb expresa c\u00f3mo se sumar\u00e1 el Municipio de Tornquist al Paro Nacional de la CGT. \u00abEl derecho a huelga es de los trabajadores\u00bb.<\/p>\n<p><strong>Tasas Municipales<\/strong><\/p>\n<p>\u00abSe demor\u00f3 la aprobaci\u00f3n del presupuesto. Nosotros lo presentamos en Noviembre como lo dice el Tribunal de Cuentas y no se aprob\u00f3 hasta marzo. Estamos tratando que la de enero se cobre en abril, la de febrero en mayo y la de marzo en junio. Ojal\u00e1 sea el 400 % porque ser\u00eda lo ideal para cubrir el costo. Obviamente que la gente no lo hubiera podido pagar, por eso se negoci\u00f3 que se apruebe el 120 %\u00bb aclara sobre el gran aumento de las tasas municipales.<\/p>\n<p>\u00abA partir de julio se van a normalizar porque se cobrar\u00e1n con el 120 % que se acord\u00f3. Por eso digo que cuando hay que legislar, no hay que hacerse los desentendidos. Yo tengo que gobernar y yo tengo que cubrir aunque sea una parte del costo\u00bb opina Sergio en relaci\u00f3n al accionar de algunos Concejales.<\/p>\n<p>\u00abSe habr\u00e1n dado cuenta que aumenta la luz, el combustible todos los meses para brindar los servicios. Mucha gente se le complica pagar las tasas, pero en alg\u00fan momento lo van a tener que hacer. Yo puedo intimar a la gente para que no me venga a multar el Tribunal de Cuentas. Seguramente se va a sentir porque marzo es un mes dif\u00edcil. Pero a veces, los que menos tienen, son los m\u00e1s cumplidores\u00bb menciona c\u00f3mo se ver\u00e1n los pagos de las tasas.<\/p>\n<p><strong>Red de Gas en Villa Ventana<\/strong><\/p>\n<p>\u00abLo estoy gestionando a trav\u00e9s del Ministro de Infraestructura. Ahora le estoy dando respiro porque est\u00e1 avocado a Bah\u00eda Blanca, pero estaba planeado poder hacer ampliaci\u00f3n no s\u00f3lo en Villa Ventana sino tambi\u00e9n a Saldungaray y Tornquist\u00bb responde a la pregunta de un oyente. Agrega que, de todas maneras, los ciudadanos que puedan costear la ampliaci\u00f3n pueden acercarse a la oficina de ABSA para poder presentar el proyecto y obtener un presupuesto para iniciar la obra.<\/p>\n<p>\u00abEstamos asistiendo a mucha gente con le\u00f1a y todo eso sale una gran cantidad de dinero. Si ese dinero pudi\u00e9ramos invertirlo en la ampliaci\u00f3n de redes, ser\u00eda m\u00e1s importante porque la gente tendr\u00eda\u00bb explica c\u00f3mo tratan de alivianar la falta de la red de gas para los ciudadanos del distrito.<\/p>\n<p><strong>Gimnasio de Sierra de la Ventana<\/strong><\/p>\n<p>\u00abYa lo estamos trabajando. Hemos cambiado el lugar donde lo vamos a hacer, lo quer\u00edamos hacer entre la pileta y el anfiteatro pero no nos da la capacidad, porque es un gimnasio de 1000 metros cuadrados con una inversi\u00f3n de 1100 millones de pesos\u00bb menciona el estado del mencionado proyecto.<\/p>\n<p>Agrega que se ha decidido poder construir dicho gimnasio detr\u00e1s de donde ir\u00e1 la Terminal de \u00d3mnibus de Sierra de la Ventana, ya que ah\u00ed se cuenta con un espacio muy grande. \u00abVamos a poder hacer una especie de cochera y tener un acceso mucho m\u00e1s c\u00f3modo al gimnasio\u00bb. El proyecto de la Terminal continuar\u00eda vigente para poder ser concretado a futuro.<\/p>\n<p><strong>Pol\u00edtica y Elecciones<\/strong><\/p>\n<p>\u00abYo estoy a favor del desdoblamiento. No s\u00f3lo por una cuesti\u00f3n pol\u00edtica, sino una cuesti\u00f3n organizativa. Nos quedar\u00eda mucha gente sin ir a votar, porque la cantidad de gente que debe votar tendr\u00eda que entrar en un acto eleccionario de 18 horas, no de 10. Si duplicamos la cantidad de mesas, necesitamos m\u00e1s espacios, m\u00e1s presidentes de mesa, m\u00e1s fiscales de mesa, entonces se complica\u00bb describe sus razones.<\/p>\n<p>\u00abMassa quiere la unidad del justicialismo y me parece espectacular que as\u00ed sea, porque si nos dividimos m\u00e1s dif\u00edcil va a ser ganarle a este gobierno. Pero tenemos que tratar de revertir esa situaci\u00f3n, por eso estoy a favor del desdoblamiento. Espero que prime la coherencia entre los dirigentes de alto rango como Massa, Cristina y Kicillof y puedan decidir juntos. Sino veremos c\u00f3mo seguimos, pero ya no hay mucho tiempo para decidir. La gente necesita soluciones para ayer\u00bb cierra la nota.<\/p>\n<p>&nbsp;<\/p>\n<p><iframe loading=\"lazy\" src=\"https:\/\/w.soundcloud.com\/player\/?url=https%3A\/\/api.soundcloud.com\/tracks\/2074585092&amp;color=%23ff5500&amp;auto_play=false&amp;hide_related=false&amp;show_comments=true&amp;show_user=true&amp;show_reposts=false&amp;show_teaser=true\" width=\"100%\" height=\"166\" frameborder=\"no\" scrolling=\"no\"><\/iframe><\/p>\n<div style=\"font-size: 10px; color: #cccccc; line-break: anywhere; word-break: normal; overflow: hidden; white-space: nowrap; text-overflow: ellipsis; font-family: Interstate,Lucida Grande,Lucida Sans Unicode,Lucida Sans,Garuda,Verdana,Tahoma,sans-serif; font-weight: 100;\"><a style=\"color: #cccccc; text-decoration: none;\" title=\"fmreflejos 103.7\" href=\"https:\/\/soundcloud.com\/fmreflejos-103-7\" target=\"_blank\" rel=\"noopener\">fmreflejos 103.7<\/a> \u00b7 <a style=\"color: #cccccc; text-decoration: none;\" title=\"Sergio Bordoni 09-04\" href=\"https:\/\/soundcloud.com\/fmreflejos-103-7\/sergio-bordoni-09-04\" target=\"_blank\" rel=\"noopener\">Sergio Bordoni 09-04<\/a><\/div>\n","protected":false},"excerpt":{"rendered":"<p>Durante la ma\u00f1ana de Un Mate y Un Caf\u00e9, el Intendente Municipal Sergio Bordoni abord\u00f3 en FM Reflejos m\u00faltiples tem\u00e1ticas de inter\u00e9s para los ciudadanos del distrito de Tornquist. Entre ellos, Fiesta de la Vendimia, Paro Nacional, Tasas Municipales, Obras P\u00fablicas y Elecciones 2025.<\/p>\n","protected":false},"author":3,"featured_media":84995,"comment_status":"closed","ping_status":"closed","sticky":false,"template":"","format":"standard","meta":{"footnotes":""},"categories":[28,24],"tags":[48],"class_list":["post-115109","post","type-post","status-publish","format-standard","has-post-thumbnail","hentry","category-municipales","category-politica","tag-destacada"],"yoast_head":"<!-- This site is optimized with the Yoast SEO plugin v25.9 - https:\/\/yoast.com\/wordpress\/plugins\/seo\/ -->\n<title>&quot;Para Semana Santa, ya tenemos el 95 % de ocupaci\u00f3n en la comarca&quot;. - Noticias Radio Reflejos<\/title>\n<meta name=\"robots\" content=\"index, follow, max-snippet:-1, max-image-preview:large, max-video-preview:-1\" \/>\n<link rel=\"canonical\" href=\"https:\/\/www.noticiasradioreflejos.com.ar\/2021\/para-semana-santa-ya-tenemos-el-95-de-ocupacion-en-la-comarca\/\" \/>\n<meta property=\"og:locale\" content=\"es_ES\" \/>\n<meta property=\"og:type\" content=\"article\" \/>\n<meta property=\"og:title\" content=\"&quot;Para Semana Santa, ya tenemos el 95 % de ocupaci\u00f3n en la comarca&quot;. - Noticias Radio Reflejos\" \/>\n<meta property=\"og:description\" content=\"Durante la ma\u00f1ana de Un Mate y Un Caf\u00e9, el Intendente Municipal Sergio Bordoni abord\u00f3 en FM Reflejos m\u00faltiples tem\u00e1ticas de inter\u00e9s para los ciudadanos del distrito de Tornquist. Entre ellos, Fiesta de la Vendimia, Paro Nacional, Tasas Municipales, Obras P\u00fablicas y Elecciones 2025.\" \/>\n<meta property=\"og:url\" content=\"https:\/\/www.noticiasradioreflejos.com.ar\/2021\/para-semana-santa-ya-tenemos-el-95-de-ocupacion-en-la-comarca\/\" \/>\n<meta property=\"og:site_name\" content=\"Noticias Radio Reflejos\" \/>\n<meta property=\"article:published_time\" content=\"2025-04-09T20:04:56+00:00\" \/>\n<meta property=\"og:image\" content=\"https:\/\/www.noticiasradioreflejos.com.ar\/2021\/wp-content\/uploads\/2023\/03\/TURISMO-1.jpg\" \/>\n\t<meta property=\"og:image:width\" content=\"1152\" \/>\n\t<meta property=\"og:image:height\" content=\"768\" \/>\n\t<meta property=\"og:image:type\" content=\"image\/jpeg\" \/>\n<meta name=\"author\" content=\"Arnaldo Botto\" \/>\n<meta name=\"twitter:card\" content=\"summary_large_image\" \/>\n<script type=\"application\/ld+json\" class=\"yoast-schema-graph\">{\"@context\":\"https:\/\/schema.org\",\"@graph\":[{\"@type\":\"WebPage\",\"@id\":\"https:\/\/www.noticiasradioreflejos.com.ar\/2021\/para-semana-santa-ya-tenemos-el-95-de-ocupacion-en-la-comarca\/\",\"url\":\"https:\/\/www.noticiasradioreflejos.com.ar\/2021\/para-semana-santa-ya-tenemos-el-95-de-ocupacion-en-la-comarca\/\",\"name\":\"\\\"Para Semana Santa, ya tenemos el 95 % de ocupaci\u00f3n en la comarca\\\". - Noticias Radio Reflejos\",\"isPartOf\":{\"@id\":\"https:\/\/www.noticiasradioreflejos.com.ar\/2021\/#website\"},\"primaryImageOfPage\":{\"@id\":\"https:\/\/www.noticiasradioreflejos.com.ar\/2021\/para-semana-santa-ya-tenemos-el-95-de-ocupacion-en-la-comarca\/#primaryimage\"},\"image\":{\"@id\":\"https:\/\/www.noticiasradioreflejos.com.ar\/2021\/para-semana-santa-ya-tenemos-el-95-de-ocupacion-en-la-comarca\/#primaryimage\"},\"thumbnailUrl\":\"https:\/\/www.noticiasradioreflejos.com.ar\/2021\/wp-content\/uploads\/2023\/03\/TURISMO-1.jpg\",\"datePublished\":\"2025-04-09T20:04:56+00:00\",\"author\":{\"@id\":\"https:\/\/www.noticiasradioreflejos.com.ar\/2021\/#\/schema\/person\/ad82545263dcc5ec0996818884fd5fb1\"},\"breadcrumb\":{\"@id\":\"https:\/\/www.noticiasradioreflejos.com.ar\/2021\/para-semana-santa-ya-tenemos-el-95-de-ocupacion-en-la-comarca\/#breadcrumb\"},\"inLanguage\":\"es\",\"potentialAction\":[{\"@type\":\"ReadAction\",\"target\":[\"https:\/\/www.noticiasradioreflejos.com.ar\/2021\/para-semana-santa-ya-tenemos-el-95-de-ocupacion-en-la-comarca\/\"]}]},{\"@type\":\"ImageObject\",\"inLanguage\":\"es\",\"@id\":\"https:\/\/www.noticiasradioreflejos.com.ar\/2021\/para-semana-santa-ya-tenemos-el-95-de-ocupacion-en-la-comarca\/#primaryimage\",\"url\":\"https:\/\/www.noticiasradioreflejos.com.ar\/2021\/wp-content\/uploads\/2023\/03\/TURISMO-1.jpg\",\"contentUrl\":\"https:\/\/www.noticiasradioreflejos.com.ar\/2021\/wp-content\/uploads\/2023\/03\/TURISMO-1.jpg\",\"width\":1152,\"height\":768},{\"@type\":\"BreadcrumbList\",\"@id\":\"https:\/\/www.noticiasradioreflejos.com.ar\/2021\/para-semana-santa-ya-tenemos-el-95-de-ocupacion-en-la-comarca\/#breadcrumb\",\"itemListElement\":[{\"@type\":\"ListItem\",\"position\":1,\"name\":\"Portada\",\"item\":\"https:\/\/www.noticiasradioreflejos.com.ar\/2021\/\"},{\"@type\":\"ListItem\",\"position\":2,\"name\":\"\u00abPara Semana Santa, ya tenemos el 95 % de ocupaci\u00f3n en la comarca\u00bb.\"}]},{\"@type\":\"WebSite\",\"@id\":\"https:\/\/www.noticiasradioreflejos.com.ar\/2021\/#website\",\"url\":\"https:\/\/www.noticiasradioreflejos.com.ar\/2021\/\",\"name\":\"Noticias Radio Reflejos\",\"description\":\"Las noticias de mi comarca\",\"potentialAction\":[{\"@type\":\"SearchAction\",\"target\":{\"@type\":\"EntryPoint\",\"urlTemplate\":\"https:\/\/www.noticiasradioreflejos.com.ar\/2021\/?s={search_term_string}\"},\"query-input\":{\"@type\":\"PropertyValueSpecification\",\"valueRequired\":true,\"valueName\":\"search_term_string\"}}],\"inLanguage\":\"es\"},{\"@type\":\"Person\",\"@id\":\"https:\/\/www.noticiasradioreflejos.com.ar\/2021\/#\/schema\/person\/ad82545263dcc5ec0996818884fd5fb1\",\"name\":\"Arnaldo Botto\",\"image\":{\"@type\":\"ImageObject\",\"inLanguage\":\"es\",\"@id\":\"https:\/\/www.noticiasradioreflejos.com.ar\/2021\/#\/schema\/person\/image\/\",\"url\":\"https:\/\/secure.gravatar.com\/avatar\/55cb5e37c1efa326397366e6974cb338056df65cb50e7d64d1cf314e87504837?s=96&d=mm&r=g\",\"contentUrl\":\"https:\/\/secure.gravatar.com\/avatar\/55cb5e37c1efa326397366e6974cb338056df65cb50e7d64d1cf314e87504837?s=96&d=mm&r=g\",\"caption\":\"Arnaldo Botto\"},\"url\":\"https:\/\/www.noticiasradioreflejos.com.ar\/2021\/author\/arnaldo\/\"}]}<\/script>\n<!-- \/ Yoast SEO plugin. -->","yoast_head_json":{"title":"\"Para Semana Santa, ya tenemos el 95 % de ocupaci\u00f3n en la comarca\". - Noticias Radio Reflejos","robots":{"index":"index","follow":"follow","max-snippet":"max-snippet:-1","max-image-preview":"max-image-preview:large","max-video-preview":"max-video-preview:-1"},"canonical":"https:\/\/www.noticiasradioreflejos.com.ar\/2021\/para-semana-santa-ya-tenemos-el-95-de-ocupacion-en-la-comarca\/","og_locale":"es_ES","og_type":"article","og_title":"\"Para Semana Santa, ya tenemos el 95 % de ocupaci\u00f3n en la comarca\". - Noticias Radio Reflejos","og_description":"Durante la ma\u00f1ana de Un Mate y Un Caf\u00e9, el Intendente Municipal Sergio Bordoni abord\u00f3 en FM Reflejos m\u00faltiples tem\u00e1ticas de inter\u00e9s para los ciudadanos del distrito de Tornquist. Entre ellos, Fiesta de la Vendimia, Paro Nacional, Tasas Municipales, Obras P\u00fablicas y Elecciones 2025.","og_url":"https:\/\/www.noticiasradioreflejos.com.ar\/2021\/para-semana-santa-ya-tenemos-el-95-de-ocupacion-en-la-comarca\/","og_site_name":"Noticias Radio Reflejos","article_published_time":"2025-04-09T20:04:56+00:00","og_image":[{"width":1152,"height":768,"url":"https:\/\/www.noticiasradioreflejos.com.ar\/2021\/wp-content\/uploads\/2023\/03\/TURISMO-1.jpg","type":"image\/jpeg"}],"author":"Arnaldo Botto","twitter_card":"summary_large_image","schema":{"@context":"https:\/\/schema.org","@graph":[{"@type":"WebPage","@id":"https:\/\/www.noticiasradioreflejos.com.ar\/2021\/para-semana-santa-ya-tenemos-el-95-de-ocupacion-en-la-comarca\/","url":"https:\/\/www.noticiasradioreflejos.com.ar\/2021\/para-semana-santa-ya-tenemos-el-95-de-ocupacion-en-la-comarca\/","name":"\"Para Semana Santa, ya tenemos el 95 % de ocupaci\u00f3n en la comarca\". - Noticias Radio Reflejos","isPartOf":{"@id":"https:\/\/www.noticiasradioreflejos.com.ar\/2021\/#website"},"primaryImageOfPage":{"@id":"https:\/\/www.noticiasradioreflejos.com.ar\/2021\/para-semana-santa-ya-tenemos-el-95-de-ocupacion-en-la-comarca\/#primaryimage"},"image":{"@id":"https:\/\/www.noticiasradioreflejos.com.ar\/2021\/para-semana-santa-ya-tenemos-el-95-de-ocupacion-en-la-comarca\/#primaryimage"},"thumbnailUrl":"https:\/\/www.noticiasradioreflejos.com.ar\/2021\/wp-content\/uploads\/2023\/03\/TURISMO-1.jpg","datePublished":"2025-04-09T20:04:56+00:00","author":{"@id":"https:\/\/www.noticiasradioreflejos.com.ar\/2021\/#\/schema\/person\/ad82545263dcc5ec0996818884fd5fb1"},"breadcrumb":{"@id":"https:\/\/www.noticiasradioreflejos.com.ar\/2021\/para-semana-santa-ya-tenemos-el-95-de-ocupacion-en-la-comarca\/#breadcrumb"},"inLanguage":"es","potentialAction":[{"@type":"ReadAction","target":["https:\/\/www.noticiasradioreflejos.com.ar\/2021\/para-semana-santa-ya-tenemos-el-95-de-ocupacion-en-la-comarca\/"]}]},{"@type":"ImageObject","inLanguage":"es","@id":"https:\/\/www.noticiasradioreflejos.com.ar\/2021\/para-semana-santa-ya-tenemos-el-95-de-ocupacion-en-la-comarca\/#primaryimage","url":"https:\/\/www.noticiasradioreflejos.com.ar\/2021\/wp-content\/uploads\/2023\/03\/TURISMO-1.jpg","contentUrl":"https:\/\/www.noticiasradioreflejos.com.ar\/2021\/wp-content\/uploads\/2023\/03\/TURISMO-1.jpg","width":1152,"height":768},{"@type":"BreadcrumbList","@id":"https:\/\/www.noticiasradioreflejos.com.ar\/2021\/para-semana-santa-ya-tenemos-el-95-de-ocupacion-en-la-comarca\/#breadcrumb","itemListElement":[{"@type":"ListItem","position":1,"name":"Portada","item":"https:\/\/www.noticiasradioreflejos.com.ar\/2021\/"},{"@type":"ListItem","position":2,"name":"\u00abPara Semana Santa, ya tenemos el 95 % de ocupaci\u00f3n en la comarca\u00bb."}]},{"@type":"WebSite","@id":"https:\/\/www.noticiasradioreflejos.com.ar\/2021\/#website","url":"https:\/\/www.noticiasradioreflejos.com.ar\/2021\/","name":"Noticias Radio Reflejos","description":"Las noticias de mi comarca","potentialAction":[{"@type":"SearchAction","target":{"@type":"EntryPoint","urlTemplate":"https:\/\/www.noticiasradioreflejos.com.ar\/2021\/?s={search_term_string}"},"query-input":{"@type":"PropertyValueSpecification","valueRequired":true,"valueName":"search_term_string"}}],"inLanguage":"es"},{"@type":"Person","@id":"https:\/\/www.noticiasradioreflejos.com.ar\/2021\/#\/schema\/person\/ad82545263dcc5ec0996818884fd5fb1","name":"Arnaldo Botto","image":{"@type":"ImageObject","inLanguage":"es","@id":"https:\/\/www.noticiasradioreflejos.com.ar\/2021\/#\/schema\/person\/image\/","url":"https:\/\/secure.gravatar.com\/avatar\/55cb5e37c1efa326397366e6974cb338056df65cb50e7d64d1cf314e87504837?s=96&d=mm&r=g","contentUrl":"https:\/\/secure.gravatar.com\/avatar\/55cb5e37c1efa326397366e6974cb338056df65cb50e7d64d1cf314e87504837?s=96&d=mm&r=g","caption":"Arnaldo Botto"},"url":"https:\/\/www.noticiasradioreflejos.com.ar\/2021\/author\/arnaldo\/"}]}},"_links":{"self":[{"href":"https:\/\/www.noticiasradioreflejos.com.ar\/2021\/wp-json\/wp\/v2\/posts\/115109","targetHints":{"allow":["GET"]}}],"collection":[{"href":"https:\/\/www.noticiasradioreflejos.com.ar\/2021\/wp-json\/wp\/v2\/posts"}],"about":[{"href":"https:\/\/www.noticiasradioreflejos.com.ar\/2021\/wp-json\/wp\/v2\/types\/post"}],"author":[{"embeddable":true,"href":"https:\/\/www.noticiasradioreflejos.com.ar\/2021\/wp-json\/wp\/v2\/users\/3"}],"replies":[{"embeddable":true,"href":"https:\/\/www.noticiasradioreflejos.com.ar\/2021\/wp-json\/wp\/v2\/comments?post=115109"}],"version-history":[{"count":6,"href":"https:\/\/www.noticiasradioreflejos.com.ar\/2021\/wp-json\/wp\/v2\/posts\/115109\/revisions"}],"predecessor-version":[{"id":115122,"href":"https:\/\/www.noticiasradioreflejos.com.ar\/2021\/wp-json\/wp\/v2\/posts\/115109\/revisions\/115122"}],"wp:featuredmedia":[{"embeddable":true,"href":"https:\/\/www.noticiasradioreflejos.com.ar\/2021\/wp-json\/wp\/v2\/media\/84995"}],"wp:attachment":[{"href":"https:\/\/www.noticiasradioreflejos.com.ar\/2021\/wp-json\/wp\/v2\/media?parent=115109"}],"wp:term":[{"taxonomy":"category","embeddable":true,"href":"https:\/\/www.noticiasradioreflejos.com.ar\/2021\/wp-json\/wp\/v2\/categories?post=115109"},{"taxonomy":"post_tag","embeddable":true,"href":"https:\/\/www.noticiasradioreflejos.com.ar\/2021\/wp-json\/wp\/v2\/tags?post=115109"}],"curies":[{"name":"wp","href":"https:\/\/api.w.org\/{rel}","templated":true}]}}