{"id":114892,"date":"2025-04-03T18:16:42","date_gmt":"2025-04-03T21:16:42","guid":{"rendered":"https:\/\/www.noticiasradioreflejos.com.ar\/2021\/?p=114892"},"modified":"2025-04-03T18:16:42","modified_gmt":"2025-04-03T21:16:42","slug":"javier-rodriguez-milei-desmantela-el-inta-nosotros-apostamos-por-la-ciencia-2","status":"publish","type":"post","link":"https:\/\/www.noticiasradioreflejos.com.ar\/2021\/javier-rodriguez-milei-desmantela-el-inta-nosotros-apostamos-por-la-ciencia-2\/","title":{"rendered":"Javier Rodr\u00edguez: \u00abMilei desmantela el INTA, nosotros apostamos por la ciencia\u00bb"},"content":{"rendered":"<p>Este jueves se llev\u00f3 a cabo la cuarta edici\u00f3n de las Jornadas de Tecnolog\u00edas para el Agro y Producci\u00f3n con Biol\u00f3gicos.<br \/>\n<!--more--><\/p>\n<p>El ministro de Desarrollo Agrario de la provincia de Buenos Aires, Javier Rodr\u00edguez, estuvo este jueves en Tandil participando de la edici\u00f3n n\u00famero cuatro de las Jornadas de Tecnolog\u00edas para el Agro y Producci\u00f3n con Biol\u00f3gicos (Tecnobio), donde critic\u00f3 los ataques del presidente, Javier Milei, a la autonom\u00eda del Instituto Nacional de Tecnolog\u00eda Agropecuaria (INTA): \u00abSe vac\u00eda el rol de la Direcci\u00f3n Nacional y se reestructura el organismo, a espaldas de su misi\u00f3n original\u00bb.<\/p>\n<p>M\u00e1s en detalle, el ministro explic\u00f3: \u00abCon la presi\u00f3n del Gobierno Nacional y el aval de las autoridades pol\u00edticas del INTA, aprobaron una reforma sin precedentes. Una intervenci\u00f3n de hecho que despoja a la Direcci\u00f3n Nacional de sus funciones y facultades establecidas por ley. En casi 70 a\u00f1os de historia, nunca se vio algo as\u00ed\u00bb.<\/p>\n<div class=\"m_-8496111369105812407u-row-container\">\n<div class=\"m_-8496111369105812407u-row\">\n<div>\n<p>Para Javier Rodr\u00edguez, \u00ablo que est\u00e1 en juego no es solo una reforma, sino su funcionamiento e independencia\u00bb. Con ese tono, fue m\u00e1s all\u00e1: \u00abMientras Milei vac\u00eda y desmantela el INTA, nosotros apostamos por la ciencia, la investigaci\u00f3n y la tecnolog\u00eda\u00bb.<\/p>\n<h4>\nEl MDA encabez\u00f3 actividades para mejorar la producci\u00f3n.<\/h4>\n<p>&nbsp;<\/p>\n<p>El evento, llevado a cabo en la Escuela Agrot\u00e9cnica Ram\u00f3n Santamarina, cont\u00f3 con la participaci\u00f3n de m\u00e1s de 25 empresas y entidades, y al menos 12 organismos p\u00fablicos e instituciones del sistema innovador agropecuario.<\/p>\n<p>&nbsp;<\/p>\n<p>El Ministerio de Desarrollo Agrario (MDA) bonaerense encabez\u00f3 actividades como la Ronda de Negocios Internacionales, del que participaron empresarios de Brasil, Uruguay y Bolivia. All\u00ed pudieron reunirse con empresas, sobre todas las PyMEs bonaerenses y diez municipios para establecer intercambios en materia de producci\u00f3n de bioinsumos y exportaciones. La cartera agraria present\u00f3 adem\u00e1s el Curso Presencial para Aplicadores Terrestres de Fitosanitarios y el Certamen para operarios en Pulverizaciones Agr\u00edcolas: Aplicando ConCiencia. Tambi\u00e9n hubo conversaciones sobre ganader\u00eda y agricultura regenerativa y una charla para el manejo responsable de plaguicidas.<\/p>\n<p>&nbsp;<\/p>\n<p>En efecto, este espacio sirvi\u00f3 como punto de encuentro para compartir experiencias, conocimientos y formas de trabajo, generando sinergia entre el sector cient\u00edfico tecnol\u00f3gico, privado y p\u00fablico, para mejorar la producci\u00f3n bonaerense.<\/p>\n<p>&nbsp;<\/p>\n<p><strong>La importancia de las Chacras Experimentales<\/strong><\/p>\n<p>&nbsp;<\/p>\n<p>Desde la cartera de Javier Rodr\u00edguez ya se llevan adelante ensayos y l\u00edneas de investigaci\u00f3n en biotecnolog\u00eda, mejoramiento gen\u00e9tico vegetal y animal, buenas pr\u00e1cticas agr\u00edcolas, agroecolog\u00eda, diversificaci\u00f3n productiva, uso de maquinaria agr\u00edcola y transformaci\u00f3n digital en las 16 Chacras Experimentales que est\u00e1n a su carga.<\/p>\n<p>&nbsp;<\/p>\n<p>En esas chacras se destacan los trabajos con productos biol\u00f3gicos, tanto con bioinsumos o preparados. Esto ocurre en ocho predios ubicados en La Plata, Berazategui, General Alvarado, Rojas, Mercedes, Chascom\u00fas, Coronel Su\u00e1rez y Adolfo Alsina.<\/p>\n<p>&nbsp;<\/p>\n<p>\u00abEstamos orgullosos de seguir apostando por la innovaci\u00f3n, pese a un contexto nacional que parece inclinar la cancha, impidiendo el desarrollo. Insistiremos, y reclamaremos por el vaciamiento del INTA\u00bb, concluy\u00f3 Javier Rodr\u00edguez.<\/p>\n<\/div>\n<\/div>\n<\/div>\n","protected":false},"excerpt":{"rendered":"<p>Este jueves se llev\u00f3 a cabo la cuarta edici\u00f3n de las Jornadas de Tecnolog\u00edas para el Agro y Producci\u00f3n con Biol\u00f3gicos.<\/p>\n","protected":false},"author":3,"featured_media":114896,"comment_status":"closed","ping_status":"closed","sticky":false,"template":"","format":"standard","meta":{"footnotes":""},"categories":[58],"tags":[],"class_list":["post-114892","post","type-post","status-publish","format-standard","has-post-thumbnail","hentry","category-gobierno"],"yoast_head":"<!-- This site is optimized with the Yoast SEO plugin v25.9 - https:\/\/yoast.com\/wordpress\/plugins\/seo\/ -->\n<title>Javier Rodr\u00edguez: &quot;Milei desmantela el INTA, nosotros apostamos por la ciencia&quot; - Noticias Radio Reflejos<\/title>\n<meta name=\"robots\" content=\"index, follow, max-snippet:-1, max-image-preview:large, max-video-preview:-1\" \/>\n<link rel=\"canonical\" href=\"https:\/\/www.noticiasradioreflejos.com.ar\/2021\/javier-rodriguez-milei-desmantela-el-inta-nosotros-apostamos-por-la-ciencia-2\/\" \/>\n<meta property=\"og:locale\" content=\"es_ES\" \/>\n<meta property=\"og:type\" content=\"article\" \/>\n<meta property=\"og:title\" content=\"Javier Rodr\u00edguez: &quot;Milei desmantela el INTA, nosotros apostamos por la ciencia&quot; - Noticias Radio Reflejos\" \/>\n<meta property=\"og:description\" content=\"Este jueves se llev\u00f3 a cabo la cuarta edici\u00f3n de las Jornadas de Tecnolog\u00edas para el Agro y Producci\u00f3n con Biol\u00f3gicos.\" \/>\n<meta property=\"og:url\" content=\"https:\/\/www.noticiasradioreflejos.com.ar\/2021\/javier-rodriguez-milei-desmantela-el-inta-nosotros-apostamos-por-la-ciencia-2\/\" \/>\n<meta property=\"og:site_name\" content=\"Noticias Radio Reflejos\" \/>\n<meta property=\"article:published_time\" content=\"2025-04-03T21:16:42+00:00\" \/>\n<meta property=\"og:image\" content=\"https:\/\/www.noticiasradioreflejos.com.ar\/2021\/wp-content\/uploads\/2025\/04\/javier-Rodriguez.jpg\" \/>\n\t<meta property=\"og:image:width\" content=\"2000\" \/>\n\t<meta property=\"og:image:height\" content=\"1333\" \/>\n\t<meta property=\"og:image:type\" content=\"image\/jpeg\" \/>\n<meta name=\"author\" content=\"Arnaldo Botto\" \/>\n<meta name=\"twitter:card\" content=\"summary_large_image\" \/>\n<script type=\"application\/ld+json\" class=\"yoast-schema-graph\">{\"@context\":\"https:\/\/schema.org\",\"@graph\":[{\"@type\":\"WebPage\",\"@id\":\"https:\/\/www.noticiasradioreflejos.com.ar\/2021\/javier-rodriguez-milei-desmantela-el-inta-nosotros-apostamos-por-la-ciencia-2\/\",\"url\":\"https:\/\/www.noticiasradioreflejos.com.ar\/2021\/javier-rodriguez-milei-desmantela-el-inta-nosotros-apostamos-por-la-ciencia-2\/\",\"name\":\"Javier Rodr\u00edguez: \\\"Milei desmantela el INTA, nosotros apostamos por la ciencia\\\" - Noticias Radio Reflejos\",\"isPartOf\":{\"@id\":\"https:\/\/www.noticiasradioreflejos.com.ar\/2021\/#website\"},\"primaryImageOfPage\":{\"@id\":\"https:\/\/www.noticiasradioreflejos.com.ar\/2021\/javier-rodriguez-milei-desmantela-el-inta-nosotros-apostamos-por-la-ciencia-2\/#primaryimage\"},\"image\":{\"@id\":\"https:\/\/www.noticiasradioreflejos.com.ar\/2021\/javier-rodriguez-milei-desmantela-el-inta-nosotros-apostamos-por-la-ciencia-2\/#primaryimage\"},\"thumbnailUrl\":\"https:\/\/www.noticiasradioreflejos.com.ar\/2021\/wp-content\/uploads\/2025\/04\/javier-Rodriguez.jpg\",\"datePublished\":\"2025-04-03T21:16:42+00:00\",\"author\":{\"@id\":\"https:\/\/www.noticiasradioreflejos.com.ar\/2021\/#\/schema\/person\/ad82545263dcc5ec0996818884fd5fb1\"},\"breadcrumb\":{\"@id\":\"https:\/\/www.noticiasradioreflejos.com.ar\/2021\/javier-rodriguez-milei-desmantela-el-inta-nosotros-apostamos-por-la-ciencia-2\/#breadcrumb\"},\"inLanguage\":\"es\",\"potentialAction\":[{\"@type\":\"ReadAction\",\"target\":[\"https:\/\/www.noticiasradioreflejos.com.ar\/2021\/javier-rodriguez-milei-desmantela-el-inta-nosotros-apostamos-por-la-ciencia-2\/\"]}]},{\"@type\":\"ImageObject\",\"inLanguage\":\"es\",\"@id\":\"https:\/\/www.noticiasradioreflejos.com.ar\/2021\/javier-rodriguez-milei-desmantela-el-inta-nosotros-apostamos-por-la-ciencia-2\/#primaryimage\",\"url\":\"https:\/\/www.noticiasradioreflejos.com.ar\/2021\/wp-content\/uploads\/2025\/04\/javier-Rodriguez.jpg\",\"contentUrl\":\"https:\/\/www.noticiasradioreflejos.com.ar\/2021\/wp-content\/uploads\/2025\/04\/javier-Rodriguez.jpg\",\"width\":2000,\"height\":1333},{\"@type\":\"BreadcrumbList\",\"@id\":\"https:\/\/www.noticiasradioreflejos.com.ar\/2021\/javier-rodriguez-milei-desmantela-el-inta-nosotros-apostamos-por-la-ciencia-2\/#breadcrumb\",\"itemListElement\":[{\"@type\":\"ListItem\",\"position\":1,\"name\":\"Portada\",\"item\":\"https:\/\/www.noticiasradioreflejos.com.ar\/2021\/\"},{\"@type\":\"ListItem\",\"position\":2,\"name\":\"Javier Rodr\u00edguez: \u00abMilei desmantela el INTA, nosotros apostamos por la ciencia\u00bb\"}]},{\"@type\":\"WebSite\",\"@id\":\"https:\/\/www.noticiasradioreflejos.com.ar\/2021\/#website\",\"url\":\"https:\/\/www.noticiasradioreflejos.com.ar\/2021\/\",\"name\":\"Noticias Radio Reflejos\",\"description\":\"Las noticias de mi comarca\",\"potentialAction\":[{\"@type\":\"SearchAction\",\"target\":{\"@type\":\"EntryPoint\",\"urlTemplate\":\"https:\/\/www.noticiasradioreflejos.com.ar\/2021\/?s={search_term_string}\"},\"query-input\":{\"@type\":\"PropertyValueSpecification\",\"valueRequired\":true,\"valueName\":\"search_term_string\"}}],\"inLanguage\":\"es\"},{\"@type\":\"Person\",\"@id\":\"https:\/\/www.noticiasradioreflejos.com.ar\/2021\/#\/schema\/person\/ad82545263dcc5ec0996818884fd5fb1\",\"name\":\"Arnaldo Botto\",\"image\":{\"@type\":\"ImageObject\",\"inLanguage\":\"es\",\"@id\":\"https:\/\/www.noticiasradioreflejos.com.ar\/2021\/#\/schema\/person\/image\/\",\"url\":\"https:\/\/secure.gravatar.com\/avatar\/55cb5e37c1efa326397366e6974cb338056df65cb50e7d64d1cf314e87504837?s=96&d=mm&r=g\",\"contentUrl\":\"https:\/\/secure.gravatar.com\/avatar\/55cb5e37c1efa326397366e6974cb338056df65cb50e7d64d1cf314e87504837?s=96&d=mm&r=g\",\"caption\":\"Arnaldo Botto\"},\"url\":\"https:\/\/www.noticiasradioreflejos.com.ar\/2021\/author\/arnaldo\/\"}]}<\/script>\n<!-- \/ Yoast SEO plugin. -->","yoast_head_json":{"title":"Javier Rodr\u00edguez: \"Milei desmantela el INTA, nosotros apostamos por la ciencia\" - Noticias Radio Reflejos","robots":{"index":"index","follow":"follow","max-snippet":"max-snippet:-1","max-image-preview":"max-image-preview:large","max-video-preview":"max-video-preview:-1"},"canonical":"https:\/\/www.noticiasradioreflejos.com.ar\/2021\/javier-rodriguez-milei-desmantela-el-inta-nosotros-apostamos-por-la-ciencia-2\/","og_locale":"es_ES","og_type":"article","og_title":"Javier Rodr\u00edguez: \"Milei desmantela el INTA, nosotros apostamos por la ciencia\" - Noticias Radio Reflejos","og_description":"Este jueves se llev\u00f3 a cabo la cuarta edici\u00f3n de las Jornadas de Tecnolog\u00edas para el Agro y Producci\u00f3n con Biol\u00f3gicos.","og_url":"https:\/\/www.noticiasradioreflejos.com.ar\/2021\/javier-rodriguez-milei-desmantela-el-inta-nosotros-apostamos-por-la-ciencia-2\/","og_site_name":"Noticias Radio Reflejos","article_published_time":"2025-04-03T21:16:42+00:00","og_image":[{"width":2000,"height":1333,"url":"https:\/\/www.noticiasradioreflejos.com.ar\/2021\/wp-content\/uploads\/2025\/04\/javier-Rodriguez.jpg","type":"image\/jpeg"}],"author":"Arnaldo Botto","twitter_card":"summary_large_image","schema":{"@context":"https:\/\/schema.org","@graph":[{"@type":"WebPage","@id":"https:\/\/www.noticiasradioreflejos.com.ar\/2021\/javier-rodriguez-milei-desmantela-el-inta-nosotros-apostamos-por-la-ciencia-2\/","url":"https:\/\/www.noticiasradioreflejos.com.ar\/2021\/javier-rodriguez-milei-desmantela-el-inta-nosotros-apostamos-por-la-ciencia-2\/","name":"Javier Rodr\u00edguez: \"Milei desmantela el INTA, nosotros apostamos por la ciencia\" - Noticias Radio Reflejos","isPartOf":{"@id":"https:\/\/www.noticiasradioreflejos.com.ar\/2021\/#website"},"primaryImageOfPage":{"@id":"https:\/\/www.noticiasradioreflejos.com.ar\/2021\/javier-rodriguez-milei-desmantela-el-inta-nosotros-apostamos-por-la-ciencia-2\/#primaryimage"},"image":{"@id":"https:\/\/www.noticiasradioreflejos.com.ar\/2021\/javier-rodriguez-milei-desmantela-el-inta-nosotros-apostamos-por-la-ciencia-2\/#primaryimage"},"thumbnailUrl":"https:\/\/www.noticiasradioreflejos.com.ar\/2021\/wp-content\/uploads\/2025\/04\/javier-Rodriguez.jpg","datePublished":"2025-04-03T21:16:42+00:00","author":{"@id":"https:\/\/www.noticiasradioreflejos.com.ar\/2021\/#\/schema\/person\/ad82545263dcc5ec0996818884fd5fb1"},"breadcrumb":{"@id":"https:\/\/www.noticiasradioreflejos.com.ar\/2021\/javier-rodriguez-milei-desmantela-el-inta-nosotros-apostamos-por-la-ciencia-2\/#breadcrumb"},"inLanguage":"es","potentialAction":[{"@type":"ReadAction","target":["https:\/\/www.noticiasradioreflejos.com.ar\/2021\/javier-rodriguez-milei-desmantela-el-inta-nosotros-apostamos-por-la-ciencia-2\/"]}]},{"@type":"ImageObject","inLanguage":"es","@id":"https:\/\/www.noticiasradioreflejos.com.ar\/2021\/javier-rodriguez-milei-desmantela-el-inta-nosotros-apostamos-por-la-ciencia-2\/#primaryimage","url":"https:\/\/www.noticiasradioreflejos.com.ar\/2021\/wp-content\/uploads\/2025\/04\/javier-Rodriguez.jpg","contentUrl":"https:\/\/www.noticiasradioreflejos.com.ar\/2021\/wp-content\/uploads\/2025\/04\/javier-Rodriguez.jpg","width":2000,"height":1333},{"@type":"BreadcrumbList","@id":"https:\/\/www.noticiasradioreflejos.com.ar\/2021\/javier-rodriguez-milei-desmantela-el-inta-nosotros-apostamos-por-la-ciencia-2\/#breadcrumb","itemListElement":[{"@type":"ListItem","position":1,"name":"Portada","item":"https:\/\/www.noticiasradioreflejos.com.ar\/2021\/"},{"@type":"ListItem","position":2,"name":"Javier Rodr\u00edguez: \u00abMilei desmantela el INTA, nosotros apostamos por la ciencia\u00bb"}]},{"@type":"WebSite","@id":"https:\/\/www.noticiasradioreflejos.com.ar\/2021\/#website","url":"https:\/\/www.noticiasradioreflejos.com.ar\/2021\/","name":"Noticias Radio Reflejos","description":"Las noticias de mi comarca","potentialAction":[{"@type":"SearchAction","target":{"@type":"EntryPoint","urlTemplate":"https:\/\/www.noticiasradioreflejos.com.ar\/2021\/?s={search_term_string}"},"query-input":{"@type":"PropertyValueSpecification","valueRequired":true,"valueName":"search_term_string"}}],"inLanguage":"es"},{"@type":"Person","@id":"https:\/\/www.noticiasradioreflejos.com.ar\/2021\/#\/schema\/person\/ad82545263dcc5ec0996818884fd5fb1","name":"Arnaldo Botto","image":{"@type":"ImageObject","inLanguage":"es","@id":"https:\/\/www.noticiasradioreflejos.com.ar\/2021\/#\/schema\/person\/image\/","url":"https:\/\/secure.gravatar.com\/avatar\/55cb5e37c1efa326397366e6974cb338056df65cb50e7d64d1cf314e87504837?s=96&d=mm&r=g","contentUrl":"https:\/\/secure.gravatar.com\/avatar\/55cb5e37c1efa326397366e6974cb338056df65cb50e7d64d1cf314e87504837?s=96&d=mm&r=g","caption":"Arnaldo Botto"},"url":"https:\/\/www.noticiasradioreflejos.com.ar\/2021\/author\/arnaldo\/"}]}},"_links":{"self":[{"href":"https:\/\/www.noticiasradioreflejos.com.ar\/2021\/wp-json\/wp\/v2\/posts\/114892","targetHints":{"allow":["GET"]}}],"collection":[{"href":"https:\/\/www.noticiasradioreflejos.com.ar\/2021\/wp-json\/wp\/v2\/posts"}],"about":[{"href":"https:\/\/www.noticiasradioreflejos.com.ar\/2021\/wp-json\/wp\/v2\/types\/post"}],"author":[{"embeddable":true,"href":"https:\/\/www.noticiasradioreflejos.com.ar\/2021\/wp-json\/wp\/v2\/users\/3"}],"replies":[{"embeddable":true,"href":"https:\/\/www.noticiasradioreflejos.com.ar\/2021\/wp-json\/wp\/v2\/comments?post=114892"}],"version-history":[{"count":1,"href":"https:\/\/www.noticiasradioreflejos.com.ar\/2021\/wp-json\/wp\/v2\/posts\/114892\/revisions"}],"predecessor-version":[{"id":114897,"href":"https:\/\/www.noticiasradioreflejos.com.ar\/2021\/wp-json\/wp\/v2\/posts\/114892\/revisions\/114897"}],"wp:featuredmedia":[{"embeddable":true,"href":"https:\/\/www.noticiasradioreflejos.com.ar\/2021\/wp-json\/wp\/v2\/media\/114896"}],"wp:attachment":[{"href":"https:\/\/www.noticiasradioreflejos.com.ar\/2021\/wp-json\/wp\/v2\/media?parent=114892"}],"wp:term":[{"taxonomy":"category","embeddable":true,"href":"https:\/\/www.noticiasradioreflejos.com.ar\/2021\/wp-json\/wp\/v2\/categories?post=114892"},{"taxonomy":"post_tag","embeddable":true,"href":"https:\/\/www.noticiasradioreflejos.com.ar\/2021\/wp-json\/wp\/v2\/tags?post=114892"}],"curies":[{"name":"wp","href":"https:\/\/api.w.org\/{rel}","templated":true}]}}