{"id":114886,"date":"2025-04-03T16:11:09","date_gmt":"2025-04-03T19:11:09","guid":{"rendered":"https:\/\/www.noticiasradioreflejos.com.ar\/2021\/?p=114886"},"modified":"2025-04-03T16:11:09","modified_gmt":"2025-04-03T19:11:09","slug":"tornquist-municipio-continua-impulsando-la-red-serrana-de-huertas-colaborativas-huertas-de-otono","status":"publish","type":"post","link":"https:\/\/www.noticiasradioreflejos.com.ar\/2021\/tornquist-municipio-continua-impulsando-la-red-serrana-de-huertas-colaborativas-huertas-de-otono\/","title":{"rendered":"Tornquist Municipio contin\u00faa impulsando la Red Serrana de Huertas Colaborativas: huertas de oto\u00f1o."},"content":{"rendered":"<p>Impulsadas por la Secretar\u00eda de Ambiente y Desarrollo Productivo de Tornquist Municipio, con el acompa\u00f1amiento del Ministerio de Ambiente provincial, contin\u00faan en el distrito acciones orientadas a fortalecer la Red Serrana de Huertas Agroecol\u00f3gicas Colaborativas.<!--more--><\/p>\n<p>Durante los meses de abril, mayo y junio iniciar\u00e1 el ciclo \u201chuerta de oto\u00f1o\u201d en Saldungaray y Sierra de la Ventana. Los encuentros se llevar\u00e1n a cabo todos los mi\u00e9rcoles de 14:30 a 17 hs, de manera itinerante y abierta a toda la comunidad. Se trabajar\u00e1 en el dise\u00f1o de una huerta familiar, con la utilizaci\u00f3n de bancales, la instalaci\u00f3n de un estanque, sistema de circulaci\u00f3n de agua, compostera, hortalizas, arom\u00e1ticas, recolecci\u00f3n y banco de semillas locales, y siembra y regeneraci\u00f3n de suelo.<\/p>\n<p>El objetivo de estos talleres es reforzar los v\u00ednculos cooperativos entre los habitantes y acompa\u00f1ar desde la gesti\u00f3n p\u00fablica el desarrollo de la producci\u00f3n agroecol\u00f3gica, se trabaja en la creaci\u00f3n de redes de conexi\u00f3n y apoyo muto en la tem\u00e1tica horticultora, tanto a nivel de producci\u00f3n familiar como institucional, con fines educativos.<\/p>\n<p>Cabe destacar que este es el cuarto a\u00f1o que lleva la Red de Huertas desplaz\u00e1ndose por el distrito donde se impulsaron de manera grupal y colaborativa m\u00e1s de 50 huertas familiares, propiciando el aprendizaje colectivo y facilitando el acceso a la soberan\u00eda alimentaria a los n\u00facleos familiares.<\/p>\n<p>Invitamos a los vecinos a sumarse a la Red Serrana de Huertas Agroecol\u00f3gicas Colaborativas. Aquellos interesados en adherir, pueden hacerlo comunic\u00e1ndose al 2284203290, con Eva Ormazabal, coordinadora del espacio y referente del Ministerio de Desarrollo Agrario de la Provincia de Buenos Aires.<\/p>\n<p><a title=\"huerta de oto\u00f1o ciclo\" href=\"https:\/\/www.flickr.com\/photos\/182279889@N02\/54429037115\/in\/dateposted-public\/\" data-flickr-embed=\"true\"><img loading=\"lazy\" decoding=\"async\" class=\"aligncenter\" src=\"https:\/\/live.staticflickr.com\/65535\/54429037115_b17e0b4ea0_z.jpg\" alt=\"huerta de oto\u00f1o ciclo\" width=\"512\" height=\"640\" \/><\/a><script async src=\"\/\/embedr.flickr.com\/assets\/client-code.js\" charset=\"utf-8\"><\/script><\/p>\n","protected":false},"excerpt":{"rendered":"<p>Impulsadas por la Secretar\u00eda de Ambiente y Desarrollo Productivo de Tornquist Municipio, con el acompa\u00f1amiento del Ministerio de Ambiente provincial, contin\u00faan en el distrito acciones orientadas a fortalecer la Red Serrana de Huertas Agroecol\u00f3gicas Colaborativas.<\/p>\n","protected":false},"author":3,"featured_media":114887,"comment_status":"closed","ping_status":"closed","sticky":false,"template":"","format":"standard","meta":{"footnotes":""},"categories":[28],"tags":[],"class_list":["post-114886","post","type-post","status-publish","format-standard","has-post-thumbnail","hentry","category-municipales"],"yoast_head":"<!-- This site is optimized with the Yoast SEO plugin v25.9 - https:\/\/yoast.com\/wordpress\/plugins\/seo\/ -->\n<title>Tornquist Municipio contin\u00faa impulsando la Red Serrana de Huertas Colaborativas: huertas de oto\u00f1o. - Noticias Radio Reflejos<\/title>\n<meta name=\"robots\" content=\"index, follow, max-snippet:-1, max-image-preview:large, max-video-preview:-1\" \/>\n<link rel=\"canonical\" href=\"https:\/\/www.noticiasradioreflejos.com.ar\/2021\/tornquist-municipio-continua-impulsando-la-red-serrana-de-huertas-colaborativas-huertas-de-otono\/\" \/>\n<meta property=\"og:locale\" content=\"es_ES\" \/>\n<meta property=\"og:type\" content=\"article\" \/>\n<meta property=\"og:title\" content=\"Tornquist Municipio contin\u00faa impulsando la Red Serrana de Huertas Colaborativas: huertas de oto\u00f1o. - Noticias Radio Reflejos\" \/>\n<meta property=\"og:description\" content=\"Impulsadas por la Secretar\u00eda de Ambiente y Desarrollo Productivo de Tornquist Municipio, con el acompa\u00f1amiento del Ministerio de Ambiente provincial, contin\u00faan en el distrito acciones orientadas a fortalecer la Red Serrana de Huertas Agroecol\u00f3gicas Colaborativas.\" \/>\n<meta property=\"og:url\" content=\"https:\/\/www.noticiasradioreflejos.com.ar\/2021\/tornquist-municipio-continua-impulsando-la-red-serrana-de-huertas-colaborativas-huertas-de-otono\/\" \/>\n<meta property=\"og:site_name\" content=\"Noticias Radio Reflejos\" \/>\n<meta property=\"article:published_time\" content=\"2025-04-03T19:11:09+00:00\" \/>\n<meta property=\"og:image\" content=\"https:\/\/www.noticiasradioreflejos.com.ar\/2021\/wp-content\/uploads\/2025\/04\/juerta-otono.jpg\" \/>\n\t<meta property=\"og:image:width\" content=\"1000\" \/>\n\t<meta property=\"og:image:height\" content=\"668\" \/>\n\t<meta property=\"og:image:type\" content=\"image\/jpeg\" \/>\n<meta name=\"author\" content=\"Arnaldo Botto\" \/>\n<meta name=\"twitter:card\" content=\"summary_large_image\" \/>\n<script type=\"application\/ld+json\" class=\"yoast-schema-graph\">{\"@context\":\"https:\/\/schema.org\",\"@graph\":[{\"@type\":\"WebPage\",\"@id\":\"https:\/\/www.noticiasradioreflejos.com.ar\/2021\/tornquist-municipio-continua-impulsando-la-red-serrana-de-huertas-colaborativas-huertas-de-otono\/\",\"url\":\"https:\/\/www.noticiasradioreflejos.com.ar\/2021\/tornquist-municipio-continua-impulsando-la-red-serrana-de-huertas-colaborativas-huertas-de-otono\/\",\"name\":\"Tornquist Municipio contin\u00faa impulsando la Red Serrana de Huertas Colaborativas: huertas de oto\u00f1o. - Noticias Radio Reflejos\",\"isPartOf\":{\"@id\":\"https:\/\/www.noticiasradioreflejos.com.ar\/2021\/#website\"},\"primaryImageOfPage\":{\"@id\":\"https:\/\/www.noticiasradioreflejos.com.ar\/2021\/tornquist-municipio-continua-impulsando-la-red-serrana-de-huertas-colaborativas-huertas-de-otono\/#primaryimage\"},\"image\":{\"@id\":\"https:\/\/www.noticiasradioreflejos.com.ar\/2021\/tornquist-municipio-continua-impulsando-la-red-serrana-de-huertas-colaborativas-huertas-de-otono\/#primaryimage\"},\"thumbnailUrl\":\"https:\/\/www.noticiasradioreflejos.com.ar\/2021\/wp-content\/uploads\/2025\/04\/juerta-otono.jpg\",\"datePublished\":\"2025-04-03T19:11:09+00:00\",\"author\":{\"@id\":\"https:\/\/www.noticiasradioreflejos.com.ar\/2021\/#\/schema\/person\/ad82545263dcc5ec0996818884fd5fb1\"},\"breadcrumb\":{\"@id\":\"https:\/\/www.noticiasradioreflejos.com.ar\/2021\/tornquist-municipio-continua-impulsando-la-red-serrana-de-huertas-colaborativas-huertas-de-otono\/#breadcrumb\"},\"inLanguage\":\"es\",\"potentialAction\":[{\"@type\":\"ReadAction\",\"target\":[\"https:\/\/www.noticiasradioreflejos.com.ar\/2021\/tornquist-municipio-continua-impulsando-la-red-serrana-de-huertas-colaborativas-huertas-de-otono\/\"]}]},{\"@type\":\"ImageObject\",\"inLanguage\":\"es\",\"@id\":\"https:\/\/www.noticiasradioreflejos.com.ar\/2021\/tornquist-municipio-continua-impulsando-la-red-serrana-de-huertas-colaborativas-huertas-de-otono\/#primaryimage\",\"url\":\"https:\/\/www.noticiasradioreflejos.com.ar\/2021\/wp-content\/uploads\/2025\/04\/juerta-otono.jpg\",\"contentUrl\":\"https:\/\/www.noticiasradioreflejos.com.ar\/2021\/wp-content\/uploads\/2025\/04\/juerta-otono.jpg\",\"width\":1000,\"height\":668},{\"@type\":\"BreadcrumbList\",\"@id\":\"https:\/\/www.noticiasradioreflejos.com.ar\/2021\/tornquist-municipio-continua-impulsando-la-red-serrana-de-huertas-colaborativas-huertas-de-otono\/#breadcrumb\",\"itemListElement\":[{\"@type\":\"ListItem\",\"position\":1,\"name\":\"Portada\",\"item\":\"https:\/\/www.noticiasradioreflejos.com.ar\/2021\/\"},{\"@type\":\"ListItem\",\"position\":2,\"name\":\"Tornquist Municipio contin\u00faa impulsando la Red Serrana de Huertas Colaborativas: huertas de oto\u00f1o.\"}]},{\"@type\":\"WebSite\",\"@id\":\"https:\/\/www.noticiasradioreflejos.com.ar\/2021\/#website\",\"url\":\"https:\/\/www.noticiasradioreflejos.com.ar\/2021\/\",\"name\":\"Noticias Radio Reflejos\",\"description\":\"Las noticias de mi comarca\",\"potentialAction\":[{\"@type\":\"SearchAction\",\"target\":{\"@type\":\"EntryPoint\",\"urlTemplate\":\"https:\/\/www.noticiasradioreflejos.com.ar\/2021\/?s={search_term_string}\"},\"query-input\":{\"@type\":\"PropertyValueSpecification\",\"valueRequired\":true,\"valueName\":\"search_term_string\"}}],\"inLanguage\":\"es\"},{\"@type\":\"Person\",\"@id\":\"https:\/\/www.noticiasradioreflejos.com.ar\/2021\/#\/schema\/person\/ad82545263dcc5ec0996818884fd5fb1\",\"name\":\"Arnaldo Botto\",\"image\":{\"@type\":\"ImageObject\",\"inLanguage\":\"es\",\"@id\":\"https:\/\/www.noticiasradioreflejos.com.ar\/2021\/#\/schema\/person\/image\/\",\"url\":\"https:\/\/secure.gravatar.com\/avatar\/55cb5e37c1efa326397366e6974cb338056df65cb50e7d64d1cf314e87504837?s=96&d=mm&r=g\",\"contentUrl\":\"https:\/\/secure.gravatar.com\/avatar\/55cb5e37c1efa326397366e6974cb338056df65cb50e7d64d1cf314e87504837?s=96&d=mm&r=g\",\"caption\":\"Arnaldo Botto\"},\"url\":\"https:\/\/www.noticiasradioreflejos.com.ar\/2021\/author\/arnaldo\/\"}]}<\/script>\n<!-- \/ Yoast SEO plugin. -->","yoast_head_json":{"title":"Tornquist Municipio contin\u00faa impulsando la Red Serrana de Huertas Colaborativas: huertas de oto\u00f1o. - Noticias Radio Reflejos","robots":{"index":"index","follow":"follow","max-snippet":"max-snippet:-1","max-image-preview":"max-image-preview:large","max-video-preview":"max-video-preview:-1"},"canonical":"https:\/\/www.noticiasradioreflejos.com.ar\/2021\/tornquist-municipio-continua-impulsando-la-red-serrana-de-huertas-colaborativas-huertas-de-otono\/","og_locale":"es_ES","og_type":"article","og_title":"Tornquist Municipio contin\u00faa impulsando la Red Serrana de Huertas Colaborativas: huertas de oto\u00f1o. - Noticias Radio Reflejos","og_description":"Impulsadas por la Secretar\u00eda de Ambiente y Desarrollo Productivo de Tornquist Municipio, con el acompa\u00f1amiento del Ministerio de Ambiente provincial, contin\u00faan en el distrito acciones orientadas a fortalecer la Red Serrana de Huertas Agroecol\u00f3gicas Colaborativas.","og_url":"https:\/\/www.noticiasradioreflejos.com.ar\/2021\/tornquist-municipio-continua-impulsando-la-red-serrana-de-huertas-colaborativas-huertas-de-otono\/","og_site_name":"Noticias Radio Reflejos","article_published_time":"2025-04-03T19:11:09+00:00","og_image":[{"width":1000,"height":668,"url":"https:\/\/www.noticiasradioreflejos.com.ar\/2021\/wp-content\/uploads\/2025\/04\/juerta-otono.jpg","type":"image\/jpeg"}],"author":"Arnaldo Botto","twitter_card":"summary_large_image","schema":{"@context":"https:\/\/schema.org","@graph":[{"@type":"WebPage","@id":"https:\/\/www.noticiasradioreflejos.com.ar\/2021\/tornquist-municipio-continua-impulsando-la-red-serrana-de-huertas-colaborativas-huertas-de-otono\/","url":"https:\/\/www.noticiasradioreflejos.com.ar\/2021\/tornquist-municipio-continua-impulsando-la-red-serrana-de-huertas-colaborativas-huertas-de-otono\/","name":"Tornquist Municipio contin\u00faa impulsando la Red Serrana de Huertas Colaborativas: huertas de oto\u00f1o. - Noticias Radio Reflejos","isPartOf":{"@id":"https:\/\/www.noticiasradioreflejos.com.ar\/2021\/#website"},"primaryImageOfPage":{"@id":"https:\/\/www.noticiasradioreflejos.com.ar\/2021\/tornquist-municipio-continua-impulsando-la-red-serrana-de-huertas-colaborativas-huertas-de-otono\/#primaryimage"},"image":{"@id":"https:\/\/www.noticiasradioreflejos.com.ar\/2021\/tornquist-municipio-continua-impulsando-la-red-serrana-de-huertas-colaborativas-huertas-de-otono\/#primaryimage"},"thumbnailUrl":"https:\/\/www.noticiasradioreflejos.com.ar\/2021\/wp-content\/uploads\/2025\/04\/juerta-otono.jpg","datePublished":"2025-04-03T19:11:09+00:00","author":{"@id":"https:\/\/www.noticiasradioreflejos.com.ar\/2021\/#\/schema\/person\/ad82545263dcc5ec0996818884fd5fb1"},"breadcrumb":{"@id":"https:\/\/www.noticiasradioreflejos.com.ar\/2021\/tornquist-municipio-continua-impulsando-la-red-serrana-de-huertas-colaborativas-huertas-de-otono\/#breadcrumb"},"inLanguage":"es","potentialAction":[{"@type":"ReadAction","target":["https:\/\/www.noticiasradioreflejos.com.ar\/2021\/tornquist-municipio-continua-impulsando-la-red-serrana-de-huertas-colaborativas-huertas-de-otono\/"]}]},{"@type":"ImageObject","inLanguage":"es","@id":"https:\/\/www.noticiasradioreflejos.com.ar\/2021\/tornquist-municipio-continua-impulsando-la-red-serrana-de-huertas-colaborativas-huertas-de-otono\/#primaryimage","url":"https:\/\/www.noticiasradioreflejos.com.ar\/2021\/wp-content\/uploads\/2025\/04\/juerta-otono.jpg","contentUrl":"https:\/\/www.noticiasradioreflejos.com.ar\/2021\/wp-content\/uploads\/2025\/04\/juerta-otono.jpg","width":1000,"height":668},{"@type":"BreadcrumbList","@id":"https:\/\/www.noticiasradioreflejos.com.ar\/2021\/tornquist-municipio-continua-impulsando-la-red-serrana-de-huertas-colaborativas-huertas-de-otono\/#breadcrumb","itemListElement":[{"@type":"ListItem","position":1,"name":"Portada","item":"https:\/\/www.noticiasradioreflejos.com.ar\/2021\/"},{"@type":"ListItem","position":2,"name":"Tornquist Municipio contin\u00faa impulsando la Red Serrana de Huertas Colaborativas: huertas de oto\u00f1o."}]},{"@type":"WebSite","@id":"https:\/\/www.noticiasradioreflejos.com.ar\/2021\/#website","url":"https:\/\/www.noticiasradioreflejos.com.ar\/2021\/","name":"Noticias Radio Reflejos","description":"Las noticias de mi comarca","potentialAction":[{"@type":"SearchAction","target":{"@type":"EntryPoint","urlTemplate":"https:\/\/www.noticiasradioreflejos.com.ar\/2021\/?s={search_term_string}"},"query-input":{"@type":"PropertyValueSpecification","valueRequired":true,"valueName":"search_term_string"}}],"inLanguage":"es"},{"@type":"Person","@id":"https:\/\/www.noticiasradioreflejos.com.ar\/2021\/#\/schema\/person\/ad82545263dcc5ec0996818884fd5fb1","name":"Arnaldo Botto","image":{"@type":"ImageObject","inLanguage":"es","@id":"https:\/\/www.noticiasradioreflejos.com.ar\/2021\/#\/schema\/person\/image\/","url":"https:\/\/secure.gravatar.com\/avatar\/55cb5e37c1efa326397366e6974cb338056df65cb50e7d64d1cf314e87504837?s=96&d=mm&r=g","contentUrl":"https:\/\/secure.gravatar.com\/avatar\/55cb5e37c1efa326397366e6974cb338056df65cb50e7d64d1cf314e87504837?s=96&d=mm&r=g","caption":"Arnaldo Botto"},"url":"https:\/\/www.noticiasradioreflejos.com.ar\/2021\/author\/arnaldo\/"}]}},"_links":{"self":[{"href":"https:\/\/www.noticiasradioreflejos.com.ar\/2021\/wp-json\/wp\/v2\/posts\/114886","targetHints":{"allow":["GET"]}}],"collection":[{"href":"https:\/\/www.noticiasradioreflejos.com.ar\/2021\/wp-json\/wp\/v2\/posts"}],"about":[{"href":"https:\/\/www.noticiasradioreflejos.com.ar\/2021\/wp-json\/wp\/v2\/types\/post"}],"author":[{"embeddable":true,"href":"https:\/\/www.noticiasradioreflejos.com.ar\/2021\/wp-json\/wp\/v2\/users\/3"}],"replies":[{"embeddable":true,"href":"https:\/\/www.noticiasradioreflejos.com.ar\/2021\/wp-json\/wp\/v2\/comments?post=114886"}],"version-history":[{"count":1,"href":"https:\/\/www.noticiasradioreflejos.com.ar\/2021\/wp-json\/wp\/v2\/posts\/114886\/revisions"}],"predecessor-version":[{"id":114888,"href":"https:\/\/www.noticiasradioreflejos.com.ar\/2021\/wp-json\/wp\/v2\/posts\/114886\/revisions\/114888"}],"wp:featuredmedia":[{"embeddable":true,"href":"https:\/\/www.noticiasradioreflejos.com.ar\/2021\/wp-json\/wp\/v2\/media\/114887"}],"wp:attachment":[{"href":"https:\/\/www.noticiasradioreflejos.com.ar\/2021\/wp-json\/wp\/v2\/media?parent=114886"}],"wp:term":[{"taxonomy":"category","embeddable":true,"href":"https:\/\/www.noticiasradioreflejos.com.ar\/2021\/wp-json\/wp\/v2\/categories?post=114886"},{"taxonomy":"post_tag","embeddable":true,"href":"https:\/\/www.noticiasradioreflejos.com.ar\/2021\/wp-json\/wp\/v2\/tags?post=114886"}],"curies":[{"name":"wp","href":"https:\/\/api.w.org\/{rel}","templated":true}]}}