{"id":114805,"date":"2025-04-01T20:16:32","date_gmt":"2025-04-01T23:16:32","guid":{"rendered":"https:\/\/www.noticiasradioreflejos.com.ar\/2021\/?p=114805"},"modified":"2025-04-01T20:16:32","modified_gmt":"2025-04-01T23:16:32","slug":"saldungaray-con-proyeccion-a-convertirse-en-capital-salamonica-y-generando-un-pasaporte-bonaerense","status":"publish","type":"post","link":"https:\/\/www.noticiasradioreflejos.com.ar\/2021\/saldungaray-con-proyeccion-a-convertirse-en-capital-salamonica-y-generando-un-pasaporte-bonaerense\/","title":{"rendered":"Saldungaray con proyecci\u00f3n a convertirse en \u00abCapital Salam\u00f3nica\u00bb y generando un pasaporte bonaerense."},"content":{"rendered":"<p>Constanza Del R\u00edo, integrante de ATUCOS, nos informa sobre la nominaci\u00f3n de Saldungaray como Capital Salam\u00f3nica y nos explica c\u00f3mo est\u00e1n trabajando con un Pasaporte Salam\u00f3nico Bonaerense para impulsar el turismo patrimonial en la Provincia.<!--more--><\/p>\n<p>Se realiz\u00f3 una competencia para poder seleccionar la<a href=\"https:\/\/www.instagram.com\/artnouveauargentina?igsh=MXF2cnBtNmVveTJ4Mw==\"><strong> \u00abCiudad Salamone 2025\u00bb<\/strong><\/a>. Constanza menciona que los distritos nominados fueron Pellegrini, Laprida, Azul y el Municipio de Tornquist. \u00abInvitaron a todos los municipios para participar, al cumplirse el centenario de la exposici\u00f3n en Par\u00eds del Art-dec\u00f3\u00bb explica la entrevistada. \u00abQuedaron todos seleccionados. En mayo, en el Teatro Col\u00f3n se va a decidir qui\u00e9n va a ser la Capital Salamone\u00bb.<\/p>\n<p>&nbsp;<\/p>\n<p><a href=\"https:\/\/www.noticiasradioreflejos.com.ar\/2021\/a-60-anos-del-fallecimiento-del-arq-ing-francisco-salmone\/salamone-60-anos\/\" rel=\"attachment wp-att-33642\"><img loading=\"lazy\" decoding=\"async\" class=\"aligncenter size-full wp-image-33642\" src=\"https:\/\/www.noticiasradioreflejos.com.ar\/2021\/wp-content\/uploads\/2019\/08\/Salamone-60-anos.jpg\" alt=\"\" width=\"640\" height=\"405\" srcset=\"https:\/\/www.noticiasradioreflejos.com.ar\/2021\/wp-content\/uploads\/2019\/08\/Salamone-60-anos.jpg 640w, https:\/\/www.noticiasradioreflejos.com.ar\/2021\/wp-content\/uploads\/2019\/08\/Salamone-60-anos-300x190.jpg 300w\" sizes=\"auto, (max-width: 640px) 100vw, 640px\" \/><\/a><\/p>\n<p>Constanza menciona que de 17 municipios que cuentan con obras del Ingeniero Salamone, solo participaron 5 distritos en la mencionada competici\u00f3n. \u00abHab\u00eda que hacer un video mostrando las obras que tenemos y tambi\u00e9n otros atractivos del lugar, ya sea tur\u00edstico, gastron\u00f3mico y las cosas que haya para hacer en nuestro lugar\u00bb comenta los requisitos para participar.<\/p>\n<p>\u00abNos tenemos fe. Somos la \u00fanica localidad que no es cabecera que tiene obras. Tenemos el portal del Cementerio que es patrimonio Nacional y tenemos a uno de los dos mercados municipales en funcionamiento\u00bb comenta Constanza por qu\u00e9 creen desde <a href=\"https:\/\/www.instagram.com\/saldungaray_artdeco\/\"><strong>ATUCOS que Saldungaray<\/strong><\/a> tiene grandes posibilidades de ganar la nominaci\u00f3n.<\/p>\n<p>\u00abTodo esto nos sirve a la difusi\u00f3n de estas obras que son \u00fanicas. Es la mejor manera de empezar a cuidarlas\u00bb expresa la entrevistada.<\/p>\n<p><a href=\"https:\/\/www.noticiasradioreflejos.com.ar\/2021\/constanza-del-rio-para-nosotros-ya-ganamos\/salamone-saldungaray-2\/\" rel=\"attachment wp-att-102894\"><img loading=\"lazy\" decoding=\"async\" class=\"aligncenter size-full wp-image-102894\" src=\"https:\/\/www.noticiasradioreflejos.com.ar\/2021\/wp-content\/uploads\/2024\/05\/Salamone-Saldungaray-2.jpeg\" alt=\"\" width=\"1280\" height=\"1280\" srcset=\"https:\/\/www.noticiasradioreflejos.com.ar\/2021\/wp-content\/uploads\/2024\/05\/Salamone-Saldungaray-2.jpeg 1280w, https:\/\/www.noticiasradioreflejos.com.ar\/2021\/wp-content\/uploads\/2024\/05\/Salamone-Saldungaray-2-300x300.jpeg 300w, https:\/\/www.noticiasradioreflejos.com.ar\/2021\/wp-content\/uploads\/2024\/05\/Salamone-Saldungaray-2-1024x1024.jpeg 1024w, https:\/\/www.noticiasradioreflejos.com.ar\/2021\/wp-content\/uploads\/2024\/05\/Salamone-Saldungaray-2-150x150.jpeg 150w, https:\/\/www.noticiasradioreflejos.com.ar\/2021\/wp-content\/uploads\/2024\/05\/Salamone-Saldungaray-2-768x768.jpeg 768w, https:\/\/www.noticiasradioreflejos.com.ar\/2021\/wp-content\/uploads\/2024\/05\/Salamone-Saldungaray-2-75x75.jpeg 75w, https:\/\/www.noticiasradioreflejos.com.ar\/2021\/wp-content\/uploads\/2024\/05\/Salamone-Saldungaray-2-750x750.jpeg 750w, https:\/\/www.noticiasradioreflejos.com.ar\/2021\/wp-content\/uploads\/2024\/05\/Salamone-Saldungaray-2-1140x1140.jpeg 1140w\" sizes=\"auto, (max-width: 1280px) 100vw, 1280px\" \/><\/a><\/p>\n<h4>Pasaporte Salam\u00f3nico<\/h4>\n<p>\u00abNos encontramos los tres municipios trabajando en conjunto para poder sacar el <strong>Pasaporte Salam\u00f3nico Bonaerense<\/strong>\u00bb hace referencia a los distritos de Laprida, Azul y Tornquist, donde est\u00e1n los otros dos centros de interpretaci\u00f3n. \u00abEs una manera de impulsar estos espacios que han sido por tantos a\u00f1os, invisibilizados\u00bb comparte el prop\u00f3sito del proyecto.<\/p>\n<p>\u00abSer\u00eda un pasaporte f\u00edsico, una libretita. Cada municipio trabajar\u00eda con un puesto de sellado. Ahora seguimos en el proceso de dise\u00f1o del pasaporte y esos pasaportes se podr\u00e1n adquirir en los centros de interpretaci\u00f3n\u00bb menciona c\u00f3mo ser\u00e1 la log\u00edstica del mismo. \u00abEl precio a\u00fan no lo tenemos. Tampoco es que queremos ganar plata con eso, es para impulsar el turismo patrimonial en Buenos Aires\u00bb agrega.<\/p>\n<p>&nbsp;<\/p>\n<p><iframe loading=\"lazy\" src=\"https:\/\/w.soundcloud.com\/player\/?url=https%3A\/\/api.soundcloud.com\/tracks\/2068393372&amp;color=%23ff5500&amp;auto_play=false&amp;hide_related=false&amp;show_comments=true&amp;show_user=true&amp;show_reposts=false&amp;show_teaser=true\" width=\"100%\" height=\"166\" frameborder=\"no\" scrolling=\"no\"><\/iframe><\/p>\n<div style=\"font-size: 10px; color: #cccccc; line-break: anywhere; word-break: normal; overflow: hidden; white-space: nowrap; text-overflow: ellipsis; font-family: Interstate,Lucida Grande,Lucida Sans Unicode,Lucida Sans,Garuda,Verdana,Tahoma,sans-serif; font-weight: 100;\"><a style=\"color: #cccccc; text-decoration: none;\" title=\"fmreflejos 103.7\" href=\"https:\/\/soundcloud.com\/fmreflejos-103-7\" target=\"_blank\" rel=\"noopener\">fmreflejos 103.7<\/a> \u00b7 <a style=\"color: #cccccc; text-decoration: none;\" title=\"Constansa del rio 1-4\" href=\"https:\/\/soundcloud.com\/fmreflejos-103-7\/constansa-del-rio-1-4\" target=\"_blank\" rel=\"noopener\">Constansa del rio 1-4<\/a><\/div>\n","protected":false},"excerpt":{"rendered":"<p>Constanza Del R\u00edo, integrante de ATUCOS, nos informa sobre la nominaci\u00f3n de Saldungaray como Capital Salam\u00f3nica y nos explica c\u00f3mo est\u00e1n trabajando con un Pasaporte Salam\u00f3nico Bonaerense para impulsar el turismo patrimonial en la Provincia.<\/p>\n","protected":false},"author":3,"featured_media":0,"comment_status":"closed","ping_status":"closed","sticky":false,"template":"","format":"standard","meta":{"footnotes":""},"categories":[35,33],"tags":[48],"class_list":["post-114805","post","type-post","status-publish","format-standard","hentry","category-cultura","category-turismo","tag-destacada"],"yoast_head":"<!-- This site is optimized with the Yoast SEO plugin v25.9 - https:\/\/yoast.com\/wordpress\/plugins\/seo\/ -->\n<title>Saldungaray con proyecci\u00f3n a convertirse en &quot;Capital Salam\u00f3nica&quot; y generando un pasaporte bonaerense. - Noticias Radio Reflejos<\/title>\n<meta name=\"robots\" content=\"index, follow, max-snippet:-1, max-image-preview:large, max-video-preview:-1\" \/>\n<link rel=\"canonical\" href=\"https:\/\/www.noticiasradioreflejos.com.ar\/2021\/saldungaray-con-proyeccion-a-convertirse-en-capital-salamonica-y-generando-un-pasaporte-bonaerense\/\" \/>\n<meta property=\"og:locale\" content=\"es_ES\" \/>\n<meta property=\"og:type\" content=\"article\" \/>\n<meta property=\"og:title\" content=\"Saldungaray con proyecci\u00f3n a convertirse en &quot;Capital Salam\u00f3nica&quot; y generando un pasaporte bonaerense. - Noticias Radio Reflejos\" \/>\n<meta property=\"og:description\" content=\"Constanza Del R\u00edo, integrante de ATUCOS, nos informa sobre la nominaci\u00f3n de Saldungaray como Capital Salam\u00f3nica y nos explica c\u00f3mo est\u00e1n trabajando con un Pasaporte Salam\u00f3nico Bonaerense para impulsar el turismo patrimonial en la Provincia.\" \/>\n<meta property=\"og:url\" content=\"https:\/\/www.noticiasradioreflejos.com.ar\/2021\/saldungaray-con-proyeccion-a-convertirse-en-capital-salamonica-y-generando-un-pasaporte-bonaerense\/\" \/>\n<meta property=\"og:site_name\" content=\"Noticias Radio Reflejos\" \/>\n<meta property=\"article:published_time\" content=\"2025-04-01T23:16:32+00:00\" \/>\n<meta property=\"og:image\" content=\"https:\/\/www.noticiasradioreflejos.com.ar\/2021\/wp-content\/uploads\/2019\/08\/Salamone-60-anos.jpg\" \/>\n<meta name=\"author\" content=\"Arnaldo Botto\" \/>\n<meta name=\"twitter:card\" content=\"summary_large_image\" \/>\n<script type=\"application\/ld+json\" class=\"yoast-schema-graph\">{\"@context\":\"https:\/\/schema.org\",\"@graph\":[{\"@type\":\"WebPage\",\"@id\":\"https:\/\/www.noticiasradioreflejos.com.ar\/2021\/saldungaray-con-proyeccion-a-convertirse-en-capital-salamonica-y-generando-un-pasaporte-bonaerense\/\",\"url\":\"https:\/\/www.noticiasradioreflejos.com.ar\/2021\/saldungaray-con-proyeccion-a-convertirse-en-capital-salamonica-y-generando-un-pasaporte-bonaerense\/\",\"name\":\"Saldungaray con proyecci\u00f3n a convertirse en \\\"Capital Salam\u00f3nica\\\" y generando un pasaporte bonaerense. - Noticias Radio Reflejos\",\"isPartOf\":{\"@id\":\"https:\/\/www.noticiasradioreflejos.com.ar\/2021\/#website\"},\"primaryImageOfPage\":{\"@id\":\"https:\/\/www.noticiasradioreflejos.com.ar\/2021\/saldungaray-con-proyeccion-a-convertirse-en-capital-salamonica-y-generando-un-pasaporte-bonaerense\/#primaryimage\"},\"image\":{\"@id\":\"https:\/\/www.noticiasradioreflejos.com.ar\/2021\/saldungaray-con-proyeccion-a-convertirse-en-capital-salamonica-y-generando-un-pasaporte-bonaerense\/#primaryimage\"},\"thumbnailUrl\":\"https:\/\/www.noticiasradioreflejos.com.ar\/2021\/wp-content\/uploads\/2019\/08\/Salamone-60-anos.jpg\",\"datePublished\":\"2025-04-01T23:16:32+00:00\",\"author\":{\"@id\":\"https:\/\/www.noticiasradioreflejos.com.ar\/2021\/#\/schema\/person\/ad82545263dcc5ec0996818884fd5fb1\"},\"breadcrumb\":{\"@id\":\"https:\/\/www.noticiasradioreflejos.com.ar\/2021\/saldungaray-con-proyeccion-a-convertirse-en-capital-salamonica-y-generando-un-pasaporte-bonaerense\/#breadcrumb\"},\"inLanguage\":\"es\",\"potentialAction\":[{\"@type\":\"ReadAction\",\"target\":[\"https:\/\/www.noticiasradioreflejos.com.ar\/2021\/saldungaray-con-proyeccion-a-convertirse-en-capital-salamonica-y-generando-un-pasaporte-bonaerense\/\"]}]},{\"@type\":\"ImageObject\",\"inLanguage\":\"es\",\"@id\":\"https:\/\/www.noticiasradioreflejos.com.ar\/2021\/saldungaray-con-proyeccion-a-convertirse-en-capital-salamonica-y-generando-un-pasaporte-bonaerense\/#primaryimage\",\"url\":\"https:\/\/www.noticiasradioreflejos.com.ar\/2021\/wp-content\/uploads\/2019\/08\/Salamone-60-anos.jpg\",\"contentUrl\":\"https:\/\/www.noticiasradioreflejos.com.ar\/2021\/wp-content\/uploads\/2019\/08\/Salamone-60-anos.jpg\",\"width\":640,\"height\":405},{\"@type\":\"BreadcrumbList\",\"@id\":\"https:\/\/www.noticiasradioreflejos.com.ar\/2021\/saldungaray-con-proyeccion-a-convertirse-en-capital-salamonica-y-generando-un-pasaporte-bonaerense\/#breadcrumb\",\"itemListElement\":[{\"@type\":\"ListItem\",\"position\":1,\"name\":\"Portada\",\"item\":\"https:\/\/www.noticiasradioreflejos.com.ar\/2021\/\"},{\"@type\":\"ListItem\",\"position\":2,\"name\":\"Saldungaray con proyecci\u00f3n a convertirse en \u00abCapital Salam\u00f3nica\u00bb y generando un pasaporte bonaerense.\"}]},{\"@type\":\"WebSite\",\"@id\":\"https:\/\/www.noticiasradioreflejos.com.ar\/2021\/#website\",\"url\":\"https:\/\/www.noticiasradioreflejos.com.ar\/2021\/\",\"name\":\"Noticias Radio Reflejos\",\"description\":\"Las noticias de mi comarca\",\"potentialAction\":[{\"@type\":\"SearchAction\",\"target\":{\"@type\":\"EntryPoint\",\"urlTemplate\":\"https:\/\/www.noticiasradioreflejos.com.ar\/2021\/?s={search_term_string}\"},\"query-input\":{\"@type\":\"PropertyValueSpecification\",\"valueRequired\":true,\"valueName\":\"search_term_string\"}}],\"inLanguage\":\"es\"},{\"@type\":\"Person\",\"@id\":\"https:\/\/www.noticiasradioreflejos.com.ar\/2021\/#\/schema\/person\/ad82545263dcc5ec0996818884fd5fb1\",\"name\":\"Arnaldo Botto\",\"image\":{\"@type\":\"ImageObject\",\"inLanguage\":\"es\",\"@id\":\"https:\/\/www.noticiasradioreflejos.com.ar\/2021\/#\/schema\/person\/image\/\",\"url\":\"https:\/\/secure.gravatar.com\/avatar\/55cb5e37c1efa326397366e6974cb338056df65cb50e7d64d1cf314e87504837?s=96&d=mm&r=g\",\"contentUrl\":\"https:\/\/secure.gravatar.com\/avatar\/55cb5e37c1efa326397366e6974cb338056df65cb50e7d64d1cf314e87504837?s=96&d=mm&r=g\",\"caption\":\"Arnaldo Botto\"},\"url\":\"https:\/\/www.noticiasradioreflejos.com.ar\/2021\/author\/arnaldo\/\"}]}<\/script>\n<!-- \/ Yoast SEO plugin. -->","yoast_head_json":{"title":"Saldungaray con proyecci\u00f3n a convertirse en \"Capital Salam\u00f3nica\" y generando un pasaporte bonaerense. - Noticias Radio Reflejos","robots":{"index":"index","follow":"follow","max-snippet":"max-snippet:-1","max-image-preview":"max-image-preview:large","max-video-preview":"max-video-preview:-1"},"canonical":"https:\/\/www.noticiasradioreflejos.com.ar\/2021\/saldungaray-con-proyeccion-a-convertirse-en-capital-salamonica-y-generando-un-pasaporte-bonaerense\/","og_locale":"es_ES","og_type":"article","og_title":"Saldungaray con proyecci\u00f3n a convertirse en \"Capital Salam\u00f3nica\" y generando un pasaporte bonaerense. - Noticias Radio Reflejos","og_description":"Constanza Del R\u00edo, integrante de ATUCOS, nos informa sobre la nominaci\u00f3n de Saldungaray como Capital Salam\u00f3nica y nos explica c\u00f3mo est\u00e1n trabajando con un Pasaporte Salam\u00f3nico Bonaerense para impulsar el turismo patrimonial en la Provincia.","og_url":"https:\/\/www.noticiasradioreflejos.com.ar\/2021\/saldungaray-con-proyeccion-a-convertirse-en-capital-salamonica-y-generando-un-pasaporte-bonaerense\/","og_site_name":"Noticias Radio Reflejos","article_published_time":"2025-04-01T23:16:32+00:00","og_image":[{"url":"https:\/\/www.noticiasradioreflejos.com.ar\/2021\/wp-content\/uploads\/2019\/08\/Salamone-60-anos.jpg","type":"","width":"","height":""}],"author":"Arnaldo Botto","twitter_card":"summary_large_image","schema":{"@context":"https:\/\/schema.org","@graph":[{"@type":"WebPage","@id":"https:\/\/www.noticiasradioreflejos.com.ar\/2021\/saldungaray-con-proyeccion-a-convertirse-en-capital-salamonica-y-generando-un-pasaporte-bonaerense\/","url":"https:\/\/www.noticiasradioreflejos.com.ar\/2021\/saldungaray-con-proyeccion-a-convertirse-en-capital-salamonica-y-generando-un-pasaporte-bonaerense\/","name":"Saldungaray con proyecci\u00f3n a convertirse en \"Capital Salam\u00f3nica\" y generando un pasaporte bonaerense. - Noticias Radio Reflejos","isPartOf":{"@id":"https:\/\/www.noticiasradioreflejos.com.ar\/2021\/#website"},"primaryImageOfPage":{"@id":"https:\/\/www.noticiasradioreflejos.com.ar\/2021\/saldungaray-con-proyeccion-a-convertirse-en-capital-salamonica-y-generando-un-pasaporte-bonaerense\/#primaryimage"},"image":{"@id":"https:\/\/www.noticiasradioreflejos.com.ar\/2021\/saldungaray-con-proyeccion-a-convertirse-en-capital-salamonica-y-generando-un-pasaporte-bonaerense\/#primaryimage"},"thumbnailUrl":"https:\/\/www.noticiasradioreflejos.com.ar\/2021\/wp-content\/uploads\/2019\/08\/Salamone-60-anos.jpg","datePublished":"2025-04-01T23:16:32+00:00","author":{"@id":"https:\/\/www.noticiasradioreflejos.com.ar\/2021\/#\/schema\/person\/ad82545263dcc5ec0996818884fd5fb1"},"breadcrumb":{"@id":"https:\/\/www.noticiasradioreflejos.com.ar\/2021\/saldungaray-con-proyeccion-a-convertirse-en-capital-salamonica-y-generando-un-pasaporte-bonaerense\/#breadcrumb"},"inLanguage":"es","potentialAction":[{"@type":"ReadAction","target":["https:\/\/www.noticiasradioreflejos.com.ar\/2021\/saldungaray-con-proyeccion-a-convertirse-en-capital-salamonica-y-generando-un-pasaporte-bonaerense\/"]}]},{"@type":"ImageObject","inLanguage":"es","@id":"https:\/\/www.noticiasradioreflejos.com.ar\/2021\/saldungaray-con-proyeccion-a-convertirse-en-capital-salamonica-y-generando-un-pasaporte-bonaerense\/#primaryimage","url":"https:\/\/www.noticiasradioreflejos.com.ar\/2021\/wp-content\/uploads\/2019\/08\/Salamone-60-anos.jpg","contentUrl":"https:\/\/www.noticiasradioreflejos.com.ar\/2021\/wp-content\/uploads\/2019\/08\/Salamone-60-anos.jpg","width":640,"height":405},{"@type":"BreadcrumbList","@id":"https:\/\/www.noticiasradioreflejos.com.ar\/2021\/saldungaray-con-proyeccion-a-convertirse-en-capital-salamonica-y-generando-un-pasaporte-bonaerense\/#breadcrumb","itemListElement":[{"@type":"ListItem","position":1,"name":"Portada","item":"https:\/\/www.noticiasradioreflejos.com.ar\/2021\/"},{"@type":"ListItem","position":2,"name":"Saldungaray con proyecci\u00f3n a convertirse en \u00abCapital Salam\u00f3nica\u00bb y generando un pasaporte bonaerense."}]},{"@type":"WebSite","@id":"https:\/\/www.noticiasradioreflejos.com.ar\/2021\/#website","url":"https:\/\/www.noticiasradioreflejos.com.ar\/2021\/","name":"Noticias Radio Reflejos","description":"Las noticias de mi comarca","potentialAction":[{"@type":"SearchAction","target":{"@type":"EntryPoint","urlTemplate":"https:\/\/www.noticiasradioreflejos.com.ar\/2021\/?s={search_term_string}"},"query-input":{"@type":"PropertyValueSpecification","valueRequired":true,"valueName":"search_term_string"}}],"inLanguage":"es"},{"@type":"Person","@id":"https:\/\/www.noticiasradioreflejos.com.ar\/2021\/#\/schema\/person\/ad82545263dcc5ec0996818884fd5fb1","name":"Arnaldo Botto","image":{"@type":"ImageObject","inLanguage":"es","@id":"https:\/\/www.noticiasradioreflejos.com.ar\/2021\/#\/schema\/person\/image\/","url":"https:\/\/secure.gravatar.com\/avatar\/55cb5e37c1efa326397366e6974cb338056df65cb50e7d64d1cf314e87504837?s=96&d=mm&r=g","contentUrl":"https:\/\/secure.gravatar.com\/avatar\/55cb5e37c1efa326397366e6974cb338056df65cb50e7d64d1cf314e87504837?s=96&d=mm&r=g","caption":"Arnaldo Botto"},"url":"https:\/\/www.noticiasradioreflejos.com.ar\/2021\/author\/arnaldo\/"}]}},"_links":{"self":[{"href":"https:\/\/www.noticiasradioreflejos.com.ar\/2021\/wp-json\/wp\/v2\/posts\/114805","targetHints":{"allow":["GET"]}}],"collection":[{"href":"https:\/\/www.noticiasradioreflejos.com.ar\/2021\/wp-json\/wp\/v2\/posts"}],"about":[{"href":"https:\/\/www.noticiasradioreflejos.com.ar\/2021\/wp-json\/wp\/v2\/types\/post"}],"author":[{"embeddable":true,"href":"https:\/\/www.noticiasradioreflejos.com.ar\/2021\/wp-json\/wp\/v2\/users\/3"}],"replies":[{"embeddable":true,"href":"https:\/\/www.noticiasradioreflejos.com.ar\/2021\/wp-json\/wp\/v2\/comments?post=114805"}],"version-history":[{"count":5,"href":"https:\/\/www.noticiasradioreflejos.com.ar\/2021\/wp-json\/wp\/v2\/posts\/114805\/revisions"}],"predecessor-version":[{"id":114814,"href":"https:\/\/www.noticiasradioreflejos.com.ar\/2021\/wp-json\/wp\/v2\/posts\/114805\/revisions\/114814"}],"wp:attachment":[{"href":"https:\/\/www.noticiasradioreflejos.com.ar\/2021\/wp-json\/wp\/v2\/media?parent=114805"}],"wp:term":[{"taxonomy":"category","embeddable":true,"href":"https:\/\/www.noticiasradioreflejos.com.ar\/2021\/wp-json\/wp\/v2\/categories?post=114805"},{"taxonomy":"post_tag","embeddable":true,"href":"https:\/\/www.noticiasradioreflejos.com.ar\/2021\/wp-json\/wp\/v2\/tags?post=114805"}],"curies":[{"name":"wp","href":"https:\/\/api.w.org\/{rel}","templated":true}]}}