{"id":114705,"date":"2025-03-30T10:28:16","date_gmt":"2025-03-30T13:28:16","guid":{"rendered":"https:\/\/www.noticiasradioreflejos.com.ar\/2021\/?p=114705"},"modified":"2025-03-30T12:06:59","modified_gmt":"2025-03-30T15:06:59","slug":"luto-en-uruguay-fallecio-alvaro-mangino-uno-de-los-sobrevivientes-de-la-tragedia-de-los-andes","status":"publish","type":"post","link":"https:\/\/www.noticiasradioreflejos.com.ar\/2021\/luto-en-uruguay-fallecio-alvaro-mangino-uno-de-los-sobrevivientes-de-la-tragedia-de-los-andes\/","title":{"rendered":"Luto en Uruguay: falleci\u00f3 \u00c1lvaro Mangino, uno de los sobrevivientes de la Tragedia de los Andes"},"content":{"rendered":"<p>Su muerte fue confirmada por fuentes cercanas a la familia, aunque no se han revelado detalles sobre las causas. Ten\u00eda 71 a\u00f1os.<!--more-->El mundo recuerda con pesar a<strong>\u00a0\u00c1lvaro Mangino Schmid, uno de los 16 sobrevivientes de la Tragedia de los Andes en 1972<\/strong>, quien\u00a0<strong>falleci\u00f3 este s\u00e1bado en Montevideo<\/strong>, un d\u00eda antes de cumplir 72 a\u00f1os.<\/p>\n<div class=\"columns\" data-tadevel-template=\"web\/article-columns\">\n<div class=\"column-main\">\n<div class=\"article-body\" data-tadevel-template=\"web\/article-body\">\n<div class=\"article-body-content\">\n<p><strong>Su muerte fue confirmada por fuentes cercanas a la familia<\/strong>, aunque no se han revelado detalles sobre las causas. El a\u00f1o pasado \u00e9l hab\u00eda revelado que sufr\u00eda complicaciones derivadas de una neumon\u00eda que le cost\u00f3 superar.<\/p>\n<p>Mangino, con apenas 19 a\u00f1os, no formaba parte del equipo de rugby Old Christian, pero fue invitado a \u00faltimo momento por el capit\u00e1n Marcelo P\u00e9rez del Castillo. \u00ab<strong>Fui por dos amigos con los que nos ve\u00edamos bastante en esa \u00e9poca, eran del Christians&#8230; Yo tampoco iba a ir, pero me llam\u00f3 Marcelo P\u00e9rez, me hizo ir a la casa y me convenci\u00f3<\/strong>\u00ab, relat\u00f3 Mangino en una entrevista, recordando c\u00f3mo estuvo a punto de no subirse al fat\u00eddico avi\u00f3n.<\/p>\n<h4><strong>72 d\u00edas de lucha y supervivencia<\/strong><\/h4>\n<p>En la monta\u00f1a, Mangino sufri\u00f3 fracturas de tibia y peron\u00e9 izquierdo, lo que lo oblig\u00f3 a permanecer en hamacas improvisadas.\u00a0<strong>Tras 72 d\u00edas de aislamiento y extrema adversidad, fue rescatado junto a otros 15 sobrevivientes<\/strong>.<\/p>\n<p>Despu\u00e9s de la tragedia,\u00a0<strong>Mangino se cas\u00f3 con Margarita Arocena, con quien tuvo cuatro hijos<\/strong>. Se form\u00f3 como t\u00e9cnico agropecuario, fue empresario y dedic\u00f3 parte de su vida a dar conferencias.<\/p>\n<h4><strong>El \u00faltimo adi\u00f3s a la Cordillera<\/strong><\/h4>\n<p>En un emotivo posteo en Instagram el a\u00f1o pasado, Mangino comparti\u00f3 una foto de su \u00faltimo regreso a la Cordillera de los Andes. \u00ab<strong>Esta foto me la sacaron en el campamento base despu\u00e9s de subir por \u00faltima vez al lugar del accidente&#8230; Me gusta pensar que era una se\u00f1al de mis amigos que se quedaron en la monta\u00f1a, de que estaban contentos de que los hab\u00edamos ido a visitar<\/strong>\u00ab, escribi\u00f3.<\/p>\n<p>En el mismo posteo, Mangino revel\u00f3 sus problemas de salud: \u00ab<strong>Estoy con algunos problemas de salud\u00a0<\/strong>porque me agarr\u00e9 una neumon\u00eda en enero y me est\u00e1 llevando m\u00e1s tiempo recuperar capacidad pulmonar\u00bb.<\/p>\n<\/div>\n<p>&nbsp;<\/p>\n<div class=\"article-body-content\">\n<blockquote class=\"instagram-media\" style=\"background: #FFF; border: 0; border-radius: 3px; box-shadow: 0 0 1px 0 rgba(0,0,0,0.5),0 1px 10px 0 rgba(0,0,0,0.15); margin: 1px; max-width: 540px; min-width: 326px; padding: 0; width: calc(100% - 2px);\" data-instgrm-captioned=\"\" data-instgrm-permalink=\"https:\/\/www.instagram.com\/p\/C3jRR3JAT7n\/?utm_source=ig_embed&amp;utm_campaign=loading\" data-instgrm-version=\"14\">\n<div style=\"padding: 16px;\">\n<p>&nbsp;<\/p>\n<div style=\"display: flex; flex-direction: row; align-items: center;\">\n<div style=\"background-color: #f4f4f4; border-radius: 50%; flex-grow: 0; height: 40px; margin-right: 14px; width: 40px;\"><\/div>\n<div style=\"display: flex; flex-direction: column; flex-grow: 1; justify-content: center;\">\n<div style=\"background-color: #f4f4f4; border-radius: 4px; flex-grow: 0; height: 14px; margin-bottom: 6px; width: 100px;\"><\/div>\n<div style=\"background-color: #f4f4f4; border-radius: 4px; flex-grow: 0; height: 14px; width: 60px;\"><\/div>\n<\/div>\n<\/div>\n<div style=\"padding: 19% 0;\"><\/div>\n<div style=\"display: block; height: 50px; margin: 0 auto 12px; width: 50px;\"><\/div>\n<div style=\"padding-top: 8px;\">\n<div style=\"color: #3897f0; font-family: Arial,sans-serif; font-size: 14px; font-style: normal; font-weight: 550; line-height: 18px;\">Ver esta publicaci\u00f3n en Instagram<\/div>\n<\/div>\n<div style=\"padding: 12.5% 0;\"><\/div>\n<div style=\"display: flex; flex-direction: row; margin-bottom: 14px; align-items: center;\">\n<div>\n<div style=\"background-color: #f4f4f4; border-radius: 50%; height: 12.5px; width: 12.5px; transform: translateX(0px) translateY(7px);\"><\/div>\n<div style=\"background-color: #f4f4f4; height: 12.5px; transform: rotate(-45deg) translateX(3px) translateY(1px); width: 12.5px; flex-grow: 0; margin-right: 14px; margin-left: 2px;\"><\/div>\n<div style=\"background-color: #f4f4f4; border-radius: 50%; height: 12.5px; width: 12.5px; transform: translateX(9px) translateY(-18px);\"><\/div>\n<\/div>\n<div style=\"margin-left: 8px;\">\n<div style=\"background-color: #f4f4f4; border-radius: 50%; flex-grow: 0; height: 20px; width: 20px;\"><\/div>\n<div style=\"width: 0; height: 0; border-top: 2px solid transparent; border-left: 6px solid #f4f4f4; border-bottom: 2px solid transparent; transform: translateX(16px) translateY(-4px) rotate(30deg);\"><\/div>\n<\/div>\n<div style=\"margin-left: auto;\">\n<div style=\"width: 0px; border-top: 8px solid #F4F4F4; border-right: 8px solid transparent; transform: translateY(16px);\"><\/div>\n<div style=\"background-color: #f4f4f4; flex-grow: 0; height: 12px; width: 16px; transform: translateY(-4px);\"><\/div>\n<div style=\"width: 0; height: 0; border-top: 8px solid #F4F4F4; border-left: 8px solid transparent; transform: translateY(-4px) translateX(8px);\"><\/div>\n<\/div>\n<\/div>\n<div style=\"display: flex; flex-direction: column; flex-grow: 1; justify-content: center; margin-bottom: 24px;\">\n<div style=\"background-color: #f4f4f4; border-radius: 4px; flex-grow: 0; height: 14px; margin-bottom: 6px; width: 224px;\"><\/div>\n<div style=\"background-color: #f4f4f4; border-radius: 4px; flex-grow: 0; height: 14px; width: 144px;\"><\/div>\n<\/div>\n<p>&nbsp;<\/p>\n<p style=\"color: #c9c8cd; font-family: Arial,sans-serif; font-size: 14px; line-height: 17px; margin-bottom: 0; margin-top: 8px; overflow: hidden; padding: 8px 0 7px; text-align: center; text-overflow: ellipsis; white-space: nowrap;\"><a style=\"color: #c9c8cd; font-family: Arial,sans-serif; font-size: 14px; font-style: normal; font-weight: normal; line-height: 17px; text-decoration: none;\" href=\"https:\/\/www.instagram.com\/p\/C3jRR3JAT7n\/?utm_source=ig_embed&amp;utm_campaign=loading\" target=\"_blank\" rel=\"noopener\">Una publicaci\u00f3n compartida de Alvaro Mangino Schmid (@alvaromangino.oficial)<\/a><\/p>\n<\/div>\n<\/blockquote>\n<p><script async src=\"\/\/www.instagram.com\/embed.js\"><\/script><br \/>\n<strong>Fuente NA<\/strong><\/p>\n<\/div>\n<\/div>\n<\/div>\n<\/div>\n","protected":false},"excerpt":{"rendered":"<p>Su muerte fue confirmada por fuentes cercanas a la familia, aunque no se han revelado detalles sobre las causas. Ten\u00eda 71 a\u00f1os.<\/p>\n","protected":false},"author":3,"featured_media":114706,"comment_status":"closed","ping_status":"closed","sticky":false,"template":"","format":"standard","meta":{"footnotes":""},"categories":[26],"tags":[],"class_list":["post-114705","post","type-post","status-publish","format-standard","has-post-thumbnail","hentry","category-sociedad"],"yoast_head":"<!-- This site is optimized with the Yoast SEO plugin v25.9 - https:\/\/yoast.com\/wordpress\/plugins\/seo\/ -->\n<title>Luto en Uruguay: falleci\u00f3 \u00c1lvaro Mangino, uno de los sobrevivientes de la Tragedia de los Andes - Noticias Radio Reflejos<\/title>\n<meta name=\"robots\" content=\"index, follow, max-snippet:-1, max-image-preview:large, max-video-preview:-1\" \/>\n<link rel=\"canonical\" href=\"https:\/\/www.noticiasradioreflejos.com.ar\/2021\/luto-en-uruguay-fallecio-alvaro-mangino-uno-de-los-sobrevivientes-de-la-tragedia-de-los-andes\/\" \/>\n<meta property=\"og:locale\" content=\"es_ES\" \/>\n<meta property=\"og:type\" content=\"article\" \/>\n<meta property=\"og:title\" content=\"Luto en Uruguay: falleci\u00f3 \u00c1lvaro Mangino, uno de los sobrevivientes de la Tragedia de los Andes - Noticias Radio Reflejos\" \/>\n<meta property=\"og:description\" content=\"Su muerte fue confirmada por fuentes cercanas a la familia, aunque no se han revelado detalles sobre las causas. Ten\u00eda 71 a\u00f1os.\" \/>\n<meta property=\"og:url\" content=\"https:\/\/www.noticiasradioreflejos.com.ar\/2021\/luto-en-uruguay-fallecio-alvaro-mangino-uno-de-los-sobrevivientes-de-la-tragedia-de-los-andes\/\" \/>\n<meta property=\"og:site_name\" content=\"Noticias Radio Reflejos\" \/>\n<meta property=\"article:published_time\" content=\"2025-03-30T13:28:16+00:00\" \/>\n<meta property=\"article:modified_time\" content=\"2025-03-30T15:06:59+00:00\" \/>\n<meta property=\"og:image\" content=\"https:\/\/www.noticiasradioreflejos.com.ar\/2021\/wp-content\/uploads\/2025\/03\/Mangino.jpg\" \/>\n\t<meta property=\"og:image:width\" content=\"640\" \/>\n\t<meta property=\"og:image:height\" content=\"336\" \/>\n\t<meta property=\"og:image:type\" content=\"image\/jpeg\" \/>\n<meta name=\"author\" content=\"Arnaldo Botto\" \/>\n<meta name=\"twitter:card\" content=\"summary_large_image\" \/>\n<script type=\"application\/ld+json\" class=\"yoast-schema-graph\">{\"@context\":\"https:\/\/schema.org\",\"@graph\":[{\"@type\":\"WebPage\",\"@id\":\"https:\/\/www.noticiasradioreflejos.com.ar\/2021\/luto-en-uruguay-fallecio-alvaro-mangino-uno-de-los-sobrevivientes-de-la-tragedia-de-los-andes\/\",\"url\":\"https:\/\/www.noticiasradioreflejos.com.ar\/2021\/luto-en-uruguay-fallecio-alvaro-mangino-uno-de-los-sobrevivientes-de-la-tragedia-de-los-andes\/\",\"name\":\"Luto en Uruguay: falleci\u00f3 \u00c1lvaro Mangino, uno de los sobrevivientes de la Tragedia de los Andes - Noticias Radio Reflejos\",\"isPartOf\":{\"@id\":\"https:\/\/www.noticiasradioreflejos.com.ar\/2021\/#website\"},\"primaryImageOfPage\":{\"@id\":\"https:\/\/www.noticiasradioreflejos.com.ar\/2021\/luto-en-uruguay-fallecio-alvaro-mangino-uno-de-los-sobrevivientes-de-la-tragedia-de-los-andes\/#primaryimage\"},\"image\":{\"@id\":\"https:\/\/www.noticiasradioreflejos.com.ar\/2021\/luto-en-uruguay-fallecio-alvaro-mangino-uno-de-los-sobrevivientes-de-la-tragedia-de-los-andes\/#primaryimage\"},\"thumbnailUrl\":\"https:\/\/www.noticiasradioreflejos.com.ar\/2021\/wp-content\/uploads\/2025\/03\/Mangino.jpg\",\"datePublished\":\"2025-03-30T13:28:16+00:00\",\"dateModified\":\"2025-03-30T15:06:59+00:00\",\"author\":{\"@id\":\"https:\/\/www.noticiasradioreflejos.com.ar\/2021\/#\/schema\/person\/ad82545263dcc5ec0996818884fd5fb1\"},\"breadcrumb\":{\"@id\":\"https:\/\/www.noticiasradioreflejos.com.ar\/2021\/luto-en-uruguay-fallecio-alvaro-mangino-uno-de-los-sobrevivientes-de-la-tragedia-de-los-andes\/#breadcrumb\"},\"inLanguage\":\"es\",\"potentialAction\":[{\"@type\":\"ReadAction\",\"target\":[\"https:\/\/www.noticiasradioreflejos.com.ar\/2021\/luto-en-uruguay-fallecio-alvaro-mangino-uno-de-los-sobrevivientes-de-la-tragedia-de-los-andes\/\"]}]},{\"@type\":\"ImageObject\",\"inLanguage\":\"es\",\"@id\":\"https:\/\/www.noticiasradioreflejos.com.ar\/2021\/luto-en-uruguay-fallecio-alvaro-mangino-uno-de-los-sobrevivientes-de-la-tragedia-de-los-andes\/#primaryimage\",\"url\":\"https:\/\/www.noticiasradioreflejos.com.ar\/2021\/wp-content\/uploads\/2025\/03\/Mangino.jpg\",\"contentUrl\":\"https:\/\/www.noticiasradioreflejos.com.ar\/2021\/wp-content\/uploads\/2025\/03\/Mangino.jpg\",\"width\":640,\"height\":336},{\"@type\":\"BreadcrumbList\",\"@id\":\"https:\/\/www.noticiasradioreflejos.com.ar\/2021\/luto-en-uruguay-fallecio-alvaro-mangino-uno-de-los-sobrevivientes-de-la-tragedia-de-los-andes\/#breadcrumb\",\"itemListElement\":[{\"@type\":\"ListItem\",\"position\":1,\"name\":\"Portada\",\"item\":\"https:\/\/www.noticiasradioreflejos.com.ar\/2021\/\"},{\"@type\":\"ListItem\",\"position\":2,\"name\":\"Luto en Uruguay: falleci\u00f3 \u00c1lvaro Mangino, uno de los sobrevivientes de la Tragedia de los Andes\"}]},{\"@type\":\"WebSite\",\"@id\":\"https:\/\/www.noticiasradioreflejos.com.ar\/2021\/#website\",\"url\":\"https:\/\/www.noticiasradioreflejos.com.ar\/2021\/\",\"name\":\"Noticias Radio Reflejos\",\"description\":\"Las noticias de mi comarca\",\"potentialAction\":[{\"@type\":\"SearchAction\",\"target\":{\"@type\":\"EntryPoint\",\"urlTemplate\":\"https:\/\/www.noticiasradioreflejos.com.ar\/2021\/?s={search_term_string}\"},\"query-input\":{\"@type\":\"PropertyValueSpecification\",\"valueRequired\":true,\"valueName\":\"search_term_string\"}}],\"inLanguage\":\"es\"},{\"@type\":\"Person\",\"@id\":\"https:\/\/www.noticiasradioreflejos.com.ar\/2021\/#\/schema\/person\/ad82545263dcc5ec0996818884fd5fb1\",\"name\":\"Arnaldo Botto\",\"image\":{\"@type\":\"ImageObject\",\"inLanguage\":\"es\",\"@id\":\"https:\/\/www.noticiasradioreflejos.com.ar\/2021\/#\/schema\/person\/image\/\",\"url\":\"https:\/\/secure.gravatar.com\/avatar\/55cb5e37c1efa326397366e6974cb338056df65cb50e7d64d1cf314e87504837?s=96&d=mm&r=g\",\"contentUrl\":\"https:\/\/secure.gravatar.com\/avatar\/55cb5e37c1efa326397366e6974cb338056df65cb50e7d64d1cf314e87504837?s=96&d=mm&r=g\",\"caption\":\"Arnaldo Botto\"},\"url\":\"https:\/\/www.noticiasradioreflejos.com.ar\/2021\/author\/arnaldo\/\"}]}<\/script>\n<!-- \/ Yoast SEO plugin. -->","yoast_head_json":{"title":"Luto en Uruguay: falleci\u00f3 \u00c1lvaro Mangino, uno de los sobrevivientes de la Tragedia de los Andes - Noticias Radio Reflejos","robots":{"index":"index","follow":"follow","max-snippet":"max-snippet:-1","max-image-preview":"max-image-preview:large","max-video-preview":"max-video-preview:-1"},"canonical":"https:\/\/www.noticiasradioreflejos.com.ar\/2021\/luto-en-uruguay-fallecio-alvaro-mangino-uno-de-los-sobrevivientes-de-la-tragedia-de-los-andes\/","og_locale":"es_ES","og_type":"article","og_title":"Luto en Uruguay: falleci\u00f3 \u00c1lvaro Mangino, uno de los sobrevivientes de la Tragedia de los Andes - Noticias Radio Reflejos","og_description":"Su muerte fue confirmada por fuentes cercanas a la familia, aunque no se han revelado detalles sobre las causas. Ten\u00eda 71 a\u00f1os.","og_url":"https:\/\/www.noticiasradioreflejos.com.ar\/2021\/luto-en-uruguay-fallecio-alvaro-mangino-uno-de-los-sobrevivientes-de-la-tragedia-de-los-andes\/","og_site_name":"Noticias Radio Reflejos","article_published_time":"2025-03-30T13:28:16+00:00","article_modified_time":"2025-03-30T15:06:59+00:00","og_image":[{"width":640,"height":336,"url":"https:\/\/www.noticiasradioreflejos.com.ar\/2021\/wp-content\/uploads\/2025\/03\/Mangino.jpg","type":"image\/jpeg"}],"author":"Arnaldo Botto","twitter_card":"summary_large_image","schema":{"@context":"https:\/\/schema.org","@graph":[{"@type":"WebPage","@id":"https:\/\/www.noticiasradioreflejos.com.ar\/2021\/luto-en-uruguay-fallecio-alvaro-mangino-uno-de-los-sobrevivientes-de-la-tragedia-de-los-andes\/","url":"https:\/\/www.noticiasradioreflejos.com.ar\/2021\/luto-en-uruguay-fallecio-alvaro-mangino-uno-de-los-sobrevivientes-de-la-tragedia-de-los-andes\/","name":"Luto en Uruguay: falleci\u00f3 \u00c1lvaro Mangino, uno de los sobrevivientes de la Tragedia de los Andes - Noticias Radio Reflejos","isPartOf":{"@id":"https:\/\/www.noticiasradioreflejos.com.ar\/2021\/#website"},"primaryImageOfPage":{"@id":"https:\/\/www.noticiasradioreflejos.com.ar\/2021\/luto-en-uruguay-fallecio-alvaro-mangino-uno-de-los-sobrevivientes-de-la-tragedia-de-los-andes\/#primaryimage"},"image":{"@id":"https:\/\/www.noticiasradioreflejos.com.ar\/2021\/luto-en-uruguay-fallecio-alvaro-mangino-uno-de-los-sobrevivientes-de-la-tragedia-de-los-andes\/#primaryimage"},"thumbnailUrl":"https:\/\/www.noticiasradioreflejos.com.ar\/2021\/wp-content\/uploads\/2025\/03\/Mangino.jpg","datePublished":"2025-03-30T13:28:16+00:00","dateModified":"2025-03-30T15:06:59+00:00","author":{"@id":"https:\/\/www.noticiasradioreflejos.com.ar\/2021\/#\/schema\/person\/ad82545263dcc5ec0996818884fd5fb1"},"breadcrumb":{"@id":"https:\/\/www.noticiasradioreflejos.com.ar\/2021\/luto-en-uruguay-fallecio-alvaro-mangino-uno-de-los-sobrevivientes-de-la-tragedia-de-los-andes\/#breadcrumb"},"inLanguage":"es","potentialAction":[{"@type":"ReadAction","target":["https:\/\/www.noticiasradioreflejos.com.ar\/2021\/luto-en-uruguay-fallecio-alvaro-mangino-uno-de-los-sobrevivientes-de-la-tragedia-de-los-andes\/"]}]},{"@type":"ImageObject","inLanguage":"es","@id":"https:\/\/www.noticiasradioreflejos.com.ar\/2021\/luto-en-uruguay-fallecio-alvaro-mangino-uno-de-los-sobrevivientes-de-la-tragedia-de-los-andes\/#primaryimage","url":"https:\/\/www.noticiasradioreflejos.com.ar\/2021\/wp-content\/uploads\/2025\/03\/Mangino.jpg","contentUrl":"https:\/\/www.noticiasradioreflejos.com.ar\/2021\/wp-content\/uploads\/2025\/03\/Mangino.jpg","width":640,"height":336},{"@type":"BreadcrumbList","@id":"https:\/\/www.noticiasradioreflejos.com.ar\/2021\/luto-en-uruguay-fallecio-alvaro-mangino-uno-de-los-sobrevivientes-de-la-tragedia-de-los-andes\/#breadcrumb","itemListElement":[{"@type":"ListItem","position":1,"name":"Portada","item":"https:\/\/www.noticiasradioreflejos.com.ar\/2021\/"},{"@type":"ListItem","position":2,"name":"Luto en Uruguay: falleci\u00f3 \u00c1lvaro Mangino, uno de los sobrevivientes de la Tragedia de los Andes"}]},{"@type":"WebSite","@id":"https:\/\/www.noticiasradioreflejos.com.ar\/2021\/#website","url":"https:\/\/www.noticiasradioreflejos.com.ar\/2021\/","name":"Noticias Radio Reflejos","description":"Las noticias de mi comarca","potentialAction":[{"@type":"SearchAction","target":{"@type":"EntryPoint","urlTemplate":"https:\/\/www.noticiasradioreflejos.com.ar\/2021\/?s={search_term_string}"},"query-input":{"@type":"PropertyValueSpecification","valueRequired":true,"valueName":"search_term_string"}}],"inLanguage":"es"},{"@type":"Person","@id":"https:\/\/www.noticiasradioreflejos.com.ar\/2021\/#\/schema\/person\/ad82545263dcc5ec0996818884fd5fb1","name":"Arnaldo Botto","image":{"@type":"ImageObject","inLanguage":"es","@id":"https:\/\/www.noticiasradioreflejos.com.ar\/2021\/#\/schema\/person\/image\/","url":"https:\/\/secure.gravatar.com\/avatar\/55cb5e37c1efa326397366e6974cb338056df65cb50e7d64d1cf314e87504837?s=96&d=mm&r=g","contentUrl":"https:\/\/secure.gravatar.com\/avatar\/55cb5e37c1efa326397366e6974cb338056df65cb50e7d64d1cf314e87504837?s=96&d=mm&r=g","caption":"Arnaldo Botto"},"url":"https:\/\/www.noticiasradioreflejos.com.ar\/2021\/author\/arnaldo\/"}]}},"_links":{"self":[{"href":"https:\/\/www.noticiasradioreflejos.com.ar\/2021\/wp-json\/wp\/v2\/posts\/114705","targetHints":{"allow":["GET"]}}],"collection":[{"href":"https:\/\/www.noticiasradioreflejos.com.ar\/2021\/wp-json\/wp\/v2\/posts"}],"about":[{"href":"https:\/\/www.noticiasradioreflejos.com.ar\/2021\/wp-json\/wp\/v2\/types\/post"}],"author":[{"embeddable":true,"href":"https:\/\/www.noticiasradioreflejos.com.ar\/2021\/wp-json\/wp\/v2\/users\/3"}],"replies":[{"embeddable":true,"href":"https:\/\/www.noticiasradioreflejos.com.ar\/2021\/wp-json\/wp\/v2\/comments?post=114705"}],"version-history":[{"count":1,"href":"https:\/\/www.noticiasradioreflejos.com.ar\/2021\/wp-json\/wp\/v2\/posts\/114705\/revisions"}],"predecessor-version":[{"id":114707,"href":"https:\/\/www.noticiasradioreflejos.com.ar\/2021\/wp-json\/wp\/v2\/posts\/114705\/revisions\/114707"}],"wp:featuredmedia":[{"embeddable":true,"href":"https:\/\/www.noticiasradioreflejos.com.ar\/2021\/wp-json\/wp\/v2\/media\/114706"}],"wp:attachment":[{"href":"https:\/\/www.noticiasradioreflejos.com.ar\/2021\/wp-json\/wp\/v2\/media?parent=114705"}],"wp:term":[{"taxonomy":"category","embeddable":true,"href":"https:\/\/www.noticiasradioreflejos.com.ar\/2021\/wp-json\/wp\/v2\/categories?post=114705"},{"taxonomy":"post_tag","embeddable":true,"href":"https:\/\/www.noticiasradioreflejos.com.ar\/2021\/wp-json\/wp\/v2\/tags?post=114705"}],"curies":[{"name":"wp","href":"https:\/\/api.w.org\/{rel}","templated":true}]}}