{"id":114702,"date":"2025-03-30T09:57:07","date_gmt":"2025-03-30T12:57:07","guid":{"rendered":"https:\/\/www.noticiasradioreflejos.com.ar\/2021\/?p=114702"},"modified":"2025-03-30T09:57:07","modified_gmt":"2025-03-30T12:57:07","slug":"se-incendio-una-cabana-de-madera-en-el-cerro-ceferino","status":"publish","type":"post","link":"https:\/\/www.noticiasradioreflejos.com.ar\/2021\/se-incendio-una-cabana-de-madera-en-el-cerro-ceferino\/","title":{"rendered":"Se incendi\u00f3 una caba\u00f1a de madera en el Cerro Ceferino."},"content":{"rendered":"<p>La vivienda fue consumida \u00edntegramente por el fuego y no hab\u00eda moradores en el lugar.<\/p>\n<p><!--more--><\/p>\n<p>Durante la madrugada de esta domingo una vivienda de dos plantas tom\u00f3 fuego en el Barrio Cerro Ceferino sobre calle los Lirios.<\/p>\n<p>A las 5,40 hs\u00a0 los vecinos dieron alerta a los bomberos voluntarios locales porque observaron el fuego en una caba\u00f1a de madera y 2 pisos con un incendio generalizado. Los propietarios son de Bah\u00eda Blanca.<\/p>\n<p>Bomberos trabaj\u00f3 hasta las 8,10 de la ma\u00f1ana con 5 dotaciones para que no afecte los domicilios vecinos y lograron extinguir el incendio;\u00a0 quedando como resultado una destrucci\u00f3n total del edificio que solo ten\u00eda un ba\u00f1o en mamposter\u00eda mientras que el resto de la vivienda estaba construida totalmente en madera.<\/p>\n<p><strong>M\u00f3viles que asistieron:<\/strong><\/p>\n<p>\u2022 M\u00f3vil 10 (unidad pesada de rescate) a cargo Of. 3ro. Santiago Polvara 2do. Jefe Cuerpo Activo.<br \/>\n\u2022 M\u00f3vil 11 (unidad liviana) a cargo Oficial 3ro Guillermo Cabezas.<br \/>\n\u2022 M\u00f3vil 19 (unidad pesada de abastecimiento), a cargo de Subayudante Nicolas Reyes.<br \/>\n\u2022 M\u00f3vil 18 (unidad liviana) a cargo del Subcomandante Marcos Weinbender jefe del cuerpo activo.<br \/>\n\u2022 M\u00f3vil 4003 (unidad pesada) a cargo de Ayudante Oscar Caballero.<\/p>\n<p>Finalizaci\u00f3n del Evento: 30\/03\/2025, 08:10hs.<\/p>\n","protected":false},"excerpt":{"rendered":"<p>La vivienda fue consumida \u00edntegramente por el fuego y no hab\u00eda moradores en el lugar.<\/p>\n","protected":false},"author":3,"featured_media":114703,"comment_status":"closed","ping_status":"closed","sticky":false,"template":"","format":"standard","meta":{"footnotes":""},"categories":[29],"tags":[48],"class_list":["post-114702","post","type-post","status-publish","format-standard","has-post-thumbnail","hentry","category-policiales","tag-destacada"],"yoast_head":"<!-- This site is optimized with the Yoast SEO plugin v25.9 - https:\/\/yoast.com\/wordpress\/plugins\/seo\/ -->\n<title>Se incendi\u00f3 una caba\u00f1a de madera en el Cerro Ceferino. - Noticias Radio Reflejos<\/title>\n<meta name=\"robots\" content=\"index, follow, max-snippet:-1, max-image-preview:large, max-video-preview:-1\" \/>\n<link rel=\"canonical\" href=\"https:\/\/www.noticiasradioreflejos.com.ar\/2021\/se-incendio-una-cabana-de-madera-en-el-cerro-ceferino\/\" \/>\n<meta property=\"og:locale\" content=\"es_ES\" \/>\n<meta property=\"og:type\" content=\"article\" \/>\n<meta property=\"og:title\" content=\"Se incendi\u00f3 una caba\u00f1a de madera en el Cerro Ceferino. - Noticias Radio Reflejos\" \/>\n<meta property=\"og:description\" content=\"La vivienda fue consumida \u00edntegramente por el fuego y no hab\u00eda moradores en el lugar.\" \/>\n<meta property=\"og:url\" content=\"https:\/\/www.noticiasradioreflejos.com.ar\/2021\/se-incendio-una-cabana-de-madera-en-el-cerro-ceferino\/\" \/>\n<meta property=\"og:site_name\" content=\"Noticias Radio Reflejos\" \/>\n<meta property=\"article:published_time\" content=\"2025-03-30T12:57:07+00:00\" \/>\n<meta property=\"og:image\" content=\"https:\/\/www.noticiasradioreflejos.com.ar\/2021\/wp-content\/uploads\/2025\/03\/incendio-cerro-ceferino.jpeg\" \/>\n\t<meta property=\"og:image:width\" content=\"1204\" \/>\n\t<meta property=\"og:image:height\" content=\"1599\" \/>\n\t<meta property=\"og:image:type\" content=\"image\/jpeg\" \/>\n<meta name=\"author\" content=\"Arnaldo Botto\" \/>\n<meta name=\"twitter:card\" content=\"summary_large_image\" \/>\n<script type=\"application\/ld+json\" class=\"yoast-schema-graph\">{\"@context\":\"https:\/\/schema.org\",\"@graph\":[{\"@type\":\"WebPage\",\"@id\":\"https:\/\/www.noticiasradioreflejos.com.ar\/2021\/se-incendio-una-cabana-de-madera-en-el-cerro-ceferino\/\",\"url\":\"https:\/\/www.noticiasradioreflejos.com.ar\/2021\/se-incendio-una-cabana-de-madera-en-el-cerro-ceferino\/\",\"name\":\"Se incendi\u00f3 una caba\u00f1a de madera en el Cerro Ceferino. - Noticias Radio Reflejos\",\"isPartOf\":{\"@id\":\"https:\/\/www.noticiasradioreflejos.com.ar\/2021\/#website\"},\"primaryImageOfPage\":{\"@id\":\"https:\/\/www.noticiasradioreflejos.com.ar\/2021\/se-incendio-una-cabana-de-madera-en-el-cerro-ceferino\/#primaryimage\"},\"image\":{\"@id\":\"https:\/\/www.noticiasradioreflejos.com.ar\/2021\/se-incendio-una-cabana-de-madera-en-el-cerro-ceferino\/#primaryimage\"},\"thumbnailUrl\":\"https:\/\/www.noticiasradioreflejos.com.ar\/2021\/wp-content\/uploads\/2025\/03\/incendio-cerro-ceferino.jpeg\",\"datePublished\":\"2025-03-30T12:57:07+00:00\",\"author\":{\"@id\":\"https:\/\/www.noticiasradioreflejos.com.ar\/2021\/#\/schema\/person\/ad82545263dcc5ec0996818884fd5fb1\"},\"breadcrumb\":{\"@id\":\"https:\/\/www.noticiasradioreflejos.com.ar\/2021\/se-incendio-una-cabana-de-madera-en-el-cerro-ceferino\/#breadcrumb\"},\"inLanguage\":\"es\",\"potentialAction\":[{\"@type\":\"ReadAction\",\"target\":[\"https:\/\/www.noticiasradioreflejos.com.ar\/2021\/se-incendio-una-cabana-de-madera-en-el-cerro-ceferino\/\"]}]},{\"@type\":\"ImageObject\",\"inLanguage\":\"es\",\"@id\":\"https:\/\/www.noticiasradioreflejos.com.ar\/2021\/se-incendio-una-cabana-de-madera-en-el-cerro-ceferino\/#primaryimage\",\"url\":\"https:\/\/www.noticiasradioreflejos.com.ar\/2021\/wp-content\/uploads\/2025\/03\/incendio-cerro-ceferino.jpeg\",\"contentUrl\":\"https:\/\/www.noticiasradioreflejos.com.ar\/2021\/wp-content\/uploads\/2025\/03\/incendio-cerro-ceferino.jpeg\",\"width\":1204,\"height\":1599},{\"@type\":\"BreadcrumbList\",\"@id\":\"https:\/\/www.noticiasradioreflejos.com.ar\/2021\/se-incendio-una-cabana-de-madera-en-el-cerro-ceferino\/#breadcrumb\",\"itemListElement\":[{\"@type\":\"ListItem\",\"position\":1,\"name\":\"Portada\",\"item\":\"https:\/\/www.noticiasradioreflejos.com.ar\/2021\/\"},{\"@type\":\"ListItem\",\"position\":2,\"name\":\"Se incendi\u00f3 una caba\u00f1a de madera en el Cerro Ceferino.\"}]},{\"@type\":\"WebSite\",\"@id\":\"https:\/\/www.noticiasradioreflejos.com.ar\/2021\/#website\",\"url\":\"https:\/\/www.noticiasradioreflejos.com.ar\/2021\/\",\"name\":\"Noticias Radio Reflejos\",\"description\":\"Las noticias de mi comarca\",\"potentialAction\":[{\"@type\":\"SearchAction\",\"target\":{\"@type\":\"EntryPoint\",\"urlTemplate\":\"https:\/\/www.noticiasradioreflejos.com.ar\/2021\/?s={search_term_string}\"},\"query-input\":{\"@type\":\"PropertyValueSpecification\",\"valueRequired\":true,\"valueName\":\"search_term_string\"}}],\"inLanguage\":\"es\"},{\"@type\":\"Person\",\"@id\":\"https:\/\/www.noticiasradioreflejos.com.ar\/2021\/#\/schema\/person\/ad82545263dcc5ec0996818884fd5fb1\",\"name\":\"Arnaldo Botto\",\"image\":{\"@type\":\"ImageObject\",\"inLanguage\":\"es\",\"@id\":\"https:\/\/www.noticiasradioreflejos.com.ar\/2021\/#\/schema\/person\/image\/\",\"url\":\"https:\/\/secure.gravatar.com\/avatar\/55cb5e37c1efa326397366e6974cb338056df65cb50e7d64d1cf314e87504837?s=96&d=mm&r=g\",\"contentUrl\":\"https:\/\/secure.gravatar.com\/avatar\/55cb5e37c1efa326397366e6974cb338056df65cb50e7d64d1cf314e87504837?s=96&d=mm&r=g\",\"caption\":\"Arnaldo Botto\"},\"url\":\"https:\/\/www.noticiasradioreflejos.com.ar\/2021\/author\/arnaldo\/\"}]}<\/script>\n<!-- \/ Yoast SEO plugin. -->","yoast_head_json":{"title":"Se incendi\u00f3 una caba\u00f1a de madera en el Cerro Ceferino. - Noticias Radio Reflejos","robots":{"index":"index","follow":"follow","max-snippet":"max-snippet:-1","max-image-preview":"max-image-preview:large","max-video-preview":"max-video-preview:-1"},"canonical":"https:\/\/www.noticiasradioreflejos.com.ar\/2021\/se-incendio-una-cabana-de-madera-en-el-cerro-ceferino\/","og_locale":"es_ES","og_type":"article","og_title":"Se incendi\u00f3 una caba\u00f1a de madera en el Cerro Ceferino. - Noticias Radio Reflejos","og_description":"La vivienda fue consumida \u00edntegramente por el fuego y no hab\u00eda moradores en el lugar.","og_url":"https:\/\/www.noticiasradioreflejos.com.ar\/2021\/se-incendio-una-cabana-de-madera-en-el-cerro-ceferino\/","og_site_name":"Noticias Radio Reflejos","article_published_time":"2025-03-30T12:57:07+00:00","og_image":[{"width":1204,"height":1599,"url":"https:\/\/www.noticiasradioreflejos.com.ar\/2021\/wp-content\/uploads\/2025\/03\/incendio-cerro-ceferino.jpeg","type":"image\/jpeg"}],"author":"Arnaldo Botto","twitter_card":"summary_large_image","schema":{"@context":"https:\/\/schema.org","@graph":[{"@type":"WebPage","@id":"https:\/\/www.noticiasradioreflejos.com.ar\/2021\/se-incendio-una-cabana-de-madera-en-el-cerro-ceferino\/","url":"https:\/\/www.noticiasradioreflejos.com.ar\/2021\/se-incendio-una-cabana-de-madera-en-el-cerro-ceferino\/","name":"Se incendi\u00f3 una caba\u00f1a de madera en el Cerro Ceferino. - Noticias Radio Reflejos","isPartOf":{"@id":"https:\/\/www.noticiasradioreflejos.com.ar\/2021\/#website"},"primaryImageOfPage":{"@id":"https:\/\/www.noticiasradioreflejos.com.ar\/2021\/se-incendio-una-cabana-de-madera-en-el-cerro-ceferino\/#primaryimage"},"image":{"@id":"https:\/\/www.noticiasradioreflejos.com.ar\/2021\/se-incendio-una-cabana-de-madera-en-el-cerro-ceferino\/#primaryimage"},"thumbnailUrl":"https:\/\/www.noticiasradioreflejos.com.ar\/2021\/wp-content\/uploads\/2025\/03\/incendio-cerro-ceferino.jpeg","datePublished":"2025-03-30T12:57:07+00:00","author":{"@id":"https:\/\/www.noticiasradioreflejos.com.ar\/2021\/#\/schema\/person\/ad82545263dcc5ec0996818884fd5fb1"},"breadcrumb":{"@id":"https:\/\/www.noticiasradioreflejos.com.ar\/2021\/se-incendio-una-cabana-de-madera-en-el-cerro-ceferino\/#breadcrumb"},"inLanguage":"es","potentialAction":[{"@type":"ReadAction","target":["https:\/\/www.noticiasradioreflejos.com.ar\/2021\/se-incendio-una-cabana-de-madera-en-el-cerro-ceferino\/"]}]},{"@type":"ImageObject","inLanguage":"es","@id":"https:\/\/www.noticiasradioreflejos.com.ar\/2021\/se-incendio-una-cabana-de-madera-en-el-cerro-ceferino\/#primaryimage","url":"https:\/\/www.noticiasradioreflejos.com.ar\/2021\/wp-content\/uploads\/2025\/03\/incendio-cerro-ceferino.jpeg","contentUrl":"https:\/\/www.noticiasradioreflejos.com.ar\/2021\/wp-content\/uploads\/2025\/03\/incendio-cerro-ceferino.jpeg","width":1204,"height":1599},{"@type":"BreadcrumbList","@id":"https:\/\/www.noticiasradioreflejos.com.ar\/2021\/se-incendio-una-cabana-de-madera-en-el-cerro-ceferino\/#breadcrumb","itemListElement":[{"@type":"ListItem","position":1,"name":"Portada","item":"https:\/\/www.noticiasradioreflejos.com.ar\/2021\/"},{"@type":"ListItem","position":2,"name":"Se incendi\u00f3 una caba\u00f1a de madera en el Cerro Ceferino."}]},{"@type":"WebSite","@id":"https:\/\/www.noticiasradioreflejos.com.ar\/2021\/#website","url":"https:\/\/www.noticiasradioreflejos.com.ar\/2021\/","name":"Noticias Radio Reflejos","description":"Las noticias de mi comarca","potentialAction":[{"@type":"SearchAction","target":{"@type":"EntryPoint","urlTemplate":"https:\/\/www.noticiasradioreflejos.com.ar\/2021\/?s={search_term_string}"},"query-input":{"@type":"PropertyValueSpecification","valueRequired":true,"valueName":"search_term_string"}}],"inLanguage":"es"},{"@type":"Person","@id":"https:\/\/www.noticiasradioreflejos.com.ar\/2021\/#\/schema\/person\/ad82545263dcc5ec0996818884fd5fb1","name":"Arnaldo Botto","image":{"@type":"ImageObject","inLanguage":"es","@id":"https:\/\/www.noticiasradioreflejos.com.ar\/2021\/#\/schema\/person\/image\/","url":"https:\/\/secure.gravatar.com\/avatar\/55cb5e37c1efa326397366e6974cb338056df65cb50e7d64d1cf314e87504837?s=96&d=mm&r=g","contentUrl":"https:\/\/secure.gravatar.com\/avatar\/55cb5e37c1efa326397366e6974cb338056df65cb50e7d64d1cf314e87504837?s=96&d=mm&r=g","caption":"Arnaldo Botto"},"url":"https:\/\/www.noticiasradioreflejos.com.ar\/2021\/author\/arnaldo\/"}]}},"_links":{"self":[{"href":"https:\/\/www.noticiasradioreflejos.com.ar\/2021\/wp-json\/wp\/v2\/posts\/114702","targetHints":{"allow":["GET"]}}],"collection":[{"href":"https:\/\/www.noticiasradioreflejos.com.ar\/2021\/wp-json\/wp\/v2\/posts"}],"about":[{"href":"https:\/\/www.noticiasradioreflejos.com.ar\/2021\/wp-json\/wp\/v2\/types\/post"}],"author":[{"embeddable":true,"href":"https:\/\/www.noticiasradioreflejos.com.ar\/2021\/wp-json\/wp\/v2\/users\/3"}],"replies":[{"embeddable":true,"href":"https:\/\/www.noticiasradioreflejos.com.ar\/2021\/wp-json\/wp\/v2\/comments?post=114702"}],"version-history":[{"count":1,"href":"https:\/\/www.noticiasradioreflejos.com.ar\/2021\/wp-json\/wp\/v2\/posts\/114702\/revisions"}],"predecessor-version":[{"id":114704,"href":"https:\/\/www.noticiasradioreflejos.com.ar\/2021\/wp-json\/wp\/v2\/posts\/114702\/revisions\/114704"}],"wp:featuredmedia":[{"embeddable":true,"href":"https:\/\/www.noticiasradioreflejos.com.ar\/2021\/wp-json\/wp\/v2\/media\/114703"}],"wp:attachment":[{"href":"https:\/\/www.noticiasradioreflejos.com.ar\/2021\/wp-json\/wp\/v2\/media?parent=114702"}],"wp:term":[{"taxonomy":"category","embeddable":true,"href":"https:\/\/www.noticiasradioreflejos.com.ar\/2021\/wp-json\/wp\/v2\/categories?post=114702"},{"taxonomy":"post_tag","embeddable":true,"href":"https:\/\/www.noticiasradioreflejos.com.ar\/2021\/wp-json\/wp\/v2\/tags?post=114702"}],"curies":[{"name":"wp","href":"https:\/\/api.w.org\/{rel}","templated":true}]}}